{"id":145991,"date":"2016-07-28T16:00:19","date_gmt":"2016-07-28T19:00:19","guid":{"rendered":"http:\/\/www.quersaberpolitica.com.br\/?p=145991"},"modified":"2016-07-28T11:57:56","modified_gmt":"2016-07-28T14:57:56","slug":"prorrogado-o-prazo-de-emplacamento-de-cinquentinhas","status":"publish","type":"post","link":"https:\/\/blogdofarnesio.com.br\/?p=145991","title":{"rendered":"PRORROGADO O PRAZO DE EMPLACAMENTO DE CINQUENTINHAS"},"content":{"rendered":"<p style=\"text-align: justify\" align=\"center\">\n<p style=\"text-align: justify\" align=\"center\"><a href=\"http:\/\/www.quersaberpolitica.com.br\/2016\/wp-content\/uploads\/2015\/04\/blogqsp.cinquentinha.jpg\"><img loading=\"lazy\" decoding=\"async\" class=\"  wp-image-122096 aligncenter\" src=\"http:\/\/www.quersaberpolitica.com.br\/2016\/wp-content\/uploads\/2015\/04\/blogqsp.cinquentinha-300x147.jpg\" alt=\"blogqsp.cinquentinha\" width=\"424\" height=\"216\" \/><\/a><\/p>\n<p style=\"text-align: justify\" align=\"center\">O Departamento Estadual de Tr\u00e2nsito de Pernambuco \u2013 DETRAN-PE informa aos propriet\u00e1rios de ciclomotor abaixo de 50 cilindradas, conhecidos como cinquentinhas, que foi prorrogado para o dia 31 de agosto o prazo limite para emplacamento desses ve\u00edculos.<\/p>\n<div style=\"text-align: justify\">Segundo o diretor presidente do \u00f3rg\u00e3o, Charles Ribeiro, o motivo de mais uma prorroga\u00e7\u00e3o \u00e9 a dificuldade que muitos propriet\u00e1rios est\u00e3o tendo para obter o Registro na Base de \u00cdndice Nacional \u2013 BIN, devido ao fechamento de algumas f\u00e1bricas e revendas, que deveriam ser a respons\u00e1vel por realizar esse cadastro.<\/div>\n<div style=\"text-align: justify\"><\/div>\n<p><!--more--><\/p>\n<div style=\"text-align: justify\"><\/div>\n<p style=\"text-align: justify\">\u201cInfelizmente, muitos propriet\u00e1rios est\u00e3o sendo prejudicados por conta de terceiros. Como medida resolutiva, n\u00f3s do DETRAN-PE, j\u00e1 oficializamos um pedido ao Departamento Nacional de Tr\u00e2nsito \u2013 Denatran para que esse procedimento seja feito em nosso \u00f3rg\u00e3o, e assim, resolver esse \u00faltimo impasse\u201d, enfatizou.<\/p>\n<p><b>Estat\u00edsticas<\/b><b><\/b><\/p>\n<div>1.\u00a0\u00a0\u00a0\u00a0\u00a0\u00a0\u00a0Primeiros Emplacamentos, realizados entre 30 de julho de 2015 e 24 de julho de 2016, de Ciclomotores adquiridos antes de 30 de julho de 2015.<\/div>\n<p>Total: 26.325<\/p>\n<p>Total de 2015: 15.736<\/p>\n<p>Total de 2016: 10.589<\/p>\n<div>2.\u00a0\u00a0\u00a0\u00a0\u00a0\u00a0\u00a0Total Geral de Emplacamentos de Ciclomotores entre 30\/07\/2015 e 25\/07\/2016<\/div>\n<div><\/div>\n<table border=\"0\" width=\"623\" cellspacing=\"0\" cellpadding=\"0\">\n<tbody>\n<tr>\n<td valign=\"bottom\" nowrap=\"nowrap\" width=\"29\"><\/td>\n<td valign=\"bottom\" nowrap=\"nowrap\" width=\"264\"><b>\u00a0<\/b><b><\/b><\/p>\n<div><\/div>\n<\/td>\n<td valign=\"bottom\" nowrap=\"nowrap\" width=\"73\"><b>\u00a0<\/b><b><\/b><\/p>\n<div><\/div>\n<\/td>\n<td valign=\"bottom\" nowrap=\"nowrap\" width=\"218\"><b>\u00a0<\/b><b><\/b><\/p>\n<div><\/div>\n<\/td>\n<td valign=\"bottom\" nowrap=\"nowrap\" width=\"10\"><\/td>\n<td valign=\"bottom\" nowrap=\"nowrap\" width=\"10\"><\/td>\n<td valign=\"bottom\" nowrap=\"nowrap\" width=\"10\"><\/td>\n<td valign=\"bottom\" nowrap=\"nowrap\" width=\"10\"><\/td>\n<\/tr>\n<tr>\n<td valign=\"bottom\" nowrap=\"nowrap\" width=\"29\"><\/td>\n<td valign=\"bottom\" nowrap=\"nowrap\" width=\"264\"><\/td>\n<td valign=\"bottom\" nowrap=\"nowrap\" width=\"73\"><\/td>\n<td valign=\"bottom\" nowrap=\"nowrap\" width=\"218\"><\/td>\n<td valign=\"bottom\" nowrap=\"nowrap\" width=\"10\"><\/td>\n<td valign=\"bottom\" nowrap=\"nowrap\" width=\"10\"><\/td>\n<td valign=\"bottom\" nowrap=\"nowrap\" width=\"10\"><\/td>\n<td valign=\"bottom\" nowrap=\"nowrap\" width=\"10\"><\/td>\n<\/tr>\n<tr>\n<td valign=\"bottom\" nowrap=\"nowrap\" width=\"29\"><\/td>\n<td nowrap=\"nowrap\" width=\"264\"><b>ANO<\/b><b><\/b><\/p>\n<div><\/div>\n<\/td>\n<td nowrap=\"nowrap\" width=\"73\"><b>M\u00caS<\/b><b><\/b><\/p>\n<div><\/div>\n<\/td>\n<td nowrap=\"nowrap\" width=\"218\"><b>QUANTIDADE<\/b><b><\/b><\/p>\n<div><\/div>\n<\/td>\n<td valign=\"bottom\" nowrap=\"nowrap\" width=\"10\"><\/td>\n<td valign=\"bottom\" nowrap=\"nowrap\" width=\"10\"><\/td>\n<td valign=\"bottom\" nowrap=\"nowrap\" width=\"10\"><\/td>\n<td valign=\"bottom\" nowrap=\"nowrap\" width=\"10\"><\/td>\n<\/tr>\n<tr>\n<td valign=\"bottom\" nowrap=\"nowrap\" width=\"29\"><\/td>\n<td nowrap=\"nowrap\" width=\"264\"><b>2015<\/b><b><\/b><\/p>\n<div><\/div>\n<\/td>\n<td nowrap=\"nowrap\" width=\"73\"><b>8<\/b><b><\/b><\/p>\n<div><\/div>\n<\/td>\n<td nowrap=\"nowrap\" width=\"218\"><b>77<\/b><b><\/b><\/p>\n<div><\/div>\n<\/td>\n<td valign=\"bottom\" nowrap=\"nowrap\" width=\"10\"><\/td>\n<td valign=\"bottom\" nowrap=\"nowrap\" width=\"10\"><\/td>\n<td valign=\"bottom\" nowrap=\"nowrap\" width=\"10\"><\/td>\n<td valign=\"bottom\" nowrap=\"nowrap\" width=\"10\"><\/td>\n<\/tr>\n<tr>\n<td valign=\"bottom\" nowrap=\"nowrap\" width=\"29\"><\/td>\n<td nowrap=\"nowrap\" width=\"264\"><b>2015<\/b><b><\/b><\/p>\n<div><\/div>\n<\/td>\n<td nowrap=\"nowrap\" width=\"73\"><b>9<\/b><b><\/b><\/p>\n<div><\/div>\n<\/td>\n<td nowrap=\"nowrap\" width=\"218\"><b>315<\/b><b><\/b><\/p>\n<div><\/div>\n<\/td>\n<td valign=\"bottom\" nowrap=\"nowrap\" width=\"10\"><\/td>\n<td valign=\"bottom\" nowrap=\"nowrap\" width=\"10\"><\/td>\n<td valign=\"bottom\" nowrap=\"nowrap\" width=\"10\"><\/td>\n<td valign=\"bottom\" nowrap=\"nowrap\" width=\"10\"><\/td>\n<\/tr>\n<tr>\n<td valign=\"bottom\" nowrap=\"nowrap\" width=\"29\"><\/td>\n<td nowrap=\"nowrap\" width=\"264\"><b>2015<\/b><b><\/b><\/p>\n<div><\/div>\n<\/td>\n<td nowrap=\"nowrap\" width=\"73\"><b>10<\/b><b><\/b><\/p>\n<div><\/div>\n<\/td>\n<td nowrap=\"nowrap\" width=\"218\"><b>857<\/b><b><\/b><\/p>\n<div><\/div>\n<\/td>\n<td valign=\"bottom\" nowrap=\"nowrap\" width=\"10\"><\/td>\n<td valign=\"bottom\" nowrap=\"nowrap\" width=\"10\"><\/td>\n<td valign=\"bottom\" nowrap=\"nowrap\" width=\"10\"><\/td>\n<td valign=\"bottom\" nowrap=\"nowrap\" width=\"10\"><\/td>\n<\/tr>\n<tr>\n<td valign=\"bottom\" nowrap=\"nowrap\" width=\"29\"><\/td>\n<td nowrap=\"nowrap\" width=\"264\"><b>2015<\/b><b><\/b><\/p>\n<div><\/div>\n<\/td>\n<td nowrap=\"nowrap\" width=\"73\"><b>11<\/b><b><\/b><\/p>\n<div><\/div>\n<\/td>\n<td nowrap=\"nowrap\" width=\"218\"><b>8.531<\/b><b><\/b><\/p>\n<div><\/div>\n<\/td>\n<td valign=\"bottom\" nowrap=\"nowrap\" width=\"10\"><\/td>\n<td valign=\"bottom\" nowrap=\"nowrap\" width=\"10\"><\/td>\n<td valign=\"bottom\" nowrap=\"nowrap\" width=\"10\"><\/td>\n<td valign=\"bottom\" nowrap=\"nowrap\" width=\"10\"><\/td>\n<\/tr>\n<tr>\n<td valign=\"bottom\" nowrap=\"nowrap\" width=\"29\"><\/td>\n<td nowrap=\"nowrap\" width=\"264\"><b>2015<\/b><b><\/b><\/p>\n<div><\/div>\n<\/td>\n<td nowrap=\"nowrap\" width=\"73\"><b>12<\/b><b><\/b><\/p>\n<div><\/div>\n<\/td>\n<td nowrap=\"nowrap\" width=\"218\"><b>9.905<\/b><b><\/b><\/p>\n<div><\/div>\n<\/td>\n<td valign=\"bottom\" nowrap=\"nowrap\" width=\"10\"><\/td>\n<td valign=\"bottom\" nowrap=\"nowrap\" width=\"10\"><\/td>\n<td valign=\"bottom\" nowrap=\"nowrap\" width=\"10\"><\/td>\n<td valign=\"bottom\" nowrap=\"nowrap\" width=\"10\"><\/td>\n<\/tr>\n<tr>\n<td valign=\"bottom\" nowrap=\"nowrap\" width=\"29\"><\/td>\n<td nowrap=\"nowrap\" width=\"264\"><b>2016<\/b><b><\/b><\/p>\n<div><\/div>\n<\/td>\n<td nowrap=\"nowrap\" width=\"73\"><b>1<\/b><b><\/b><\/p>\n<div><\/div>\n<\/td>\n<td nowrap=\"nowrap\" width=\"218\"><b>4.988<\/b><b><\/b><\/p>\n<div><\/div>\n<\/td>\n<td valign=\"bottom\" nowrap=\"nowrap\" width=\"10\"><\/td>\n<td valign=\"bottom\" nowrap=\"nowrap\" width=\"10\"><\/td>\n<td valign=\"bottom\" nowrap=\"nowrap\" width=\"10\"><\/td>\n<td valign=\"bottom\" nowrap=\"nowrap\" width=\"10\"><\/td>\n<\/tr>\n<tr>\n<td valign=\"bottom\" nowrap=\"nowrap\" width=\"29\"><\/td>\n<td nowrap=\"nowrap\" width=\"264\"><b>2016<\/b><b><\/b><\/p>\n<div><\/div>\n<\/td>\n<td nowrap=\"nowrap\" width=\"73\"><b>2<\/b><b><\/b><\/p>\n<div><\/div>\n<\/td>\n<td nowrap=\"nowrap\" width=\"218\"><b>3.370<\/b><b><\/b><\/p>\n<div><\/div>\n<\/td>\n<td valign=\"bottom\" nowrap=\"nowrap\" width=\"10\"><\/td>\n<td valign=\"bottom\" nowrap=\"nowrap\" width=\"10\"><\/td>\n<td valign=\"bottom\" nowrap=\"nowrap\" width=\"10\"><\/td>\n<td valign=\"bottom\" nowrap=\"nowrap\" width=\"10\"><\/td>\n<\/tr>\n<tr>\n<td valign=\"bottom\" nowrap=\"nowrap\" width=\"29\"><\/td>\n<td nowrap=\"nowrap\" width=\"264\"><b>2016<\/b><b><\/b><\/p>\n<div><\/div>\n<\/td>\n<td nowrap=\"nowrap\" width=\"73\"><b>3<\/b><b><\/b><\/p>\n<div><\/div>\n<\/td>\n<td nowrap=\"nowrap\" width=\"218\"><b>1.073<\/b><b><\/b><\/p>\n<div><\/div>\n<\/td>\n<td valign=\"bottom\" nowrap=\"nowrap\" width=\"10\"><\/td>\n<td valign=\"bottom\" nowrap=\"nowrap\" width=\"10\"><\/td>\n<td valign=\"bottom\" nowrap=\"nowrap\" width=\"10\"><\/td>\n<td valign=\"bottom\" nowrap=\"nowrap\" width=\"10\"><\/td>\n<\/tr>\n<tr>\n<td valign=\"bottom\" nowrap=\"nowrap\" width=\"29\"><\/td>\n<td nowrap=\"nowrap\" width=\"264\"><b>2016<\/b><b><\/b><\/p>\n<div><\/div>\n<\/td>\n<td nowrap=\"nowrap\" width=\"73\"><b>4<\/b><b><\/b><\/p>\n<div><\/div>\n<\/td>\n<td nowrap=\"nowrap\" width=\"218\"><b>1.180<\/b><b><\/b><\/p>\n<div><\/div>\n<\/td>\n<td valign=\"bottom\" nowrap=\"nowrap\" width=\"10\"><\/td>\n<td valign=\"bottom\" nowrap=\"nowrap\" width=\"10\"><\/td>\n<td valign=\"bottom\" nowrap=\"nowrap\" width=\"10\"><\/td>\n<td valign=\"bottom\" nowrap=\"nowrap\" width=\"10\"><\/td>\n<\/tr>\n<tr>\n<td valign=\"bottom\" nowrap=\"nowrap\" width=\"29\"><\/td>\n<td nowrap=\"nowrap\" width=\"264\"><b>2016<\/b><b><\/b><\/p>\n<div><\/div>\n<\/td>\n<td nowrap=\"nowrap\" width=\"73\"><b>5<\/b><b><\/b><\/p>\n<div><\/div>\n<\/td>\n<td nowrap=\"nowrap\" width=\"218\"><b>973<\/b><b><\/b><\/p>\n<div><\/div>\n<\/td>\n<td valign=\"bottom\" nowrap=\"nowrap\" width=\"10\"><\/td>\n<td valign=\"bottom\" nowrap=\"nowrap\" width=\"10\"><\/td>\n<td valign=\"bottom\" nowrap=\"nowrap\" width=\"10\"><\/td>\n<td valign=\"bottom\" nowrap=\"nowrap\" width=\"10\"><\/td>\n<\/tr>\n<tr>\n<td valign=\"bottom\" nowrap=\"nowrap\" width=\"29\"><\/td>\n<td nowrap=\"nowrap\" width=\"264\"><b>2016<\/b><b><\/b><\/p>\n<div><\/div>\n<\/td>\n<td nowrap=\"nowrap\" width=\"73\"><b>6<\/b><b><\/b><\/p>\n<div><\/div>\n<\/td>\n<td nowrap=\"nowrap\" width=\"218\"><b>845<\/b><b><\/b><\/p>\n<div><\/div>\n<\/td>\n<td valign=\"bottom\" nowrap=\"nowrap\" width=\"10\"><\/td>\n<td valign=\"bottom\" nowrap=\"nowrap\" width=\"10\"><\/td>\n<td valign=\"bottom\" nowrap=\"nowrap\" width=\"10\"><\/td>\n<td valign=\"bottom\" nowrap=\"nowrap\" width=\"10\"><\/td>\n<\/tr>\n<tr>\n<td valign=\"bottom\" nowrap=\"nowrap\" width=\"29\"><\/td>\n<td nowrap=\"nowrap\" width=\"264\"><b>2016<\/b><b><\/b><\/p>\n<div><\/div>\n<\/td>\n<td nowrap=\"nowrap\" width=\"73\"><b>7<\/b><b><\/b><\/p>\n<div><\/div>\n<\/td>\n<td nowrap=\"nowrap\" width=\"218\"><b>500<\/b><b><\/b><\/p>\n<div><\/div>\n<\/td>\n<td valign=\"bottom\" nowrap=\"nowrap\" width=\"10\"><\/td>\n<td valign=\"bottom\" nowrap=\"nowrap\" width=\"10\"><\/td>\n<td valign=\"bottom\" nowrap=\"nowrap\" width=\"10\"><\/td>\n<td valign=\"bottom\" nowrap=\"nowrap\" width=\"10\"><\/td>\n<\/tr>\n<tr>\n<td valign=\"bottom\" nowrap=\"nowrap\" width=\"29\"><\/td>\n<td nowrap=\"nowrap\" width=\"264\"><b>TOTAL<\/b><b><\/b><\/p>\n<div><\/div>\n<\/td>\n<td nowrap=\"nowrap\" width=\"73\"><b>\u00a0<\/b><b><\/b><\/p>\n<div><\/div>\n<\/td>\n<td nowrap=\"nowrap\" width=\"218\"><b>32.614<\/b><b><\/b><\/p>\n<div><\/div>\n<\/td>\n<td><\/td>\n<td><\/td>\n<td><\/td>\n<td><\/td>\n<\/tr>\n<\/tbody>\n<\/table>\n<div><b>\u00a0<\/b><\/div>\n<p><b>TAXAS Registro e Emplacamento de Ciclomotores:<\/b><\/p>\n<div><\/div>\n<p><b>\u00a0<\/b>\u00a0Vistoria &#8211; R$43,44<\/p>\n<div>\u00a0Primeiro registro de ciclomotor -R$ 70,67<\/div>\n<div><\/div>\n<p>Controle e emiss\u00e3o de ordem de Emplacamento -R$29,77<\/p>\n<div><\/div>\n<div><b>IPVA<\/b><\/div>\n<p style=\"text-align: justify\">\u00b7\u00a0\u00a0\u00a0\u00a0\u00a0\u00a0 A isen\u00e7\u00e3o do IPVA vale apenas para os ciclomotores com pot\u00eancia inferior a 50 CC, ou seja, at\u00e9 49,99 cilindradas, fabricados antes de 2016. Desse ano em diante, a al\u00edquota aplicada \u00e9 de 1%. Em rela\u00e7\u00e3o \u00e0s motos e similares acima de 50 cilindradas (incluindo ciclomotores), a al\u00edquota para os exerc\u00edcios anteriores a 2016 \u00e9 2%, mas para o IPVA de 2016 em diante segue a faixa abaixo. Vale salientar que se o c\u00e1lculo der um valor menor, o valor m\u00ednimo cobrado em 2016 para esses tipos de ve\u00edculos \u00e9 R$72,00.<\/p>\n<div><\/div>\n<table border=\"0\" width=\"293\" cellspacing=\"0\" cellpadding=\"0\">\n<tbody>\n<tr>\n<td valign=\"bottom\" nowrap=\"nowrap\" width=\"153\"><b>Cilindrada<\/b><\/p>\n<div><\/div>\n<\/td>\n<td valign=\"bottom\" nowrap=\"nowrap\" width=\"139\"><b>Al\u00edquota (%)<\/b><\/p>\n<div><\/div>\n<\/td>\n<\/tr>\n<tr>\n<td valign=\"bottom\" nowrap=\"nowrap\" width=\"153\">50 at\u00e9 300<\/p>\n<div><\/div>\n<\/td>\n<td valign=\"bottom\" nowrap=\"nowrap\" width=\"139\">2,5<\/p>\n<div><\/div>\n<\/td>\n<\/tr>\n<tr>\n<td valign=\"bottom\" nowrap=\"nowrap\" width=\"153\">301 at\u00e9 600<\/p>\n<div><\/div>\n<\/td>\n<td valign=\"bottom\" nowrap=\"nowrap\" width=\"139\">3,0<\/p>\n<div><\/div>\n<\/td>\n<\/tr>\n<tr>\n<td valign=\"bottom\" nowrap=\"nowrap\" width=\"153\">Acima de 600<\/p>\n<div><\/div>\n<\/td>\n<td valign=\"bottom\" nowrap=\"nowrap\" width=\"139\">3,5<\/p>\n<div><\/div>\n<\/td>\n<\/tr>\n<\/tbody>\n<\/table>\n<div><b>DPVAT<\/b><\/div>\n<div>O valor ser\u00e1 proporcional \u00e0 data da realiza\u00e7\u00e3o do servi\u00e7o de primeiro emplacamento.<\/div>\n<div><\/div>\n<div><b>Passo a Passo para a Regulariza\u00e7\u00e3o do Ciclomotor<\/b><\/div>\n<div><\/div>\n<p style=\"text-align: justify\">O cidad\u00e3o que adquiriu o ciclomotor antes de 30 de julho de 2015, data de publica\u00e7\u00e3o da Lei 13.154 (transferiu do munic\u00edpio para o Estado a compet\u00eancia sobre os ciclomotores), dever\u00e1 se dirigir ao DETRAN para regularizar o ciclomotor.<\/p>\n<p>A regulariza\u00e7\u00e3o do ciclomotor consiste em duas etapas:<\/p>\n<p>&#8211; Vistoria \u2013 com agendamento pr\u00f3prio pelo site do DETRAN<\/p>\n<p>&#8211; Atendimento de Primeiro Emplacamento para Ciclomotor \u2013 com agendamento pr\u00f3prio pelo site do DETRAN<\/p>\n<p><b>ATEN\u00c7\u00c3O<\/b><\/p>\n<div style=\"text-align: justify\">O ciclomotor precisa estar devidamente cadastrado na Base de \u00cdndice Nacional (BIN) para que possa receber autoriza\u00e7\u00e3o do DETRAN-PE para realizar o Primeiro Emplacamento. Se n\u00e3o estiver, o propriet\u00e1rio dever\u00e1 solicitar o devido ajuste junto ao fabricante ou montadora.<\/div>\n<p style=\"text-align: justify\">\u00b7Este servi\u00e7o pode ser feito por um procurador. O modelo de procura\u00e7\u00e3o e a documenta\u00e7\u00e3o necess\u00e1ria podem ser acessados no site do DETRAN.<\/p>\n<p><b>Autoriza\u00e7\u00e3o para Conduzir Ciclomotores (ACC) \u2013<\/b>\u00a0com agendamento pr\u00f3prio pelo site do DETRAN-PE, no menu Habilita\u00e7\u00e3o.<\/p>\n<p>Documentos:<\/p>\n<p>Original e c\u00f3pia de documento oficial de identifica\u00e7\u00e3o, com foto e em bom estado de conserva\u00e7\u00e3o e CPF.<\/p>\n<div>\u00a0Comprovante de Resid\u00eancia atualizado.<\/div>\n<p><b>Taxas<\/b>:<\/p>\n<p>As taxas referentes ao processo de Habilita\u00e7\u00e3o para obten\u00e7\u00e3o da Autoriza\u00e7\u00e3o para ciclomotores s\u00e3o as seguintes:<\/p>\n<div>\u00a0Etapas do Processo de Habilita\u00e7\u00e3o<\/div>\n<div><\/div>\n<p>\u00b7\u00a0 Exame Psicol\u00f3gico<\/p>\n<p>\u00b7\u00a0 Exame M\u00e9dico<\/p>\n<p>\u00b7\u00a0 Curso Te\u00f3rico-T\u00e9cnico<\/p>\n<p>\u00b7\u00a0 Exame Te\u00f3rico-t\u00e9cnico (CFC &#8211; A)<\/p>\n<p>\u00b7\u00a0 Curso de Pr\u00e1tica Veicular<\/p>\n<p>\u00b7\u00a0 Exame de Pr\u00e1tica Veicular (CFC &#8211; B)<\/p>\n<div>\n<div><b>Comparativo ACC\/CNH<\/b><\/div>\n<\/div>\n<div><b>\u00a0<\/b><\/div>\n<div><a href=\"http:\/\/www.quersaberpolitica.com.br\/2016\/wp-content\/uploads\/2016\/07\/image.png\"><img loading=\"lazy\" decoding=\"async\" class=\" size-medium wp-image-145992 aligncenter\" src=\"http:\/\/www.quersaberpolitica.com.br\/2016\/wp-content\/uploads\/2016\/07\/image-300x230.png\" alt=\"image\" width=\"300\" height=\"230\" srcset=\"https:\/\/blogdofarnesio.com.br\/wp-content\/uploads\/2016\/07\/image-300x230.png 300w, https:\/\/blogdofarnesio.com.br\/wp-content\/uploads\/2016\/07\/image-391x300.png 391w, https:\/\/blogdofarnesio.com.br\/wp-content\/uploads\/2016\/07\/image.png 475w\" sizes=\"auto, (max-width: 300px) 100vw, 300px\" \/><\/a><\/div>\n<div><\/div>\n<div>\n<div><em>J\u00f4 Lima<\/em><\/div>\n<\/div>\n","protected":false},"excerpt":{"rendered":"<p>O Departamento Estadual de Tr\u00e2nsito de Pernambuco \u2013 DETRAN-PE informa aos propriet\u00e1rios de ciclomotor abaixo de 50 cilindradas, conhecidos como cinquentinhas, que foi prorrogado para o dia 31 de agosto o prazo limite para emplacamento desses ve\u00edculos. Segundo o diretor presidente do \u00f3rg\u00e3o, Charles Ribeiro, o motivo de mais uma prorroga\u00e7\u00e3o \u00e9 a dificuldade que muitos propriet\u00e1rios est\u00e3o tendo para obter o Registro na Base de \u00cdndice Nacional \u2013 BIN, devido ao fechamento de algumas f\u00e1bricas e revendas, que deveriam ser a respons\u00e1vel por realizar esse cadastro.<\/p>\n","protected":false},"author":7,"featured_media":0,"comment_status":"open","ping_status":"open","sticky":false,"template":"","format":"standard","meta":{"_acf_changed":false,"footnotes":""},"categories":[44],"tags":[],"class_list":["post-145991","post","type-post","status-publish","format-standard","hentry","category-administracao"],"acf":[],"yoast_head":"<!-- This site is optimized with the Yoast SEO plugin v27.4 - https:\/\/yoast.com\/product\/yoast-seo-wordpress\/ -->\n<title>PRORROGADO O PRAZO DE EMPLACAMENTO DE CINQUENTINHAS - Blog do Farn\u00e9sio<\/title>\n<meta name=\"robots\" content=\"index, follow, max-snippet:-1, max-image-preview:large, max-video-preview:-1\" \/>\n<link rel=\"canonical\" href=\"https:\/\/blogdofarnesio.com.br\/?p=145991\" \/>\n<meta property=\"og:locale\" content=\"pt_BR\" \/>\n<meta property=\"og:type\" content=\"article\" \/>\n<meta property=\"og:title\" content=\"PRORROGADO O PRAZO DE EMPLACAMENTO DE CINQUENTINHAS - Blog do Farn\u00e9sio\" \/>\n<meta property=\"og:description\" content=\"O Departamento Estadual de Tr\u00e2nsito de Pernambuco \u2013 DETRAN-PE informa aos propriet\u00e1rios de ciclomotor abaixo de 50 cilindradas, conhecidos como cinquentinhas, que foi prorrogado para o dia 31 de agosto o prazo limite para emplacamento desses ve\u00edculos. Segundo o diretor presidente do \u00f3rg\u00e3o, Charles Ribeiro, o motivo de mais uma prorroga\u00e7\u00e3o \u00e9 a dificuldade que muitos propriet\u00e1rios est\u00e3o tendo para obter o Registro na Base de \u00cdndice Nacional \u2013 BIN, devido ao fechamento de algumas f\u00e1bricas e revendas, que deveriam ser a respons\u00e1vel por realizar esse cadastro.\" \/>\n<meta property=\"og:url\" content=\"https:\/\/blogdofarnesio.com.br\/?p=145991\" \/>\n<meta property=\"og:site_name\" content=\"Blog do Farn\u00e9sio\" \/>\n<meta property=\"article:publisher\" content=\"https:\/\/www.facebook.com\/BlogQuerSaberPolitica\/\" \/>\n<meta property=\"article:published_time\" content=\"2016-07-28T19:00:19+00:00\" \/>\n<meta property=\"og:image\" content=\"http:\/\/www.quersaberpolitica.com.br\/2016\/wp-content\/uploads\/2015\/04\/blogqsp.cinquentinha-300x147.jpg\" \/>\n<meta name=\"twitter:card\" content=\"summary_large_image\" \/>\n<meta name=\"twitter:label1\" content=\"Escrito por\" \/>\n\t<meta name=\"twitter:data1\" content=\"\" \/>\n\t<meta name=\"twitter:label2\" content=\"Est. tempo de leitura\" \/>\n\t<meta name=\"twitter:data2\" content=\"3 minutos\" \/>\n<script type=\"application\/ld+json\" class=\"yoast-schema-graph\">{\"@context\":\"https:\\\/\\\/schema.org\",\"@graph\":[{\"@type\":\"Article\",\"@id\":\"https:\\\/\\\/blogdofarnesio.com.br\\\/?p=145991#article\",\"isPartOf\":{\"@id\":\"https:\\\/\\\/blogdofarnesio.com.br\\\/?p=145991\"},\"author\":{\"name\":\"\",\"@id\":\"\"},\"headline\":\"PRORROGADO O PRAZO DE EMPLACAMENTO DE CINQUENTINHAS\",\"datePublished\":\"2016-07-28T19:00:19+00:00\",\"mainEntityOfPage\":{\"@id\":\"https:\\\/\\\/blogdofarnesio.com.br\\\/?p=145991\"},\"wordCount\":579,\"commentCount\":0,\"publisher\":{\"@id\":\"https:\\\/\\\/blogdofarnesio.com.br\\\/#organization\"},\"image\":{\"@id\":\"https:\\\/\\\/blogdofarnesio.com.br\\\/?p=145991#primaryimage\"},\"thumbnailUrl\":\"http:\\\/\\\/www.quersaberpolitica.com.br\\\/2016\\\/wp-content\\\/uploads\\\/2015\\\/04\\\/blogqsp.cinquentinha-300x147.jpg\",\"articleSection\":[\"Administra\u00e7\u00e3o\"],\"inLanguage\":\"pt-BR\",\"potentialAction\":[{\"@type\":\"CommentAction\",\"name\":\"Comment\",\"target\":[\"https:\\\/\\\/blogdofarnesio.com.br\\\/?p=145991#respond\"]}]},{\"@type\":\"WebPage\",\"@id\":\"https:\\\/\\\/blogdofarnesio.com.br\\\/?p=145991\",\"url\":\"https:\\\/\\\/blogdofarnesio.com.br\\\/?p=145991\",\"name\":\"PRORROGADO O PRAZO DE EMPLACAMENTO DE CINQUENTINHAS - Blog do Farn\u00e9sio\",\"isPartOf\":{\"@id\":\"https:\\\/\\\/blogdofarnesio.com.br\\\/#website\"},\"primaryImageOfPage\":{\"@id\":\"https:\\\/\\\/blogdofarnesio.com.br\\\/?p=145991#primaryimage\"},\"image\":{\"@id\":\"https:\\\/\\\/blogdofarnesio.com.br\\\/?p=145991#primaryimage\"},\"thumbnailUrl\":\"http:\\\/\\\/www.quersaberpolitica.com.br\\\/2016\\\/wp-content\\\/uploads\\\/2015\\\/04\\\/blogqsp.cinquentinha-300x147.jpg\",\"datePublished\":\"2016-07-28T19:00:19+00:00\",\"breadcrumb\":{\"@id\":\"https:\\\/\\\/blogdofarnesio.com.br\\\/?p=145991#breadcrumb\"},\"inLanguage\":\"pt-BR\",\"potentialAction\":[{\"@type\":\"ReadAction\",\"target\":[\"https:\\\/\\\/blogdofarnesio.com.br\\\/?p=145991\"]}]},{\"@type\":\"ImageObject\",\"inLanguage\":\"pt-BR\",\"@id\":\"https:\\\/\\\/blogdofarnesio.com.br\\\/?p=145991#primaryimage\",\"url\":\"http:\\\/\\\/www.quersaberpolitica.com.br\\\/2016\\\/wp-content\\\/uploads\\\/2015\\\/04\\\/blogqsp.cinquentinha-300x147.jpg\",\"contentUrl\":\"http:\\\/\\\/www.quersaberpolitica.com.br\\\/2016\\\/wp-content\\\/uploads\\\/2015\\\/04\\\/blogqsp.cinquentinha-300x147.jpg\"},{\"@type\":\"BreadcrumbList\",\"@id\":\"https:\\\/\\\/blogdofarnesio.com.br\\\/?p=145991#breadcrumb\",\"itemListElement\":[{\"@type\":\"ListItem\",\"position\":1,\"name\":\"In\u00edcio\",\"item\":\"https:\\\/\\\/blogdofarnesio.com.br\\\/\"},{\"@type\":\"ListItem\",\"position\":2,\"name\":\"PRORROGADO O PRAZO DE EMPLACAMENTO DE CINQUENTINHAS\"}]},{\"@type\":\"WebSite\",\"@id\":\"https:\\\/\\\/blogdofarnesio.com.br\\\/#website\",\"url\":\"https:\\\/\\\/blogdofarnesio.com.br\\\/\",\"name\":\"Blog do Farn\u00e9sio\",\"description\":\"Quer Saber Pol\u00edtica?\",\"publisher\":{\"@id\":\"https:\\\/\\\/blogdofarnesio.com.br\\\/#organization\"},\"potentialAction\":[{\"@type\":\"SearchAction\",\"target\":{\"@type\":\"EntryPoint\",\"urlTemplate\":\"https:\\\/\\\/blogdofarnesio.com.br\\\/?s={search_term_string}\"},\"query-input\":{\"@type\":\"PropertyValueSpecification\",\"valueRequired\":true,\"valueName\":\"search_term_string\"}}],\"inLanguage\":\"pt-BR\"},{\"@type\":\"Organization\",\"@id\":\"https:\\\/\\\/blogdofarnesio.com.br\\\/#organization\",\"name\":\"Blog do Farn\u00e9sio\",\"url\":\"https:\\\/\\\/blogdofarnesio.com.br\\\/\",\"logo\":{\"@type\":\"ImageObject\",\"inLanguage\":\"pt-BR\",\"@id\":\"https:\\\/\\\/blogdofarnesio.com.br\\\/#\\\/schema\\\/logo\\\/image\\\/\",\"url\":\"https:\\\/\\\/blogdofarnesio.com.br\\\/wp-content\\\/uploads\\\/2026\\\/03\\\/cropped-logo_new-1.png\",\"contentUrl\":\"https:\\\/\\\/blogdofarnesio.com.br\\\/wp-content\\\/uploads\\\/2026\\\/03\\\/cropped-logo_new-1.png\",\"width\":881,\"height\":685,\"caption\":\"Blog do Farn\u00e9sio\"},\"image\":{\"@id\":\"https:\\\/\\\/blogdofarnesio.com.br\\\/#\\\/schema\\\/logo\\\/image\\\/\"},\"sameAs\":[\"https:\\\/\\\/www.facebook.com\\\/BlogQuerSaberPolitica\\\/\"]},{\"@type\":\"Person\",\"@id\":\"\",\"url\":\"https:\\\/\\\/blogdofarnesio.com.br\\\/?author=7\"}]}<\/script>\n<!-- \/ Yoast SEO plugin. -->","yoast_head_json":{"title":"PRORROGADO O PRAZO DE EMPLACAMENTO DE CINQUENTINHAS - Blog do Farn\u00e9sio","robots":{"index":"index","follow":"follow","max-snippet":"max-snippet:-1","max-image-preview":"max-image-preview:large","max-video-preview":"max-video-preview:-1"},"canonical":"https:\/\/blogdofarnesio.com.br\/?p=145991","og_locale":"pt_BR","og_type":"article","og_title":"PRORROGADO O PRAZO DE EMPLACAMENTO DE CINQUENTINHAS - Blog do Farn\u00e9sio","og_description":"O Departamento Estadual de Tr\u00e2nsito de Pernambuco \u2013 DETRAN-PE informa aos propriet\u00e1rios de ciclomotor abaixo de 50 cilindradas, conhecidos como cinquentinhas, que foi prorrogado para o dia 31 de agosto o prazo limite para emplacamento desses ve\u00edculos. Segundo o diretor presidente do \u00f3rg\u00e3o, Charles Ribeiro, o motivo de mais uma prorroga\u00e7\u00e3o \u00e9 a dificuldade que muitos propriet\u00e1rios est\u00e3o tendo para obter o Registro na Base de \u00cdndice Nacional \u2013 BIN, devido ao fechamento de algumas f\u00e1bricas e revendas, que deveriam ser a respons\u00e1vel por realizar esse cadastro.","og_url":"https:\/\/blogdofarnesio.com.br\/?p=145991","og_site_name":"Blog do Farn\u00e9sio","article_publisher":"https:\/\/www.facebook.com\/BlogQuerSaberPolitica\/","article_published_time":"2016-07-28T19:00:19+00:00","og_image":[{"url":"http:\/\/www.quersaberpolitica.com.br\/2016\/wp-content\/uploads\/2015\/04\/blogqsp.cinquentinha-300x147.jpg","type":"","width":"","height":""}],"twitter_card":"summary_large_image","twitter_misc":{"Escrito por":"","Est. tempo de leitura":"3 minutos"},"schema":{"@context":"https:\/\/schema.org","@graph":[{"@type":"Article","@id":"https:\/\/blogdofarnesio.com.br\/?p=145991#article","isPartOf":{"@id":"https:\/\/blogdofarnesio.com.br\/?p=145991"},"author":{"name":"","@id":""},"headline":"PRORROGADO O PRAZO DE EMPLACAMENTO DE CINQUENTINHAS","datePublished":"2016-07-28T19:00:19+00:00","mainEntityOfPage":{"@id":"https:\/\/blogdofarnesio.com.br\/?p=145991"},"wordCount":579,"commentCount":0,"publisher":{"@id":"https:\/\/blogdofarnesio.com.br\/#organization"},"image":{"@id":"https:\/\/blogdofarnesio.com.br\/?p=145991#primaryimage"},"thumbnailUrl":"http:\/\/www.quersaberpolitica.com.br\/2016\/wp-content\/uploads\/2015\/04\/blogqsp.cinquentinha-300x147.jpg","articleSection":["Administra\u00e7\u00e3o"],"inLanguage":"pt-BR","potentialAction":[{"@type":"CommentAction","name":"Comment","target":["https:\/\/blogdofarnesio.com.br\/?p=145991#respond"]}]},{"@type":"WebPage","@id":"https:\/\/blogdofarnesio.com.br\/?p=145991","url":"https:\/\/blogdofarnesio.com.br\/?p=145991","name":"PRORROGADO O PRAZO DE EMPLACAMENTO DE CINQUENTINHAS - Blog do Farn\u00e9sio","isPartOf":{"@id":"https:\/\/blogdofarnesio.com.br\/#website"},"primaryImageOfPage":{"@id":"https:\/\/blogdofarnesio.com.br\/?p=145991#primaryimage"},"image":{"@id":"https:\/\/blogdofarnesio.com.br\/?p=145991#primaryimage"},"thumbnailUrl":"http:\/\/www.quersaberpolitica.com.br\/2016\/wp-content\/uploads\/2015\/04\/blogqsp.cinquentinha-300x147.jpg","datePublished":"2016-07-28T19:00:19+00:00","breadcrumb":{"@id":"https:\/\/blogdofarnesio.com.br\/?p=145991#breadcrumb"},"inLanguage":"pt-BR","potentialAction":[{"@type":"ReadAction","target":["https:\/\/blogdofarnesio.com.br\/?p=145991"]}]},{"@type":"ImageObject","inLanguage":"pt-BR","@id":"https:\/\/blogdofarnesio.com.br\/?p=145991#primaryimage","url":"http:\/\/www.quersaberpolitica.com.br\/2016\/wp-content\/uploads\/2015\/04\/blogqsp.cinquentinha-300x147.jpg","contentUrl":"http:\/\/www.quersaberpolitica.com.br\/2016\/wp-content\/uploads\/2015\/04\/blogqsp.cinquentinha-300x147.jpg"},{"@type":"BreadcrumbList","@id":"https:\/\/blogdofarnesio.com.br\/?p=145991#breadcrumb","itemListElement":[{"@type":"ListItem","position":1,"name":"In\u00edcio","item":"https:\/\/blogdofarnesio.com.br\/"},{"@type":"ListItem","position":2,"name":"PRORROGADO O PRAZO DE EMPLACAMENTO DE CINQUENTINHAS"}]},{"@type":"WebSite","@id":"https:\/\/blogdofarnesio.com.br\/#website","url":"https:\/\/blogdofarnesio.com.br\/","name":"Blog do Farn\u00e9sio","description":"Quer Saber Pol\u00edtica?","publisher":{"@id":"https:\/\/blogdofarnesio.com.br\/#organization"},"potentialAction":[{"@type":"SearchAction","target":{"@type":"EntryPoint","urlTemplate":"https:\/\/blogdofarnesio.com.br\/?s={search_term_string}"},"query-input":{"@type":"PropertyValueSpecification","valueRequired":true,"valueName":"search_term_string"}}],"inLanguage":"pt-BR"},{"@type":"Organization","@id":"https:\/\/blogdofarnesio.com.br\/#organization","name":"Blog do Farn\u00e9sio","url":"https:\/\/blogdofarnesio.com.br\/","logo":{"@type":"ImageObject","inLanguage":"pt-BR","@id":"https:\/\/blogdofarnesio.com.br\/#\/schema\/logo\/image\/","url":"https:\/\/blogdofarnesio.com.br\/wp-content\/uploads\/2026\/03\/cropped-logo_new-1.png","contentUrl":"https:\/\/blogdofarnesio.com.br\/wp-content\/uploads\/2026\/03\/cropped-logo_new-1.png","width":881,"height":685,"caption":"Blog do Farn\u00e9sio"},"image":{"@id":"https:\/\/blogdofarnesio.com.br\/#\/schema\/logo\/image\/"},"sameAs":["https:\/\/www.facebook.com\/BlogQuerSaberPolitica\/"]},{"@type":"Person","@id":"","url":"https:\/\/blogdofarnesio.com.br\/?author=7"}]}},"_links":{"self":[{"href":"https:\/\/blogdofarnesio.com.br\/index.php?rest_route=\/wp\/v2\/posts\/145991","targetHints":{"allow":["GET"]}}],"collection":[{"href":"https:\/\/blogdofarnesio.com.br\/index.php?rest_route=\/wp\/v2\/posts"}],"about":[{"href":"https:\/\/blogdofarnesio.com.br\/index.php?rest_route=\/wp\/v2\/types\/post"}],"author":[{"embeddable":true,"href":"https:\/\/blogdofarnesio.com.br\/index.php?rest_route=\/wp\/v2\/users\/7"}],"replies":[{"embeddable":true,"href":"https:\/\/blogdofarnesio.com.br\/index.php?rest_route=%2Fwp%2Fv2%2Fcomments&post=145991"}],"version-history":[{"count":0,"href":"https:\/\/blogdofarnesio.com.br\/index.php?rest_route=\/wp\/v2\/posts\/145991\/revisions"}],"wp:attachment":[{"href":"https:\/\/blogdofarnesio.com.br\/index.php?rest_route=%2Fwp%2Fv2%2Fmedia&parent=145991"}],"wp:term":[{"taxonomy":"category","embeddable":true,"href":"https:\/\/blogdofarnesio.com.br\/index.php?rest_route=%2Fwp%2Fv2%2Fcategories&post=145991"},{"taxonomy":"post_tag","embeddable":true,"href":"https:\/\/blogdofarnesio.com.br\/index.php?rest_route=%2Fwp%2Fv2%2Ftags&post=145991"}],"curies":[{"name":"wp","href":"https:\/\/api.w.org\/{rel}","templated":true}]}}