{"id":14585,"date":"2012-06-05T08:04:28","date_gmt":"2012-06-05T08:04:28","guid":{"rendered":"http:\/\/www.quersaberpolitica.com.br?p=14585"},"modified":"-0001-11-30T00:00:00","modified_gmt":"-0001-11-30T03:00:00","slug":"unidade-movel-leva-atendimento-medico-para-as-areas-mais-distantes-de-petrolina","status":"publish","type":"post","link":"https:\/\/blogdofarnesio.com.br\/?p=14585","title":{"rendered":"Unidade M\u00f3vel leva atendimento m\u00e9dico para as \u00e1reas mais distantes de Petrolina"},"content":{"rendered":"<p><p style=\"text-align: justify;\"><span style=\"font-family: arial, helvetica, sans-serif; font-size: medium;\"><a rel=\"lightbox\" href=\"http:\/\/www.quersaberpolitica.com.br\/2016\/wp-content\/uploads\/2012\/12\/blogqsp.saudem.jpg\"><img loading=\"lazy\" decoding=\"async\" style=\"float: left; margin: 5px 10px;\" src=\"http:\/\/www.quersaberpolitica.com.br\/2016\/wp-content\/uploads\/2012\/12\/blogqsp.saudem.jpg\" alt=\"\" width=\"200\" height=\"150\" \/><\/a>Com quase 5.000 Km&sup2;, Petrolina tem uma das maiores extens&otilde;es territoriais de Pernambuco e para ampliar a cobertura do atendimento m&eacute;dico nas &aacute;reas mais distantes do munic&iacute;pio, a Secretaria Municipal de Sa&uacute;de lan&ccedil;ou em fevereiro, a Unidade M&oacute;vel de Atendimento M&eacute;dico. Equipada com um consult&oacute;rio, a unidade transporta um m&eacute;dico e uma t&eacute;cnica de enfermagem, que viajam pelas comunidades rurais, possibilitando o acesso de todos os usu&aacute;rios aos servi&ccedil;os de sa&uacute;de.<\/span><\/p>\n<p style=\"text-align: justify;\"><span style=\"font-size: medium;\"><span style=\"font-family: arial, helvetica, sans-serif;\">&#8220;Petrolina tem uma extens&atilde;o territorial muito grande e, mesmo tendo muitas unidades de sa&uacute;de, n&atilde;o consegu&iacute;amos chegar a todos os lugares e atender os usu&aacute;rios, que por algum motivo n&atilde;o podem se deslocar at&eacute; uma Unidade de Sa&uacute;de&#8221;, explicou a secret&aacute;ria Municipal de Sa&uacute;de, Lucia Giesta. Para ser atendido, o usu&aacute;rio s&oacute; precisa ficar atento ao calend&aacute;rio, divulgado nos meios de comunica&ccedil;&atilde;o e pelos agentes comunit&aacute;rios de sa&uacute;de, e ir ao encontro da Unidade na sua comunidade.<br \/>A iniciativa facilitou a vida da agricultora Maria Erm&iacute;nia Miranda, que precisava percorrer 5 km para conseguir atendimento m&eacute;dico. &#8220;A gente tinha que pegar o carro na pista, 5 horas da manh&atilde;. Era dif&iacute;cil, a gente tinha que fazer um esfor&ccedil;o. Mas agora, esse carro facilitou muito a nossa vida, porque a gente n&atilde;o precisa mais acordar de madrugada para ir ao posto de sa&uacute;de. Somo atendidos aqui mesmo, o m&eacute;dico entrega a medica&ccedil;&atilde;o e ainda d&aacute; tempo de fazer as coisas de casa&#8221;, revelou.<br \/>Desde fevereiro, mais de 1.200 pessoas j&aacute; foram atendidas. Os usu&aacute;rios que procuram a Unidade M&oacute;vel s&atilde;o acolhidos pela t&eacute;cnica de enfermagem, t&ecirc;m a sua press&atilde;o arterial verificada, o m&eacute;dico realiza a consulta e quando necess&aacute;rio solicita exames e receita os medicamentos, que s&atilde;o dispensados na hora.<br \/>CRONOGRAMA UNIDADE M&Oacute;VEL DE ATENDIMENTO M&Eacute;DICO<\/p>\n<p>06\/06 &#8211; MUDUBIM<br \/>11\/06 &#8211; INHUMA<br \/>13\/06 &#8211; &Aacute;GUA BRANCA<br \/>14\/06 &#8211; MASSAP&Ecirc;<br \/>18\/06 &#8211; CACIMBA VELHA<br \/>20\/06 &#8211; CAPIM<br \/>21\/06 &#8211; SERROTE PELADO<br \/>25\/06 &#8211; N-12 (VILA APARECIDA)<br \/>27\/06 &#8211; RIO VERDE<br \/>28\/06 &#8211; R-4<\/p>\n<p><\/span><\/span><\/p><\/p>\n","protected":false},"excerpt":{"rendered":"<p>Com quase 5.000 Km&sup2;, Petrolina tem uma das maiores extens&otilde;es territoriais de Pernambuco e para ampliar a cobertura do atendimento m&eacute;dico nas &aacute;reas mais distantes do munic&iacute;pio, a Secretaria Municipal de Sa&uacute;de lan&ccedil;ou em fevereiro, a Unidade M&oacute;vel de Atendimento M&eacute;dico. Equipada com um consult&oacute;rio, a unidade transporta um m&eacute;dico e uma t&eacute;cnica de enfermagem, que viajam pelas comunidades rurais, possibilitando o acesso de todos os usu&aacute;rios aos servi&ccedil;os de sa&uacute;de. &#8220;Petrolina tem uma extens&atilde;o territorial muito grande e, mesmo tendo muitas unidades de sa&uacute;de, n&atilde;o consegu&iacute;amos chegar a todos os lugares e atender os usu&aacute;rios, que por algum motivo n&atilde;o podem se deslocar at&eacute; uma Unidade de Sa&uacute;de&#8221;, explicou a secret&aacute;ria Municipal de Sa&uacute;de, Lucia Giesta. Para ser atendido,&hellip; <\/p>\n","protected":false},"author":0,"featured_media":0,"comment_status":"open","ping_status":"open","sticky":false,"template":"","format":"standard","meta":{"_acf_changed":false,"footnotes":""},"categories":[43],"tags":[],"class_list":["post-14585","post","type-post","status-publish","format-standard","hentry","category-sem-categoria"],"acf":[],"yoast_head":"<!-- This site is optimized with the Yoast SEO plugin v27.4 - https:\/\/yoast.com\/product\/yoast-seo-wordpress\/ -->\n<title>Unidade M\u00f3vel leva atendimento m\u00e9dico para as \u00e1reas mais distantes de Petrolina  - Blog do Farn\u00e9sio<\/title>\n<meta name=\"robots\" content=\"index, follow, max-snippet:-1, max-image-preview:large, max-video-preview:-1\" \/>\n<link rel=\"canonical\" href=\"https:\/\/blogdofarnesio.com.br\/?p=14585\" \/>\n<meta property=\"og:locale\" content=\"pt_BR\" \/>\n<meta property=\"og:type\" content=\"article\" \/>\n<meta property=\"og:title\" content=\"Unidade M\u00f3vel leva atendimento m\u00e9dico para as \u00e1reas mais distantes de Petrolina  - Blog do Farn\u00e9sio\" \/>\n<meta property=\"og:description\" content=\"Com quase 5.000 Km&sup2;, Petrolina tem uma das maiores extens&otilde;es territoriais de Pernambuco e para ampliar a cobertura do atendimento m&eacute;dico nas &aacute;reas mais distantes do munic&iacute;pio, a Secretaria Municipal de Sa&uacute;de lan&ccedil;ou em fevereiro, a Unidade M&oacute;vel de Atendimento M&eacute;dico. Equipada com um consult&oacute;rio, a unidade transporta um m&eacute;dico e uma t&eacute;cnica de enfermagem, que viajam pelas comunidades rurais, possibilitando o acesso de todos os usu&aacute;rios aos servi&ccedil;os de sa&uacute;de. &#8220;Petrolina tem uma extens&atilde;o territorial muito grande e, mesmo tendo muitas unidades de sa&uacute;de, n&atilde;o consegu&iacute;amos chegar a todos os lugares e atender os usu&aacute;rios, que por algum motivo n&atilde;o podem se deslocar at&eacute; uma Unidade de Sa&uacute;de&#8221;, explicou a secret&aacute;ria Municipal de Sa&uacute;de, Lucia Giesta. Para ser atendido,&hellip;\" \/>\n<meta property=\"og:url\" content=\"https:\/\/blogdofarnesio.com.br\/?p=14585\" \/>\n<meta property=\"og:site_name\" content=\"Blog do Farn\u00e9sio\" \/>\n<meta property=\"article:publisher\" content=\"https:\/\/www.facebook.com\/BlogQuerSaberPolitica\/\" \/>\n<meta property=\"article:published_time\" content=\"2012-06-05T08:04:28+00:00\" \/>\n<meta property=\"og:image\" content=\"http:\/\/www.quersaberpolitica.com.br\/2016\/wp-content\/uploads\/2012\/12\/blogqsp.saudem.jpg\" \/>\n<meta name=\"twitter:card\" content=\"summary_large_image\" \/>\n<meta name=\"twitter:label1\" content=\"Est. tempo de leitura\" \/>\n\t<meta name=\"twitter:data1\" content=\"2 minutos\" \/>\n<script type=\"application\/ld+json\" class=\"yoast-schema-graph\">{\"@context\":\"https:\\\/\\\/schema.org\",\"@graph\":[{\"@type\":\"Article\",\"@id\":\"https:\\\/\\\/blogdofarnesio.com.br\\\/?p=14585#article\",\"isPartOf\":{\"@id\":\"https:\\\/\\\/blogdofarnesio.com.br\\\/?p=14585\"},\"author\":{\"name\":\"\",\"@id\":\"\"},\"headline\":\"Unidade M\u00f3vel leva atendimento m\u00e9dico para as \u00e1reas mais distantes de Petrolina\",\"datePublished\":\"2012-06-05T08:04:28+00:00\",\"mainEntityOfPage\":{\"@id\":\"https:\\\/\\\/blogdofarnesio.com.br\\\/?p=14585\"},\"wordCount\":425,\"commentCount\":0,\"publisher\":{\"@id\":\"https:\\\/\\\/blogdofarnesio.com.br\\\/#organization\"},\"image\":{\"@id\":\"https:\\\/\\\/blogdofarnesio.com.br\\\/?p=14585#primaryimage\"},\"thumbnailUrl\":\"http:\\\/\\\/www.quersaberpolitica.com.br\\\/2016\\\/wp-content\\\/uploads\\\/2012\\\/12\\\/blogqsp.saudem.jpg\",\"inLanguage\":\"pt-BR\",\"potentialAction\":[{\"@type\":\"CommentAction\",\"name\":\"Comment\",\"target\":[\"https:\\\/\\\/blogdofarnesio.com.br\\\/?p=14585#respond\"]}]},{\"@type\":\"WebPage\",\"@id\":\"https:\\\/\\\/blogdofarnesio.com.br\\\/?p=14585\",\"url\":\"https:\\\/\\\/blogdofarnesio.com.br\\\/?p=14585\",\"name\":\"Unidade M\u00f3vel leva atendimento m\u00e9dico para as \u00e1reas mais distantes de Petrolina - Blog do Farn\u00e9sio\",\"isPartOf\":{\"@id\":\"https:\\\/\\\/blogdofarnesio.com.br\\\/#website\"},\"primaryImageOfPage\":{\"@id\":\"https:\\\/\\\/blogdofarnesio.com.br\\\/?p=14585#primaryimage\"},\"image\":{\"@id\":\"https:\\\/\\\/blogdofarnesio.com.br\\\/?p=14585#primaryimage\"},\"thumbnailUrl\":\"http:\\\/\\\/www.quersaberpolitica.com.br\\\/2016\\\/wp-content\\\/uploads\\\/2012\\\/12\\\/blogqsp.saudem.jpg\",\"datePublished\":\"2012-06-05T08:04:28+00:00\",\"breadcrumb\":{\"@id\":\"https:\\\/\\\/blogdofarnesio.com.br\\\/?p=14585#breadcrumb\"},\"inLanguage\":\"pt-BR\",\"potentialAction\":[{\"@type\":\"ReadAction\",\"target\":[\"https:\\\/\\\/blogdofarnesio.com.br\\\/?p=14585\"]}]},{\"@type\":\"ImageObject\",\"inLanguage\":\"pt-BR\",\"@id\":\"https:\\\/\\\/blogdofarnesio.com.br\\\/?p=14585#primaryimage\",\"url\":\"http:\\\/\\\/www.quersaberpolitica.com.br\\\/2016\\\/wp-content\\\/uploads\\\/2012\\\/12\\\/blogqsp.saudem.jpg\",\"contentUrl\":\"http:\\\/\\\/www.quersaberpolitica.com.br\\\/2016\\\/wp-content\\\/uploads\\\/2012\\\/12\\\/blogqsp.saudem.jpg\"},{\"@type\":\"BreadcrumbList\",\"@id\":\"https:\\\/\\\/blogdofarnesio.com.br\\\/?p=14585#breadcrumb\",\"itemListElement\":[{\"@type\":\"ListItem\",\"position\":1,\"name\":\"In\u00edcio\",\"item\":\"https:\\\/\\\/blogdofarnesio.com.br\\\/\"},{\"@type\":\"ListItem\",\"position\":2,\"name\":\"Unidade M\u00f3vel leva atendimento m\u00e9dico para as \u00e1reas mais distantes de Petrolina\"}]},{\"@type\":\"WebSite\",\"@id\":\"https:\\\/\\\/blogdofarnesio.com.br\\\/#website\",\"url\":\"https:\\\/\\\/blogdofarnesio.com.br\\\/\",\"name\":\"Blog do Farn\u00e9sio\",\"description\":\"Quer Saber Pol\u00edtica?\",\"publisher\":{\"@id\":\"https:\\\/\\\/blogdofarnesio.com.br\\\/#organization\"},\"potentialAction\":[{\"@type\":\"SearchAction\",\"target\":{\"@type\":\"EntryPoint\",\"urlTemplate\":\"https:\\\/\\\/blogdofarnesio.com.br\\\/?s={search_term_string}\"},\"query-input\":{\"@type\":\"PropertyValueSpecification\",\"valueRequired\":true,\"valueName\":\"search_term_string\"}}],\"inLanguage\":\"pt-BR\"},{\"@type\":\"Organization\",\"@id\":\"https:\\\/\\\/blogdofarnesio.com.br\\\/#organization\",\"name\":\"Blog do Farn\u00e9sio\",\"url\":\"https:\\\/\\\/blogdofarnesio.com.br\\\/\",\"logo\":{\"@type\":\"ImageObject\",\"inLanguage\":\"pt-BR\",\"@id\":\"https:\\\/\\\/blogdofarnesio.com.br\\\/#\\\/schema\\\/logo\\\/image\\\/\",\"url\":\"https:\\\/\\\/blogdofarnesio.com.br\\\/wp-content\\\/uploads\\\/2026\\\/03\\\/cropped-logo_new-1.png\",\"contentUrl\":\"https:\\\/\\\/blogdofarnesio.com.br\\\/wp-content\\\/uploads\\\/2026\\\/03\\\/cropped-logo_new-1.png\",\"width\":881,\"height\":685,\"caption\":\"Blog do Farn\u00e9sio\"},\"image\":{\"@id\":\"https:\\\/\\\/blogdofarnesio.com.br\\\/#\\\/schema\\\/logo\\\/image\\\/\"},\"sameAs\":[\"https:\\\/\\\/www.facebook.com\\\/BlogQuerSaberPolitica\\\/\"]}]}<\/script>\n<!-- \/ Yoast SEO plugin. -->","yoast_head_json":{"title":"Unidade M\u00f3vel leva atendimento m\u00e9dico para as \u00e1reas mais distantes de Petrolina  - Blog do Farn\u00e9sio","robots":{"index":"index","follow":"follow","max-snippet":"max-snippet:-1","max-image-preview":"max-image-preview:large","max-video-preview":"max-video-preview:-1"},"canonical":"https:\/\/blogdofarnesio.com.br\/?p=14585","og_locale":"pt_BR","og_type":"article","og_title":"Unidade M\u00f3vel leva atendimento m\u00e9dico para as \u00e1reas mais distantes de Petrolina  - Blog do Farn\u00e9sio","og_description":"Com quase 5.000 Km&sup2;, Petrolina tem uma das maiores extens&otilde;es territoriais de Pernambuco e para ampliar a cobertura do atendimento m&eacute;dico nas &aacute;reas mais distantes do munic&iacute;pio, a Secretaria Municipal de Sa&uacute;de lan&ccedil;ou em fevereiro, a Unidade M&oacute;vel de Atendimento M&eacute;dico. Equipada com um consult&oacute;rio, a unidade transporta um m&eacute;dico e uma t&eacute;cnica de enfermagem, que viajam pelas comunidades rurais, possibilitando o acesso de todos os usu&aacute;rios aos servi&ccedil;os de sa&uacute;de. &#8220;Petrolina tem uma extens&atilde;o territorial muito grande e, mesmo tendo muitas unidades de sa&uacute;de, n&atilde;o consegu&iacute;amos chegar a todos os lugares e atender os usu&aacute;rios, que por algum motivo n&atilde;o podem se deslocar at&eacute; uma Unidade de Sa&uacute;de&#8221;, explicou a secret&aacute;ria Municipal de Sa&uacute;de, Lucia Giesta. Para ser atendido,&hellip;","og_url":"https:\/\/blogdofarnesio.com.br\/?p=14585","og_site_name":"Blog do Farn\u00e9sio","article_publisher":"https:\/\/www.facebook.com\/BlogQuerSaberPolitica\/","article_published_time":"2012-06-05T08:04:28+00:00","og_image":[{"url":"http:\/\/www.quersaberpolitica.com.br\/2016\/wp-content\/uploads\/2012\/12\/blogqsp.saudem.jpg","type":"","width":"","height":""}],"twitter_card":"summary_large_image","twitter_misc":{"Est. tempo de leitura":"2 minutos"},"schema":{"@context":"https:\/\/schema.org","@graph":[{"@type":"Article","@id":"https:\/\/blogdofarnesio.com.br\/?p=14585#article","isPartOf":{"@id":"https:\/\/blogdofarnesio.com.br\/?p=14585"},"author":{"name":"","@id":""},"headline":"Unidade M\u00f3vel leva atendimento m\u00e9dico para as \u00e1reas mais distantes de Petrolina","datePublished":"2012-06-05T08:04:28+00:00","mainEntityOfPage":{"@id":"https:\/\/blogdofarnesio.com.br\/?p=14585"},"wordCount":425,"commentCount":0,"publisher":{"@id":"https:\/\/blogdofarnesio.com.br\/#organization"},"image":{"@id":"https:\/\/blogdofarnesio.com.br\/?p=14585#primaryimage"},"thumbnailUrl":"http:\/\/www.quersaberpolitica.com.br\/2016\/wp-content\/uploads\/2012\/12\/blogqsp.saudem.jpg","inLanguage":"pt-BR","potentialAction":[{"@type":"CommentAction","name":"Comment","target":["https:\/\/blogdofarnesio.com.br\/?p=14585#respond"]}]},{"@type":"WebPage","@id":"https:\/\/blogdofarnesio.com.br\/?p=14585","url":"https:\/\/blogdofarnesio.com.br\/?p=14585","name":"Unidade M\u00f3vel leva atendimento m\u00e9dico para as \u00e1reas mais distantes de Petrolina - Blog do Farn\u00e9sio","isPartOf":{"@id":"https:\/\/blogdofarnesio.com.br\/#website"},"primaryImageOfPage":{"@id":"https:\/\/blogdofarnesio.com.br\/?p=14585#primaryimage"},"image":{"@id":"https:\/\/blogdofarnesio.com.br\/?p=14585#primaryimage"},"thumbnailUrl":"http:\/\/www.quersaberpolitica.com.br\/2016\/wp-content\/uploads\/2012\/12\/blogqsp.saudem.jpg","datePublished":"2012-06-05T08:04:28+00:00","breadcrumb":{"@id":"https:\/\/blogdofarnesio.com.br\/?p=14585#breadcrumb"},"inLanguage":"pt-BR","potentialAction":[{"@type":"ReadAction","target":["https:\/\/blogdofarnesio.com.br\/?p=14585"]}]},{"@type":"ImageObject","inLanguage":"pt-BR","@id":"https:\/\/blogdofarnesio.com.br\/?p=14585#primaryimage","url":"http:\/\/www.quersaberpolitica.com.br\/2016\/wp-content\/uploads\/2012\/12\/blogqsp.saudem.jpg","contentUrl":"http:\/\/www.quersaberpolitica.com.br\/2016\/wp-content\/uploads\/2012\/12\/blogqsp.saudem.jpg"},{"@type":"BreadcrumbList","@id":"https:\/\/blogdofarnesio.com.br\/?p=14585#breadcrumb","itemListElement":[{"@type":"ListItem","position":1,"name":"In\u00edcio","item":"https:\/\/blogdofarnesio.com.br\/"},{"@type":"ListItem","position":2,"name":"Unidade M\u00f3vel leva atendimento m\u00e9dico para as \u00e1reas mais distantes de Petrolina"}]},{"@type":"WebSite","@id":"https:\/\/blogdofarnesio.com.br\/#website","url":"https:\/\/blogdofarnesio.com.br\/","name":"Blog do Farn\u00e9sio","description":"Quer Saber Pol\u00edtica?","publisher":{"@id":"https:\/\/blogdofarnesio.com.br\/#organization"},"potentialAction":[{"@type":"SearchAction","target":{"@type":"EntryPoint","urlTemplate":"https:\/\/blogdofarnesio.com.br\/?s={search_term_string}"},"query-input":{"@type":"PropertyValueSpecification","valueRequired":true,"valueName":"search_term_string"}}],"inLanguage":"pt-BR"},{"@type":"Organization","@id":"https:\/\/blogdofarnesio.com.br\/#organization","name":"Blog do Farn\u00e9sio","url":"https:\/\/blogdofarnesio.com.br\/","logo":{"@type":"ImageObject","inLanguage":"pt-BR","@id":"https:\/\/blogdofarnesio.com.br\/#\/schema\/logo\/image\/","url":"https:\/\/blogdofarnesio.com.br\/wp-content\/uploads\/2026\/03\/cropped-logo_new-1.png","contentUrl":"https:\/\/blogdofarnesio.com.br\/wp-content\/uploads\/2026\/03\/cropped-logo_new-1.png","width":881,"height":685,"caption":"Blog do Farn\u00e9sio"},"image":{"@id":"https:\/\/blogdofarnesio.com.br\/#\/schema\/logo\/image\/"},"sameAs":["https:\/\/www.facebook.com\/BlogQuerSaberPolitica\/"]}]}},"_links":{"self":[{"href":"https:\/\/blogdofarnesio.com.br\/index.php?rest_route=\/wp\/v2\/posts\/14585","targetHints":{"allow":["GET"]}}],"collection":[{"href":"https:\/\/blogdofarnesio.com.br\/index.php?rest_route=\/wp\/v2\/posts"}],"about":[{"href":"https:\/\/blogdofarnesio.com.br\/index.php?rest_route=\/wp\/v2\/types\/post"}],"replies":[{"embeddable":true,"href":"https:\/\/blogdofarnesio.com.br\/index.php?rest_route=%2Fwp%2Fv2%2Fcomments&post=14585"}],"version-history":[{"count":0,"href":"https:\/\/blogdofarnesio.com.br\/index.php?rest_route=\/wp\/v2\/posts\/14585\/revisions"}],"wp:attachment":[{"href":"https:\/\/blogdofarnesio.com.br\/index.php?rest_route=%2Fwp%2Fv2%2Fmedia&parent=14585"}],"wp:term":[{"taxonomy":"category","embeddable":true,"href":"https:\/\/blogdofarnesio.com.br\/index.php?rest_route=%2Fwp%2Fv2%2Fcategories&post=14585"},{"taxonomy":"post_tag","embeddable":true,"href":"https:\/\/blogdofarnesio.com.br\/index.php?rest_route=%2Fwp%2Fv2%2Ftags&post=14585"}],"curies":[{"name":"wp","href":"https:\/\/api.w.org\/{rel}","templated":true}]}}