{"id":145843,"date":"2016-07-26T07:40:34","date_gmt":"2016-07-26T10:40:34","guid":{"rendered":"http:\/\/www.quersaberpolitica.com.br\/?p=145843"},"modified":"2016-07-25T21:28:41","modified_gmt":"2016-07-26T00:28:41","slug":"direto-de-sobradinho-361","status":"publish","type":"post","link":"https:\/\/blogdofarnesio.com.br\/2016\/07\/direto-de-sobradinho-361\/","title":{"rendered":"DIRETO DE SOBRADINHO"},"content":{"rendered":"<p style=\"text-align: justify\"><a href=\"http:\/\/www.quersaberpolitica.com.br\/2016\/wp-content\/uploads\/2016\/07\/blogqsp-contesf.jpg\">CONSTESF REALIZA MEDI\u00c7\u00d5ES PARA EMISS\u00c3O DE T\u00cdTULOS DE TERRA EM SOBRADINHO<img loading=\"lazy\" decoding=\"async\" class=\"  wp-image-145844 aligncenter\" src=\"http:\/\/www.quersaberpolitica.com.br\/2016\/wp-content\/uploads\/2016\/07\/blogqsp-contesf-237x300.jpg\" alt=\"blogqsp-contesf\" width=\"304\" height=\"381\" \/><\/a>Durante esta semana, t\u00e9cnicos do projeto de regulariza\u00e7\u00e3o fundi\u00e1ria do Cons\u00f3rcio Sustent\u00e1vel do Territ\u00f3rio do S\u00e3o Francisco (Constesf) realizaram medi\u00e7\u00f5es em pequenas propriedades rurais do munic\u00edpio de Sobradinho. Foram realizadas cerca de 40 medi\u00e7\u00f5es como parte do processo para emiss\u00e3o de t\u00edtulos de terra na modalidade doa\u00e7\u00e3o, que ser\u00e3o entregues pela Coordena\u00e7\u00e3o de Desenvolvimento Agr\u00e1rio do Estado da Bahia (CDA).<\/p>\n<div style=\"text-align: justify\">O projeto tamb\u00e9m est\u00e1 em andamento nos munic\u00edpios de Canudos, Casa Nova, Remanso, Uau\u00e1 e Juazeiro e ser\u00e1 realizado em todo o territ\u00f3rio do S\u00e3o Francisco, beneficiando 10 munic\u00edpios com 200 t\u00edtulos de terra cada. Duas mil fam\u00edlias ser\u00e3o atendidas. Nesta semana as medi\u00e7\u00f5es est\u00e3o sendo realizadas em Juazeiro.<\/div>\n<div style=\"text-align: justify\"><\/div>\n<div style=\"text-align: justify\"><em>ASCOM CONSTESF<\/em><\/div>\n","protected":false},"excerpt":{"rendered":"<p>CONSTESF REALIZA MEDI\u00c7\u00d5ES PARA EMISS\u00c3O DE T\u00cdTULOS DE TERRA EM SOBRADINHODurante esta semana, t\u00e9cnicos do projeto de regulariza\u00e7\u00e3o fundi\u00e1ria do Cons\u00f3rcio Sustent\u00e1vel do Territ\u00f3rio do S\u00e3o Francisco (Constesf) realizaram medi\u00e7\u00f5es em pequenas propriedades rurais do munic\u00edpio de Sobradinho. Foram realizadas cerca de 40 medi\u00e7\u00f5es como parte do processo para emiss\u00e3o de t\u00edtulos de terra na modalidade doa\u00e7\u00e3o, que ser\u00e3o entregues pela Coordena\u00e7\u00e3o de Desenvolvimento Agr\u00e1rio do Estado da Bahia (CDA). O projeto tamb\u00e9m est\u00e1 em andamento nos munic\u00edpios de Canudos, Casa Nova, Remanso, Uau\u00e1 e Juazeiro e ser\u00e1 realizado em todo o territ\u00f3rio do S\u00e3o Francisco, beneficiando 10 munic\u00edpios com 200 t\u00edtulos de terra cada. Duas mil fam\u00edlias ser\u00e3o atendidas. Nesta semana as medi\u00e7\u00f5es est\u00e3o sendo realizadas em Juazeiro. ASCOM&hellip; <\/p>\n","protected":false},"author":7,"featured_media":0,"comment_status":"open","ping_status":"open","sticky":false,"template":"","format":"standard","meta":{"_acf_changed":false,"footnotes":""},"categories":[44],"tags":[],"class_list":["post-145843","post","type-post","status-publish","format-standard","hentry","category-administracao"],"acf":[],"yoast_head":"<!-- This site is optimized with the Yoast SEO plugin v27.5 - https:\/\/yoast.com\/product\/yoast-seo-wordpress\/ -->\n<title>DIRETO DE SOBRADINHO - Blog do Farn\u00e9sio<\/title>\n<meta name=\"robots\" content=\"index, follow, max-snippet:-1, max-image-preview:large, max-video-preview:-1\" \/>\n<link rel=\"canonical\" href=\"https:\/\/blogdofarnesio.com.br\/2016\/07\/direto-de-sobradinho-361\/\" \/>\n<meta property=\"og:locale\" content=\"pt_BR\" \/>\n<meta property=\"og:type\" content=\"article\" \/>\n<meta property=\"og:title\" content=\"DIRETO DE SOBRADINHO - Blog do Farn\u00e9sio\" \/>\n<meta property=\"og:description\" content=\"CONSTESF REALIZA MEDI\u00c7\u00d5ES PARA EMISS\u00c3O DE T\u00cdTULOS DE TERRA EM SOBRADINHODurante esta semana, t\u00e9cnicos do projeto de regulariza\u00e7\u00e3o fundi\u00e1ria do Cons\u00f3rcio Sustent\u00e1vel do Territ\u00f3rio do S\u00e3o Francisco (Constesf) realizaram medi\u00e7\u00f5es em pequenas propriedades rurais do munic\u00edpio de Sobradinho. Foram realizadas cerca de 40 medi\u00e7\u00f5es como parte do processo para emiss\u00e3o de t\u00edtulos de terra na modalidade doa\u00e7\u00e3o, que ser\u00e3o entregues pela Coordena\u00e7\u00e3o de Desenvolvimento Agr\u00e1rio do Estado da Bahia (CDA). O projeto tamb\u00e9m est\u00e1 em andamento nos munic\u00edpios de Canudos, Casa Nova, Remanso, Uau\u00e1 e Juazeiro e ser\u00e1 realizado em todo o territ\u00f3rio do S\u00e3o Francisco, beneficiando 10 munic\u00edpios com 200 t\u00edtulos de terra cada. Duas mil fam\u00edlias ser\u00e3o atendidas. Nesta semana as medi\u00e7\u00f5es est\u00e3o sendo realizadas em Juazeiro. ASCOM&hellip;\" \/>\n<meta property=\"og:url\" content=\"https:\/\/blogdofarnesio.com.br\/2016\/07\/direto-de-sobradinho-361\/\" \/>\n<meta property=\"og:site_name\" content=\"Blog do Farn\u00e9sio\" \/>\n<meta property=\"article:publisher\" content=\"https:\/\/www.facebook.com\/BlogQuerSaberPolitica\/\" \/>\n<meta property=\"article:published_time\" content=\"2016-07-26T10:40:34+00:00\" \/>\n<meta property=\"og:image\" content=\"http:\/\/www.quersaberpolitica.com.br\/2016\/wp-content\/uploads\/2016\/07\/blogqsp-contesf-237x300.jpg\" \/>\n<meta name=\"twitter:card\" content=\"summary_large_image\" \/>\n<meta name=\"twitter:label1\" content=\"Escrito por\" \/>\n\t<meta name=\"twitter:data1\" content=\"\" \/>\n\t<meta name=\"twitter:label2\" content=\"Est. tempo de leitura\" \/>\n\t<meta name=\"twitter:data2\" content=\"1 minuto\" \/>\n<script type=\"application\/ld+json\" class=\"yoast-schema-graph\">{\"@context\":\"https:\\\/\\\/schema.org\",\"@graph\":[{\"@type\":\"Article\",\"@id\":\"https:\\\/\\\/blogdofarnesio.com.br\\\/2016\\\/07\\\/direto-de-sobradinho-361\\\/#article\",\"isPartOf\":{\"@id\":\"https:\\\/\\\/blogdofarnesio.com.br\\\/2016\\\/07\\\/direto-de-sobradinho-361\\\/\"},\"author\":{\"name\":\"\",\"@id\":\"\"},\"headline\":\"DIRETO DE SOBRADINHO\",\"datePublished\":\"2016-07-26T10:40:34+00:00\",\"mainEntityOfPage\":{\"@id\":\"https:\\\/\\\/blogdofarnesio.com.br\\\/2016\\\/07\\\/direto-de-sobradinho-361\\\/\"},\"wordCount\":151,\"commentCount\":0,\"publisher\":{\"@id\":\"https:\\\/\\\/blogdofarnesio.com.br\\\/#organization\"},\"image\":{\"@id\":\"https:\\\/\\\/blogdofarnesio.com.br\\\/2016\\\/07\\\/direto-de-sobradinho-361\\\/#primaryimage\"},\"thumbnailUrl\":\"http:\\\/\\\/www.quersaberpolitica.com.br\\\/2016\\\/wp-content\\\/uploads\\\/2016\\\/07\\\/blogqsp-contesf-237x300.jpg\",\"articleSection\":[\"Administra\u00e7\u00e3o\"],\"inLanguage\":\"pt-BR\",\"potentialAction\":[{\"@type\":\"CommentAction\",\"name\":\"Comment\",\"target\":[\"https:\\\/\\\/blogdofarnesio.com.br\\\/2016\\\/07\\\/direto-de-sobradinho-361\\\/#respond\"]}]},{\"@type\":\"WebPage\",\"@id\":\"https:\\\/\\\/blogdofarnesio.com.br\\\/2016\\\/07\\\/direto-de-sobradinho-361\\\/\",\"url\":\"https:\\\/\\\/blogdofarnesio.com.br\\\/2016\\\/07\\\/direto-de-sobradinho-361\\\/\",\"name\":\"DIRETO DE SOBRADINHO - Blog do Farn\u00e9sio\",\"isPartOf\":{\"@id\":\"https:\\\/\\\/blogdofarnesio.com.br\\\/#website\"},\"primaryImageOfPage\":{\"@id\":\"https:\\\/\\\/blogdofarnesio.com.br\\\/2016\\\/07\\\/direto-de-sobradinho-361\\\/#primaryimage\"},\"image\":{\"@id\":\"https:\\\/\\\/blogdofarnesio.com.br\\\/2016\\\/07\\\/direto-de-sobradinho-361\\\/#primaryimage\"},\"thumbnailUrl\":\"http:\\\/\\\/www.quersaberpolitica.com.br\\\/2016\\\/wp-content\\\/uploads\\\/2016\\\/07\\\/blogqsp-contesf-237x300.jpg\",\"datePublished\":\"2016-07-26T10:40:34+00:00\",\"breadcrumb\":{\"@id\":\"https:\\\/\\\/blogdofarnesio.com.br\\\/2016\\\/07\\\/direto-de-sobradinho-361\\\/#breadcrumb\"},\"inLanguage\":\"pt-BR\",\"potentialAction\":[{\"@type\":\"ReadAction\",\"target\":[\"https:\\\/\\\/blogdofarnesio.com.br\\\/2016\\\/07\\\/direto-de-sobradinho-361\\\/\"]}]},{\"@type\":\"ImageObject\",\"inLanguage\":\"pt-BR\",\"@id\":\"https:\\\/\\\/blogdofarnesio.com.br\\\/2016\\\/07\\\/direto-de-sobradinho-361\\\/#primaryimage\",\"url\":\"http:\\\/\\\/www.quersaberpolitica.com.br\\\/2016\\\/wp-content\\\/uploads\\\/2016\\\/07\\\/blogqsp-contesf-237x300.jpg\",\"contentUrl\":\"http:\\\/\\\/www.quersaberpolitica.com.br\\\/2016\\\/wp-content\\\/uploads\\\/2016\\\/07\\\/blogqsp-contesf-237x300.jpg\"},{\"@type\":\"BreadcrumbList\",\"@id\":\"https:\\\/\\\/blogdofarnesio.com.br\\\/2016\\\/07\\\/direto-de-sobradinho-361\\\/#breadcrumb\",\"itemListElement\":[{\"@type\":\"ListItem\",\"position\":1,\"name\":\"In\u00edcio\",\"item\":\"https:\\\/\\\/blogdofarnesio.com.br\\\/\"},{\"@type\":\"ListItem\",\"position\":2,\"name\":\"DIRETO DE SOBRADINHO\"}]},{\"@type\":\"WebSite\",\"@id\":\"https:\\\/\\\/blogdofarnesio.com.br\\\/#website\",\"url\":\"https:\\\/\\\/blogdofarnesio.com.br\\\/\",\"name\":\"Blog do Farn\u00e9sio\",\"description\":\"Quer Saber Pol\u00edtica?\",\"publisher\":{\"@id\":\"https:\\\/\\\/blogdofarnesio.com.br\\\/#organization\"},\"potentialAction\":[{\"@type\":\"SearchAction\",\"target\":{\"@type\":\"EntryPoint\",\"urlTemplate\":\"https:\\\/\\\/blogdofarnesio.com.br\\\/?s={search_term_string}\"},\"query-input\":{\"@type\":\"PropertyValueSpecification\",\"valueRequired\":true,\"valueName\":\"search_term_string\"}}],\"inLanguage\":\"pt-BR\"},{\"@type\":\"Organization\",\"@id\":\"https:\\\/\\\/blogdofarnesio.com.br\\\/#organization\",\"name\":\"Blog do Farn\u00e9sio\",\"url\":\"https:\\\/\\\/blogdofarnesio.com.br\\\/\",\"logo\":{\"@type\":\"ImageObject\",\"inLanguage\":\"pt-BR\",\"@id\":\"https:\\\/\\\/blogdofarnesio.com.br\\\/#\\\/schema\\\/logo\\\/image\\\/\",\"url\":\"https:\\\/\\\/blogdofarnesio.com.br\\\/wp-content\\\/uploads\\\/2026\\\/03\\\/cropped-logo_new-1.png\",\"contentUrl\":\"https:\\\/\\\/blogdofarnesio.com.br\\\/wp-content\\\/uploads\\\/2026\\\/03\\\/cropped-logo_new-1.png\",\"width\":881,\"height\":685,\"caption\":\"Blog do Farn\u00e9sio\"},\"image\":{\"@id\":\"https:\\\/\\\/blogdofarnesio.com.br\\\/#\\\/schema\\\/logo\\\/image\\\/\"},\"sameAs\":[\"https:\\\/\\\/www.facebook.com\\\/BlogQuerSaberPolitica\\\/\"]},{\"@type\":\"Person\",\"@id\":\"\",\"url\":\"https:\\\/\\\/blogdofarnesio.com.br\\\/author\\\/\"}]}<\/script>\n<!-- \/ Yoast SEO plugin. -->","yoast_head_json":{"title":"DIRETO DE SOBRADINHO - Blog do Farn\u00e9sio","robots":{"index":"index","follow":"follow","max-snippet":"max-snippet:-1","max-image-preview":"max-image-preview:large","max-video-preview":"max-video-preview:-1"},"canonical":"https:\/\/blogdofarnesio.com.br\/2016\/07\/direto-de-sobradinho-361\/","og_locale":"pt_BR","og_type":"article","og_title":"DIRETO DE SOBRADINHO - Blog do Farn\u00e9sio","og_description":"CONSTESF REALIZA MEDI\u00c7\u00d5ES PARA EMISS\u00c3O DE T\u00cdTULOS DE TERRA EM SOBRADINHODurante esta semana, t\u00e9cnicos do projeto de regulariza\u00e7\u00e3o fundi\u00e1ria do Cons\u00f3rcio Sustent\u00e1vel do Territ\u00f3rio do S\u00e3o Francisco (Constesf) realizaram medi\u00e7\u00f5es em pequenas propriedades rurais do munic\u00edpio de Sobradinho. Foram realizadas cerca de 40 medi\u00e7\u00f5es como parte do processo para emiss\u00e3o de t\u00edtulos de terra na modalidade doa\u00e7\u00e3o, que ser\u00e3o entregues pela Coordena\u00e7\u00e3o de Desenvolvimento Agr\u00e1rio do Estado da Bahia (CDA). O projeto tamb\u00e9m est\u00e1 em andamento nos munic\u00edpios de Canudos, Casa Nova, Remanso, Uau\u00e1 e Juazeiro e ser\u00e1 realizado em todo o territ\u00f3rio do S\u00e3o Francisco, beneficiando 10 munic\u00edpios com 200 t\u00edtulos de terra cada. Duas mil fam\u00edlias ser\u00e3o atendidas. Nesta semana as medi\u00e7\u00f5es est\u00e3o sendo realizadas em Juazeiro. ASCOM&hellip;","og_url":"https:\/\/blogdofarnesio.com.br\/2016\/07\/direto-de-sobradinho-361\/","og_site_name":"Blog do Farn\u00e9sio","article_publisher":"https:\/\/www.facebook.com\/BlogQuerSaberPolitica\/","article_published_time":"2016-07-26T10:40:34+00:00","og_image":[{"url":"http:\/\/www.quersaberpolitica.com.br\/2016\/wp-content\/uploads\/2016\/07\/blogqsp-contesf-237x300.jpg","type":"","width":"","height":""}],"twitter_card":"summary_large_image","twitter_misc":{"Escrito por":"","Est. tempo de leitura":"1 minuto"},"schema":{"@context":"https:\/\/schema.org","@graph":[{"@type":"Article","@id":"https:\/\/blogdofarnesio.com.br\/2016\/07\/direto-de-sobradinho-361\/#article","isPartOf":{"@id":"https:\/\/blogdofarnesio.com.br\/2016\/07\/direto-de-sobradinho-361\/"},"author":{"name":"","@id":""},"headline":"DIRETO DE SOBRADINHO","datePublished":"2016-07-26T10:40:34+00:00","mainEntityOfPage":{"@id":"https:\/\/blogdofarnesio.com.br\/2016\/07\/direto-de-sobradinho-361\/"},"wordCount":151,"commentCount":0,"publisher":{"@id":"https:\/\/blogdofarnesio.com.br\/#organization"},"image":{"@id":"https:\/\/blogdofarnesio.com.br\/2016\/07\/direto-de-sobradinho-361\/#primaryimage"},"thumbnailUrl":"http:\/\/www.quersaberpolitica.com.br\/2016\/wp-content\/uploads\/2016\/07\/blogqsp-contesf-237x300.jpg","articleSection":["Administra\u00e7\u00e3o"],"inLanguage":"pt-BR","potentialAction":[{"@type":"CommentAction","name":"Comment","target":["https:\/\/blogdofarnesio.com.br\/2016\/07\/direto-de-sobradinho-361\/#respond"]}]},{"@type":"WebPage","@id":"https:\/\/blogdofarnesio.com.br\/2016\/07\/direto-de-sobradinho-361\/","url":"https:\/\/blogdofarnesio.com.br\/2016\/07\/direto-de-sobradinho-361\/","name":"DIRETO DE SOBRADINHO - Blog do Farn\u00e9sio","isPartOf":{"@id":"https:\/\/blogdofarnesio.com.br\/#website"},"primaryImageOfPage":{"@id":"https:\/\/blogdofarnesio.com.br\/2016\/07\/direto-de-sobradinho-361\/#primaryimage"},"image":{"@id":"https:\/\/blogdofarnesio.com.br\/2016\/07\/direto-de-sobradinho-361\/#primaryimage"},"thumbnailUrl":"http:\/\/www.quersaberpolitica.com.br\/2016\/wp-content\/uploads\/2016\/07\/blogqsp-contesf-237x300.jpg","datePublished":"2016-07-26T10:40:34+00:00","breadcrumb":{"@id":"https:\/\/blogdofarnesio.com.br\/2016\/07\/direto-de-sobradinho-361\/#breadcrumb"},"inLanguage":"pt-BR","potentialAction":[{"@type":"ReadAction","target":["https:\/\/blogdofarnesio.com.br\/2016\/07\/direto-de-sobradinho-361\/"]}]},{"@type":"ImageObject","inLanguage":"pt-BR","@id":"https:\/\/blogdofarnesio.com.br\/2016\/07\/direto-de-sobradinho-361\/#primaryimage","url":"http:\/\/www.quersaberpolitica.com.br\/2016\/wp-content\/uploads\/2016\/07\/blogqsp-contesf-237x300.jpg","contentUrl":"http:\/\/www.quersaberpolitica.com.br\/2016\/wp-content\/uploads\/2016\/07\/blogqsp-contesf-237x300.jpg"},{"@type":"BreadcrumbList","@id":"https:\/\/blogdofarnesio.com.br\/2016\/07\/direto-de-sobradinho-361\/#breadcrumb","itemListElement":[{"@type":"ListItem","position":1,"name":"In\u00edcio","item":"https:\/\/blogdofarnesio.com.br\/"},{"@type":"ListItem","position":2,"name":"DIRETO DE SOBRADINHO"}]},{"@type":"WebSite","@id":"https:\/\/blogdofarnesio.com.br\/#website","url":"https:\/\/blogdofarnesio.com.br\/","name":"Blog do Farn\u00e9sio","description":"Quer Saber Pol\u00edtica?","publisher":{"@id":"https:\/\/blogdofarnesio.com.br\/#organization"},"potentialAction":[{"@type":"SearchAction","target":{"@type":"EntryPoint","urlTemplate":"https:\/\/blogdofarnesio.com.br\/?s={search_term_string}"},"query-input":{"@type":"PropertyValueSpecification","valueRequired":true,"valueName":"search_term_string"}}],"inLanguage":"pt-BR"},{"@type":"Organization","@id":"https:\/\/blogdofarnesio.com.br\/#organization","name":"Blog do Farn\u00e9sio","url":"https:\/\/blogdofarnesio.com.br\/","logo":{"@type":"ImageObject","inLanguage":"pt-BR","@id":"https:\/\/blogdofarnesio.com.br\/#\/schema\/logo\/image\/","url":"https:\/\/blogdofarnesio.com.br\/wp-content\/uploads\/2026\/03\/cropped-logo_new-1.png","contentUrl":"https:\/\/blogdofarnesio.com.br\/wp-content\/uploads\/2026\/03\/cropped-logo_new-1.png","width":881,"height":685,"caption":"Blog do Farn\u00e9sio"},"image":{"@id":"https:\/\/blogdofarnesio.com.br\/#\/schema\/logo\/image\/"},"sameAs":["https:\/\/www.facebook.com\/BlogQuerSaberPolitica\/"]},{"@type":"Person","@id":"","url":"https:\/\/blogdofarnesio.com.br\/author\/"}]}},"_links":{"self":[{"href":"https:\/\/blogdofarnesio.com.br\/wp-json\/wp\/v2\/posts\/145843","targetHints":{"allow":["GET"]}}],"collection":[{"href":"https:\/\/blogdofarnesio.com.br\/wp-json\/wp\/v2\/posts"}],"about":[{"href":"https:\/\/blogdofarnesio.com.br\/wp-json\/wp\/v2\/types\/post"}],"author":[{"embeddable":true,"href":"https:\/\/blogdofarnesio.com.br\/wp-json\/wp\/v2\/users\/7"}],"replies":[{"embeddable":true,"href":"https:\/\/blogdofarnesio.com.br\/wp-json\/wp\/v2\/comments?post=145843"}],"version-history":[{"count":0,"href":"https:\/\/blogdofarnesio.com.br\/wp-json\/wp\/v2\/posts\/145843\/revisions"}],"wp:attachment":[{"href":"https:\/\/blogdofarnesio.com.br\/wp-json\/wp\/v2\/media?parent=145843"}],"wp:term":[{"taxonomy":"category","embeddable":true,"href":"https:\/\/blogdofarnesio.com.br\/wp-json\/wp\/v2\/categories?post=145843"},{"taxonomy":"post_tag","embeddable":true,"href":"https:\/\/blogdofarnesio.com.br\/wp-json\/wp\/v2\/tags?post=145843"}],"curies":[{"name":"wp","href":"https:\/\/api.w.org\/{rel}","templated":true}]}}