{"id":145835,"date":"2016-07-26T07:00:54","date_gmt":"2016-07-26T10:00:54","guid":{"rendered":"http:\/\/www.quersaberpolitica.com.br\/?p=145835"},"modified":"2016-07-25T17:48:39","modified_gmt":"2016-07-25T20:48:39","slug":"ossada-de-homem-desaparecido-em-2014-e-encontrada-em-petrolina","status":"publish","type":"post","link":"https:\/\/blogdofarnesio.com.br\/?p=145835","title":{"rendered":"OSSADA DE HOMEM DESAPARECIDO EM 2014 \u00c9 ENCONTRADA EM PETROLINA"},"content":{"rendered":"<div class=\"foto componente_materia midia-largura-620\"><img loading=\"lazy\" decoding=\"async\" class=\" aligncenter\" title=\"Ossada foi encontrada pr\u00f3ximo \u00e0 BR-407 (Foto: Reprodu\u00e7\u00e3o\/ TV Grande Rio)\" src=\"http:\/\/s2.glbimg.com\/X6IZO37Ih65VonPjmDx6uMzCC_g=\/620x465\/s.glbimg.com\/jo\/g1\/f\/original\/2016\/07\/25\/ossada_2.jpg\" alt=\"Ossada foi encontrada pr\u00f3ximo \u00e0 BR-407 (Foto: Reprodu\u00e7\u00e3o\/ TV Grande Rio)\" width=\"454\" height=\"343\" \/><strong>Ossada foi encontrada pr\u00f3ximo \u00e0 BR-407 (Foto: Reprodu\u00e7\u00e3o\/ TV Grande Rio)<\/strong><\/div>\n<p style=\"text-align: justify\">A pol\u00edcia identificou uma ossada, que foi encontrada na Zona Rural de Petrolina, no Sert\u00e3o de Pernambuco, como sendo de um homem que estava desaparecido h\u00e1 cerca de dois anos. Para ter a confirma\u00e7\u00e3o, familiares foram chamados para fazer um exame de DNA. O resultado saiu na \u00faltima semana.<\/p>\n<p style=\"text-align: justify\">O homem, que tinha 32 anos, morava em Juazeiro, na Bahia, e em agosto de 2014 desapareceu ap\u00f3s ter ido fechar a venda de um ve\u00edculo. O carro em que a v\u00edtima estava foi encontrado dias depois queimado, em uma estrada rural perto do Povoado de Pau Ferro, em Petrolina. Na \u00e9poca, ningu\u00e9m tinha not\u00edcias sobre o paradeiro dele.<\/p>\n<p style=\"text-align: justify\">De acordo com a pol\u00edcia, em janeiro deste ano, uma ossada humana foi encontrada nas proximidades da BR-407, a cerca de um quil\u00f4metro do local onde o carro tinha sido deixado. Com a suspeita de que os restos mortais pudessem ser do homem desaparecido, a m\u00e3e da v\u00edtima foi chamada para fazer um exame de DNA. O resultado do exame saiu na semana passada e confirmou as suspeitas.<\/p>\n<div class=\"foto componente_materia midia-largura-300\" style=\"text-align: center\"><img loading=\"lazy\" decoding=\"async\" class=\" aligncenter\" title=\"Carro foi encontrado dias depois do homem ter desaparecido (Foto: Reprodu\u00e7\u00e3o\/ TV Grande Rio)\" src=\"http:\/\/s2.glbimg.com\/lZjCgex4g8eVQ24rfKgFADvbb2o=\/300x225\/s.glbimg.com\/jo\/g1\/f\/original\/2016\/07\/25\/ossada_1.jpg\" alt=\"Carro foi encontrado dias depois do homem ter desaparecido (Foto: Reprodu\u00e7\u00e3o\/ TV Grande Rio)\" width=\"413\" height=\"314\" \/><strong>Carro foi encontrado dias depois do homem ter<br \/>\ndesaparecido (Foto: Reprodu\u00e7\u00e3o\/ TV Grande Rio)<\/strong><\/div>\n<p style=\"text-align: justify\">\u201cEssa ossada foi encontrada na Caatinga, na BR-407, com vest\u00edgios de homic\u00eddio, com proj\u00e9til de arma de fogo, com um orif\u00edcio no cr\u00e2nio\u201d, disse o chefe de apoio do Instituto de Medicina Legal de Petrolina, Di\u00f3genes Quesado. At\u00e9 o momento a pol\u00edcia ainda n\u00e3o sabe quem cometeu o crime.<\/p>\n<p style=\"text-align: justify\"><em>G 1 Petrolina<\/em><\/p>\n","protected":false},"excerpt":{"rendered":"<p>Ossada foi encontrada pr\u00f3ximo \u00e0 BR-407 (Foto: Reprodu\u00e7\u00e3o\/ TV Grande Rio) A pol\u00edcia identificou uma ossada, que foi encontrada na Zona Rural de Petrolina, no Sert\u00e3o de Pernambuco, como sendo de um homem que estava desaparecido h\u00e1 cerca de dois anos. Para ter a confirma\u00e7\u00e3o, familiares foram chamados para fazer um exame de DNA. O resultado saiu na \u00faltima semana. O homem, que tinha 32 anos, morava em Juazeiro, na Bahia, e em agosto de 2014 desapareceu ap\u00f3s ter ido fechar a venda de um ve\u00edculo. O carro em que a v\u00edtima estava foi encontrado dias depois queimado, em uma estrada rural perto do Povoado de Pau Ferro, em Petrolina. Na \u00e9poca, ningu\u00e9m tinha not\u00edcias sobre o paradeiro dele. De&hellip; <\/p>\n","protected":false},"author":7,"featured_media":0,"comment_status":"open","ping_status":"open","sticky":false,"template":"","format":"standard","meta":{"_acf_changed":false,"footnotes":""},"categories":[9],"tags":[],"class_list":["post-145835","post","type-post","status-publish","format-standard","hentry","category-policia"],"acf":[],"yoast_head":"<!-- This site is optimized with the Yoast SEO plugin v27.4 - https:\/\/yoast.com\/product\/yoast-seo-wordpress\/ -->\n<title>OSSADA DE HOMEM DESAPARECIDO EM 2014 \u00c9 ENCONTRADA EM PETROLINA - Blog do Farn\u00e9sio<\/title>\n<meta name=\"robots\" content=\"index, follow, max-snippet:-1, max-image-preview:large, max-video-preview:-1\" \/>\n<link rel=\"canonical\" href=\"https:\/\/blogdofarnesio.com.br\/?p=145835\" \/>\n<meta property=\"og:locale\" content=\"pt_BR\" \/>\n<meta property=\"og:type\" content=\"article\" \/>\n<meta property=\"og:title\" content=\"OSSADA DE HOMEM DESAPARECIDO EM 2014 \u00c9 ENCONTRADA EM PETROLINA - Blog do Farn\u00e9sio\" \/>\n<meta property=\"og:description\" content=\"Ossada foi encontrada pr\u00f3ximo \u00e0 BR-407 (Foto: Reprodu\u00e7\u00e3o\/ TV Grande Rio) A pol\u00edcia identificou uma ossada, que foi encontrada na Zona Rural de Petrolina, no Sert\u00e3o de Pernambuco, como sendo de um homem que estava desaparecido h\u00e1 cerca de dois anos. Para ter a confirma\u00e7\u00e3o, familiares foram chamados para fazer um exame de DNA. O resultado saiu na \u00faltima semana. O homem, que tinha 32 anos, morava em Juazeiro, na Bahia, e em agosto de 2014 desapareceu ap\u00f3s ter ido fechar a venda de um ve\u00edculo. O carro em que a v\u00edtima estava foi encontrado dias depois queimado, em uma estrada rural perto do Povoado de Pau Ferro, em Petrolina. Na \u00e9poca, ningu\u00e9m tinha not\u00edcias sobre o paradeiro dele. De&hellip;\" \/>\n<meta property=\"og:url\" content=\"https:\/\/blogdofarnesio.com.br\/?p=145835\" \/>\n<meta property=\"og:site_name\" content=\"Blog do Farn\u00e9sio\" \/>\n<meta property=\"article:publisher\" content=\"https:\/\/www.facebook.com\/BlogQuerSaberPolitica\/\" \/>\n<meta property=\"article:published_time\" content=\"2016-07-26T10:00:54+00:00\" \/>\n<meta property=\"og:image\" content=\"http:\/\/s2.glbimg.com\/X6IZO37Ih65VonPjmDx6uMzCC_g=\/620x465\/s.glbimg.com\/jo\/g1\/f\/original\/2016\/07\/25\/ossada_2.jpg\" \/>\n<meta name=\"twitter:card\" content=\"summary_large_image\" \/>\n<meta name=\"twitter:label1\" content=\"Escrito por\" \/>\n\t<meta name=\"twitter:data1\" content=\"\" \/>\n\t<meta name=\"twitter:label2\" content=\"Est. tempo de leitura\" \/>\n\t<meta name=\"twitter:data2\" content=\"1 minuto\" \/>\n<script type=\"application\/ld+json\" class=\"yoast-schema-graph\">{\"@context\":\"https:\\\/\\\/schema.org\",\"@graph\":[{\"@type\":\"Article\",\"@id\":\"https:\\\/\\\/blogdofarnesio.com.br\\\/?p=145835#article\",\"isPartOf\":{\"@id\":\"https:\\\/\\\/blogdofarnesio.com.br\\\/?p=145835\"},\"author\":{\"name\":\"\",\"@id\":\"\"},\"headline\":\"OSSADA DE HOMEM DESAPARECIDO EM 2014 \u00c9 ENCONTRADA EM PETROLINA\",\"datePublished\":\"2016-07-26T10:00:54+00:00\",\"mainEntityOfPage\":{\"@id\":\"https:\\\/\\\/blogdofarnesio.com.br\\\/?p=145835\"},\"wordCount\":280,\"commentCount\":0,\"publisher\":{\"@id\":\"https:\\\/\\\/blogdofarnesio.com.br\\\/#organization\"},\"image\":{\"@id\":\"https:\\\/\\\/blogdofarnesio.com.br\\\/?p=145835#primaryimage\"},\"thumbnailUrl\":\"http:\\\/\\\/s2.glbimg.com\\\/X6IZO37Ih65VonPjmDx6uMzCC_g=\\\/620x465\\\/s.glbimg.com\\\/jo\\\/g1\\\/f\\\/original\\\/2016\\\/07\\\/25\\\/ossada_2.jpg\",\"articleSection\":[\"Pol\u00edcia\"],\"inLanguage\":\"pt-BR\",\"potentialAction\":[{\"@type\":\"CommentAction\",\"name\":\"Comment\",\"target\":[\"https:\\\/\\\/blogdofarnesio.com.br\\\/?p=145835#respond\"]}]},{\"@type\":\"WebPage\",\"@id\":\"https:\\\/\\\/blogdofarnesio.com.br\\\/?p=145835\",\"url\":\"https:\\\/\\\/blogdofarnesio.com.br\\\/?p=145835\",\"name\":\"OSSADA DE HOMEM DESAPARECIDO EM 2014 \u00c9 ENCONTRADA EM PETROLINA - Blog do Farn\u00e9sio\",\"isPartOf\":{\"@id\":\"https:\\\/\\\/blogdofarnesio.com.br\\\/#website\"},\"primaryImageOfPage\":{\"@id\":\"https:\\\/\\\/blogdofarnesio.com.br\\\/?p=145835#primaryimage\"},\"image\":{\"@id\":\"https:\\\/\\\/blogdofarnesio.com.br\\\/?p=145835#primaryimage\"},\"thumbnailUrl\":\"http:\\\/\\\/s2.glbimg.com\\\/X6IZO37Ih65VonPjmDx6uMzCC_g=\\\/620x465\\\/s.glbimg.com\\\/jo\\\/g1\\\/f\\\/original\\\/2016\\\/07\\\/25\\\/ossada_2.jpg\",\"datePublished\":\"2016-07-26T10:00:54+00:00\",\"breadcrumb\":{\"@id\":\"https:\\\/\\\/blogdofarnesio.com.br\\\/?p=145835#breadcrumb\"},\"inLanguage\":\"pt-BR\",\"potentialAction\":[{\"@type\":\"ReadAction\",\"target\":[\"https:\\\/\\\/blogdofarnesio.com.br\\\/?p=145835\"]}]},{\"@type\":\"ImageObject\",\"inLanguage\":\"pt-BR\",\"@id\":\"https:\\\/\\\/blogdofarnesio.com.br\\\/?p=145835#primaryimage\",\"url\":\"http:\\\/\\\/s2.glbimg.com\\\/X6IZO37Ih65VonPjmDx6uMzCC_g=\\\/620x465\\\/s.glbimg.com\\\/jo\\\/g1\\\/f\\\/original\\\/2016\\\/07\\\/25\\\/ossada_2.jpg\",\"contentUrl\":\"http:\\\/\\\/s2.glbimg.com\\\/X6IZO37Ih65VonPjmDx6uMzCC_g=\\\/620x465\\\/s.glbimg.com\\\/jo\\\/g1\\\/f\\\/original\\\/2016\\\/07\\\/25\\\/ossada_2.jpg\"},{\"@type\":\"BreadcrumbList\",\"@id\":\"https:\\\/\\\/blogdofarnesio.com.br\\\/?p=145835#breadcrumb\",\"itemListElement\":[{\"@type\":\"ListItem\",\"position\":1,\"name\":\"In\u00edcio\",\"item\":\"https:\\\/\\\/blogdofarnesio.com.br\\\/\"},{\"@type\":\"ListItem\",\"position\":2,\"name\":\"OSSADA DE HOMEM DESAPARECIDO EM 2014 \u00c9 ENCONTRADA EM PETROLINA\"}]},{\"@type\":\"WebSite\",\"@id\":\"https:\\\/\\\/blogdofarnesio.com.br\\\/#website\",\"url\":\"https:\\\/\\\/blogdofarnesio.com.br\\\/\",\"name\":\"Blog do Farn\u00e9sio\",\"description\":\"Quer Saber Pol\u00edtica?\",\"publisher\":{\"@id\":\"https:\\\/\\\/blogdofarnesio.com.br\\\/#organization\"},\"potentialAction\":[{\"@type\":\"SearchAction\",\"target\":{\"@type\":\"EntryPoint\",\"urlTemplate\":\"https:\\\/\\\/blogdofarnesio.com.br\\\/?s={search_term_string}\"},\"query-input\":{\"@type\":\"PropertyValueSpecification\",\"valueRequired\":true,\"valueName\":\"search_term_string\"}}],\"inLanguage\":\"pt-BR\"},{\"@type\":\"Organization\",\"@id\":\"https:\\\/\\\/blogdofarnesio.com.br\\\/#organization\",\"name\":\"Blog do Farn\u00e9sio\",\"url\":\"https:\\\/\\\/blogdofarnesio.com.br\\\/\",\"logo\":{\"@type\":\"ImageObject\",\"inLanguage\":\"pt-BR\",\"@id\":\"https:\\\/\\\/blogdofarnesio.com.br\\\/#\\\/schema\\\/logo\\\/image\\\/\",\"url\":\"https:\\\/\\\/blogdofarnesio.com.br\\\/wp-content\\\/uploads\\\/2026\\\/03\\\/cropped-logo_new-1.png\",\"contentUrl\":\"https:\\\/\\\/blogdofarnesio.com.br\\\/wp-content\\\/uploads\\\/2026\\\/03\\\/cropped-logo_new-1.png\",\"width\":881,\"height\":685,\"caption\":\"Blog do Farn\u00e9sio\"},\"image\":{\"@id\":\"https:\\\/\\\/blogdofarnesio.com.br\\\/#\\\/schema\\\/logo\\\/image\\\/\"},\"sameAs\":[\"https:\\\/\\\/www.facebook.com\\\/BlogQuerSaberPolitica\\\/\"]},{\"@type\":\"Person\",\"@id\":\"\",\"url\":\"https:\\\/\\\/blogdofarnesio.com.br\\\/?author=7\"}]}<\/script>\n<!-- \/ Yoast SEO plugin. -->","yoast_head_json":{"title":"OSSADA DE HOMEM DESAPARECIDO EM 2014 \u00c9 ENCONTRADA EM PETROLINA - Blog do Farn\u00e9sio","robots":{"index":"index","follow":"follow","max-snippet":"max-snippet:-1","max-image-preview":"max-image-preview:large","max-video-preview":"max-video-preview:-1"},"canonical":"https:\/\/blogdofarnesio.com.br\/?p=145835","og_locale":"pt_BR","og_type":"article","og_title":"OSSADA DE HOMEM DESAPARECIDO EM 2014 \u00c9 ENCONTRADA EM PETROLINA - Blog do Farn\u00e9sio","og_description":"Ossada foi encontrada pr\u00f3ximo \u00e0 BR-407 (Foto: Reprodu\u00e7\u00e3o\/ TV Grande Rio) A pol\u00edcia identificou uma ossada, que foi encontrada na Zona Rural de Petrolina, no Sert\u00e3o de Pernambuco, como sendo de um homem que estava desaparecido h\u00e1 cerca de dois anos. Para ter a confirma\u00e7\u00e3o, familiares foram chamados para fazer um exame de DNA. O resultado saiu na \u00faltima semana. O homem, que tinha 32 anos, morava em Juazeiro, na Bahia, e em agosto de 2014 desapareceu ap\u00f3s ter ido fechar a venda de um ve\u00edculo. O carro em que a v\u00edtima estava foi encontrado dias depois queimado, em uma estrada rural perto do Povoado de Pau Ferro, em Petrolina. Na \u00e9poca, ningu\u00e9m tinha not\u00edcias sobre o paradeiro dele. De&hellip;","og_url":"https:\/\/blogdofarnesio.com.br\/?p=145835","og_site_name":"Blog do Farn\u00e9sio","article_publisher":"https:\/\/www.facebook.com\/BlogQuerSaberPolitica\/","article_published_time":"2016-07-26T10:00:54+00:00","og_image":[{"url":"http:\/\/s2.glbimg.com\/X6IZO37Ih65VonPjmDx6uMzCC_g=\/620x465\/s.glbimg.com\/jo\/g1\/f\/original\/2016\/07\/25\/ossada_2.jpg","type":"","width":"","height":""}],"twitter_card":"summary_large_image","twitter_misc":{"Escrito por":"","Est. tempo de leitura":"1 minuto"},"schema":{"@context":"https:\/\/schema.org","@graph":[{"@type":"Article","@id":"https:\/\/blogdofarnesio.com.br\/?p=145835#article","isPartOf":{"@id":"https:\/\/blogdofarnesio.com.br\/?p=145835"},"author":{"name":"","@id":""},"headline":"OSSADA DE HOMEM DESAPARECIDO EM 2014 \u00c9 ENCONTRADA EM PETROLINA","datePublished":"2016-07-26T10:00:54+00:00","mainEntityOfPage":{"@id":"https:\/\/blogdofarnesio.com.br\/?p=145835"},"wordCount":280,"commentCount":0,"publisher":{"@id":"https:\/\/blogdofarnesio.com.br\/#organization"},"image":{"@id":"https:\/\/blogdofarnesio.com.br\/?p=145835#primaryimage"},"thumbnailUrl":"http:\/\/s2.glbimg.com\/X6IZO37Ih65VonPjmDx6uMzCC_g=\/620x465\/s.glbimg.com\/jo\/g1\/f\/original\/2016\/07\/25\/ossada_2.jpg","articleSection":["Pol\u00edcia"],"inLanguage":"pt-BR","potentialAction":[{"@type":"CommentAction","name":"Comment","target":["https:\/\/blogdofarnesio.com.br\/?p=145835#respond"]}]},{"@type":"WebPage","@id":"https:\/\/blogdofarnesio.com.br\/?p=145835","url":"https:\/\/blogdofarnesio.com.br\/?p=145835","name":"OSSADA DE HOMEM DESAPARECIDO EM 2014 \u00c9 ENCONTRADA EM PETROLINA - Blog do Farn\u00e9sio","isPartOf":{"@id":"https:\/\/blogdofarnesio.com.br\/#website"},"primaryImageOfPage":{"@id":"https:\/\/blogdofarnesio.com.br\/?p=145835#primaryimage"},"image":{"@id":"https:\/\/blogdofarnesio.com.br\/?p=145835#primaryimage"},"thumbnailUrl":"http:\/\/s2.glbimg.com\/X6IZO37Ih65VonPjmDx6uMzCC_g=\/620x465\/s.glbimg.com\/jo\/g1\/f\/original\/2016\/07\/25\/ossada_2.jpg","datePublished":"2016-07-26T10:00:54+00:00","breadcrumb":{"@id":"https:\/\/blogdofarnesio.com.br\/?p=145835#breadcrumb"},"inLanguage":"pt-BR","potentialAction":[{"@type":"ReadAction","target":["https:\/\/blogdofarnesio.com.br\/?p=145835"]}]},{"@type":"ImageObject","inLanguage":"pt-BR","@id":"https:\/\/blogdofarnesio.com.br\/?p=145835#primaryimage","url":"http:\/\/s2.glbimg.com\/X6IZO37Ih65VonPjmDx6uMzCC_g=\/620x465\/s.glbimg.com\/jo\/g1\/f\/original\/2016\/07\/25\/ossada_2.jpg","contentUrl":"http:\/\/s2.glbimg.com\/X6IZO37Ih65VonPjmDx6uMzCC_g=\/620x465\/s.glbimg.com\/jo\/g1\/f\/original\/2016\/07\/25\/ossada_2.jpg"},{"@type":"BreadcrumbList","@id":"https:\/\/blogdofarnesio.com.br\/?p=145835#breadcrumb","itemListElement":[{"@type":"ListItem","position":1,"name":"In\u00edcio","item":"https:\/\/blogdofarnesio.com.br\/"},{"@type":"ListItem","position":2,"name":"OSSADA DE HOMEM DESAPARECIDO EM 2014 \u00c9 ENCONTRADA EM PETROLINA"}]},{"@type":"WebSite","@id":"https:\/\/blogdofarnesio.com.br\/#website","url":"https:\/\/blogdofarnesio.com.br\/","name":"Blog do Farn\u00e9sio","description":"Quer Saber Pol\u00edtica?","publisher":{"@id":"https:\/\/blogdofarnesio.com.br\/#organization"},"potentialAction":[{"@type":"SearchAction","target":{"@type":"EntryPoint","urlTemplate":"https:\/\/blogdofarnesio.com.br\/?s={search_term_string}"},"query-input":{"@type":"PropertyValueSpecification","valueRequired":true,"valueName":"search_term_string"}}],"inLanguage":"pt-BR"},{"@type":"Organization","@id":"https:\/\/blogdofarnesio.com.br\/#organization","name":"Blog do Farn\u00e9sio","url":"https:\/\/blogdofarnesio.com.br\/","logo":{"@type":"ImageObject","inLanguage":"pt-BR","@id":"https:\/\/blogdofarnesio.com.br\/#\/schema\/logo\/image\/","url":"https:\/\/blogdofarnesio.com.br\/wp-content\/uploads\/2026\/03\/cropped-logo_new-1.png","contentUrl":"https:\/\/blogdofarnesio.com.br\/wp-content\/uploads\/2026\/03\/cropped-logo_new-1.png","width":881,"height":685,"caption":"Blog do Farn\u00e9sio"},"image":{"@id":"https:\/\/blogdofarnesio.com.br\/#\/schema\/logo\/image\/"},"sameAs":["https:\/\/www.facebook.com\/BlogQuerSaberPolitica\/"]},{"@type":"Person","@id":"","url":"https:\/\/blogdofarnesio.com.br\/?author=7"}]}},"_links":{"self":[{"href":"https:\/\/blogdofarnesio.com.br\/index.php?rest_route=\/wp\/v2\/posts\/145835","targetHints":{"allow":["GET"]}}],"collection":[{"href":"https:\/\/blogdofarnesio.com.br\/index.php?rest_route=\/wp\/v2\/posts"}],"about":[{"href":"https:\/\/blogdofarnesio.com.br\/index.php?rest_route=\/wp\/v2\/types\/post"}],"author":[{"embeddable":true,"href":"https:\/\/blogdofarnesio.com.br\/index.php?rest_route=\/wp\/v2\/users\/7"}],"replies":[{"embeddable":true,"href":"https:\/\/blogdofarnesio.com.br\/index.php?rest_route=%2Fwp%2Fv2%2Fcomments&post=145835"}],"version-history":[{"count":0,"href":"https:\/\/blogdofarnesio.com.br\/index.php?rest_route=\/wp\/v2\/posts\/145835\/revisions"}],"wp:attachment":[{"href":"https:\/\/blogdofarnesio.com.br\/index.php?rest_route=%2Fwp%2Fv2%2Fmedia&parent=145835"}],"wp:term":[{"taxonomy":"category","embeddable":true,"href":"https:\/\/blogdofarnesio.com.br\/index.php?rest_route=%2Fwp%2Fv2%2Fcategories&post=145835"},{"taxonomy":"post_tag","embeddable":true,"href":"https:\/\/blogdofarnesio.com.br\/index.php?rest_route=%2Fwp%2Fv2%2Ftags&post=145835"}],"curies":[{"name":"wp","href":"https:\/\/api.w.org\/{rel}","templated":true}]}}