{"id":145832,"date":"2016-07-25T20:00:41","date_gmt":"2016-07-25T23:00:41","guid":{"rendered":"http:\/\/www.quersaberpolitica.com.br\/?p=145832"},"modified":"2016-07-25T17:35:26","modified_gmt":"2016-07-25T20:35:26","slug":"dilma-diz-que-nao-participara-da-rio-2016-em-posicao-secundaria","status":"publish","type":"post","link":"https:\/\/blogdofarnesio.com.br\/?p=145832","title":{"rendered":"DILMA DIZ QUE N\u00c3O PARTICIPAR\u00c1 DA RIO 2016 EM \u201cPOSI\u00c7\u00c3O SECUND\u00c1RIA\u201d"},"content":{"rendered":"<header class=\"entry-header\"><img loading=\"lazy\" decoding=\"async\" class=\"attachment-post-thumbnail  wp-post-image aligncenter\" src=\"http:\/\/imagens1.ne10.uol.com.br\/blogsne10\/jamildo\/uploads\/2016\/06\/dilma-tocha-2.jpg\" alt=\"Foto: Foto: Lula Marques\/ Ag\u00eancia PT\" width=\"455\" height=\"307\" \/><\/header>\n<div class=\"entry-content\">\n<p style=\"text-align: justify\">A presidente afastada Dilma Rousseff disse nesta segunda-feira\u00a0(25) que n\u00e3o pretende participar dos eventos dos Jogos Ol\u00edmpicos do Rio de Janeiro em uma \u201cposi\u00e7\u00e3o secund\u00e1ria\u201d. Em entrevista \u00e0 R\u00e1dio Fran\u00e7a Internacional, Dilma afirmou que o evento tem condi\u00e7\u00f5es de ocorrer de forma tranquila, principalmente se forem seguidos os procedimentos que j\u00e1 haviam sido estabelecidos na sua gest\u00e3o, como na \u00e1rea de sa\u00fade e seguran\u00e7a dentro dos equipamentos onde acontecer\u00e3o os jogos.<\/p>\n<p style=\"text-align: justify\">\u201cEu n\u00e3o pretendo participar da Olimp\u00edada em uma posi\u00e7\u00e3o secund\u00e1ria, porque ela \u00e9 fruto de um grande trabalho do ex-presidente Lula e do grande esfor\u00e7o do governo federal, que viabilizou a estrutura do Parque Ol\u00edmpico e da Vila Deodoro\u201d, disse Dilma.<\/p>\n<p style=\"text-align: justify\">Sobre a preocupa\u00e7\u00e3o com atentados terroristas durante os jogos, a presidenta afastada disse que o Brasil manteve contato com unidades de intelig\u00eancia de v\u00e1rios pa\u00edses com o objetivo de afastar esses conflitos.<\/p>\n<h1 style=\"text-align: justify\">Cen\u00e1rio pol\u00edtico<\/h1>\n<p style=\"text-align: justify\">Dilma foi afastada da Presid\u00eancia da Rep\u00fablica por 180 dias, no dia 12 de maio, ap\u00f3s o Senado Federal aprovar a admissibilidade do processo de impeachment. \u00c0 R\u00e1dio Fran\u00e7a Internacional, ela disse que \u201co sistema pol\u00edtico brasileiro entrou em colapso por v\u00e1rios motivos\u201d, sendo um deles a sess\u00e3o da C\u00e2mara dos Deputados do dia 17 de abril quando, segundo ela, \u201cparlamentares corruptos\u201d proferiram votos contra a corrup\u00e7\u00e3o. \u201cA hipocrisia levada ao mais alto grau\u201d, disse, sobre a sess\u00e3o de vota\u00e7\u00e3o de abertura do processo de impeachment na Casa.<\/p>\n<p style=\"text-align: justify\">Para ela, a descren\u00e7a da popula\u00e7\u00e3o atinge a pol\u00edtica em geral e n\u00e3o apenas aqueles pol\u00edticos que devem ser atingidos, \u00e0 medida em que as pessoas igualam os pol\u00edticos que t\u00eam pr\u00e1ticas anti\u00e9ticas e de corrup\u00e7\u00e3o. \u201cEnt\u00e3o, essa atividade que \u00e9 fundamental na democracia passa a ser objeto de um processo de desqualifica\u00e7\u00e3o, de descaracteriza\u00e7\u00e3o e as pessoas passam a n\u00e3o querer saber de pol\u00edtica\u201d, disse.<\/p>\n<p style=\"text-align: justify\">H\u00e1 ainda, segundo Dilma, um grande surto de misoginia no Brasil e um componente sexista no seu afastamento da Presid\u00eancia da Rep\u00fablica. Apesar disso, para ela, as mulheres vieram para ficar no cen\u00e1rio pol\u00edtico nacional quando a primeira mulher presidenta foi reeleita com 54,5 milh\u00f5es de votos.<\/p>\n<h2 style=\"text-align: justify\">Impeachment<\/h2>\n<p style=\"text-align: justify\">Dilma voltou a afirmar que n\u00e3o autorizou pagamento de caixa 2 na sua campanha \u00e0 presid\u00eancia. Na semana passada, o publicit\u00e1rio Jo\u00e3o Santana e a mulher dele, M\u00f4nica Moura, disseram que receberam pagamento no exterior referente a uma d\u00edvida de campanha do PT nas elei\u00e7\u00f5es de 2010. Segundo Dilma, entretanto, eles se referem a epis\u00f3dios que ocorreram dois anos depois de dissolvido o comit\u00ea financeiro e encerrada a campanha.<\/p>\n<p style=\"text-align: justify\">Ela explica, entretanto, que as acusa\u00e7\u00f5es que levaram \u00e0 abertura do processo de impeachment referem-se \u00e0s chamadas pedaladas fiscais, a transfer\u00eancia de recursos do or\u00e7amento para o Plano Safra, e aos decretos de cr\u00e9dito suplementar. Segundo Dilma, a pr\u00f3pria per\u00edcia do Senado mostrou que n\u00e3o h\u00e1 sua autoria no caso das pedaladas e n\u00e3o h\u00e1 dolo na edi\u00e7\u00e3o dos decretos.<\/p>\n<p style=\"text-align: justify\">\u201c\u00c9 uma alega\u00e7\u00e3o, porque eles n\u00e3o tinham outro elemento para me acusar e todas as quest\u00f5es relativas a qualquer investiga\u00e7\u00e3o no Brasil n\u00e3o apresentam base para me acusar. Estou sendo julgada por um n\u00e3o-crime\u201d, disse, afirmando que recorrer\u00e1 ao Supremo Tribunal Federal caso seja aprovado seu impeachment.<\/p>\n<\/div>\n","protected":false},"excerpt":{"rendered":"<p>A presidente afastada Dilma Rousseff disse nesta segunda-feira\u00a0(25) que n\u00e3o pretende participar dos eventos dos Jogos Ol\u00edmpicos do Rio de Janeiro em uma \u201cposi\u00e7\u00e3o secund\u00e1ria\u201d. Em entrevista \u00e0 R\u00e1dio Fran\u00e7a Internacional, Dilma afirmou que o evento tem condi\u00e7\u00f5es de ocorrer de forma tranquila, principalmente se forem seguidos os procedimentos que j\u00e1 haviam sido estabelecidos na sua gest\u00e3o, como na \u00e1rea de sa\u00fade e seguran\u00e7a dentro dos equipamentos onde acontecer\u00e3o os jogos. \u201cEu n\u00e3o pretendo participar da Olimp\u00edada em uma posi\u00e7\u00e3o secund\u00e1ria, porque ela \u00e9 fruto de um grande trabalho do ex-presidente Lula e do grande esfor\u00e7o do governo federal, que viabilizou a estrutura do Parque Ol\u00edmpico e da Vila Deodoro\u201d, disse Dilma. Sobre a preocupa\u00e7\u00e3o com atentados terroristas durante os&hellip; <\/p>\n","protected":false},"author":7,"featured_media":0,"comment_status":"open","ping_status":"open","sticky":false,"template":"","format":"standard","meta":{"_acf_changed":false,"footnotes":""},"categories":[1],"tags":[],"class_list":["post-145832","post","type-post","status-publish","format-standard","hentry","category-politica"],"acf":[],"yoast_head":"<!-- This site is optimized with the Yoast SEO plugin v27.4 - https:\/\/yoast.com\/product\/yoast-seo-wordpress\/ -->\n<title>DILMA DIZ QUE N\u00c3O PARTICIPAR\u00c1 DA RIO 2016 EM \u201cPOSI\u00c7\u00c3O SECUND\u00c1RIA\u201d - Blog do Farn\u00e9sio<\/title>\n<meta name=\"robots\" content=\"index, follow, max-snippet:-1, max-image-preview:large, max-video-preview:-1\" \/>\n<link rel=\"canonical\" href=\"https:\/\/blogdofarnesio.com.br\/?p=145832\" \/>\n<meta property=\"og:locale\" content=\"pt_BR\" \/>\n<meta property=\"og:type\" content=\"article\" \/>\n<meta property=\"og:title\" content=\"DILMA DIZ QUE N\u00c3O PARTICIPAR\u00c1 DA RIO 2016 EM \u201cPOSI\u00c7\u00c3O SECUND\u00c1RIA\u201d - Blog do Farn\u00e9sio\" \/>\n<meta property=\"og:description\" content=\"A presidente afastada Dilma Rousseff disse nesta segunda-feira\u00a0(25) que n\u00e3o pretende participar dos eventos dos Jogos Ol\u00edmpicos do Rio de Janeiro em uma \u201cposi\u00e7\u00e3o secund\u00e1ria\u201d. Em entrevista \u00e0 R\u00e1dio Fran\u00e7a Internacional, Dilma afirmou que o evento tem condi\u00e7\u00f5es de ocorrer de forma tranquila, principalmente se forem seguidos os procedimentos que j\u00e1 haviam sido estabelecidos na sua gest\u00e3o, como na \u00e1rea de sa\u00fade e seguran\u00e7a dentro dos equipamentos onde acontecer\u00e3o os jogos. \u201cEu n\u00e3o pretendo participar da Olimp\u00edada em uma posi\u00e7\u00e3o secund\u00e1ria, porque ela \u00e9 fruto de um grande trabalho do ex-presidente Lula e do grande esfor\u00e7o do governo federal, que viabilizou a estrutura do Parque Ol\u00edmpico e da Vila Deodoro\u201d, disse Dilma. Sobre a preocupa\u00e7\u00e3o com atentados terroristas durante os&hellip;\" \/>\n<meta property=\"og:url\" content=\"https:\/\/blogdofarnesio.com.br\/?p=145832\" \/>\n<meta property=\"og:site_name\" content=\"Blog do Farn\u00e9sio\" \/>\n<meta property=\"article:publisher\" content=\"https:\/\/www.facebook.com\/BlogQuerSaberPolitica\/\" \/>\n<meta property=\"article:published_time\" content=\"2016-07-25T23:00:41+00:00\" \/>\n<meta property=\"og:image\" content=\"http:\/\/imagens1.ne10.uol.com.br\/blogsne10\/jamildo\/uploads\/2016\/06\/dilma-tocha-2.jpg\" \/>\n<meta name=\"twitter:card\" content=\"summary_large_image\" \/>\n<meta name=\"twitter:label1\" content=\"Escrito por\" \/>\n\t<meta name=\"twitter:data1\" content=\"\" \/>\n\t<meta name=\"twitter:label2\" content=\"Est. tempo de leitura\" \/>\n\t<meta name=\"twitter:data2\" content=\"3 minutos\" \/>\n<script type=\"application\/ld+json\" class=\"yoast-schema-graph\">{\"@context\":\"https:\\\/\\\/schema.org\",\"@graph\":[{\"@type\":\"Article\",\"@id\":\"https:\\\/\\\/blogdofarnesio.com.br\\\/?p=145832#article\",\"isPartOf\":{\"@id\":\"https:\\\/\\\/blogdofarnesio.com.br\\\/?p=145832\"},\"author\":{\"name\":\"\",\"@id\":\"\"},\"headline\":\"DILMA DIZ QUE N\u00c3O PARTICIPAR\u00c1 DA RIO 2016 EM \u201cPOSI\u00c7\u00c3O SECUND\u00c1RIA\u201d\",\"datePublished\":\"2016-07-25T23:00:41+00:00\",\"mainEntityOfPage\":{\"@id\":\"https:\\\/\\\/blogdofarnesio.com.br\\\/?p=145832\"},\"wordCount\":601,\"commentCount\":0,\"publisher\":{\"@id\":\"https:\\\/\\\/blogdofarnesio.com.br\\\/#organization\"},\"image\":{\"@id\":\"https:\\\/\\\/blogdofarnesio.com.br\\\/?p=145832#primaryimage\"},\"thumbnailUrl\":\"http:\\\/\\\/imagens1.ne10.uol.com.br\\\/blogsne10\\\/jamildo\\\/uploads\\\/2016\\\/06\\\/dilma-tocha-2.jpg\",\"articleSection\":[\"Pol\u00edtica\"],\"inLanguage\":\"pt-BR\",\"potentialAction\":[{\"@type\":\"CommentAction\",\"name\":\"Comment\",\"target\":[\"https:\\\/\\\/blogdofarnesio.com.br\\\/?p=145832#respond\"]}]},{\"@type\":\"WebPage\",\"@id\":\"https:\\\/\\\/blogdofarnesio.com.br\\\/?p=145832\",\"url\":\"https:\\\/\\\/blogdofarnesio.com.br\\\/?p=145832\",\"name\":\"DILMA DIZ QUE N\u00c3O PARTICIPAR\u00c1 DA RIO 2016 EM \u201cPOSI\u00c7\u00c3O SECUND\u00c1RIA\u201d - Blog do Farn\u00e9sio\",\"isPartOf\":{\"@id\":\"https:\\\/\\\/blogdofarnesio.com.br\\\/#website\"},\"primaryImageOfPage\":{\"@id\":\"https:\\\/\\\/blogdofarnesio.com.br\\\/?p=145832#primaryimage\"},\"image\":{\"@id\":\"https:\\\/\\\/blogdofarnesio.com.br\\\/?p=145832#primaryimage\"},\"thumbnailUrl\":\"http:\\\/\\\/imagens1.ne10.uol.com.br\\\/blogsne10\\\/jamildo\\\/uploads\\\/2016\\\/06\\\/dilma-tocha-2.jpg\",\"datePublished\":\"2016-07-25T23:00:41+00:00\",\"breadcrumb\":{\"@id\":\"https:\\\/\\\/blogdofarnesio.com.br\\\/?p=145832#breadcrumb\"},\"inLanguage\":\"pt-BR\",\"potentialAction\":[{\"@type\":\"ReadAction\",\"target\":[\"https:\\\/\\\/blogdofarnesio.com.br\\\/?p=145832\"]}]},{\"@type\":\"ImageObject\",\"inLanguage\":\"pt-BR\",\"@id\":\"https:\\\/\\\/blogdofarnesio.com.br\\\/?p=145832#primaryimage\",\"url\":\"http:\\\/\\\/imagens1.ne10.uol.com.br\\\/blogsne10\\\/jamildo\\\/uploads\\\/2016\\\/06\\\/dilma-tocha-2.jpg\",\"contentUrl\":\"http:\\\/\\\/imagens1.ne10.uol.com.br\\\/blogsne10\\\/jamildo\\\/uploads\\\/2016\\\/06\\\/dilma-tocha-2.jpg\"},{\"@type\":\"BreadcrumbList\",\"@id\":\"https:\\\/\\\/blogdofarnesio.com.br\\\/?p=145832#breadcrumb\",\"itemListElement\":[{\"@type\":\"ListItem\",\"position\":1,\"name\":\"In\u00edcio\",\"item\":\"https:\\\/\\\/blogdofarnesio.com.br\\\/\"},{\"@type\":\"ListItem\",\"position\":2,\"name\":\"DILMA DIZ QUE N\u00c3O PARTICIPAR\u00c1 DA RIO 2016 EM \u201cPOSI\u00c7\u00c3O SECUND\u00c1RIA\u201d\"}]},{\"@type\":\"WebSite\",\"@id\":\"https:\\\/\\\/blogdofarnesio.com.br\\\/#website\",\"url\":\"https:\\\/\\\/blogdofarnesio.com.br\\\/\",\"name\":\"Blog do Farn\u00e9sio\",\"description\":\"Quer Saber Pol\u00edtica?\",\"publisher\":{\"@id\":\"https:\\\/\\\/blogdofarnesio.com.br\\\/#organization\"},\"potentialAction\":[{\"@type\":\"SearchAction\",\"target\":{\"@type\":\"EntryPoint\",\"urlTemplate\":\"https:\\\/\\\/blogdofarnesio.com.br\\\/?s={search_term_string}\"},\"query-input\":{\"@type\":\"PropertyValueSpecification\",\"valueRequired\":true,\"valueName\":\"search_term_string\"}}],\"inLanguage\":\"pt-BR\"},{\"@type\":\"Organization\",\"@id\":\"https:\\\/\\\/blogdofarnesio.com.br\\\/#organization\",\"name\":\"Blog do Farn\u00e9sio\",\"url\":\"https:\\\/\\\/blogdofarnesio.com.br\\\/\",\"logo\":{\"@type\":\"ImageObject\",\"inLanguage\":\"pt-BR\",\"@id\":\"https:\\\/\\\/blogdofarnesio.com.br\\\/#\\\/schema\\\/logo\\\/image\\\/\",\"url\":\"https:\\\/\\\/blogdofarnesio.com.br\\\/wp-content\\\/uploads\\\/2026\\\/03\\\/cropped-logo_new-1.png\",\"contentUrl\":\"https:\\\/\\\/blogdofarnesio.com.br\\\/wp-content\\\/uploads\\\/2026\\\/03\\\/cropped-logo_new-1.png\",\"width\":881,\"height\":685,\"caption\":\"Blog do Farn\u00e9sio\"},\"image\":{\"@id\":\"https:\\\/\\\/blogdofarnesio.com.br\\\/#\\\/schema\\\/logo\\\/image\\\/\"},\"sameAs\":[\"https:\\\/\\\/www.facebook.com\\\/BlogQuerSaberPolitica\\\/\"]},{\"@type\":\"Person\",\"@id\":\"\",\"url\":\"https:\\\/\\\/blogdofarnesio.com.br\\\/?author=7\"}]}<\/script>\n<!-- \/ Yoast SEO plugin. -->","yoast_head_json":{"title":"DILMA DIZ QUE N\u00c3O PARTICIPAR\u00c1 DA RIO 2016 EM \u201cPOSI\u00c7\u00c3O SECUND\u00c1RIA\u201d - Blog do Farn\u00e9sio","robots":{"index":"index","follow":"follow","max-snippet":"max-snippet:-1","max-image-preview":"max-image-preview:large","max-video-preview":"max-video-preview:-1"},"canonical":"https:\/\/blogdofarnesio.com.br\/?p=145832","og_locale":"pt_BR","og_type":"article","og_title":"DILMA DIZ QUE N\u00c3O PARTICIPAR\u00c1 DA RIO 2016 EM \u201cPOSI\u00c7\u00c3O SECUND\u00c1RIA\u201d - Blog do Farn\u00e9sio","og_description":"A presidente afastada Dilma Rousseff disse nesta segunda-feira\u00a0(25) que n\u00e3o pretende participar dos eventos dos Jogos Ol\u00edmpicos do Rio de Janeiro em uma \u201cposi\u00e7\u00e3o secund\u00e1ria\u201d. Em entrevista \u00e0 R\u00e1dio Fran\u00e7a Internacional, Dilma afirmou que o evento tem condi\u00e7\u00f5es de ocorrer de forma tranquila, principalmente se forem seguidos os procedimentos que j\u00e1 haviam sido estabelecidos na sua gest\u00e3o, como na \u00e1rea de sa\u00fade e seguran\u00e7a dentro dos equipamentos onde acontecer\u00e3o os jogos. \u201cEu n\u00e3o pretendo participar da Olimp\u00edada em uma posi\u00e7\u00e3o secund\u00e1ria, porque ela \u00e9 fruto de um grande trabalho do ex-presidente Lula e do grande esfor\u00e7o do governo federal, que viabilizou a estrutura do Parque Ol\u00edmpico e da Vila Deodoro\u201d, disse Dilma. Sobre a preocupa\u00e7\u00e3o com atentados terroristas durante os&hellip;","og_url":"https:\/\/blogdofarnesio.com.br\/?p=145832","og_site_name":"Blog do Farn\u00e9sio","article_publisher":"https:\/\/www.facebook.com\/BlogQuerSaberPolitica\/","article_published_time":"2016-07-25T23:00:41+00:00","og_image":[{"url":"http:\/\/imagens1.ne10.uol.com.br\/blogsne10\/jamildo\/uploads\/2016\/06\/dilma-tocha-2.jpg","type":"","width":"","height":""}],"twitter_card":"summary_large_image","twitter_misc":{"Escrito por":"","Est. tempo de leitura":"3 minutos"},"schema":{"@context":"https:\/\/schema.org","@graph":[{"@type":"Article","@id":"https:\/\/blogdofarnesio.com.br\/?p=145832#article","isPartOf":{"@id":"https:\/\/blogdofarnesio.com.br\/?p=145832"},"author":{"name":"","@id":""},"headline":"DILMA DIZ QUE N\u00c3O PARTICIPAR\u00c1 DA RIO 2016 EM \u201cPOSI\u00c7\u00c3O SECUND\u00c1RIA\u201d","datePublished":"2016-07-25T23:00:41+00:00","mainEntityOfPage":{"@id":"https:\/\/blogdofarnesio.com.br\/?p=145832"},"wordCount":601,"commentCount":0,"publisher":{"@id":"https:\/\/blogdofarnesio.com.br\/#organization"},"image":{"@id":"https:\/\/blogdofarnesio.com.br\/?p=145832#primaryimage"},"thumbnailUrl":"http:\/\/imagens1.ne10.uol.com.br\/blogsne10\/jamildo\/uploads\/2016\/06\/dilma-tocha-2.jpg","articleSection":["Pol\u00edtica"],"inLanguage":"pt-BR","potentialAction":[{"@type":"CommentAction","name":"Comment","target":["https:\/\/blogdofarnesio.com.br\/?p=145832#respond"]}]},{"@type":"WebPage","@id":"https:\/\/blogdofarnesio.com.br\/?p=145832","url":"https:\/\/blogdofarnesio.com.br\/?p=145832","name":"DILMA DIZ QUE N\u00c3O PARTICIPAR\u00c1 DA RIO 2016 EM \u201cPOSI\u00c7\u00c3O SECUND\u00c1RIA\u201d - Blog do Farn\u00e9sio","isPartOf":{"@id":"https:\/\/blogdofarnesio.com.br\/#website"},"primaryImageOfPage":{"@id":"https:\/\/blogdofarnesio.com.br\/?p=145832#primaryimage"},"image":{"@id":"https:\/\/blogdofarnesio.com.br\/?p=145832#primaryimage"},"thumbnailUrl":"http:\/\/imagens1.ne10.uol.com.br\/blogsne10\/jamildo\/uploads\/2016\/06\/dilma-tocha-2.jpg","datePublished":"2016-07-25T23:00:41+00:00","breadcrumb":{"@id":"https:\/\/blogdofarnesio.com.br\/?p=145832#breadcrumb"},"inLanguage":"pt-BR","potentialAction":[{"@type":"ReadAction","target":["https:\/\/blogdofarnesio.com.br\/?p=145832"]}]},{"@type":"ImageObject","inLanguage":"pt-BR","@id":"https:\/\/blogdofarnesio.com.br\/?p=145832#primaryimage","url":"http:\/\/imagens1.ne10.uol.com.br\/blogsne10\/jamildo\/uploads\/2016\/06\/dilma-tocha-2.jpg","contentUrl":"http:\/\/imagens1.ne10.uol.com.br\/blogsne10\/jamildo\/uploads\/2016\/06\/dilma-tocha-2.jpg"},{"@type":"BreadcrumbList","@id":"https:\/\/blogdofarnesio.com.br\/?p=145832#breadcrumb","itemListElement":[{"@type":"ListItem","position":1,"name":"In\u00edcio","item":"https:\/\/blogdofarnesio.com.br\/"},{"@type":"ListItem","position":2,"name":"DILMA DIZ QUE N\u00c3O PARTICIPAR\u00c1 DA RIO 2016 EM \u201cPOSI\u00c7\u00c3O SECUND\u00c1RIA\u201d"}]},{"@type":"WebSite","@id":"https:\/\/blogdofarnesio.com.br\/#website","url":"https:\/\/blogdofarnesio.com.br\/","name":"Blog do Farn\u00e9sio","description":"Quer Saber Pol\u00edtica?","publisher":{"@id":"https:\/\/blogdofarnesio.com.br\/#organization"},"potentialAction":[{"@type":"SearchAction","target":{"@type":"EntryPoint","urlTemplate":"https:\/\/blogdofarnesio.com.br\/?s={search_term_string}"},"query-input":{"@type":"PropertyValueSpecification","valueRequired":true,"valueName":"search_term_string"}}],"inLanguage":"pt-BR"},{"@type":"Organization","@id":"https:\/\/blogdofarnesio.com.br\/#organization","name":"Blog do Farn\u00e9sio","url":"https:\/\/blogdofarnesio.com.br\/","logo":{"@type":"ImageObject","inLanguage":"pt-BR","@id":"https:\/\/blogdofarnesio.com.br\/#\/schema\/logo\/image\/","url":"https:\/\/blogdofarnesio.com.br\/wp-content\/uploads\/2026\/03\/cropped-logo_new-1.png","contentUrl":"https:\/\/blogdofarnesio.com.br\/wp-content\/uploads\/2026\/03\/cropped-logo_new-1.png","width":881,"height":685,"caption":"Blog do Farn\u00e9sio"},"image":{"@id":"https:\/\/blogdofarnesio.com.br\/#\/schema\/logo\/image\/"},"sameAs":["https:\/\/www.facebook.com\/BlogQuerSaberPolitica\/"]},{"@type":"Person","@id":"","url":"https:\/\/blogdofarnesio.com.br\/?author=7"}]}},"_links":{"self":[{"href":"https:\/\/blogdofarnesio.com.br\/index.php?rest_route=\/wp\/v2\/posts\/145832","targetHints":{"allow":["GET"]}}],"collection":[{"href":"https:\/\/blogdofarnesio.com.br\/index.php?rest_route=\/wp\/v2\/posts"}],"about":[{"href":"https:\/\/blogdofarnesio.com.br\/index.php?rest_route=\/wp\/v2\/types\/post"}],"author":[{"embeddable":true,"href":"https:\/\/blogdofarnesio.com.br\/index.php?rest_route=\/wp\/v2\/users\/7"}],"replies":[{"embeddable":true,"href":"https:\/\/blogdofarnesio.com.br\/index.php?rest_route=%2Fwp%2Fv2%2Fcomments&post=145832"}],"version-history":[{"count":0,"href":"https:\/\/blogdofarnesio.com.br\/index.php?rest_route=\/wp\/v2\/posts\/145832\/revisions"}],"wp:attachment":[{"href":"https:\/\/blogdofarnesio.com.br\/index.php?rest_route=%2Fwp%2Fv2%2Fmedia&parent=145832"}],"wp:term":[{"taxonomy":"category","embeddable":true,"href":"https:\/\/blogdofarnesio.com.br\/index.php?rest_route=%2Fwp%2Fv2%2Fcategories&post=145832"},{"taxonomy":"post_tag","embeddable":true,"href":"https:\/\/blogdofarnesio.com.br\/index.php?rest_route=%2Fwp%2Fv2%2Ftags&post=145832"}],"curies":[{"name":"wp","href":"https:\/\/api.w.org\/{rel}","templated":true}]}}