{"id":145830,"date":"2016-07-25T17:32:25","date_gmt":"2016-07-25T20:32:25","guid":{"rendered":"http:\/\/www.quersaberpolitica.com.br\/?p=145830"},"modified":"2016-07-25T17:32:25","modified_gmt":"2016-07-25T20:32:25","slug":"psol-confirma-apoio-a-pre-candidatura-de-paulo-bomfim-a-prefeito-de-juazeiro","status":"publish","type":"post","link":"https:\/\/blogdofarnesio.com.br\/?p=145830","title":{"rendered":"PSOL CONFIRMA APOIO \u00c0 PR\u00c9-CANDIDATURA DE PAULO BOMFIM A PREFEITO DE JUAZEIRO"},"content":{"rendered":"<div id=\":1fj\" class=\"ii gt adP adO\">\n<div id=\":1fk\" class=\"a3s aXjCH m15623791b5d59eab\">\n<div dir=\"ltr\">\n<p dir=\"ltr\" style=\"text-align: justify\"><a href=\"http:\/\/www.quersaberpolitica.com.br\/2016\/wp-content\/uploads\/2016\/07\/blogqsp-psol-declaraapoi-paulobonfim.jpg\"><img loading=\"lazy\" decoding=\"async\" class=\"wp-image-145831 aligncenter\" src=\"http:\/\/www.quersaberpolitica.com.br\/2016\/wp-content\/uploads\/2016\/07\/blogqsp-psol-declaraapoi-paulobonfim-300x200.jpg\" alt=\"blogqsp-psol-declaraapoi-paulobonfim\" width=\"408\" height=\"277\" \/><\/a><\/p>\n<p dir=\"ltr\" style=\"text-align: justify\">Na manh\u00e3 desta segunda-feira (25), o Partido Socialismo e Liberdade (PSOL) anunciou, em coletiva de imprensa, a sua ades\u00e3o a pr\u00e9-candidatura de Paulo Bomfim, pelo PCdoB, a prefeito de Juazeiro. O ato contou com as presen\u00e7as do presidente do diret\u00f3rio municipal do PCdoB, Gilson Ara\u00fajo, do deputado estadual Z\u00f3, do representante municipal do Partido da Rep\u00fablica, Pedro Alc\u00e2ntara, e do prefeito de Juazeiro, Isaac Carvalho, al\u00e9m de militantes de diversos partidos da base aliada.<\/p>\n<p dir=\"ltr\" style=\"text-align: justify\">Para Gilson Ara\u00fajo, a ades\u00e3o do Psol representa a uni\u00e3o das esquerdas em Juazeiro. \u201cO campo pol\u00edtico est\u00e1 bem delimitado. E isso \u00e9 uma reafirma\u00e7\u00e3o do que est\u00e1 acontecendo em n\u00edvel nacional. Os partidos que realmente defendem o trabalhador, defendem a parte mais pobres da sociedade precisam se juntar para combater a tentativa de golpe, o ataque \u00e0 democracia. A vinda do Psol para o nosso projeto tem uma importancia relevante, pois vem para somar e manter Juazeiro no rumo do desenvolvimento\u201d, declarou o presidente municipal do PCdoB.<\/p>\n<p dir=\"ltr\" style=\"text-align: justify\">Os dirigente do Psol relataram que a decis\u00e3o de se unir ao projeto do PCdoB e o apoio a Paulo Bomfim n\u00e3o foi dif\u00edcil, mas que tiveram de ouvir as suas bases, principalmente os pr\u00e9-candidatos ao legislativo, para uma confirma\u00e7\u00e3o consensual. \u201c Foi um reagrupamento, a partir do momento conturbado que vive o pa\u00eds.\u00a0 Depois a gente precisa construir esse projeto em n\u00edvel local, nas perspectivas de garantir as conquistas sociais e ampli\u00e1-las. As conquistas s\u00e3o evidentes, mas voc\u00ea nunca est\u00e1 satisfeito. \u00c0 propor\u00e7\u00e3o que voc\u00ea consegue conquistar algumas demandas, aparecem outras. Queremos colaborar com o crescimento econ\u00f4mico , social, com mais qualidade de vida para a popula\u00e7\u00e3o\u201d, enfatizou o professor Paulo Jos\u00e9, presidente do diret\u00f3rio municipal do Psol.<\/p>\n<p dir=\"ltr\" style=\"text-align: justify\">O advogado Jaime Badeca ratificou as palavras de Paulo Jos\u00e9 e garantiu a disponibilidade em colaborar. \u201cO governo est\u00e1 estruturado. Preparado para ousar mais, desenvolver outras a\u00e7\u00f5es. O Psol vai estar \u00e0 disposi\u00e7\u00e3o para contribuir com as suas ideias, propostas e t\u00e9cnicos capacitados para poder melhorar ainda mais este projeto de desenvolvimento para Juazeiro\u201d, garantiu o dirigente partid\u00e1rio.<\/p>\n<p dir=\"ltr\" style=\"text-align: justify\">Como bem relatou os dirigentes do Psol, a articula\u00e7\u00e3o para a ades\u00e3o ao projeto, que vem mudando Juazeiro nos \u00faltimos anos, partiu de um di\u00e1logo com o pr\u00e9-candidato Paulo Bomfim. \u201cEstamos reunindo for\u00e7as, pois Juazeiro n\u00e3o pode mais caminhar para tr\u00e1s. Estamos no rumo do desenvolvimento e n\u00e3o podemos perder as conquistas. O Psol, com certeza, vai colaborar bastante com este projeto, pois temos mais afinidades do que diverg\u00eancias. S\u00e3o todos bem vindos e vamos em frente\u201d, disse o pr\u00e9-candidato a prefeito.<\/p>\n<p dir=\"ltr\" style=\"text-align: justify\">Para o prefeito Isaac, \u00e9 um momento para comemorar, pois, mesmo com as conquistas dos \u00faltimos anos, como o investimento em educa\u00e7\u00e3o, a melhor da Bahia, o maior programa de habita\u00e7\u00e3o popular da hist\u00f3ria, com 11 mil casas para 50 mil pessoas, e o desenvolvimento econ\u00f4mico em destaque, com Juazeiro se destacando na gera\u00e7\u00e3o de empregos, ainda \u00e9 preciso fazer mais. E o Psol pode colaborar com a continuidade de um projeto de desenvolvimento que vem mudando, transformando a nossa cidade\u201d, finalizou Isaac Carvalho.<\/p>\n<p dir=\"ltr\">Ascom Paulo Bomfim<\/p>\n<\/div>\n<\/div>\n<\/div>\n<p>&nbsp;<\/p>\n<div id=\":1e3\" class=\"hq gt a10\"><\/div>\n","protected":false},"excerpt":{"rendered":"<p>Na manh\u00e3 desta segunda-feira (25), o Partido Socialismo e Liberdade (PSOL) anunciou, em coletiva de imprensa, a sua ades\u00e3o a pr\u00e9-candidatura de Paulo Bomfim, pelo PCdoB, a prefeito de Juazeiro. O ato contou com as presen\u00e7as do presidente do diret\u00f3rio municipal do PCdoB, Gilson Ara\u00fajo, do deputado estadual Z\u00f3, do representante municipal do Partido da Rep\u00fablica, Pedro Alc\u00e2ntara, e do prefeito de Juazeiro, Isaac Carvalho, al\u00e9m de militantes de diversos partidos da base aliada. Para Gilson Ara\u00fajo, a ades\u00e3o do Psol representa a uni\u00e3o das esquerdas em Juazeiro. \u201cO campo pol\u00edtico est\u00e1 bem delimitado. E isso \u00e9 uma reafirma\u00e7\u00e3o do que est\u00e1 acontecendo em n\u00edvel nacional. Os partidos que realmente defendem o trabalhador, defendem a parte mais pobres da sociedade&hellip; <\/p>\n","protected":false},"author":7,"featured_media":0,"comment_status":"open","ping_status":"open","sticky":false,"template":"","format":"standard","meta":{"_acf_changed":false,"footnotes":""},"categories":[1],"tags":[],"class_list":["post-145830","post","type-post","status-publish","format-standard","hentry","category-politica"],"acf":[],"yoast_head":"<!-- This site is optimized with the Yoast SEO plugin v27.4 - https:\/\/yoast.com\/product\/yoast-seo-wordpress\/ -->\n<title>PSOL CONFIRMA APOIO \u00c0 PR\u00c9-CANDIDATURA DE PAULO BOMFIM A PREFEITO DE JUAZEIRO - Blog do Farn\u00e9sio<\/title>\n<meta name=\"robots\" content=\"index, follow, max-snippet:-1, max-image-preview:large, max-video-preview:-1\" \/>\n<link rel=\"canonical\" href=\"https:\/\/blogdofarnesio.com.br\/?p=145830\" \/>\n<meta property=\"og:locale\" content=\"pt_BR\" \/>\n<meta property=\"og:type\" content=\"article\" \/>\n<meta property=\"og:title\" content=\"PSOL CONFIRMA APOIO \u00c0 PR\u00c9-CANDIDATURA DE PAULO BOMFIM A PREFEITO DE JUAZEIRO - Blog do Farn\u00e9sio\" \/>\n<meta property=\"og:description\" content=\"Na manh\u00e3 desta segunda-feira (25), o Partido Socialismo e Liberdade (PSOL) anunciou, em coletiva de imprensa, a sua ades\u00e3o a pr\u00e9-candidatura de Paulo Bomfim, pelo PCdoB, a prefeito de Juazeiro. O ato contou com as presen\u00e7as do presidente do diret\u00f3rio municipal do PCdoB, Gilson Ara\u00fajo, do deputado estadual Z\u00f3, do representante municipal do Partido da Rep\u00fablica, Pedro Alc\u00e2ntara, e do prefeito de Juazeiro, Isaac Carvalho, al\u00e9m de militantes de diversos partidos da base aliada. Para Gilson Ara\u00fajo, a ades\u00e3o do Psol representa a uni\u00e3o das esquerdas em Juazeiro. \u201cO campo pol\u00edtico est\u00e1 bem delimitado. E isso \u00e9 uma reafirma\u00e7\u00e3o do que est\u00e1 acontecendo em n\u00edvel nacional. Os partidos que realmente defendem o trabalhador, defendem a parte mais pobres da sociedade&hellip;\" \/>\n<meta property=\"og:url\" content=\"https:\/\/blogdofarnesio.com.br\/?p=145830\" \/>\n<meta property=\"og:site_name\" content=\"Blog do Farn\u00e9sio\" \/>\n<meta property=\"article:publisher\" content=\"https:\/\/www.facebook.com\/BlogQuerSaberPolitica\/\" \/>\n<meta property=\"article:published_time\" content=\"2016-07-25T20:32:25+00:00\" \/>\n<meta property=\"og:image\" content=\"http:\/\/www.quersaberpolitica.com.br\/2016\/wp-content\/uploads\/2016\/07\/blogqsp-psol-declaraapoi-paulobonfim-300x200.jpg\" \/>\n<meta name=\"twitter:card\" content=\"summary_large_image\" \/>\n<meta name=\"twitter:label1\" content=\"Escrito por\" \/>\n\t<meta name=\"twitter:data1\" content=\"\" \/>\n\t<meta name=\"twitter:label2\" content=\"Est. tempo de leitura\" \/>\n\t<meta name=\"twitter:data2\" content=\"3 minutos\" \/>\n<script type=\"application\/ld+json\" class=\"yoast-schema-graph\">{\"@context\":\"https:\\\/\\\/schema.org\",\"@graph\":[{\"@type\":\"Article\",\"@id\":\"https:\\\/\\\/blogdofarnesio.com.br\\\/?p=145830#article\",\"isPartOf\":{\"@id\":\"https:\\\/\\\/blogdofarnesio.com.br\\\/?p=145830\"},\"author\":{\"name\":\"\",\"@id\":\"\"},\"headline\":\"PSOL CONFIRMA APOIO \u00c0 PR\u00c9-CANDIDATURA DE PAULO BOMFIM A PREFEITO DE JUAZEIRO\",\"datePublished\":\"2016-07-25T20:32:25+00:00\",\"mainEntityOfPage\":{\"@id\":\"https:\\\/\\\/blogdofarnesio.com.br\\\/?p=145830\"},\"wordCount\":557,\"commentCount\":0,\"publisher\":{\"@id\":\"https:\\\/\\\/blogdofarnesio.com.br\\\/#organization\"},\"image\":{\"@id\":\"https:\\\/\\\/blogdofarnesio.com.br\\\/?p=145830#primaryimage\"},\"thumbnailUrl\":\"http:\\\/\\\/www.quersaberpolitica.com.br\\\/2016\\\/wp-content\\\/uploads\\\/2016\\\/07\\\/blogqsp-psol-declaraapoi-paulobonfim-300x200.jpg\",\"articleSection\":[\"Pol\u00edtica\"],\"inLanguage\":\"pt-BR\",\"potentialAction\":[{\"@type\":\"CommentAction\",\"name\":\"Comment\",\"target\":[\"https:\\\/\\\/blogdofarnesio.com.br\\\/?p=145830#respond\"]}]},{\"@type\":\"WebPage\",\"@id\":\"https:\\\/\\\/blogdofarnesio.com.br\\\/?p=145830\",\"url\":\"https:\\\/\\\/blogdofarnesio.com.br\\\/?p=145830\",\"name\":\"PSOL CONFIRMA APOIO \u00c0 PR\u00c9-CANDIDATURA DE PAULO BOMFIM A PREFEITO DE JUAZEIRO - Blog do Farn\u00e9sio\",\"isPartOf\":{\"@id\":\"https:\\\/\\\/blogdofarnesio.com.br\\\/#website\"},\"primaryImageOfPage\":{\"@id\":\"https:\\\/\\\/blogdofarnesio.com.br\\\/?p=145830#primaryimage\"},\"image\":{\"@id\":\"https:\\\/\\\/blogdofarnesio.com.br\\\/?p=145830#primaryimage\"},\"thumbnailUrl\":\"http:\\\/\\\/www.quersaberpolitica.com.br\\\/2016\\\/wp-content\\\/uploads\\\/2016\\\/07\\\/blogqsp-psol-declaraapoi-paulobonfim-300x200.jpg\",\"datePublished\":\"2016-07-25T20:32:25+00:00\",\"breadcrumb\":{\"@id\":\"https:\\\/\\\/blogdofarnesio.com.br\\\/?p=145830#breadcrumb\"},\"inLanguage\":\"pt-BR\",\"potentialAction\":[{\"@type\":\"ReadAction\",\"target\":[\"https:\\\/\\\/blogdofarnesio.com.br\\\/?p=145830\"]}]},{\"@type\":\"ImageObject\",\"inLanguage\":\"pt-BR\",\"@id\":\"https:\\\/\\\/blogdofarnesio.com.br\\\/?p=145830#primaryimage\",\"url\":\"http:\\\/\\\/www.quersaberpolitica.com.br\\\/2016\\\/wp-content\\\/uploads\\\/2016\\\/07\\\/blogqsp-psol-declaraapoi-paulobonfim-300x200.jpg\",\"contentUrl\":\"http:\\\/\\\/www.quersaberpolitica.com.br\\\/2016\\\/wp-content\\\/uploads\\\/2016\\\/07\\\/blogqsp-psol-declaraapoi-paulobonfim-300x200.jpg\"},{\"@type\":\"BreadcrumbList\",\"@id\":\"https:\\\/\\\/blogdofarnesio.com.br\\\/?p=145830#breadcrumb\",\"itemListElement\":[{\"@type\":\"ListItem\",\"position\":1,\"name\":\"In\u00edcio\",\"item\":\"https:\\\/\\\/blogdofarnesio.com.br\\\/\"},{\"@type\":\"ListItem\",\"position\":2,\"name\":\"PSOL CONFIRMA APOIO \u00c0 PR\u00c9-CANDIDATURA DE PAULO BOMFIM A PREFEITO DE JUAZEIRO\"}]},{\"@type\":\"WebSite\",\"@id\":\"https:\\\/\\\/blogdofarnesio.com.br\\\/#website\",\"url\":\"https:\\\/\\\/blogdofarnesio.com.br\\\/\",\"name\":\"Blog do Farn\u00e9sio\",\"description\":\"Quer Saber Pol\u00edtica?\",\"publisher\":{\"@id\":\"https:\\\/\\\/blogdofarnesio.com.br\\\/#organization\"},\"potentialAction\":[{\"@type\":\"SearchAction\",\"target\":{\"@type\":\"EntryPoint\",\"urlTemplate\":\"https:\\\/\\\/blogdofarnesio.com.br\\\/?s={search_term_string}\"},\"query-input\":{\"@type\":\"PropertyValueSpecification\",\"valueRequired\":true,\"valueName\":\"search_term_string\"}}],\"inLanguage\":\"pt-BR\"},{\"@type\":\"Organization\",\"@id\":\"https:\\\/\\\/blogdofarnesio.com.br\\\/#organization\",\"name\":\"Blog do Farn\u00e9sio\",\"url\":\"https:\\\/\\\/blogdofarnesio.com.br\\\/\",\"logo\":{\"@type\":\"ImageObject\",\"inLanguage\":\"pt-BR\",\"@id\":\"https:\\\/\\\/blogdofarnesio.com.br\\\/#\\\/schema\\\/logo\\\/image\\\/\",\"url\":\"https:\\\/\\\/blogdofarnesio.com.br\\\/wp-content\\\/uploads\\\/2026\\\/03\\\/cropped-logo_new-1.png\",\"contentUrl\":\"https:\\\/\\\/blogdofarnesio.com.br\\\/wp-content\\\/uploads\\\/2026\\\/03\\\/cropped-logo_new-1.png\",\"width\":881,\"height\":685,\"caption\":\"Blog do Farn\u00e9sio\"},\"image\":{\"@id\":\"https:\\\/\\\/blogdofarnesio.com.br\\\/#\\\/schema\\\/logo\\\/image\\\/\"},\"sameAs\":[\"https:\\\/\\\/www.facebook.com\\\/BlogQuerSaberPolitica\\\/\"]},{\"@type\":\"Person\",\"@id\":\"\",\"url\":\"https:\\\/\\\/blogdofarnesio.com.br\\\/?author=7\"}]}<\/script>\n<!-- \/ Yoast SEO plugin. -->","yoast_head_json":{"title":"PSOL CONFIRMA APOIO \u00c0 PR\u00c9-CANDIDATURA DE PAULO BOMFIM A PREFEITO DE JUAZEIRO - Blog do Farn\u00e9sio","robots":{"index":"index","follow":"follow","max-snippet":"max-snippet:-1","max-image-preview":"max-image-preview:large","max-video-preview":"max-video-preview:-1"},"canonical":"https:\/\/blogdofarnesio.com.br\/?p=145830","og_locale":"pt_BR","og_type":"article","og_title":"PSOL CONFIRMA APOIO \u00c0 PR\u00c9-CANDIDATURA DE PAULO BOMFIM A PREFEITO DE JUAZEIRO - Blog do Farn\u00e9sio","og_description":"Na manh\u00e3 desta segunda-feira (25), o Partido Socialismo e Liberdade (PSOL) anunciou, em coletiva de imprensa, a sua ades\u00e3o a pr\u00e9-candidatura de Paulo Bomfim, pelo PCdoB, a prefeito de Juazeiro. O ato contou com as presen\u00e7as do presidente do diret\u00f3rio municipal do PCdoB, Gilson Ara\u00fajo, do deputado estadual Z\u00f3, do representante municipal do Partido da Rep\u00fablica, Pedro Alc\u00e2ntara, e do prefeito de Juazeiro, Isaac Carvalho, al\u00e9m de militantes de diversos partidos da base aliada. Para Gilson Ara\u00fajo, a ades\u00e3o do Psol representa a uni\u00e3o das esquerdas em Juazeiro. \u201cO campo pol\u00edtico est\u00e1 bem delimitado. E isso \u00e9 uma reafirma\u00e7\u00e3o do que est\u00e1 acontecendo em n\u00edvel nacional. Os partidos que realmente defendem o trabalhador, defendem a parte mais pobres da sociedade&hellip;","og_url":"https:\/\/blogdofarnesio.com.br\/?p=145830","og_site_name":"Blog do Farn\u00e9sio","article_publisher":"https:\/\/www.facebook.com\/BlogQuerSaberPolitica\/","article_published_time":"2016-07-25T20:32:25+00:00","og_image":[{"url":"http:\/\/www.quersaberpolitica.com.br\/2016\/wp-content\/uploads\/2016\/07\/blogqsp-psol-declaraapoi-paulobonfim-300x200.jpg","type":"","width":"","height":""}],"twitter_card":"summary_large_image","twitter_misc":{"Escrito por":"","Est. tempo de leitura":"3 minutos"},"schema":{"@context":"https:\/\/schema.org","@graph":[{"@type":"Article","@id":"https:\/\/blogdofarnesio.com.br\/?p=145830#article","isPartOf":{"@id":"https:\/\/blogdofarnesio.com.br\/?p=145830"},"author":{"name":"","@id":""},"headline":"PSOL CONFIRMA APOIO \u00c0 PR\u00c9-CANDIDATURA DE PAULO BOMFIM A PREFEITO DE JUAZEIRO","datePublished":"2016-07-25T20:32:25+00:00","mainEntityOfPage":{"@id":"https:\/\/blogdofarnesio.com.br\/?p=145830"},"wordCount":557,"commentCount":0,"publisher":{"@id":"https:\/\/blogdofarnesio.com.br\/#organization"},"image":{"@id":"https:\/\/blogdofarnesio.com.br\/?p=145830#primaryimage"},"thumbnailUrl":"http:\/\/www.quersaberpolitica.com.br\/2016\/wp-content\/uploads\/2016\/07\/blogqsp-psol-declaraapoi-paulobonfim-300x200.jpg","articleSection":["Pol\u00edtica"],"inLanguage":"pt-BR","potentialAction":[{"@type":"CommentAction","name":"Comment","target":["https:\/\/blogdofarnesio.com.br\/?p=145830#respond"]}]},{"@type":"WebPage","@id":"https:\/\/blogdofarnesio.com.br\/?p=145830","url":"https:\/\/blogdofarnesio.com.br\/?p=145830","name":"PSOL CONFIRMA APOIO \u00c0 PR\u00c9-CANDIDATURA DE PAULO BOMFIM A PREFEITO DE JUAZEIRO - Blog do Farn\u00e9sio","isPartOf":{"@id":"https:\/\/blogdofarnesio.com.br\/#website"},"primaryImageOfPage":{"@id":"https:\/\/blogdofarnesio.com.br\/?p=145830#primaryimage"},"image":{"@id":"https:\/\/blogdofarnesio.com.br\/?p=145830#primaryimage"},"thumbnailUrl":"http:\/\/www.quersaberpolitica.com.br\/2016\/wp-content\/uploads\/2016\/07\/blogqsp-psol-declaraapoi-paulobonfim-300x200.jpg","datePublished":"2016-07-25T20:32:25+00:00","breadcrumb":{"@id":"https:\/\/blogdofarnesio.com.br\/?p=145830#breadcrumb"},"inLanguage":"pt-BR","potentialAction":[{"@type":"ReadAction","target":["https:\/\/blogdofarnesio.com.br\/?p=145830"]}]},{"@type":"ImageObject","inLanguage":"pt-BR","@id":"https:\/\/blogdofarnesio.com.br\/?p=145830#primaryimage","url":"http:\/\/www.quersaberpolitica.com.br\/2016\/wp-content\/uploads\/2016\/07\/blogqsp-psol-declaraapoi-paulobonfim-300x200.jpg","contentUrl":"http:\/\/www.quersaberpolitica.com.br\/2016\/wp-content\/uploads\/2016\/07\/blogqsp-psol-declaraapoi-paulobonfim-300x200.jpg"},{"@type":"BreadcrumbList","@id":"https:\/\/blogdofarnesio.com.br\/?p=145830#breadcrumb","itemListElement":[{"@type":"ListItem","position":1,"name":"In\u00edcio","item":"https:\/\/blogdofarnesio.com.br\/"},{"@type":"ListItem","position":2,"name":"PSOL CONFIRMA APOIO \u00c0 PR\u00c9-CANDIDATURA DE PAULO BOMFIM A PREFEITO DE JUAZEIRO"}]},{"@type":"WebSite","@id":"https:\/\/blogdofarnesio.com.br\/#website","url":"https:\/\/blogdofarnesio.com.br\/","name":"Blog do Farn\u00e9sio","description":"Quer Saber Pol\u00edtica?","publisher":{"@id":"https:\/\/blogdofarnesio.com.br\/#organization"},"potentialAction":[{"@type":"SearchAction","target":{"@type":"EntryPoint","urlTemplate":"https:\/\/blogdofarnesio.com.br\/?s={search_term_string}"},"query-input":{"@type":"PropertyValueSpecification","valueRequired":true,"valueName":"search_term_string"}}],"inLanguage":"pt-BR"},{"@type":"Organization","@id":"https:\/\/blogdofarnesio.com.br\/#organization","name":"Blog do Farn\u00e9sio","url":"https:\/\/blogdofarnesio.com.br\/","logo":{"@type":"ImageObject","inLanguage":"pt-BR","@id":"https:\/\/blogdofarnesio.com.br\/#\/schema\/logo\/image\/","url":"https:\/\/blogdofarnesio.com.br\/wp-content\/uploads\/2026\/03\/cropped-logo_new-1.png","contentUrl":"https:\/\/blogdofarnesio.com.br\/wp-content\/uploads\/2026\/03\/cropped-logo_new-1.png","width":881,"height":685,"caption":"Blog do Farn\u00e9sio"},"image":{"@id":"https:\/\/blogdofarnesio.com.br\/#\/schema\/logo\/image\/"},"sameAs":["https:\/\/www.facebook.com\/BlogQuerSaberPolitica\/"]},{"@type":"Person","@id":"","url":"https:\/\/blogdofarnesio.com.br\/?author=7"}]}},"_links":{"self":[{"href":"https:\/\/blogdofarnesio.com.br\/index.php?rest_route=\/wp\/v2\/posts\/145830","targetHints":{"allow":["GET"]}}],"collection":[{"href":"https:\/\/blogdofarnesio.com.br\/index.php?rest_route=\/wp\/v2\/posts"}],"about":[{"href":"https:\/\/blogdofarnesio.com.br\/index.php?rest_route=\/wp\/v2\/types\/post"}],"author":[{"embeddable":true,"href":"https:\/\/blogdofarnesio.com.br\/index.php?rest_route=\/wp\/v2\/users\/7"}],"replies":[{"embeddable":true,"href":"https:\/\/blogdofarnesio.com.br\/index.php?rest_route=%2Fwp%2Fv2%2Fcomments&post=145830"}],"version-history":[{"count":0,"href":"https:\/\/blogdofarnesio.com.br\/index.php?rest_route=\/wp\/v2\/posts\/145830\/revisions"}],"wp:attachment":[{"href":"https:\/\/blogdofarnesio.com.br\/index.php?rest_route=%2Fwp%2Fv2%2Fmedia&parent=145830"}],"wp:term":[{"taxonomy":"category","embeddable":true,"href":"https:\/\/blogdofarnesio.com.br\/index.php?rest_route=%2Fwp%2Fv2%2Fcategories&post=145830"},{"taxonomy":"post_tag","embeddable":true,"href":"https:\/\/blogdofarnesio.com.br\/index.php?rest_route=%2Fwp%2Fv2%2Ftags&post=145830"}],"curies":[{"name":"wp","href":"https:\/\/api.w.org\/{rel}","templated":true}]}}