{"id":14583,"date":"2012-06-05T08:29:11","date_gmt":"2012-06-05T08:29:11","guid":{"rendered":"http:\/\/www.quersaberpolitica.com.br?p=14583"},"modified":"-0001-11-30T00:00:00","modified_gmt":"-0001-11-30T03:00:00","slug":"pt-de-curaca-rcepciona-deputado-federal-zezeu-ribeiro","status":"publish","type":"post","link":"https:\/\/blogdofarnesio.com.br\/?p=14583","title":{"rendered":"PT DE CURA\u00c7\u00c1 RCEPCIONA DEPUTADO FEDERAL ZEZ\u00c9U RIBEIRO"},"content":{"rendered":"<p><a style=\"font-family: arial, helvetica, sans-serif; text-align: justify; font-size: medium;\" rel=\"lightbox\" href=\"http:\/\/www.quersaberpolitica.com.br\/2016\/wp-content\/uploads\/2012\/12\/blogqsp.cura&ccedil;aa.jpg\"><img loading=\"lazy\" decoding=\"async\" style=\"float: right; margin: 5px 10px;\" src=\"http:\/\/www.quersaberpolitica.com.br\/2016\/wp-content\/uploads\/2012\/12\/blogqsp.cura&ccedil;aa.jpg\" alt=\"\" width=\"200\" height=\"150\" \/><\/a><span style=\"font-family: arial, helvetica, sans-serif; text-align: justify; font-size: medium;\">A Cidade de Cura&ccedil;&aacute; recebeu no &uacute;ltimo S&aacute;bado (02) a visita do Deputado Federal Zez&eacute;u Ribeiro (PT) que foi recepcionado pelo diret&oacute;rio Municipal do Partido e muitos simpatizantes numa palestra que aconteceu no teatro Raul Coelho, que contou com representantes de v&aacute;rios partidos como PSDB, PP E PDT.<\/span><br style=\"font-family: arial, helvetica, sans-serif; text-align: justify; font-size: medium;\" \/><span style=\"font-family: arial, helvetica, sans-serif; text-align: justify; font-size: medium;\">Nas falas dos presentes muitos agradecimentos pela presen&ccedil;a e pelas a&ccedil;&otilde;es do Deputado, numa composi&ccedil;&atilde;o de mesa sem formalidades estavam o Presidente do PT local Roque Soares, a Professora Juc&eacute;lia Almeida secret&aacute;ria do partido, Dod&oacute; articulador do Deputado, representantes dos Partidos da base aliada e o Prefeito do Munic&iacute;pio Salvador Lopes (PT) que fez quest&atilde;o de ressaltar a import&acirc;ncia do Deputado representar o Munic&iacute;pio em Bras&iacute;lia.&nbsp;<\/span><br style=\"font-family: arial, helvetica, sans-serif; text-align: justify; font-size: medium;\" \/><span style=\"font-family: arial, helvetica, sans-serif; text-align: justify; font-size: medium;\">J&aacute; o Deputado agradeceu a todos e disse da necessidade de o PT continuar governando Cura&ccedil;&aacute; porque um projeto de crescimento n&atilde;o pode ser interrompido por pessoas que s&atilde;o contra o desenvolvimento e que criticam os programas sociais iniciados pelo Presidente Lula e continuado pela Presidenta Dilma.<\/span><br style=\"font-family: arial, helvetica, sans-serif; text-align: justify; font-size: medium;\" \/><span style=\"font-family: arial, helvetica, sans-serif; text-align: justify; font-size: medium;\">O Deputado Zez&eacute;u Ribeiro pernoitou em Cura&ccedil;&aacute; no dia seguinte concedeu entrevista &agrave; r&aacute;dio Cura&ccedil;&aacute; FM.<\/span><\/p>\n","protected":false},"excerpt":{"rendered":"<p>A Cidade de Cura&ccedil;&aacute; recebeu no &uacute;ltimo S&aacute;bado (02) a visita do Deputado Federal Zez&eacute;u Ribeiro (PT) que foi recepcionado pelo diret&oacute;rio Municipal do Partido e muitos simpatizantes numa palestra que aconteceu no teatro Raul Coelho, que contou com representantes de v&aacute;rios partidos como PSDB, PP E PDT.Nas falas dos presentes muitos agradecimentos pela presen&ccedil;a e pelas a&ccedil;&otilde;es do Deputado, numa composi&ccedil;&atilde;o de mesa sem formalidades estavam o Presidente do PT local Roque Soares, a Professora Juc&eacute;lia Almeida secret&aacute;ria do partido, Dod&oacute; articulador do Deputado, representantes dos Partidos da base aliada e o Prefeito do Munic&iacute;pio Salvador Lopes (PT) que fez quest&atilde;o de ressaltar a import&acirc;ncia do Deputado representar o Munic&iacute;pio em Bras&iacute;lia.&nbsp;J&aacute; o Deputado agradeceu a todos e disse&hellip; <\/p>\n","protected":false},"author":0,"featured_media":0,"comment_status":"open","ping_status":"open","sticky":false,"template":"","format":"standard","meta":{"_acf_changed":false,"footnotes":""},"categories":[43],"tags":[],"class_list":["post-14583","post","type-post","status-publish","format-standard","hentry","category-sem-categoria"],"acf":[],"yoast_head":"<!-- This site is optimized with the Yoast SEO plugin v27.4 - https:\/\/yoast.com\/product\/yoast-seo-wordpress\/ -->\n<title>PT DE CURA\u00c7\u00c1 RCEPCIONA DEPUTADO FEDERAL ZEZ\u00c9U RIBEIRO  - Blog do Farn\u00e9sio<\/title>\n<meta name=\"robots\" content=\"index, follow, max-snippet:-1, max-image-preview:large, max-video-preview:-1\" \/>\n<link rel=\"canonical\" href=\"https:\/\/blogdofarnesio.com.br\/?p=14583\" \/>\n<meta property=\"og:locale\" content=\"pt_BR\" \/>\n<meta property=\"og:type\" content=\"article\" \/>\n<meta property=\"og:title\" content=\"PT DE CURA\u00c7\u00c1 RCEPCIONA DEPUTADO FEDERAL ZEZ\u00c9U RIBEIRO  - Blog do Farn\u00e9sio\" \/>\n<meta property=\"og:description\" content=\"A Cidade de Cura&ccedil;&aacute; recebeu no &uacute;ltimo S&aacute;bado (02) a visita do Deputado Federal Zez&eacute;u Ribeiro (PT) que foi recepcionado pelo diret&oacute;rio Municipal do Partido e muitos simpatizantes numa palestra que aconteceu no teatro Raul Coelho, que contou com representantes de v&aacute;rios partidos como PSDB, PP E PDT.Nas falas dos presentes muitos agradecimentos pela presen&ccedil;a e pelas a&ccedil;&otilde;es do Deputado, numa composi&ccedil;&atilde;o de mesa sem formalidades estavam o Presidente do PT local Roque Soares, a Professora Juc&eacute;lia Almeida secret&aacute;ria do partido, Dod&oacute; articulador do Deputado, representantes dos Partidos da base aliada e o Prefeito do Munic&iacute;pio Salvador Lopes (PT) que fez quest&atilde;o de ressaltar a import&acirc;ncia do Deputado representar o Munic&iacute;pio em Bras&iacute;lia.&nbsp;J&aacute; o Deputado agradeceu a todos e disse&hellip;\" \/>\n<meta property=\"og:url\" content=\"https:\/\/blogdofarnesio.com.br\/?p=14583\" \/>\n<meta property=\"og:site_name\" content=\"Blog do Farn\u00e9sio\" \/>\n<meta property=\"article:publisher\" content=\"https:\/\/www.facebook.com\/BlogQuerSaberPolitica\/\" \/>\n<meta property=\"article:published_time\" content=\"2012-06-05T08:29:11+00:00\" \/>\n<meta property=\"og:image\" content=\"http:\/\/www.quersaberpolitica.com.br\/2016\/wp-content\/uploads\/2012\/12\/blogqsp.cura&ccedil;aa.jpg\" \/>\n<meta name=\"twitter:card\" content=\"summary_large_image\" \/>\n<meta name=\"twitter:label1\" content=\"Est. tempo de leitura\" \/>\n\t<meta name=\"twitter:data1\" content=\"1 minuto\" \/>\n<script type=\"application\/ld+json\" class=\"yoast-schema-graph\">{\"@context\":\"https:\\\/\\\/schema.org\",\"@graph\":[{\"@type\":\"Article\",\"@id\":\"https:\\\/\\\/blogdofarnesio.com.br\\\/?p=14583#article\",\"isPartOf\":{\"@id\":\"https:\\\/\\\/blogdofarnesio.com.br\\\/?p=14583\"},\"author\":{\"name\":\"\",\"@id\":\"\"},\"headline\":\"PT DE CURA\u00c7\u00c1 RCEPCIONA DEPUTADO FEDERAL ZEZ\u00c9U RIBEIRO\",\"datePublished\":\"2012-06-05T08:29:11+00:00\",\"mainEntityOfPage\":{\"@id\":\"https:\\\/\\\/blogdofarnesio.com.br\\\/?p=14583\"},\"wordCount\":235,\"commentCount\":0,\"publisher\":{\"@id\":\"https:\\\/\\\/blogdofarnesio.com.br\\\/#organization\"},\"image\":{\"@id\":\"https:\\\/\\\/blogdofarnesio.com.br\\\/?p=14583#primaryimage\"},\"thumbnailUrl\":\"http:\\\/\\\/www.quersaberpolitica.com.br\\\/2016\\\/wp-content\\\/uploads\\\/2012\\\/12\\\/blogqsp.cura&ccedil;aa.jpg\",\"inLanguage\":\"pt-BR\",\"potentialAction\":[{\"@type\":\"CommentAction\",\"name\":\"Comment\",\"target\":[\"https:\\\/\\\/blogdofarnesio.com.br\\\/?p=14583#respond\"]}]},{\"@type\":\"WebPage\",\"@id\":\"https:\\\/\\\/blogdofarnesio.com.br\\\/?p=14583\",\"url\":\"https:\\\/\\\/blogdofarnesio.com.br\\\/?p=14583\",\"name\":\"PT DE CURA\u00c7\u00c1 RCEPCIONA DEPUTADO FEDERAL ZEZ\u00c9U RIBEIRO - Blog do Farn\u00e9sio\",\"isPartOf\":{\"@id\":\"https:\\\/\\\/blogdofarnesio.com.br\\\/#website\"},\"primaryImageOfPage\":{\"@id\":\"https:\\\/\\\/blogdofarnesio.com.br\\\/?p=14583#primaryimage\"},\"image\":{\"@id\":\"https:\\\/\\\/blogdofarnesio.com.br\\\/?p=14583#primaryimage\"},\"thumbnailUrl\":\"http:\\\/\\\/www.quersaberpolitica.com.br\\\/2016\\\/wp-content\\\/uploads\\\/2012\\\/12\\\/blogqsp.cura&ccedil;aa.jpg\",\"datePublished\":\"2012-06-05T08:29:11+00:00\",\"breadcrumb\":{\"@id\":\"https:\\\/\\\/blogdofarnesio.com.br\\\/?p=14583#breadcrumb\"},\"inLanguage\":\"pt-BR\",\"potentialAction\":[{\"@type\":\"ReadAction\",\"target\":[\"https:\\\/\\\/blogdofarnesio.com.br\\\/?p=14583\"]}]},{\"@type\":\"ImageObject\",\"inLanguage\":\"pt-BR\",\"@id\":\"https:\\\/\\\/blogdofarnesio.com.br\\\/?p=14583#primaryimage\",\"url\":\"http:\\\/\\\/www.quersaberpolitica.com.br\\\/2016\\\/wp-content\\\/uploads\\\/2012\\\/12\\\/blogqsp.cura&ccedil;aa.jpg\",\"contentUrl\":\"http:\\\/\\\/www.quersaberpolitica.com.br\\\/2016\\\/wp-content\\\/uploads\\\/2012\\\/12\\\/blogqsp.cura&ccedil;aa.jpg\"},{\"@type\":\"BreadcrumbList\",\"@id\":\"https:\\\/\\\/blogdofarnesio.com.br\\\/?p=14583#breadcrumb\",\"itemListElement\":[{\"@type\":\"ListItem\",\"position\":1,\"name\":\"In\u00edcio\",\"item\":\"https:\\\/\\\/blogdofarnesio.com.br\\\/\"},{\"@type\":\"ListItem\",\"position\":2,\"name\":\"PT DE CURA\u00c7\u00c1 RCEPCIONA DEPUTADO FEDERAL ZEZ\u00c9U RIBEIRO\"}]},{\"@type\":\"WebSite\",\"@id\":\"https:\\\/\\\/blogdofarnesio.com.br\\\/#website\",\"url\":\"https:\\\/\\\/blogdofarnesio.com.br\\\/\",\"name\":\"Blog do Farn\u00e9sio\",\"description\":\"Quer Saber Pol\u00edtica?\",\"publisher\":{\"@id\":\"https:\\\/\\\/blogdofarnesio.com.br\\\/#organization\"},\"potentialAction\":[{\"@type\":\"SearchAction\",\"target\":{\"@type\":\"EntryPoint\",\"urlTemplate\":\"https:\\\/\\\/blogdofarnesio.com.br\\\/?s={search_term_string}\"},\"query-input\":{\"@type\":\"PropertyValueSpecification\",\"valueRequired\":true,\"valueName\":\"search_term_string\"}}],\"inLanguage\":\"pt-BR\"},{\"@type\":\"Organization\",\"@id\":\"https:\\\/\\\/blogdofarnesio.com.br\\\/#organization\",\"name\":\"Blog do Farn\u00e9sio\",\"url\":\"https:\\\/\\\/blogdofarnesio.com.br\\\/\",\"logo\":{\"@type\":\"ImageObject\",\"inLanguage\":\"pt-BR\",\"@id\":\"https:\\\/\\\/blogdofarnesio.com.br\\\/#\\\/schema\\\/logo\\\/image\\\/\",\"url\":\"https:\\\/\\\/blogdofarnesio.com.br\\\/wp-content\\\/uploads\\\/2026\\\/03\\\/cropped-logo_new-1.png\",\"contentUrl\":\"https:\\\/\\\/blogdofarnesio.com.br\\\/wp-content\\\/uploads\\\/2026\\\/03\\\/cropped-logo_new-1.png\",\"width\":881,\"height\":685,\"caption\":\"Blog do Farn\u00e9sio\"},\"image\":{\"@id\":\"https:\\\/\\\/blogdofarnesio.com.br\\\/#\\\/schema\\\/logo\\\/image\\\/\"},\"sameAs\":[\"https:\\\/\\\/www.facebook.com\\\/BlogQuerSaberPolitica\\\/\"]}]}<\/script>\n<!-- \/ Yoast SEO plugin. -->","yoast_head_json":{"title":"PT DE CURA\u00c7\u00c1 RCEPCIONA DEPUTADO FEDERAL ZEZ\u00c9U RIBEIRO  - Blog do Farn\u00e9sio","robots":{"index":"index","follow":"follow","max-snippet":"max-snippet:-1","max-image-preview":"max-image-preview:large","max-video-preview":"max-video-preview:-1"},"canonical":"https:\/\/blogdofarnesio.com.br\/?p=14583","og_locale":"pt_BR","og_type":"article","og_title":"PT DE CURA\u00c7\u00c1 RCEPCIONA DEPUTADO FEDERAL ZEZ\u00c9U RIBEIRO  - Blog do Farn\u00e9sio","og_description":"A Cidade de Cura&ccedil;&aacute; recebeu no &uacute;ltimo S&aacute;bado (02) a visita do Deputado Federal Zez&eacute;u Ribeiro (PT) que foi recepcionado pelo diret&oacute;rio Municipal do Partido e muitos simpatizantes numa palestra que aconteceu no teatro Raul Coelho, que contou com representantes de v&aacute;rios partidos como PSDB, PP E PDT.Nas falas dos presentes muitos agradecimentos pela presen&ccedil;a e pelas a&ccedil;&otilde;es do Deputado, numa composi&ccedil;&atilde;o de mesa sem formalidades estavam o Presidente do PT local Roque Soares, a Professora Juc&eacute;lia Almeida secret&aacute;ria do partido, Dod&oacute; articulador do Deputado, representantes dos Partidos da base aliada e o Prefeito do Munic&iacute;pio Salvador Lopes (PT) que fez quest&atilde;o de ressaltar a import&acirc;ncia do Deputado representar o Munic&iacute;pio em Bras&iacute;lia.&nbsp;J&aacute; o Deputado agradeceu a todos e disse&hellip;","og_url":"https:\/\/blogdofarnesio.com.br\/?p=14583","og_site_name":"Blog do Farn\u00e9sio","article_publisher":"https:\/\/www.facebook.com\/BlogQuerSaberPolitica\/","article_published_time":"2012-06-05T08:29:11+00:00","og_image":[{"url":"http:\/\/www.quersaberpolitica.com.br\/2016\/wp-content\/uploads\/2012\/12\/blogqsp.cura&ccedil;aa.jpg","type":"","width":"","height":""}],"twitter_card":"summary_large_image","twitter_misc":{"Est. tempo de leitura":"1 minuto"},"schema":{"@context":"https:\/\/schema.org","@graph":[{"@type":"Article","@id":"https:\/\/blogdofarnesio.com.br\/?p=14583#article","isPartOf":{"@id":"https:\/\/blogdofarnesio.com.br\/?p=14583"},"author":{"name":"","@id":""},"headline":"PT DE CURA\u00c7\u00c1 RCEPCIONA DEPUTADO FEDERAL ZEZ\u00c9U RIBEIRO","datePublished":"2012-06-05T08:29:11+00:00","mainEntityOfPage":{"@id":"https:\/\/blogdofarnesio.com.br\/?p=14583"},"wordCount":235,"commentCount":0,"publisher":{"@id":"https:\/\/blogdofarnesio.com.br\/#organization"},"image":{"@id":"https:\/\/blogdofarnesio.com.br\/?p=14583#primaryimage"},"thumbnailUrl":"http:\/\/www.quersaberpolitica.com.br\/2016\/wp-content\/uploads\/2012\/12\/blogqsp.cura&ccedil;aa.jpg","inLanguage":"pt-BR","potentialAction":[{"@type":"CommentAction","name":"Comment","target":["https:\/\/blogdofarnesio.com.br\/?p=14583#respond"]}]},{"@type":"WebPage","@id":"https:\/\/blogdofarnesio.com.br\/?p=14583","url":"https:\/\/blogdofarnesio.com.br\/?p=14583","name":"PT DE CURA\u00c7\u00c1 RCEPCIONA DEPUTADO FEDERAL ZEZ\u00c9U RIBEIRO - Blog do Farn\u00e9sio","isPartOf":{"@id":"https:\/\/blogdofarnesio.com.br\/#website"},"primaryImageOfPage":{"@id":"https:\/\/blogdofarnesio.com.br\/?p=14583#primaryimage"},"image":{"@id":"https:\/\/blogdofarnesio.com.br\/?p=14583#primaryimage"},"thumbnailUrl":"http:\/\/www.quersaberpolitica.com.br\/2016\/wp-content\/uploads\/2012\/12\/blogqsp.cura&ccedil;aa.jpg","datePublished":"2012-06-05T08:29:11+00:00","breadcrumb":{"@id":"https:\/\/blogdofarnesio.com.br\/?p=14583#breadcrumb"},"inLanguage":"pt-BR","potentialAction":[{"@type":"ReadAction","target":["https:\/\/blogdofarnesio.com.br\/?p=14583"]}]},{"@type":"ImageObject","inLanguage":"pt-BR","@id":"https:\/\/blogdofarnesio.com.br\/?p=14583#primaryimage","url":"http:\/\/www.quersaberpolitica.com.br\/2016\/wp-content\/uploads\/2012\/12\/blogqsp.cura&ccedil;aa.jpg","contentUrl":"http:\/\/www.quersaberpolitica.com.br\/2016\/wp-content\/uploads\/2012\/12\/blogqsp.cura&ccedil;aa.jpg"},{"@type":"BreadcrumbList","@id":"https:\/\/blogdofarnesio.com.br\/?p=14583#breadcrumb","itemListElement":[{"@type":"ListItem","position":1,"name":"In\u00edcio","item":"https:\/\/blogdofarnesio.com.br\/"},{"@type":"ListItem","position":2,"name":"PT DE CURA\u00c7\u00c1 RCEPCIONA DEPUTADO FEDERAL ZEZ\u00c9U RIBEIRO"}]},{"@type":"WebSite","@id":"https:\/\/blogdofarnesio.com.br\/#website","url":"https:\/\/blogdofarnesio.com.br\/","name":"Blog do Farn\u00e9sio","description":"Quer Saber Pol\u00edtica?","publisher":{"@id":"https:\/\/blogdofarnesio.com.br\/#organization"},"potentialAction":[{"@type":"SearchAction","target":{"@type":"EntryPoint","urlTemplate":"https:\/\/blogdofarnesio.com.br\/?s={search_term_string}"},"query-input":{"@type":"PropertyValueSpecification","valueRequired":true,"valueName":"search_term_string"}}],"inLanguage":"pt-BR"},{"@type":"Organization","@id":"https:\/\/blogdofarnesio.com.br\/#organization","name":"Blog do Farn\u00e9sio","url":"https:\/\/blogdofarnesio.com.br\/","logo":{"@type":"ImageObject","inLanguage":"pt-BR","@id":"https:\/\/blogdofarnesio.com.br\/#\/schema\/logo\/image\/","url":"https:\/\/blogdofarnesio.com.br\/wp-content\/uploads\/2026\/03\/cropped-logo_new-1.png","contentUrl":"https:\/\/blogdofarnesio.com.br\/wp-content\/uploads\/2026\/03\/cropped-logo_new-1.png","width":881,"height":685,"caption":"Blog do Farn\u00e9sio"},"image":{"@id":"https:\/\/blogdofarnesio.com.br\/#\/schema\/logo\/image\/"},"sameAs":["https:\/\/www.facebook.com\/BlogQuerSaberPolitica\/"]}]}},"_links":{"self":[{"href":"https:\/\/blogdofarnesio.com.br\/index.php?rest_route=\/wp\/v2\/posts\/14583","targetHints":{"allow":["GET"]}}],"collection":[{"href":"https:\/\/blogdofarnesio.com.br\/index.php?rest_route=\/wp\/v2\/posts"}],"about":[{"href":"https:\/\/blogdofarnesio.com.br\/index.php?rest_route=\/wp\/v2\/types\/post"}],"replies":[{"embeddable":true,"href":"https:\/\/blogdofarnesio.com.br\/index.php?rest_route=%2Fwp%2Fv2%2Fcomments&post=14583"}],"version-history":[{"count":0,"href":"https:\/\/blogdofarnesio.com.br\/index.php?rest_route=\/wp\/v2\/posts\/14583\/revisions"}],"wp:attachment":[{"href":"https:\/\/blogdofarnesio.com.br\/index.php?rest_route=%2Fwp%2Fv2%2Fmedia&parent=14583"}],"wp:term":[{"taxonomy":"category","embeddable":true,"href":"https:\/\/blogdofarnesio.com.br\/index.php?rest_route=%2Fwp%2Fv2%2Fcategories&post=14583"},{"taxonomy":"post_tag","embeddable":true,"href":"https:\/\/blogdofarnesio.com.br\/index.php?rest_route=%2Fwp%2Fv2%2Ftags&post=14583"}],"curies":[{"name":"wp","href":"https:\/\/api.w.org\/{rel}","templated":true}]}}