{"id":145712,"date":"2016-07-23T11:00:29","date_gmt":"2016-07-23T14:00:29","guid":{"rendered":"http:\/\/www.quersaberpolitica.com.br\/?p=145712"},"modified":"2016-07-23T08:30:24","modified_gmt":"2016-07-23T11:30:24","slug":"moro-diz-que-tinha-elementos-para-prender-lula-em-marco","status":"publish","type":"post","link":"https:\/\/blogdofarnesio.com.br\/?p=145712","title":{"rendered":"MORO DIZ QUE TINHA ELEMENTOS PARA PRENDER LULA EM MAR\u00c7O"},"content":{"rendered":"<p style=\"text-align: justify\"><a href=\"http:\/\/www.quersaberpolitica.com.br\/2016\/wp-content\/uploads\/2016\/03\/sergio-moro.jpg\"><img loading=\"lazy\" decoding=\"async\" class=\"  wp-image-138746 aligncenter\" src=\"http:\/\/www.quersaberpolitica.com.br\/2016\/wp-content\/uploads\/2016\/03\/sergio-moro-300x200.jpg\" alt=\"sergio-moro\" width=\"469\" height=\"319\" \/><\/a><\/p>\n<p style=\"text-align: justify\">Em resposta aos advogados do ex-presidente Lula, o juiz S\u00e9rgio Moro n\u00e3o s\u00f3 rebateu a afirma\u00e7\u00e3o de que deveria se colocar em suspei\u00e7\u00e3o nas investiga\u00e7\u00f5es como disse que havia elementos suficientes para decretar a pris\u00e3o tempor\u00e1ria do petista em mar\u00e7o, mas optou por uma medida &#8220;menos gravosa&#8221;: a condu\u00e7\u00e3o coercitiva. Defensores de Lula criticaram intercepta\u00e7\u00e3o telef\u00f4nica obtida, segundo eles, de forma &#8220;ilegal&#8221; e usada de maneira &#8220;parcial&#8221;.<\/p>\n<p style=\"text-align: justify\">&#8220;Rigorosamente, a intercepta\u00e7\u00e3o revelou uma s\u00e9rie de di\u00e1logos do ex-presidente nos quais h\u00e1 indica\u00e7\u00e3o, em cogni\u00e7\u00e3o sum\u00e1ria, de sua inten\u00e7\u00e3o de obstruir as investiga\u00e7\u00f5es, como no exemplo citado, o que por si s\u00f3 poderia justificar, por ocasi\u00e3o da busca e apreens\u00e3o, a pris\u00e3o tempor\u00e1ria dele, tendo sido optado, por\u00e9m, pela medida menos gravosa da condu\u00e7\u00e3o coercitiva&#8221;, afirmou o juiz em seu despacho.<\/p>\n<p style=\"text-align: justify\">No documento de 15 p\u00e1ginas protocolado nesta sexta-feira, Moro afirmou que n\u00e3o vai abrir m\u00e3o do caso e que &#8220;falta seriedade&#8221; \u00e0 argumenta\u00e7\u00e3o dos advogados de Lula.<\/p>\n<p style=\"text-align: justify\">\u201cN\u00e3o h\u00e1 nenhum fato objetivo que justifique a presente exce\u00e7\u00e3o, tratando-se apenas de ve\u00edculo impr\u00f3prio para a irresigna\u00e7\u00e3o da defesa do excipiente (Lula) contra as decis\u00f5es do presente julgador e, em alguns t\u00f3picos, \u00e9 at\u00e9 mesmo bem menos do que isso.<\/p>\n<p style=\"text-align: justify\">Al\u00e9m do argumento de que Moro ordenou medidas de maneira &#8220;ilegal&#8221; e &#8220;parcial&#8221;, os advogados do petista afirmam que o juiz seria suspeito pois teria levantado ilegalmente o sigilo sobre di\u00e1logos interceptados. Eles dizem ainda que o Moro teria pr\u00e9julgado Lula ao prestar informa\u00e7\u00f5es ao Supremo Tribunal Federal e seria suspeito porque ter relacionamento com a imprensa.<\/p>\n<p style=\"text-align: justify\">\u201cFalta seriedade \u00e0 argumenta\u00e7\u00e3o da defesa\u201d, afirma o juiz.<\/p>\n<p style=\"text-align: justify\">Os advogados de Lula chegam a afirmar que o juiz tomou medidas contra Moro por conta de raz\u00f5es pol\u00edtica-eleitorais. O juiz rebate:<\/p>\n<p style=\"text-align: justify\">\u201cTrata-se aqui de afirma\u00e7\u00e3o falsa. Este julgador jamais participou de evento pol\u00edtico. Nenhum dos eventos citados, organizados principalmente por \u00f3rg\u00e3os da imprensa, constitui evento pol\u00edtico\u201d<\/p>\n<p style=\"text-align: justify\">Ontem, os advogados voltaram a atacar Moro \u201cO juiz Sergio Moro recusou-se a reconhecer que perdeu a imparcialidade para julgar o ex-Presidente Luiz In\u00e1cio Lula da Silva e apresentou sua defesa para futuro julgamento pelo Tribunal Regional Federal da 4\u00aa. Regi\u00e3o. A defesa apresentada por Moro, todavia, apenas deixou ainda mais evidente a sua parcialidade em rela\u00e7\u00e3o a Lula, pois a pe\u00e7a: (a) acusa; (b) nega, de forma inconsistente, as arbitrariedades praticadas; (c) faz indevidos ju\u00edzos de valor; e, ainda, (d) distorce e ignora fatos relevantes.<\/p>\n<p style=\"text-align: justify\">\u201cAo deixar de reconhecer que perdeu a imparcialidade para julgar Lula, diante de t\u00e3o relevantes fatos, o juiz Moro comete inequ\u00edvoco atentado contra a Constitui\u00e7\u00e3o Federal e, ainda, contra os Tratados Internacionais que o Brasil se obrigou a cumprir, que asseguram a figura de um juiz imparcial e de um julgamento justo. Os advogados de Lula tomar\u00e3o todas as provid\u00eancias necess\u00e1rias para que seu cliente n\u00e3o seja submetido a novas arbitrariedades\u201d, afirma a nota assinada por Cristiano Zanin Martins e Roberto Teixeira.<\/p>\n<p style=\"text-align: justify\"><em>Boc\u00e3o News<\/em><\/p>\n","protected":false},"excerpt":{"rendered":"<p>Em resposta aos advogados do ex-presidente Lula, o juiz S\u00e9rgio Moro n\u00e3o s\u00f3 rebateu a afirma\u00e7\u00e3o de que deveria se colocar em suspei\u00e7\u00e3o nas investiga\u00e7\u00f5es como disse que havia elementos suficientes para decretar a pris\u00e3o tempor\u00e1ria do petista em mar\u00e7o, mas optou por uma medida &#8220;menos gravosa&#8221;: a condu\u00e7\u00e3o coercitiva. Defensores de Lula criticaram intercepta\u00e7\u00e3o telef\u00f4nica obtida, segundo eles, de forma &#8220;ilegal&#8221; e usada de maneira &#8220;parcial&#8221;. &#8220;Rigorosamente, a intercepta\u00e7\u00e3o revelou uma s\u00e9rie de di\u00e1logos do ex-presidente nos quais h\u00e1 indica\u00e7\u00e3o, em cogni\u00e7\u00e3o sum\u00e1ria, de sua inten\u00e7\u00e3o de obstruir as investiga\u00e7\u00f5es, como no exemplo citado, o que por si s\u00f3 poderia justificar, por ocasi\u00e3o da busca e apreens\u00e3o, a pris\u00e3o tempor\u00e1ria dele, tendo sido optado, por\u00e9m, pela medida menos gravosa&hellip; <\/p>\n","protected":false},"author":7,"featured_media":0,"comment_status":"open","ping_status":"open","sticky":false,"template":"","format":"standard","meta":{"_acf_changed":false,"footnotes":""},"categories":[1],"tags":[],"class_list":["post-145712","post","type-post","status-publish","format-standard","hentry","category-politica"],"acf":[],"yoast_head":"<!-- This site is optimized with the Yoast SEO plugin v27.4 - https:\/\/yoast.com\/product\/yoast-seo-wordpress\/ -->\n<title>MORO DIZ QUE TINHA ELEMENTOS PARA PRENDER LULA EM MAR\u00c7O - Blog do Farn\u00e9sio<\/title>\n<meta name=\"robots\" content=\"index, follow, max-snippet:-1, max-image-preview:large, max-video-preview:-1\" \/>\n<link rel=\"canonical\" href=\"https:\/\/blogdofarnesio.com.br\/?p=145712\" \/>\n<meta property=\"og:locale\" content=\"pt_BR\" \/>\n<meta property=\"og:type\" content=\"article\" \/>\n<meta property=\"og:title\" content=\"MORO DIZ QUE TINHA ELEMENTOS PARA PRENDER LULA EM MAR\u00c7O - Blog do Farn\u00e9sio\" \/>\n<meta property=\"og:description\" content=\"Em resposta aos advogados do ex-presidente Lula, o juiz S\u00e9rgio Moro n\u00e3o s\u00f3 rebateu a afirma\u00e7\u00e3o de que deveria se colocar em suspei\u00e7\u00e3o nas investiga\u00e7\u00f5es como disse que havia elementos suficientes para decretar a pris\u00e3o tempor\u00e1ria do petista em mar\u00e7o, mas optou por uma medida &#8220;menos gravosa&#8221;: a condu\u00e7\u00e3o coercitiva. Defensores de Lula criticaram intercepta\u00e7\u00e3o telef\u00f4nica obtida, segundo eles, de forma &#8220;ilegal&#8221; e usada de maneira &#8220;parcial&#8221;. &#8220;Rigorosamente, a intercepta\u00e7\u00e3o revelou uma s\u00e9rie de di\u00e1logos do ex-presidente nos quais h\u00e1 indica\u00e7\u00e3o, em cogni\u00e7\u00e3o sum\u00e1ria, de sua inten\u00e7\u00e3o de obstruir as investiga\u00e7\u00f5es, como no exemplo citado, o que por si s\u00f3 poderia justificar, por ocasi\u00e3o da busca e apreens\u00e3o, a pris\u00e3o tempor\u00e1ria dele, tendo sido optado, por\u00e9m, pela medida menos gravosa&hellip;\" \/>\n<meta property=\"og:url\" content=\"https:\/\/blogdofarnesio.com.br\/?p=145712\" \/>\n<meta property=\"og:site_name\" content=\"Blog do Farn\u00e9sio\" \/>\n<meta property=\"article:publisher\" content=\"https:\/\/www.facebook.com\/BlogQuerSaberPolitica\/\" \/>\n<meta property=\"article:published_time\" content=\"2016-07-23T14:00:29+00:00\" \/>\n<meta property=\"og:image\" content=\"http:\/\/www.quersaberpolitica.com.br\/2016\/wp-content\/uploads\/2016\/03\/sergio-moro-300x200.jpg\" \/>\n<meta name=\"twitter:card\" content=\"summary_large_image\" \/>\n<meta name=\"twitter:label1\" content=\"Escrito por\" \/>\n\t<meta name=\"twitter:data1\" content=\"\" \/>\n\t<meta name=\"twitter:label2\" content=\"Est. tempo de leitura\" \/>\n\t<meta name=\"twitter:data2\" content=\"3 minutos\" \/>\n<script type=\"application\/ld+json\" class=\"yoast-schema-graph\">{\"@context\":\"https:\\\/\\\/schema.org\",\"@graph\":[{\"@type\":\"Article\",\"@id\":\"https:\\\/\\\/blogdofarnesio.com.br\\\/?p=145712#article\",\"isPartOf\":{\"@id\":\"https:\\\/\\\/blogdofarnesio.com.br\\\/?p=145712\"},\"author\":{\"name\":\"\",\"@id\":\"\"},\"headline\":\"MORO DIZ QUE TINHA ELEMENTOS PARA PRENDER LULA EM MAR\u00c7O\",\"datePublished\":\"2016-07-23T14:00:29+00:00\",\"mainEntityOfPage\":{\"@id\":\"https:\\\/\\\/blogdofarnesio.com.br\\\/?p=145712\"},\"wordCount\":546,\"commentCount\":0,\"publisher\":{\"@id\":\"https:\\\/\\\/blogdofarnesio.com.br\\\/#organization\"},\"image\":{\"@id\":\"https:\\\/\\\/blogdofarnesio.com.br\\\/?p=145712#primaryimage\"},\"thumbnailUrl\":\"http:\\\/\\\/www.quersaberpolitica.com.br\\\/2016\\\/wp-content\\\/uploads\\\/2016\\\/03\\\/sergio-moro-300x200.jpg\",\"articleSection\":[\"Pol\u00edtica\"],\"inLanguage\":\"pt-BR\",\"potentialAction\":[{\"@type\":\"CommentAction\",\"name\":\"Comment\",\"target\":[\"https:\\\/\\\/blogdofarnesio.com.br\\\/?p=145712#respond\"]}]},{\"@type\":\"WebPage\",\"@id\":\"https:\\\/\\\/blogdofarnesio.com.br\\\/?p=145712\",\"url\":\"https:\\\/\\\/blogdofarnesio.com.br\\\/?p=145712\",\"name\":\"MORO DIZ QUE TINHA ELEMENTOS PARA PRENDER LULA EM MAR\u00c7O - Blog do Farn\u00e9sio\",\"isPartOf\":{\"@id\":\"https:\\\/\\\/blogdofarnesio.com.br\\\/#website\"},\"primaryImageOfPage\":{\"@id\":\"https:\\\/\\\/blogdofarnesio.com.br\\\/?p=145712#primaryimage\"},\"image\":{\"@id\":\"https:\\\/\\\/blogdofarnesio.com.br\\\/?p=145712#primaryimage\"},\"thumbnailUrl\":\"http:\\\/\\\/www.quersaberpolitica.com.br\\\/2016\\\/wp-content\\\/uploads\\\/2016\\\/03\\\/sergio-moro-300x200.jpg\",\"datePublished\":\"2016-07-23T14:00:29+00:00\",\"breadcrumb\":{\"@id\":\"https:\\\/\\\/blogdofarnesio.com.br\\\/?p=145712#breadcrumb\"},\"inLanguage\":\"pt-BR\",\"potentialAction\":[{\"@type\":\"ReadAction\",\"target\":[\"https:\\\/\\\/blogdofarnesio.com.br\\\/?p=145712\"]}]},{\"@type\":\"ImageObject\",\"inLanguage\":\"pt-BR\",\"@id\":\"https:\\\/\\\/blogdofarnesio.com.br\\\/?p=145712#primaryimage\",\"url\":\"http:\\\/\\\/www.quersaberpolitica.com.br\\\/2016\\\/wp-content\\\/uploads\\\/2016\\\/03\\\/sergio-moro-300x200.jpg\",\"contentUrl\":\"http:\\\/\\\/www.quersaberpolitica.com.br\\\/2016\\\/wp-content\\\/uploads\\\/2016\\\/03\\\/sergio-moro-300x200.jpg\"},{\"@type\":\"BreadcrumbList\",\"@id\":\"https:\\\/\\\/blogdofarnesio.com.br\\\/?p=145712#breadcrumb\",\"itemListElement\":[{\"@type\":\"ListItem\",\"position\":1,\"name\":\"In\u00edcio\",\"item\":\"https:\\\/\\\/blogdofarnesio.com.br\\\/\"},{\"@type\":\"ListItem\",\"position\":2,\"name\":\"MORO DIZ QUE TINHA ELEMENTOS PARA PRENDER LULA EM MAR\u00c7O\"}]},{\"@type\":\"WebSite\",\"@id\":\"https:\\\/\\\/blogdofarnesio.com.br\\\/#website\",\"url\":\"https:\\\/\\\/blogdofarnesio.com.br\\\/\",\"name\":\"Blog do Farn\u00e9sio\",\"description\":\"Quer Saber Pol\u00edtica?\",\"publisher\":{\"@id\":\"https:\\\/\\\/blogdofarnesio.com.br\\\/#organization\"},\"potentialAction\":[{\"@type\":\"SearchAction\",\"target\":{\"@type\":\"EntryPoint\",\"urlTemplate\":\"https:\\\/\\\/blogdofarnesio.com.br\\\/?s={search_term_string}\"},\"query-input\":{\"@type\":\"PropertyValueSpecification\",\"valueRequired\":true,\"valueName\":\"search_term_string\"}}],\"inLanguage\":\"pt-BR\"},{\"@type\":\"Organization\",\"@id\":\"https:\\\/\\\/blogdofarnesio.com.br\\\/#organization\",\"name\":\"Blog do Farn\u00e9sio\",\"url\":\"https:\\\/\\\/blogdofarnesio.com.br\\\/\",\"logo\":{\"@type\":\"ImageObject\",\"inLanguage\":\"pt-BR\",\"@id\":\"https:\\\/\\\/blogdofarnesio.com.br\\\/#\\\/schema\\\/logo\\\/image\\\/\",\"url\":\"https:\\\/\\\/blogdofarnesio.com.br\\\/wp-content\\\/uploads\\\/2026\\\/03\\\/cropped-logo_new-1.png\",\"contentUrl\":\"https:\\\/\\\/blogdofarnesio.com.br\\\/wp-content\\\/uploads\\\/2026\\\/03\\\/cropped-logo_new-1.png\",\"width\":881,\"height\":685,\"caption\":\"Blog do Farn\u00e9sio\"},\"image\":{\"@id\":\"https:\\\/\\\/blogdofarnesio.com.br\\\/#\\\/schema\\\/logo\\\/image\\\/\"},\"sameAs\":[\"https:\\\/\\\/www.facebook.com\\\/BlogQuerSaberPolitica\\\/\"]},{\"@type\":\"Person\",\"@id\":\"\",\"url\":\"https:\\\/\\\/blogdofarnesio.com.br\\\/?author=7\"}]}<\/script>\n<!-- \/ Yoast SEO plugin. -->","yoast_head_json":{"title":"MORO DIZ QUE TINHA ELEMENTOS PARA PRENDER LULA EM MAR\u00c7O - Blog do Farn\u00e9sio","robots":{"index":"index","follow":"follow","max-snippet":"max-snippet:-1","max-image-preview":"max-image-preview:large","max-video-preview":"max-video-preview:-1"},"canonical":"https:\/\/blogdofarnesio.com.br\/?p=145712","og_locale":"pt_BR","og_type":"article","og_title":"MORO DIZ QUE TINHA ELEMENTOS PARA PRENDER LULA EM MAR\u00c7O - Blog do Farn\u00e9sio","og_description":"Em resposta aos advogados do ex-presidente Lula, o juiz S\u00e9rgio Moro n\u00e3o s\u00f3 rebateu a afirma\u00e7\u00e3o de que deveria se colocar em suspei\u00e7\u00e3o nas investiga\u00e7\u00f5es como disse que havia elementos suficientes para decretar a pris\u00e3o tempor\u00e1ria do petista em mar\u00e7o, mas optou por uma medida &#8220;menos gravosa&#8221;: a condu\u00e7\u00e3o coercitiva. Defensores de Lula criticaram intercepta\u00e7\u00e3o telef\u00f4nica obtida, segundo eles, de forma &#8220;ilegal&#8221; e usada de maneira &#8220;parcial&#8221;. &#8220;Rigorosamente, a intercepta\u00e7\u00e3o revelou uma s\u00e9rie de di\u00e1logos do ex-presidente nos quais h\u00e1 indica\u00e7\u00e3o, em cogni\u00e7\u00e3o sum\u00e1ria, de sua inten\u00e7\u00e3o de obstruir as investiga\u00e7\u00f5es, como no exemplo citado, o que por si s\u00f3 poderia justificar, por ocasi\u00e3o da busca e apreens\u00e3o, a pris\u00e3o tempor\u00e1ria dele, tendo sido optado, por\u00e9m, pela medida menos gravosa&hellip;","og_url":"https:\/\/blogdofarnesio.com.br\/?p=145712","og_site_name":"Blog do Farn\u00e9sio","article_publisher":"https:\/\/www.facebook.com\/BlogQuerSaberPolitica\/","article_published_time":"2016-07-23T14:00:29+00:00","og_image":[{"url":"http:\/\/www.quersaberpolitica.com.br\/2016\/wp-content\/uploads\/2016\/03\/sergio-moro-300x200.jpg","type":"","width":"","height":""}],"twitter_card":"summary_large_image","twitter_misc":{"Escrito por":"","Est. tempo de leitura":"3 minutos"},"schema":{"@context":"https:\/\/schema.org","@graph":[{"@type":"Article","@id":"https:\/\/blogdofarnesio.com.br\/?p=145712#article","isPartOf":{"@id":"https:\/\/blogdofarnesio.com.br\/?p=145712"},"author":{"name":"","@id":""},"headline":"MORO DIZ QUE TINHA ELEMENTOS PARA PRENDER LULA EM MAR\u00c7O","datePublished":"2016-07-23T14:00:29+00:00","mainEntityOfPage":{"@id":"https:\/\/blogdofarnesio.com.br\/?p=145712"},"wordCount":546,"commentCount":0,"publisher":{"@id":"https:\/\/blogdofarnesio.com.br\/#organization"},"image":{"@id":"https:\/\/blogdofarnesio.com.br\/?p=145712#primaryimage"},"thumbnailUrl":"http:\/\/www.quersaberpolitica.com.br\/2016\/wp-content\/uploads\/2016\/03\/sergio-moro-300x200.jpg","articleSection":["Pol\u00edtica"],"inLanguage":"pt-BR","potentialAction":[{"@type":"CommentAction","name":"Comment","target":["https:\/\/blogdofarnesio.com.br\/?p=145712#respond"]}]},{"@type":"WebPage","@id":"https:\/\/blogdofarnesio.com.br\/?p=145712","url":"https:\/\/blogdofarnesio.com.br\/?p=145712","name":"MORO DIZ QUE TINHA ELEMENTOS PARA PRENDER LULA EM MAR\u00c7O - Blog do Farn\u00e9sio","isPartOf":{"@id":"https:\/\/blogdofarnesio.com.br\/#website"},"primaryImageOfPage":{"@id":"https:\/\/blogdofarnesio.com.br\/?p=145712#primaryimage"},"image":{"@id":"https:\/\/blogdofarnesio.com.br\/?p=145712#primaryimage"},"thumbnailUrl":"http:\/\/www.quersaberpolitica.com.br\/2016\/wp-content\/uploads\/2016\/03\/sergio-moro-300x200.jpg","datePublished":"2016-07-23T14:00:29+00:00","breadcrumb":{"@id":"https:\/\/blogdofarnesio.com.br\/?p=145712#breadcrumb"},"inLanguage":"pt-BR","potentialAction":[{"@type":"ReadAction","target":["https:\/\/blogdofarnesio.com.br\/?p=145712"]}]},{"@type":"ImageObject","inLanguage":"pt-BR","@id":"https:\/\/blogdofarnesio.com.br\/?p=145712#primaryimage","url":"http:\/\/www.quersaberpolitica.com.br\/2016\/wp-content\/uploads\/2016\/03\/sergio-moro-300x200.jpg","contentUrl":"http:\/\/www.quersaberpolitica.com.br\/2016\/wp-content\/uploads\/2016\/03\/sergio-moro-300x200.jpg"},{"@type":"BreadcrumbList","@id":"https:\/\/blogdofarnesio.com.br\/?p=145712#breadcrumb","itemListElement":[{"@type":"ListItem","position":1,"name":"In\u00edcio","item":"https:\/\/blogdofarnesio.com.br\/"},{"@type":"ListItem","position":2,"name":"MORO DIZ QUE TINHA ELEMENTOS PARA PRENDER LULA EM MAR\u00c7O"}]},{"@type":"WebSite","@id":"https:\/\/blogdofarnesio.com.br\/#website","url":"https:\/\/blogdofarnesio.com.br\/","name":"Blog do Farn\u00e9sio","description":"Quer Saber Pol\u00edtica?","publisher":{"@id":"https:\/\/blogdofarnesio.com.br\/#organization"},"potentialAction":[{"@type":"SearchAction","target":{"@type":"EntryPoint","urlTemplate":"https:\/\/blogdofarnesio.com.br\/?s={search_term_string}"},"query-input":{"@type":"PropertyValueSpecification","valueRequired":true,"valueName":"search_term_string"}}],"inLanguage":"pt-BR"},{"@type":"Organization","@id":"https:\/\/blogdofarnesio.com.br\/#organization","name":"Blog do Farn\u00e9sio","url":"https:\/\/blogdofarnesio.com.br\/","logo":{"@type":"ImageObject","inLanguage":"pt-BR","@id":"https:\/\/blogdofarnesio.com.br\/#\/schema\/logo\/image\/","url":"https:\/\/blogdofarnesio.com.br\/wp-content\/uploads\/2026\/03\/cropped-logo_new-1.png","contentUrl":"https:\/\/blogdofarnesio.com.br\/wp-content\/uploads\/2026\/03\/cropped-logo_new-1.png","width":881,"height":685,"caption":"Blog do Farn\u00e9sio"},"image":{"@id":"https:\/\/blogdofarnesio.com.br\/#\/schema\/logo\/image\/"},"sameAs":["https:\/\/www.facebook.com\/BlogQuerSaberPolitica\/"]},{"@type":"Person","@id":"","url":"https:\/\/blogdofarnesio.com.br\/?author=7"}]}},"_links":{"self":[{"href":"https:\/\/blogdofarnesio.com.br\/index.php?rest_route=\/wp\/v2\/posts\/145712","targetHints":{"allow":["GET"]}}],"collection":[{"href":"https:\/\/blogdofarnesio.com.br\/index.php?rest_route=\/wp\/v2\/posts"}],"about":[{"href":"https:\/\/blogdofarnesio.com.br\/index.php?rest_route=\/wp\/v2\/types\/post"}],"author":[{"embeddable":true,"href":"https:\/\/blogdofarnesio.com.br\/index.php?rest_route=\/wp\/v2\/users\/7"}],"replies":[{"embeddable":true,"href":"https:\/\/blogdofarnesio.com.br\/index.php?rest_route=%2Fwp%2Fv2%2Fcomments&post=145712"}],"version-history":[{"count":0,"href":"https:\/\/blogdofarnesio.com.br\/index.php?rest_route=\/wp\/v2\/posts\/145712\/revisions"}],"wp:attachment":[{"href":"https:\/\/blogdofarnesio.com.br\/index.php?rest_route=%2Fwp%2Fv2%2Fmedia&parent=145712"}],"wp:term":[{"taxonomy":"category","embeddable":true,"href":"https:\/\/blogdofarnesio.com.br\/index.php?rest_route=%2Fwp%2Fv2%2Fcategories&post=145712"},{"taxonomy":"post_tag","embeddable":true,"href":"https:\/\/blogdofarnesio.com.br\/index.php?rest_route=%2Fwp%2Fv2%2Ftags&post=145712"}],"curies":[{"name":"wp","href":"https:\/\/api.w.org\/{rel}","templated":true}]}}