{"id":145245,"date":"2016-07-16T11:00:52","date_gmt":"2016-07-16T14:00:52","guid":{"rendered":"http:\/\/www.quersaberpolitica.com.br\/?p=145245"},"modified":"2016-07-15T22:19:44","modified_gmt":"2016-07-16T01:19:44","slug":"sonora-brasil-em-temporada-neste-final-de-semana","status":"publish","type":"post","link":"https:\/\/blogdofarnesio.com.br\/?p=145245","title":{"rendered":"SONORA BRASIL EM TEMPORADA NESTE FINAL DE SEMANA"},"content":{"rendered":"<p><a href=\"http:\/\/www.quersaberpolitica.com.br\/2016\/wp-content\/uploads\/2016\/07\/blogqsp-violadonordeste.jpg\"><img loading=\"lazy\" decoding=\"async\" class=\"  wp-image-145246 aligncenter\" src=\"http:\/\/www.quersaberpolitica.com.br\/2016\/wp-content\/uploads\/2016\/07\/blogqsp-violadonordeste-300x199.jpg\" alt=\"blogqsp-violadonordeste\" width=\"373\" height=\"252\" \/><\/a><\/p>\n<p style=\"text-align: justify\">Reunidos pelo Sesc para divulgarem o tema Viola no Nordeste, atrav\u00e9s do projeto de ouvintes musicais Sonora Brasil, os m\u00fasicos Adelmo Arcoverde (PE), Raullino Silva (RN\/PE) e C\u00e1ssio Nobre (MA\/BA) d\u00e3o continuidade ao cronograma de apresenta\u00e7\u00e3o. O grupo iniciou nesta sexta (15) circuito de shows nas cidades de Bu\u00edque, Triunfo, Araripina e Petrolina.<\/p>\n<p style=\"text-align: justify\">Nestes\u00a0dias 16 (hoje), 18 e 19, o Sonora Brasil acontece, respectivamente, nos munic\u00edpios de Triunfo, no espa\u00e7o F\u00e1brica de Cria\u00e7\u00e3o Popular, \u00e0s 20h; em Araripina, no Lions Clube, \u00e0s\u00a0 19h; e em Petrolina, no Teatro Dona Am\u00e9lia, localizado na pr\u00f3pria unidade, \u00e0s 20h. Todas as exibi\u00e7\u00f5es s\u00e3o gratuitas.<\/p>\n<p style=\"text-align: justify\">No concerto, a viola no Nordeste \u00e9 encontrada em sua forma mais tradicional e em suas varia\u00e7\u00f5es t\u00edpicas, como as usadas pelos repentistas, que possui um sistema ac\u00fastico que melhora a proje\u00e7\u00e3o do som, e a machete, caracter\u00edstica da regi\u00e3o do Rec\u00f4ncavo Baiano. O projeto Sonora Brasil est\u00e1 na sua 19\u00b0 edi\u00e7\u00e3o e apresenta este ano o tema <em>Sonoros of\u00edcios \u2014 cantos de trabalho<\/em> e <em>Violas brasileiras<\/em>. O objetivo \u00e9 difundir as musicais identificadas com o desenvolvimento hist\u00f3rico da m\u00fasica no Brasil.<\/p>\n<p style=\"text-align: justify\"><strong>Sobre os m\u00fasicos:<\/strong><\/p>\n<p style=\"text-align: justify\"><strong>Adelmo Arcoverde<\/strong> \u2013 \u00c9 um dos mais importantes representantes da viola nordestina. Traz um estilo virtuos\u00edstico e vers\u00e1til. Da cidade de Serra Talhada, o pernambucano \u00e9 compositor, instrumentista, arranjador e violeiro. J\u00e1 ganhou de diversos pr\u00eamios.<\/p>\n<p style=\"text-align: justify\"><strong>Raullino Silva \u2013 <\/strong>Ele \u00e9 potiguar, mas est\u00e1 radicado em Pernambuco. Repentista profissional desde os 19 anos de idade, acumula participa\u00e7\u00f5es em centenas de competi\u00e7\u00f5es. Em 2005, foi vencedor do 1\u00ba Festival Internacional de Trovadores e Repentistas, em Quixad\u00e1, ao lado do poeta Jo\u00e3o Paraibano.<\/p>\n<p style=\"text-align: justify\"><strong>C\u00e1ssio Nobre<\/strong> &#8211; Maranhense, radicado em Salvador (BA), ele \u00e9 compositor, violeiro e pesquisador do samba de roda do Rec\u00f4ncavo Baiano e em especial da viola machete. Suas pesquisas revelam as transforma\u00e7\u00f5es da pr\u00e1tica musical tradicional da na atualidade.<\/p>\n<p style=\"text-align: justify\"><strong><br \/>\nServi\u00e7o:<\/strong><\/p>\n<p style=\"text-align: justify\"><strong>\u00a0<\/strong><strong>Bu\u00edque<\/strong><\/p>\n<p style=\"text-align: justify\">Dia 15 l 20h<\/p>\n<p style=\"text-align: justify\">Sesc Ler Bu\u00edque<\/p>\n<p style=\"text-align: justify\">Entrada gratuita<\/p>\n<p style=\"text-align: justify\"><strong>\u00a0<\/strong><strong>Triunfo<\/strong><\/p>\n<p style=\"text-align: justify\">Dia 16 l 20h<\/p>\n<p style=\"text-align: justify\">F\u00e1brica de Cria\u00e7\u00e3o Popular<\/p>\n<p style=\"text-align: justify\">Entrada gratuita<\/p>\n<p style=\"text-align: justify\"><strong>\u00a0<\/strong><strong>Araripina<\/strong><\/p>\n<p style=\"text-align: justify\">Dia 18 l 19h<\/p>\n<p style=\"text-align: justify\">Lions Clube<\/p>\n<p style=\"text-align: justify\">Entrada gratuita<\/p>\n<p style=\"text-align: justify\"><strong>\u00a0<\/strong><strong>Petrolina<\/strong><\/p>\n<p style=\"text-align: justify\">Dia 19 l 20h<\/p>\n<p style=\"text-align: justify\">Teatro Dona Am\u00e9lia | Sesc Petrolina<\/p>\n<p style=\"text-align: justify\">Entrada gratuita<\/p>\n<p><em>\u00a0Luane Ferraz<\/em><\/p>\n","protected":false},"excerpt":{"rendered":"<p>Reunidos pelo Sesc para divulgarem o tema Viola no Nordeste, atrav\u00e9s do projeto de ouvintes musicais Sonora Brasil, os m\u00fasicos Adelmo Arcoverde (PE), Raullino Silva (RN\/PE) e C\u00e1ssio Nobre (MA\/BA) d\u00e3o continuidade ao cronograma de apresenta\u00e7\u00e3o. O grupo iniciou nesta sexta (15) circuito de shows nas cidades de Bu\u00edque, Triunfo, Araripina e Petrolina. Nestes\u00a0dias 16 (hoje), 18 e 19, o Sonora Brasil acontece, respectivamente, nos munic\u00edpios de Triunfo, no espa\u00e7o F\u00e1brica de Cria\u00e7\u00e3o Popular, \u00e0s 20h; em Araripina, no Lions Clube, \u00e0s\u00a0 19h; e em Petrolina, no Teatro Dona Am\u00e9lia, localizado na pr\u00f3pria unidade, \u00e0s 20h. Todas as exibi\u00e7\u00f5es s\u00e3o gratuitas. No concerto, a viola no Nordeste \u00e9 encontrada em sua forma mais tradicional e em suas varia\u00e7\u00f5es t\u00edpicas, como&hellip; <\/p>\n","protected":false},"author":7,"featured_media":0,"comment_status":"open","ping_status":"open","sticky":false,"template":"","format":"standard","meta":{"_acf_changed":false,"footnotes":""},"categories":[10],"tags":[],"class_list":["post-145245","post","type-post","status-publish","format-standard","hentry","category-cultura"],"acf":[],"yoast_head":"<!-- This site is optimized with the Yoast SEO plugin v27.4 - https:\/\/yoast.com\/product\/yoast-seo-wordpress\/ -->\n<title>SONORA BRASIL EM TEMPORADA NESTE FINAL DE SEMANA - Blog do Farn\u00e9sio<\/title>\n<meta name=\"robots\" content=\"index, follow, max-snippet:-1, max-image-preview:large, max-video-preview:-1\" \/>\n<link rel=\"canonical\" href=\"https:\/\/blogdofarnesio.com.br\/?p=145245\" \/>\n<meta property=\"og:locale\" content=\"pt_BR\" \/>\n<meta property=\"og:type\" content=\"article\" \/>\n<meta property=\"og:title\" content=\"SONORA BRASIL EM TEMPORADA NESTE FINAL DE SEMANA - Blog do Farn\u00e9sio\" \/>\n<meta property=\"og:description\" content=\"Reunidos pelo Sesc para divulgarem o tema Viola no Nordeste, atrav\u00e9s do projeto de ouvintes musicais Sonora Brasil, os m\u00fasicos Adelmo Arcoverde (PE), Raullino Silva (RN\/PE) e C\u00e1ssio Nobre (MA\/BA) d\u00e3o continuidade ao cronograma de apresenta\u00e7\u00e3o. O grupo iniciou nesta sexta (15) circuito de shows nas cidades de Bu\u00edque, Triunfo, Araripina e Petrolina. Nestes\u00a0dias 16 (hoje), 18 e 19, o Sonora Brasil acontece, respectivamente, nos munic\u00edpios de Triunfo, no espa\u00e7o F\u00e1brica de Cria\u00e7\u00e3o Popular, \u00e0s 20h; em Araripina, no Lions Clube, \u00e0s\u00a0 19h; e em Petrolina, no Teatro Dona Am\u00e9lia, localizado na pr\u00f3pria unidade, \u00e0s 20h. Todas as exibi\u00e7\u00f5es s\u00e3o gratuitas. No concerto, a viola no Nordeste \u00e9 encontrada em sua forma mais tradicional e em suas varia\u00e7\u00f5es t\u00edpicas, como&hellip;\" \/>\n<meta property=\"og:url\" content=\"https:\/\/blogdofarnesio.com.br\/?p=145245\" \/>\n<meta property=\"og:site_name\" content=\"Blog do Farn\u00e9sio\" \/>\n<meta property=\"article:publisher\" content=\"https:\/\/www.facebook.com\/BlogQuerSaberPolitica\/\" \/>\n<meta property=\"article:published_time\" content=\"2016-07-16T14:00:52+00:00\" \/>\n<meta property=\"og:image\" content=\"http:\/\/www.quersaberpolitica.com.br\/2016\/wp-content\/uploads\/2016\/07\/blogqsp-violadonordeste-300x199.jpg\" \/>\n<meta name=\"twitter:card\" content=\"summary_large_image\" \/>\n<meta name=\"twitter:label1\" content=\"Escrito por\" \/>\n\t<meta name=\"twitter:data1\" content=\"\" \/>\n\t<meta name=\"twitter:label2\" content=\"Est. tempo de leitura\" \/>\n\t<meta name=\"twitter:data2\" content=\"2 minutos\" \/>\n<script type=\"application\/ld+json\" class=\"yoast-schema-graph\">{\"@context\":\"https:\\\/\\\/schema.org\",\"@graph\":[{\"@type\":\"Article\",\"@id\":\"https:\\\/\\\/blogdofarnesio.com.br\\\/?p=145245#article\",\"isPartOf\":{\"@id\":\"https:\\\/\\\/blogdofarnesio.com.br\\\/?p=145245\"},\"author\":{\"name\":\"\",\"@id\":\"\"},\"headline\":\"SONORA BRASIL EM TEMPORADA NESTE FINAL DE SEMANA\",\"datePublished\":\"2016-07-16T14:00:52+00:00\",\"mainEntityOfPage\":{\"@id\":\"https:\\\/\\\/blogdofarnesio.com.br\\\/?p=145245\"},\"wordCount\":383,\"commentCount\":0,\"publisher\":{\"@id\":\"https:\\\/\\\/blogdofarnesio.com.br\\\/#organization\"},\"image\":{\"@id\":\"https:\\\/\\\/blogdofarnesio.com.br\\\/?p=145245#primaryimage\"},\"thumbnailUrl\":\"http:\\\/\\\/www.quersaberpolitica.com.br\\\/2016\\\/wp-content\\\/uploads\\\/2016\\\/07\\\/blogqsp-violadonordeste-300x199.jpg\",\"articleSection\":[\"Cultura\"],\"inLanguage\":\"pt-BR\",\"potentialAction\":[{\"@type\":\"CommentAction\",\"name\":\"Comment\",\"target\":[\"https:\\\/\\\/blogdofarnesio.com.br\\\/?p=145245#respond\"]}]},{\"@type\":\"WebPage\",\"@id\":\"https:\\\/\\\/blogdofarnesio.com.br\\\/?p=145245\",\"url\":\"https:\\\/\\\/blogdofarnesio.com.br\\\/?p=145245\",\"name\":\"SONORA BRASIL EM TEMPORADA NESTE FINAL DE SEMANA - Blog do Farn\u00e9sio\",\"isPartOf\":{\"@id\":\"https:\\\/\\\/blogdofarnesio.com.br\\\/#website\"},\"primaryImageOfPage\":{\"@id\":\"https:\\\/\\\/blogdofarnesio.com.br\\\/?p=145245#primaryimage\"},\"image\":{\"@id\":\"https:\\\/\\\/blogdofarnesio.com.br\\\/?p=145245#primaryimage\"},\"thumbnailUrl\":\"http:\\\/\\\/www.quersaberpolitica.com.br\\\/2016\\\/wp-content\\\/uploads\\\/2016\\\/07\\\/blogqsp-violadonordeste-300x199.jpg\",\"datePublished\":\"2016-07-16T14:00:52+00:00\",\"breadcrumb\":{\"@id\":\"https:\\\/\\\/blogdofarnesio.com.br\\\/?p=145245#breadcrumb\"},\"inLanguage\":\"pt-BR\",\"potentialAction\":[{\"@type\":\"ReadAction\",\"target\":[\"https:\\\/\\\/blogdofarnesio.com.br\\\/?p=145245\"]}]},{\"@type\":\"ImageObject\",\"inLanguage\":\"pt-BR\",\"@id\":\"https:\\\/\\\/blogdofarnesio.com.br\\\/?p=145245#primaryimage\",\"url\":\"http:\\\/\\\/www.quersaberpolitica.com.br\\\/2016\\\/wp-content\\\/uploads\\\/2016\\\/07\\\/blogqsp-violadonordeste-300x199.jpg\",\"contentUrl\":\"http:\\\/\\\/www.quersaberpolitica.com.br\\\/2016\\\/wp-content\\\/uploads\\\/2016\\\/07\\\/blogqsp-violadonordeste-300x199.jpg\"},{\"@type\":\"BreadcrumbList\",\"@id\":\"https:\\\/\\\/blogdofarnesio.com.br\\\/?p=145245#breadcrumb\",\"itemListElement\":[{\"@type\":\"ListItem\",\"position\":1,\"name\":\"In\u00edcio\",\"item\":\"https:\\\/\\\/blogdofarnesio.com.br\\\/\"},{\"@type\":\"ListItem\",\"position\":2,\"name\":\"SONORA BRASIL EM TEMPORADA NESTE FINAL DE SEMANA\"}]},{\"@type\":\"WebSite\",\"@id\":\"https:\\\/\\\/blogdofarnesio.com.br\\\/#website\",\"url\":\"https:\\\/\\\/blogdofarnesio.com.br\\\/\",\"name\":\"Blog do Farn\u00e9sio\",\"description\":\"Quer Saber Pol\u00edtica?\",\"publisher\":{\"@id\":\"https:\\\/\\\/blogdofarnesio.com.br\\\/#organization\"},\"potentialAction\":[{\"@type\":\"SearchAction\",\"target\":{\"@type\":\"EntryPoint\",\"urlTemplate\":\"https:\\\/\\\/blogdofarnesio.com.br\\\/?s={search_term_string}\"},\"query-input\":{\"@type\":\"PropertyValueSpecification\",\"valueRequired\":true,\"valueName\":\"search_term_string\"}}],\"inLanguage\":\"pt-BR\"},{\"@type\":\"Organization\",\"@id\":\"https:\\\/\\\/blogdofarnesio.com.br\\\/#organization\",\"name\":\"Blog do Farn\u00e9sio\",\"url\":\"https:\\\/\\\/blogdofarnesio.com.br\\\/\",\"logo\":{\"@type\":\"ImageObject\",\"inLanguage\":\"pt-BR\",\"@id\":\"https:\\\/\\\/blogdofarnesio.com.br\\\/#\\\/schema\\\/logo\\\/image\\\/\",\"url\":\"https:\\\/\\\/blogdofarnesio.com.br\\\/wp-content\\\/uploads\\\/2026\\\/03\\\/cropped-logo_new-1.png\",\"contentUrl\":\"https:\\\/\\\/blogdofarnesio.com.br\\\/wp-content\\\/uploads\\\/2026\\\/03\\\/cropped-logo_new-1.png\",\"width\":881,\"height\":685,\"caption\":\"Blog do Farn\u00e9sio\"},\"image\":{\"@id\":\"https:\\\/\\\/blogdofarnesio.com.br\\\/#\\\/schema\\\/logo\\\/image\\\/\"},\"sameAs\":[\"https:\\\/\\\/www.facebook.com\\\/BlogQuerSaberPolitica\\\/\"]},{\"@type\":\"Person\",\"@id\":\"\",\"url\":\"https:\\\/\\\/blogdofarnesio.com.br\\\/?author=7\"}]}<\/script>\n<!-- \/ Yoast SEO plugin. -->","yoast_head_json":{"title":"SONORA BRASIL EM TEMPORADA NESTE FINAL DE SEMANA - Blog do Farn\u00e9sio","robots":{"index":"index","follow":"follow","max-snippet":"max-snippet:-1","max-image-preview":"max-image-preview:large","max-video-preview":"max-video-preview:-1"},"canonical":"https:\/\/blogdofarnesio.com.br\/?p=145245","og_locale":"pt_BR","og_type":"article","og_title":"SONORA BRASIL EM TEMPORADA NESTE FINAL DE SEMANA - Blog do Farn\u00e9sio","og_description":"Reunidos pelo Sesc para divulgarem o tema Viola no Nordeste, atrav\u00e9s do projeto de ouvintes musicais Sonora Brasil, os m\u00fasicos Adelmo Arcoverde (PE), Raullino Silva (RN\/PE) e C\u00e1ssio Nobre (MA\/BA) d\u00e3o continuidade ao cronograma de apresenta\u00e7\u00e3o. O grupo iniciou nesta sexta (15) circuito de shows nas cidades de Bu\u00edque, Triunfo, Araripina e Petrolina. Nestes\u00a0dias 16 (hoje), 18 e 19, o Sonora Brasil acontece, respectivamente, nos munic\u00edpios de Triunfo, no espa\u00e7o F\u00e1brica de Cria\u00e7\u00e3o Popular, \u00e0s 20h; em Araripina, no Lions Clube, \u00e0s\u00a0 19h; e em Petrolina, no Teatro Dona Am\u00e9lia, localizado na pr\u00f3pria unidade, \u00e0s 20h. Todas as exibi\u00e7\u00f5es s\u00e3o gratuitas. No concerto, a viola no Nordeste \u00e9 encontrada em sua forma mais tradicional e em suas varia\u00e7\u00f5es t\u00edpicas, como&hellip;","og_url":"https:\/\/blogdofarnesio.com.br\/?p=145245","og_site_name":"Blog do Farn\u00e9sio","article_publisher":"https:\/\/www.facebook.com\/BlogQuerSaberPolitica\/","article_published_time":"2016-07-16T14:00:52+00:00","og_image":[{"url":"http:\/\/www.quersaberpolitica.com.br\/2016\/wp-content\/uploads\/2016\/07\/blogqsp-violadonordeste-300x199.jpg","type":"","width":"","height":""}],"twitter_card":"summary_large_image","twitter_misc":{"Escrito por":"","Est. tempo de leitura":"2 minutos"},"schema":{"@context":"https:\/\/schema.org","@graph":[{"@type":"Article","@id":"https:\/\/blogdofarnesio.com.br\/?p=145245#article","isPartOf":{"@id":"https:\/\/blogdofarnesio.com.br\/?p=145245"},"author":{"name":"","@id":""},"headline":"SONORA BRASIL EM TEMPORADA NESTE FINAL DE SEMANA","datePublished":"2016-07-16T14:00:52+00:00","mainEntityOfPage":{"@id":"https:\/\/blogdofarnesio.com.br\/?p=145245"},"wordCount":383,"commentCount":0,"publisher":{"@id":"https:\/\/blogdofarnesio.com.br\/#organization"},"image":{"@id":"https:\/\/blogdofarnesio.com.br\/?p=145245#primaryimage"},"thumbnailUrl":"http:\/\/www.quersaberpolitica.com.br\/2016\/wp-content\/uploads\/2016\/07\/blogqsp-violadonordeste-300x199.jpg","articleSection":["Cultura"],"inLanguage":"pt-BR","potentialAction":[{"@type":"CommentAction","name":"Comment","target":["https:\/\/blogdofarnesio.com.br\/?p=145245#respond"]}]},{"@type":"WebPage","@id":"https:\/\/blogdofarnesio.com.br\/?p=145245","url":"https:\/\/blogdofarnesio.com.br\/?p=145245","name":"SONORA BRASIL EM TEMPORADA NESTE FINAL DE SEMANA - Blog do Farn\u00e9sio","isPartOf":{"@id":"https:\/\/blogdofarnesio.com.br\/#website"},"primaryImageOfPage":{"@id":"https:\/\/blogdofarnesio.com.br\/?p=145245#primaryimage"},"image":{"@id":"https:\/\/blogdofarnesio.com.br\/?p=145245#primaryimage"},"thumbnailUrl":"http:\/\/www.quersaberpolitica.com.br\/2016\/wp-content\/uploads\/2016\/07\/blogqsp-violadonordeste-300x199.jpg","datePublished":"2016-07-16T14:00:52+00:00","breadcrumb":{"@id":"https:\/\/blogdofarnesio.com.br\/?p=145245#breadcrumb"},"inLanguage":"pt-BR","potentialAction":[{"@type":"ReadAction","target":["https:\/\/blogdofarnesio.com.br\/?p=145245"]}]},{"@type":"ImageObject","inLanguage":"pt-BR","@id":"https:\/\/blogdofarnesio.com.br\/?p=145245#primaryimage","url":"http:\/\/www.quersaberpolitica.com.br\/2016\/wp-content\/uploads\/2016\/07\/blogqsp-violadonordeste-300x199.jpg","contentUrl":"http:\/\/www.quersaberpolitica.com.br\/2016\/wp-content\/uploads\/2016\/07\/blogqsp-violadonordeste-300x199.jpg"},{"@type":"BreadcrumbList","@id":"https:\/\/blogdofarnesio.com.br\/?p=145245#breadcrumb","itemListElement":[{"@type":"ListItem","position":1,"name":"In\u00edcio","item":"https:\/\/blogdofarnesio.com.br\/"},{"@type":"ListItem","position":2,"name":"SONORA BRASIL EM TEMPORADA NESTE FINAL DE SEMANA"}]},{"@type":"WebSite","@id":"https:\/\/blogdofarnesio.com.br\/#website","url":"https:\/\/blogdofarnesio.com.br\/","name":"Blog do Farn\u00e9sio","description":"Quer Saber Pol\u00edtica?","publisher":{"@id":"https:\/\/blogdofarnesio.com.br\/#organization"},"potentialAction":[{"@type":"SearchAction","target":{"@type":"EntryPoint","urlTemplate":"https:\/\/blogdofarnesio.com.br\/?s={search_term_string}"},"query-input":{"@type":"PropertyValueSpecification","valueRequired":true,"valueName":"search_term_string"}}],"inLanguage":"pt-BR"},{"@type":"Organization","@id":"https:\/\/blogdofarnesio.com.br\/#organization","name":"Blog do Farn\u00e9sio","url":"https:\/\/blogdofarnesio.com.br\/","logo":{"@type":"ImageObject","inLanguage":"pt-BR","@id":"https:\/\/blogdofarnesio.com.br\/#\/schema\/logo\/image\/","url":"https:\/\/blogdofarnesio.com.br\/wp-content\/uploads\/2026\/03\/cropped-logo_new-1.png","contentUrl":"https:\/\/blogdofarnesio.com.br\/wp-content\/uploads\/2026\/03\/cropped-logo_new-1.png","width":881,"height":685,"caption":"Blog do Farn\u00e9sio"},"image":{"@id":"https:\/\/blogdofarnesio.com.br\/#\/schema\/logo\/image\/"},"sameAs":["https:\/\/www.facebook.com\/BlogQuerSaberPolitica\/"]},{"@type":"Person","@id":"","url":"https:\/\/blogdofarnesio.com.br\/?author=7"}]}},"_links":{"self":[{"href":"https:\/\/blogdofarnesio.com.br\/index.php?rest_route=\/wp\/v2\/posts\/145245","targetHints":{"allow":["GET"]}}],"collection":[{"href":"https:\/\/blogdofarnesio.com.br\/index.php?rest_route=\/wp\/v2\/posts"}],"about":[{"href":"https:\/\/blogdofarnesio.com.br\/index.php?rest_route=\/wp\/v2\/types\/post"}],"author":[{"embeddable":true,"href":"https:\/\/blogdofarnesio.com.br\/index.php?rest_route=\/wp\/v2\/users\/7"}],"replies":[{"embeddable":true,"href":"https:\/\/blogdofarnesio.com.br\/index.php?rest_route=%2Fwp%2Fv2%2Fcomments&post=145245"}],"version-history":[{"count":0,"href":"https:\/\/blogdofarnesio.com.br\/index.php?rest_route=\/wp\/v2\/posts\/145245\/revisions"}],"wp:attachment":[{"href":"https:\/\/blogdofarnesio.com.br\/index.php?rest_route=%2Fwp%2Fv2%2Fmedia&parent=145245"}],"wp:term":[{"taxonomy":"category","embeddable":true,"href":"https:\/\/blogdofarnesio.com.br\/index.php?rest_route=%2Fwp%2Fv2%2Fcategories&post=145245"},{"taxonomy":"post_tag","embeddable":true,"href":"https:\/\/blogdofarnesio.com.br\/index.php?rest_route=%2Fwp%2Fv2%2Ftags&post=145245"}],"curies":[{"name":"wp","href":"https:\/\/api.w.org\/{rel}","templated":true}]}}