{"id":145163,"date":"2016-07-13T16:20:14","date_gmt":"2016-07-13T19:20:14","guid":{"rendered":"http:\/\/www.quersaberpolitica.com.br\/?p=145163"},"modified":"2016-07-13T11:43:33","modified_gmt":"2016-07-13T14:43:33","slug":"salgueiro-continua-com-um-caso-confirmado-de-microcefalia","status":"publish","type":"post","link":"https:\/\/blogdofarnesio.com.br\/?p=145163","title":{"rendered":"SALGUEIRO CONTINUA COM UM CASO CONFIRMADO DE MICROCEFALIA"},"content":{"rendered":"<p><a href=\"http:\/\/i2.wp.com\/blogedenevaldoalves.com.br\/wp-content\/uploads\/2015\/11\/microcefalia1.jpg\"><img loading=\"lazy\" decoding=\"async\" class=\"aligncenter  wp-image-23627\" src=\"http:\/\/i2.wp.com\/blogedenevaldoalves.com.br\/wp-content\/uploads\/2015\/11\/microcefalia1.jpg?resize=600%2C380\" alt=\"microcefalia\" width=\"449\" height=\"288\" \/><\/a><\/p>\n<p style=\"text-align: justify\">A\u00a0Secretaria de Sa\u00fade de Pernambuco (SES) divulgou mais um boletim sobre os casos de microcefalia no Estado. Dos 369 casos confirmados em todo Pernambuco, 30 foram registrados em 23 munic\u00edpios do Sert\u00e3o.<\/p>\n<p style=\"text-align: justify\">O munic\u00edpio sertanejo com maior n\u00famero de casos confirmados \u00e9 Petrolina, oito no total. Em seguida aparece Ouricuri, com seis casos. Exu tem quatro confirma\u00e7\u00f5es de microcefalia e Araripina registrou tr\u00eas. Trindade conta com dois casos e Salgueiro registrou apenas um caso.<\/p>\n<p style=\"text-align: justify\">Parnamirim, Santa Cruz, Santa Filomena, Serrita e Moreil\u00e2ndia tamb\u00e9m est\u00e3o com apenas um caso confirmado. Os munic\u00edpios de Cabrob\u00f3, Afr\u00e2nio, Cedro, Dormentes, Granito, Ipubi, Lagoa Grande, Oroc\u00f3, Terra Nova e Santa Maria da Boa Vista n\u00e3o tiveram casos confirmados.<\/p>\n<p style=\"text-align: justify\">Ascom<\/p>\n","protected":false},"excerpt":{"rendered":"<p>A\u00a0Secretaria de Sa\u00fade de Pernambuco (SES) divulgou mais um boletim sobre os casos de microcefalia no Estado. Dos 369 casos confirmados em todo Pernambuco, 30 foram registrados em 23 munic\u00edpios do Sert\u00e3o. O munic\u00edpio sertanejo com maior n\u00famero de casos confirmados \u00e9 Petrolina, oito no total. Em seguida aparece Ouricuri, com seis casos. Exu tem quatro confirma\u00e7\u00f5es de microcefalia e Araripina registrou tr\u00eas. Trindade conta com dois casos e Salgueiro registrou apenas um caso. Parnamirim, Santa Cruz, Santa Filomena, Serrita e Moreil\u00e2ndia tamb\u00e9m est\u00e3o com apenas um caso confirmado. Os munic\u00edpios de Cabrob\u00f3, Afr\u00e2nio, Cedro, Dormentes, Granito, Ipubi, Lagoa Grande, Oroc\u00f3, Terra Nova e Santa Maria da Boa Vista n\u00e3o tiveram casos confirmados. Ascom<\/p>\n","protected":false},"author":7,"featured_media":0,"comment_status":"open","ping_status":"open","sticky":false,"template":"","format":"standard","meta":{"_acf_changed":false,"footnotes":""},"categories":[44,4],"tags":[],"class_list":["post-145163","post","type-post","status-publish","format-standard","hentry","category-administracao","category-saude"],"acf":[],"yoast_head":"<!-- This site is optimized with the Yoast SEO plugin v27.4 - https:\/\/yoast.com\/product\/yoast-seo-wordpress\/ -->\n<title>SALGUEIRO CONTINUA COM UM CASO CONFIRMADO DE MICROCEFALIA - Blog do Farn\u00e9sio<\/title>\n<meta name=\"robots\" content=\"index, follow, max-snippet:-1, max-image-preview:large, max-video-preview:-1\" \/>\n<link rel=\"canonical\" href=\"https:\/\/blogdofarnesio.com.br\/?p=145163\" \/>\n<meta property=\"og:locale\" content=\"pt_BR\" \/>\n<meta property=\"og:type\" content=\"article\" \/>\n<meta property=\"og:title\" content=\"SALGUEIRO CONTINUA COM UM CASO CONFIRMADO DE MICROCEFALIA - Blog do Farn\u00e9sio\" \/>\n<meta property=\"og:description\" content=\"A\u00a0Secretaria de Sa\u00fade de Pernambuco (SES) divulgou mais um boletim sobre os casos de microcefalia no Estado. Dos 369 casos confirmados em todo Pernambuco, 30 foram registrados em 23 munic\u00edpios do Sert\u00e3o. O munic\u00edpio sertanejo com maior n\u00famero de casos confirmados \u00e9 Petrolina, oito no total. Em seguida aparece Ouricuri, com seis casos. Exu tem quatro confirma\u00e7\u00f5es de microcefalia e Araripina registrou tr\u00eas. Trindade conta com dois casos e Salgueiro registrou apenas um caso. Parnamirim, Santa Cruz, Santa Filomena, Serrita e Moreil\u00e2ndia tamb\u00e9m est\u00e3o com apenas um caso confirmado. Os munic\u00edpios de Cabrob\u00f3, Afr\u00e2nio, Cedro, Dormentes, Granito, Ipubi, Lagoa Grande, Oroc\u00f3, Terra Nova e Santa Maria da Boa Vista n\u00e3o tiveram casos confirmados. Ascom\" \/>\n<meta property=\"og:url\" content=\"https:\/\/blogdofarnesio.com.br\/?p=145163\" \/>\n<meta property=\"og:site_name\" content=\"Blog do Farn\u00e9sio\" \/>\n<meta property=\"article:publisher\" content=\"https:\/\/www.facebook.com\/BlogQuerSaberPolitica\/\" \/>\n<meta property=\"article:published_time\" content=\"2016-07-13T19:20:14+00:00\" \/>\n<meta property=\"og:image\" content=\"http:\/\/i2.wp.com\/blogedenevaldoalves.com.br\/wp-content\/uploads\/2015\/11\/microcefalia1.jpg?resize=600%2C380\" \/>\n<meta name=\"twitter:card\" content=\"summary_large_image\" \/>\n<meta name=\"twitter:label1\" content=\"Escrito por\" \/>\n\t<meta name=\"twitter:data1\" content=\"\" \/>\n\t<meta name=\"twitter:label2\" content=\"Est. tempo de leitura\" \/>\n\t<meta name=\"twitter:data2\" content=\"1 minuto\" \/>\n<script type=\"application\/ld+json\" class=\"yoast-schema-graph\">{\"@context\":\"https:\\\/\\\/schema.org\",\"@graph\":[{\"@type\":\"Article\",\"@id\":\"https:\\\/\\\/blogdofarnesio.com.br\\\/?p=145163#article\",\"isPartOf\":{\"@id\":\"https:\\\/\\\/blogdofarnesio.com.br\\\/?p=145163\"},\"author\":{\"name\":\"\",\"@id\":\"\"},\"headline\":\"SALGUEIRO CONTINUA COM UM CASO CONFIRMADO DE MICROCEFALIA\",\"datePublished\":\"2016-07-13T19:20:14+00:00\",\"mainEntityOfPage\":{\"@id\":\"https:\\\/\\\/blogdofarnesio.com.br\\\/?p=145163\"},\"wordCount\":132,\"commentCount\":0,\"publisher\":{\"@id\":\"https:\\\/\\\/blogdofarnesio.com.br\\\/#organization\"},\"image\":{\"@id\":\"https:\\\/\\\/blogdofarnesio.com.br\\\/?p=145163#primaryimage\"},\"thumbnailUrl\":\"http:\\\/\\\/i2.wp.com\\\/blogedenevaldoalves.com.br\\\/wp-content\\\/uploads\\\/2015\\\/11\\\/microcefalia1.jpg?resize=600%2C380\",\"articleSection\":[\"Administra\u00e7\u00e3o\",\"Sa\u00fade\"],\"inLanguage\":\"pt-BR\",\"potentialAction\":[{\"@type\":\"CommentAction\",\"name\":\"Comment\",\"target\":[\"https:\\\/\\\/blogdofarnesio.com.br\\\/?p=145163#respond\"]}]},{\"@type\":\"WebPage\",\"@id\":\"https:\\\/\\\/blogdofarnesio.com.br\\\/?p=145163\",\"url\":\"https:\\\/\\\/blogdofarnesio.com.br\\\/?p=145163\",\"name\":\"SALGUEIRO CONTINUA COM UM CASO CONFIRMADO DE MICROCEFALIA - Blog do Farn\u00e9sio\",\"isPartOf\":{\"@id\":\"https:\\\/\\\/blogdofarnesio.com.br\\\/#website\"},\"primaryImageOfPage\":{\"@id\":\"https:\\\/\\\/blogdofarnesio.com.br\\\/?p=145163#primaryimage\"},\"image\":{\"@id\":\"https:\\\/\\\/blogdofarnesio.com.br\\\/?p=145163#primaryimage\"},\"thumbnailUrl\":\"http:\\\/\\\/i2.wp.com\\\/blogedenevaldoalves.com.br\\\/wp-content\\\/uploads\\\/2015\\\/11\\\/microcefalia1.jpg?resize=600%2C380\",\"datePublished\":\"2016-07-13T19:20:14+00:00\",\"breadcrumb\":{\"@id\":\"https:\\\/\\\/blogdofarnesio.com.br\\\/?p=145163#breadcrumb\"},\"inLanguage\":\"pt-BR\",\"potentialAction\":[{\"@type\":\"ReadAction\",\"target\":[\"https:\\\/\\\/blogdofarnesio.com.br\\\/?p=145163\"]}]},{\"@type\":\"ImageObject\",\"inLanguage\":\"pt-BR\",\"@id\":\"https:\\\/\\\/blogdofarnesio.com.br\\\/?p=145163#primaryimage\",\"url\":\"http:\\\/\\\/i2.wp.com\\\/blogedenevaldoalves.com.br\\\/wp-content\\\/uploads\\\/2015\\\/11\\\/microcefalia1.jpg?resize=600%2C380\",\"contentUrl\":\"http:\\\/\\\/i2.wp.com\\\/blogedenevaldoalves.com.br\\\/wp-content\\\/uploads\\\/2015\\\/11\\\/microcefalia1.jpg?resize=600%2C380\"},{\"@type\":\"BreadcrumbList\",\"@id\":\"https:\\\/\\\/blogdofarnesio.com.br\\\/?p=145163#breadcrumb\",\"itemListElement\":[{\"@type\":\"ListItem\",\"position\":1,\"name\":\"In\u00edcio\",\"item\":\"https:\\\/\\\/blogdofarnesio.com.br\\\/\"},{\"@type\":\"ListItem\",\"position\":2,\"name\":\"SALGUEIRO CONTINUA COM UM CASO CONFIRMADO DE MICROCEFALIA\"}]},{\"@type\":\"WebSite\",\"@id\":\"https:\\\/\\\/blogdofarnesio.com.br\\\/#website\",\"url\":\"https:\\\/\\\/blogdofarnesio.com.br\\\/\",\"name\":\"Blog do Farn\u00e9sio\",\"description\":\"Quer Saber Pol\u00edtica?\",\"publisher\":{\"@id\":\"https:\\\/\\\/blogdofarnesio.com.br\\\/#organization\"},\"potentialAction\":[{\"@type\":\"SearchAction\",\"target\":{\"@type\":\"EntryPoint\",\"urlTemplate\":\"https:\\\/\\\/blogdofarnesio.com.br\\\/?s={search_term_string}\"},\"query-input\":{\"@type\":\"PropertyValueSpecification\",\"valueRequired\":true,\"valueName\":\"search_term_string\"}}],\"inLanguage\":\"pt-BR\"},{\"@type\":\"Organization\",\"@id\":\"https:\\\/\\\/blogdofarnesio.com.br\\\/#organization\",\"name\":\"Blog do Farn\u00e9sio\",\"url\":\"https:\\\/\\\/blogdofarnesio.com.br\\\/\",\"logo\":{\"@type\":\"ImageObject\",\"inLanguage\":\"pt-BR\",\"@id\":\"https:\\\/\\\/blogdofarnesio.com.br\\\/#\\\/schema\\\/logo\\\/image\\\/\",\"url\":\"https:\\\/\\\/blogdofarnesio.com.br\\\/wp-content\\\/uploads\\\/2026\\\/03\\\/cropped-logo_new-1.png\",\"contentUrl\":\"https:\\\/\\\/blogdofarnesio.com.br\\\/wp-content\\\/uploads\\\/2026\\\/03\\\/cropped-logo_new-1.png\",\"width\":881,\"height\":685,\"caption\":\"Blog do Farn\u00e9sio\"},\"image\":{\"@id\":\"https:\\\/\\\/blogdofarnesio.com.br\\\/#\\\/schema\\\/logo\\\/image\\\/\"},\"sameAs\":[\"https:\\\/\\\/www.facebook.com\\\/BlogQuerSaberPolitica\\\/\"]},{\"@type\":\"Person\",\"@id\":\"\",\"url\":\"https:\\\/\\\/blogdofarnesio.com.br\\\/?author=7\"}]}<\/script>\n<!-- \/ Yoast SEO plugin. -->","yoast_head_json":{"title":"SALGUEIRO CONTINUA COM UM CASO CONFIRMADO DE MICROCEFALIA - Blog do Farn\u00e9sio","robots":{"index":"index","follow":"follow","max-snippet":"max-snippet:-1","max-image-preview":"max-image-preview:large","max-video-preview":"max-video-preview:-1"},"canonical":"https:\/\/blogdofarnesio.com.br\/?p=145163","og_locale":"pt_BR","og_type":"article","og_title":"SALGUEIRO CONTINUA COM UM CASO CONFIRMADO DE MICROCEFALIA - Blog do Farn\u00e9sio","og_description":"A\u00a0Secretaria de Sa\u00fade de Pernambuco (SES) divulgou mais um boletim sobre os casos de microcefalia no Estado. Dos 369 casos confirmados em todo Pernambuco, 30 foram registrados em 23 munic\u00edpios do Sert\u00e3o. O munic\u00edpio sertanejo com maior n\u00famero de casos confirmados \u00e9 Petrolina, oito no total. Em seguida aparece Ouricuri, com seis casos. Exu tem quatro confirma\u00e7\u00f5es de microcefalia e Araripina registrou tr\u00eas. Trindade conta com dois casos e Salgueiro registrou apenas um caso. Parnamirim, Santa Cruz, Santa Filomena, Serrita e Moreil\u00e2ndia tamb\u00e9m est\u00e3o com apenas um caso confirmado. Os munic\u00edpios de Cabrob\u00f3, Afr\u00e2nio, Cedro, Dormentes, Granito, Ipubi, Lagoa Grande, Oroc\u00f3, Terra Nova e Santa Maria da Boa Vista n\u00e3o tiveram casos confirmados. Ascom","og_url":"https:\/\/blogdofarnesio.com.br\/?p=145163","og_site_name":"Blog do Farn\u00e9sio","article_publisher":"https:\/\/www.facebook.com\/BlogQuerSaberPolitica\/","article_published_time":"2016-07-13T19:20:14+00:00","og_image":[{"url":"http:\/\/i2.wp.com\/blogedenevaldoalves.com.br\/wp-content\/uploads\/2015\/11\/microcefalia1.jpg?resize=600%2C380","type":"","width":"","height":""}],"twitter_card":"summary_large_image","twitter_misc":{"Escrito por":"","Est. tempo de leitura":"1 minuto"},"schema":{"@context":"https:\/\/schema.org","@graph":[{"@type":"Article","@id":"https:\/\/blogdofarnesio.com.br\/?p=145163#article","isPartOf":{"@id":"https:\/\/blogdofarnesio.com.br\/?p=145163"},"author":{"name":"","@id":""},"headline":"SALGUEIRO CONTINUA COM UM CASO CONFIRMADO DE MICROCEFALIA","datePublished":"2016-07-13T19:20:14+00:00","mainEntityOfPage":{"@id":"https:\/\/blogdofarnesio.com.br\/?p=145163"},"wordCount":132,"commentCount":0,"publisher":{"@id":"https:\/\/blogdofarnesio.com.br\/#organization"},"image":{"@id":"https:\/\/blogdofarnesio.com.br\/?p=145163#primaryimage"},"thumbnailUrl":"http:\/\/i2.wp.com\/blogedenevaldoalves.com.br\/wp-content\/uploads\/2015\/11\/microcefalia1.jpg?resize=600%2C380","articleSection":["Administra\u00e7\u00e3o","Sa\u00fade"],"inLanguage":"pt-BR","potentialAction":[{"@type":"CommentAction","name":"Comment","target":["https:\/\/blogdofarnesio.com.br\/?p=145163#respond"]}]},{"@type":"WebPage","@id":"https:\/\/blogdofarnesio.com.br\/?p=145163","url":"https:\/\/blogdofarnesio.com.br\/?p=145163","name":"SALGUEIRO CONTINUA COM UM CASO CONFIRMADO DE MICROCEFALIA - Blog do Farn\u00e9sio","isPartOf":{"@id":"https:\/\/blogdofarnesio.com.br\/#website"},"primaryImageOfPage":{"@id":"https:\/\/blogdofarnesio.com.br\/?p=145163#primaryimage"},"image":{"@id":"https:\/\/blogdofarnesio.com.br\/?p=145163#primaryimage"},"thumbnailUrl":"http:\/\/i2.wp.com\/blogedenevaldoalves.com.br\/wp-content\/uploads\/2015\/11\/microcefalia1.jpg?resize=600%2C380","datePublished":"2016-07-13T19:20:14+00:00","breadcrumb":{"@id":"https:\/\/blogdofarnesio.com.br\/?p=145163#breadcrumb"},"inLanguage":"pt-BR","potentialAction":[{"@type":"ReadAction","target":["https:\/\/blogdofarnesio.com.br\/?p=145163"]}]},{"@type":"ImageObject","inLanguage":"pt-BR","@id":"https:\/\/blogdofarnesio.com.br\/?p=145163#primaryimage","url":"http:\/\/i2.wp.com\/blogedenevaldoalves.com.br\/wp-content\/uploads\/2015\/11\/microcefalia1.jpg?resize=600%2C380","contentUrl":"http:\/\/i2.wp.com\/blogedenevaldoalves.com.br\/wp-content\/uploads\/2015\/11\/microcefalia1.jpg?resize=600%2C380"},{"@type":"BreadcrumbList","@id":"https:\/\/blogdofarnesio.com.br\/?p=145163#breadcrumb","itemListElement":[{"@type":"ListItem","position":1,"name":"In\u00edcio","item":"https:\/\/blogdofarnesio.com.br\/"},{"@type":"ListItem","position":2,"name":"SALGUEIRO CONTINUA COM UM CASO CONFIRMADO DE MICROCEFALIA"}]},{"@type":"WebSite","@id":"https:\/\/blogdofarnesio.com.br\/#website","url":"https:\/\/blogdofarnesio.com.br\/","name":"Blog do Farn\u00e9sio","description":"Quer Saber Pol\u00edtica?","publisher":{"@id":"https:\/\/blogdofarnesio.com.br\/#organization"},"potentialAction":[{"@type":"SearchAction","target":{"@type":"EntryPoint","urlTemplate":"https:\/\/blogdofarnesio.com.br\/?s={search_term_string}"},"query-input":{"@type":"PropertyValueSpecification","valueRequired":true,"valueName":"search_term_string"}}],"inLanguage":"pt-BR"},{"@type":"Organization","@id":"https:\/\/blogdofarnesio.com.br\/#organization","name":"Blog do Farn\u00e9sio","url":"https:\/\/blogdofarnesio.com.br\/","logo":{"@type":"ImageObject","inLanguage":"pt-BR","@id":"https:\/\/blogdofarnesio.com.br\/#\/schema\/logo\/image\/","url":"https:\/\/blogdofarnesio.com.br\/wp-content\/uploads\/2026\/03\/cropped-logo_new-1.png","contentUrl":"https:\/\/blogdofarnesio.com.br\/wp-content\/uploads\/2026\/03\/cropped-logo_new-1.png","width":881,"height":685,"caption":"Blog do Farn\u00e9sio"},"image":{"@id":"https:\/\/blogdofarnesio.com.br\/#\/schema\/logo\/image\/"},"sameAs":["https:\/\/www.facebook.com\/BlogQuerSaberPolitica\/"]},{"@type":"Person","@id":"","url":"https:\/\/blogdofarnesio.com.br\/?author=7"}]}},"_links":{"self":[{"href":"https:\/\/blogdofarnesio.com.br\/index.php?rest_route=\/wp\/v2\/posts\/145163","targetHints":{"allow":["GET"]}}],"collection":[{"href":"https:\/\/blogdofarnesio.com.br\/index.php?rest_route=\/wp\/v2\/posts"}],"about":[{"href":"https:\/\/blogdofarnesio.com.br\/index.php?rest_route=\/wp\/v2\/types\/post"}],"author":[{"embeddable":true,"href":"https:\/\/blogdofarnesio.com.br\/index.php?rest_route=\/wp\/v2\/users\/7"}],"replies":[{"embeddable":true,"href":"https:\/\/blogdofarnesio.com.br\/index.php?rest_route=%2Fwp%2Fv2%2Fcomments&post=145163"}],"version-history":[{"count":0,"href":"https:\/\/blogdofarnesio.com.br\/index.php?rest_route=\/wp\/v2\/posts\/145163\/revisions"}],"wp:attachment":[{"href":"https:\/\/blogdofarnesio.com.br\/index.php?rest_route=%2Fwp%2Fv2%2Fmedia&parent=145163"}],"wp:term":[{"taxonomy":"category","embeddable":true,"href":"https:\/\/blogdofarnesio.com.br\/index.php?rest_route=%2Fwp%2Fv2%2Fcategories&post=145163"},{"taxonomy":"post_tag","embeddable":true,"href":"https:\/\/blogdofarnesio.com.br\/index.php?rest_route=%2Fwp%2Fv2%2Ftags&post=145163"}],"curies":[{"name":"wp","href":"https:\/\/api.w.org\/{rel}","templated":true}]}}