{"id":144975,"date":"2016-07-11T16:00:01","date_gmt":"2016-07-11T19:00:01","guid":{"rendered":"http:\/\/www.quersaberpolitica.com.br\/?p=144975"},"modified":"2016-07-11T15:02:12","modified_gmt":"2016-07-11T18:02:12","slug":"tio-de-paciente-faz-denuncia-grave-contra-hospital-de-traumas-o-estado-dela-e-gravissimo-nao-fala-mais-e-nem-anda","status":"publish","type":"post","link":"https:\/\/blogdofarnesio.com.br\/?p=144975","title":{"rendered":"TIO DE PACIENTE FAZ DEN\u00daNCIA GRAVE CONTRA HOSPITAL DE TRAUMAS: \u201cO ESTADO DELA \u00c9 GRAV\u00cdSSIMO, N\u00c3O FALA MAIS E NEM ANDA\u201d"},"content":{"rendered":"<p class=\"x_MsoNormal\" style=\"text-align: justify\"><em><strong><img loading=\"lazy\" decoding=\"async\" class=\"wp-image-82293  aligncenter\" src=\"http:\/\/acaopopular.net\/jornal\/wp-content\/uploads\/2015\/09\/hospital-soro-caindo.jpg\" alt=\"hospital soro caindo\" width=\"407\" height=\"235\" \/>AP &#8211;<\/strong> <\/em>Paulo Henrique Gomes Soares,\u00a0 tio de uma paciente que est\u00e1 internada no Hospital de Traumas relatou nesta manh\u00e3 (11), ao Programa Nossa Voz\/Grande Rio FM, o caso de sua sobrinha que foi v\u00edtima de um AVC no m\u00eas de maio e est\u00e1 internada h\u00e1 dois meses no hospital a espera de cirurgia. Ela tem 21 anos.<\/p>\n<p class=\"x_MsoNormal\" style=\"text-align: justify\">\u201cEla foi internada no m\u00eas de maio e encontra-se em uma situa\u00e7\u00e3o prec\u00e1ria, os m\u00e9dicos colocaram no laudo que ela estava com um co\u00e1gulo na cabe\u00e7a e disseram que iriam passar um medicamento para tentar desenvolver o\u00a0co\u00e1gulo\u00a0sem fazer a\u00a0cirurgia, em seguida fizeram uma tomografia e foi\u00a0constatado\u00a0que ela n\u00e3o tinha mais o co\u00e1gulo e constataram que teria um\u00a0desvio na veia por m\u00e1 forma\u00e7\u00e3o que ela teve desde que nasceu e eles\u00a0disseram\u00a0que n\u00e3o podia aplicar outro medicamento\u00a0enquanto n\u00e3o fosse realizado a cirurgia\u201d.<\/p>\n<p class=\"x_MsoNormal\" style=\"text-align: justify\">Segundo ele, devido a demora para realiza\u00e7\u00e3o da cirurgia, ela n\u00e3o consegue mais andar e nem falar. \u201cO estado dela \u00e9\u00a0grav\u00edssimo, n\u00e3o\u00a0fala mais e nem anda, os m\u00e9dicos ficam dando medicamentos para ela dormir e relaxar e por conta disso sofreu 2\u00a0trombose. J\u00e1 fomos at\u00e9 o Minist\u00e9rio P\u00fablico e nada foi resolvido, o hospital alega que n\u00e3o tem vaga na UTI que \u00e9 para\u00a0a gente ter paci\u00eancia, j\u00e1 tivemos muita paci\u00eancia. Pedimos pelo amor de Deus que o hospital tome\u00a0 provid\u00eancia\u201d.<\/p>\n","protected":false},"excerpt":{"rendered":"<p>AP &#8211; Paulo Henrique Gomes Soares,\u00a0 tio de uma paciente que est\u00e1 internada no Hospital de Traumas relatou nesta manh\u00e3 (11), ao Programa Nossa Voz\/Grande Rio FM, o caso de sua sobrinha que foi v\u00edtima de um AVC no m\u00eas de maio e est\u00e1 internada h\u00e1 dois meses no hospital a espera de cirurgia. Ela tem 21 anos. \u201cEla foi internada no m\u00eas de maio e encontra-se em uma situa\u00e7\u00e3o prec\u00e1ria, os m\u00e9dicos colocaram no laudo que ela estava com um co\u00e1gulo na cabe\u00e7a e disseram que iriam passar um medicamento para tentar desenvolver o\u00a0co\u00e1gulo\u00a0sem fazer a\u00a0cirurgia, em seguida fizeram uma tomografia e foi\u00a0constatado\u00a0que ela n\u00e3o tinha mais o co\u00e1gulo e constataram que teria um\u00a0desvio na veia por m\u00e1 forma\u00e7\u00e3o&hellip; <\/p>\n","protected":false},"author":7,"featured_media":0,"comment_status":"open","ping_status":"open","sticky":false,"template":"","format":"standard","meta":{"_acf_changed":false,"footnotes":""},"categories":[4],"tags":[],"class_list":["post-144975","post","type-post","status-publish","format-standard","hentry","category-saude"],"acf":[],"yoast_head":"<!-- This site is optimized with the Yoast SEO plugin v27.4 - https:\/\/yoast.com\/product\/yoast-seo-wordpress\/ -->\n<title>TIO DE PACIENTE FAZ DEN\u00daNCIA GRAVE CONTRA HOSPITAL DE TRAUMAS: \u201cO ESTADO DELA \u00c9 GRAV\u00cdSSIMO, N\u00c3O FALA MAIS E NEM ANDA\u201d - Blog do Farn\u00e9sio<\/title>\n<meta name=\"robots\" content=\"index, follow, max-snippet:-1, max-image-preview:large, max-video-preview:-1\" \/>\n<link rel=\"canonical\" href=\"https:\/\/blogdofarnesio.com.br\/?p=144975\" \/>\n<meta property=\"og:locale\" content=\"pt_BR\" \/>\n<meta property=\"og:type\" content=\"article\" \/>\n<meta property=\"og:title\" content=\"TIO DE PACIENTE FAZ DEN\u00daNCIA GRAVE CONTRA HOSPITAL DE TRAUMAS: \u201cO ESTADO DELA \u00c9 GRAV\u00cdSSIMO, N\u00c3O FALA MAIS E NEM ANDA\u201d - Blog do Farn\u00e9sio\" \/>\n<meta property=\"og:description\" content=\"AP &#8211; Paulo Henrique Gomes Soares,\u00a0 tio de uma paciente que est\u00e1 internada no Hospital de Traumas relatou nesta manh\u00e3 (11), ao Programa Nossa Voz\/Grande Rio FM, o caso de sua sobrinha que foi v\u00edtima de um AVC no m\u00eas de maio e est\u00e1 internada h\u00e1 dois meses no hospital a espera de cirurgia. Ela tem 21 anos. \u201cEla foi internada no m\u00eas de maio e encontra-se em uma situa\u00e7\u00e3o prec\u00e1ria, os m\u00e9dicos colocaram no laudo que ela estava com um co\u00e1gulo na cabe\u00e7a e disseram que iriam passar um medicamento para tentar desenvolver o\u00a0co\u00e1gulo\u00a0sem fazer a\u00a0cirurgia, em seguida fizeram uma tomografia e foi\u00a0constatado\u00a0que ela n\u00e3o tinha mais o co\u00e1gulo e constataram que teria um\u00a0desvio na veia por m\u00e1 forma\u00e7\u00e3o&hellip;\" \/>\n<meta property=\"og:url\" content=\"https:\/\/blogdofarnesio.com.br\/?p=144975\" \/>\n<meta property=\"og:site_name\" content=\"Blog do Farn\u00e9sio\" \/>\n<meta property=\"article:publisher\" content=\"https:\/\/www.facebook.com\/BlogQuerSaberPolitica\/\" \/>\n<meta property=\"article:published_time\" content=\"2016-07-11T19:00:01+00:00\" \/>\n<meta property=\"og:image\" content=\"http:\/\/acaopopular.net\/jornal\/wp-content\/uploads\/2015\/09\/hospital-soro-caindo.jpg\" \/>\n<meta name=\"twitter:card\" content=\"summary_large_image\" \/>\n<meta name=\"twitter:label1\" content=\"Escrito por\" \/>\n\t<meta name=\"twitter:data1\" content=\"\" \/>\n\t<meta name=\"twitter:label2\" content=\"Est. tempo de leitura\" \/>\n\t<meta name=\"twitter:data2\" content=\"1 minuto\" \/>\n<script type=\"application\/ld+json\" class=\"yoast-schema-graph\">{\"@context\":\"https:\\\/\\\/schema.org\",\"@graph\":[{\"@type\":\"Article\",\"@id\":\"https:\\\/\\\/blogdofarnesio.com.br\\\/?p=144975#article\",\"isPartOf\":{\"@id\":\"https:\\\/\\\/blogdofarnesio.com.br\\\/?p=144975\"},\"author\":{\"name\":\"\",\"@id\":\"\"},\"headline\":\"TIO DE PACIENTE FAZ DEN\u00daNCIA GRAVE CONTRA HOSPITAL DE TRAUMAS: \u201cO ESTADO DELA \u00c9 GRAV\u00cdSSIMO, N\u00c3O FALA MAIS E NEM ANDA\u201d\",\"datePublished\":\"2016-07-11T19:00:01+00:00\",\"mainEntityOfPage\":{\"@id\":\"https:\\\/\\\/blogdofarnesio.com.br\\\/?p=144975\"},\"wordCount\":276,\"commentCount\":0,\"publisher\":{\"@id\":\"https:\\\/\\\/blogdofarnesio.com.br\\\/#organization\"},\"image\":{\"@id\":\"https:\\\/\\\/blogdofarnesio.com.br\\\/?p=144975#primaryimage\"},\"thumbnailUrl\":\"http:\\\/\\\/acaopopular.net\\\/jornal\\\/wp-content\\\/uploads\\\/2015\\\/09\\\/hospital-soro-caindo.jpg\",\"articleSection\":[\"Sa\u00fade\"],\"inLanguage\":\"pt-BR\",\"potentialAction\":[{\"@type\":\"CommentAction\",\"name\":\"Comment\",\"target\":[\"https:\\\/\\\/blogdofarnesio.com.br\\\/?p=144975#respond\"]}]},{\"@type\":\"WebPage\",\"@id\":\"https:\\\/\\\/blogdofarnesio.com.br\\\/?p=144975\",\"url\":\"https:\\\/\\\/blogdofarnesio.com.br\\\/?p=144975\",\"name\":\"TIO DE PACIENTE FAZ DEN\u00daNCIA GRAVE CONTRA HOSPITAL DE TRAUMAS: \u201cO ESTADO DELA \u00c9 GRAV\u00cdSSIMO, N\u00c3O FALA MAIS E NEM ANDA\u201d - Blog do Farn\u00e9sio\",\"isPartOf\":{\"@id\":\"https:\\\/\\\/blogdofarnesio.com.br\\\/#website\"},\"primaryImageOfPage\":{\"@id\":\"https:\\\/\\\/blogdofarnesio.com.br\\\/?p=144975#primaryimage\"},\"image\":{\"@id\":\"https:\\\/\\\/blogdofarnesio.com.br\\\/?p=144975#primaryimage\"},\"thumbnailUrl\":\"http:\\\/\\\/acaopopular.net\\\/jornal\\\/wp-content\\\/uploads\\\/2015\\\/09\\\/hospital-soro-caindo.jpg\",\"datePublished\":\"2016-07-11T19:00:01+00:00\",\"breadcrumb\":{\"@id\":\"https:\\\/\\\/blogdofarnesio.com.br\\\/?p=144975#breadcrumb\"},\"inLanguage\":\"pt-BR\",\"potentialAction\":[{\"@type\":\"ReadAction\",\"target\":[\"https:\\\/\\\/blogdofarnesio.com.br\\\/?p=144975\"]}]},{\"@type\":\"ImageObject\",\"inLanguage\":\"pt-BR\",\"@id\":\"https:\\\/\\\/blogdofarnesio.com.br\\\/?p=144975#primaryimage\",\"url\":\"http:\\\/\\\/acaopopular.net\\\/jornal\\\/wp-content\\\/uploads\\\/2015\\\/09\\\/hospital-soro-caindo.jpg\",\"contentUrl\":\"http:\\\/\\\/acaopopular.net\\\/jornal\\\/wp-content\\\/uploads\\\/2015\\\/09\\\/hospital-soro-caindo.jpg\"},{\"@type\":\"BreadcrumbList\",\"@id\":\"https:\\\/\\\/blogdofarnesio.com.br\\\/?p=144975#breadcrumb\",\"itemListElement\":[{\"@type\":\"ListItem\",\"position\":1,\"name\":\"In\u00edcio\",\"item\":\"https:\\\/\\\/blogdofarnesio.com.br\\\/\"},{\"@type\":\"ListItem\",\"position\":2,\"name\":\"TIO DE PACIENTE FAZ DEN\u00daNCIA GRAVE CONTRA HOSPITAL DE TRAUMAS: \u201cO ESTADO DELA \u00c9 GRAV\u00cdSSIMO, N\u00c3O FALA MAIS E NEM ANDA\u201d\"}]},{\"@type\":\"WebSite\",\"@id\":\"https:\\\/\\\/blogdofarnesio.com.br\\\/#website\",\"url\":\"https:\\\/\\\/blogdofarnesio.com.br\\\/\",\"name\":\"Blog do Farn\u00e9sio\",\"description\":\"Quer Saber Pol\u00edtica?\",\"publisher\":{\"@id\":\"https:\\\/\\\/blogdofarnesio.com.br\\\/#organization\"},\"potentialAction\":[{\"@type\":\"SearchAction\",\"target\":{\"@type\":\"EntryPoint\",\"urlTemplate\":\"https:\\\/\\\/blogdofarnesio.com.br\\\/?s={search_term_string}\"},\"query-input\":{\"@type\":\"PropertyValueSpecification\",\"valueRequired\":true,\"valueName\":\"search_term_string\"}}],\"inLanguage\":\"pt-BR\"},{\"@type\":\"Organization\",\"@id\":\"https:\\\/\\\/blogdofarnesio.com.br\\\/#organization\",\"name\":\"Blog do Farn\u00e9sio\",\"url\":\"https:\\\/\\\/blogdofarnesio.com.br\\\/\",\"logo\":{\"@type\":\"ImageObject\",\"inLanguage\":\"pt-BR\",\"@id\":\"https:\\\/\\\/blogdofarnesio.com.br\\\/#\\\/schema\\\/logo\\\/image\\\/\",\"url\":\"https:\\\/\\\/blogdofarnesio.com.br\\\/wp-content\\\/uploads\\\/2026\\\/03\\\/cropped-logo_new-1.png\",\"contentUrl\":\"https:\\\/\\\/blogdofarnesio.com.br\\\/wp-content\\\/uploads\\\/2026\\\/03\\\/cropped-logo_new-1.png\",\"width\":881,\"height\":685,\"caption\":\"Blog do Farn\u00e9sio\"},\"image\":{\"@id\":\"https:\\\/\\\/blogdofarnesio.com.br\\\/#\\\/schema\\\/logo\\\/image\\\/\"},\"sameAs\":[\"https:\\\/\\\/www.facebook.com\\\/BlogQuerSaberPolitica\\\/\"]},{\"@type\":\"Person\",\"@id\":\"\",\"url\":\"https:\\\/\\\/blogdofarnesio.com.br\\\/?author=7\"}]}<\/script>\n<!-- \/ Yoast SEO plugin. -->","yoast_head_json":{"title":"TIO DE PACIENTE FAZ DEN\u00daNCIA GRAVE CONTRA HOSPITAL DE TRAUMAS: \u201cO ESTADO DELA \u00c9 GRAV\u00cdSSIMO, N\u00c3O FALA MAIS E NEM ANDA\u201d - Blog do Farn\u00e9sio","robots":{"index":"index","follow":"follow","max-snippet":"max-snippet:-1","max-image-preview":"max-image-preview:large","max-video-preview":"max-video-preview:-1"},"canonical":"https:\/\/blogdofarnesio.com.br\/?p=144975","og_locale":"pt_BR","og_type":"article","og_title":"TIO DE PACIENTE FAZ DEN\u00daNCIA GRAVE CONTRA HOSPITAL DE TRAUMAS: \u201cO ESTADO DELA \u00c9 GRAV\u00cdSSIMO, N\u00c3O FALA MAIS E NEM ANDA\u201d - Blog do Farn\u00e9sio","og_description":"AP &#8211; Paulo Henrique Gomes Soares,\u00a0 tio de uma paciente que est\u00e1 internada no Hospital de Traumas relatou nesta manh\u00e3 (11), ao Programa Nossa Voz\/Grande Rio FM, o caso de sua sobrinha que foi v\u00edtima de um AVC no m\u00eas de maio e est\u00e1 internada h\u00e1 dois meses no hospital a espera de cirurgia. Ela tem 21 anos. \u201cEla foi internada no m\u00eas de maio e encontra-se em uma situa\u00e7\u00e3o prec\u00e1ria, os m\u00e9dicos colocaram no laudo que ela estava com um co\u00e1gulo na cabe\u00e7a e disseram que iriam passar um medicamento para tentar desenvolver o\u00a0co\u00e1gulo\u00a0sem fazer a\u00a0cirurgia, em seguida fizeram uma tomografia e foi\u00a0constatado\u00a0que ela n\u00e3o tinha mais o co\u00e1gulo e constataram que teria um\u00a0desvio na veia por m\u00e1 forma\u00e7\u00e3o&hellip;","og_url":"https:\/\/blogdofarnesio.com.br\/?p=144975","og_site_name":"Blog do Farn\u00e9sio","article_publisher":"https:\/\/www.facebook.com\/BlogQuerSaberPolitica\/","article_published_time":"2016-07-11T19:00:01+00:00","og_image":[{"url":"http:\/\/acaopopular.net\/jornal\/wp-content\/uploads\/2015\/09\/hospital-soro-caindo.jpg","type":"","width":"","height":""}],"twitter_card":"summary_large_image","twitter_misc":{"Escrito por":"","Est. tempo de leitura":"1 minuto"},"schema":{"@context":"https:\/\/schema.org","@graph":[{"@type":"Article","@id":"https:\/\/blogdofarnesio.com.br\/?p=144975#article","isPartOf":{"@id":"https:\/\/blogdofarnesio.com.br\/?p=144975"},"author":{"name":"","@id":""},"headline":"TIO DE PACIENTE FAZ DEN\u00daNCIA GRAVE CONTRA HOSPITAL DE TRAUMAS: \u201cO ESTADO DELA \u00c9 GRAV\u00cdSSIMO, N\u00c3O FALA MAIS E NEM ANDA\u201d","datePublished":"2016-07-11T19:00:01+00:00","mainEntityOfPage":{"@id":"https:\/\/blogdofarnesio.com.br\/?p=144975"},"wordCount":276,"commentCount":0,"publisher":{"@id":"https:\/\/blogdofarnesio.com.br\/#organization"},"image":{"@id":"https:\/\/blogdofarnesio.com.br\/?p=144975#primaryimage"},"thumbnailUrl":"http:\/\/acaopopular.net\/jornal\/wp-content\/uploads\/2015\/09\/hospital-soro-caindo.jpg","articleSection":["Sa\u00fade"],"inLanguage":"pt-BR","potentialAction":[{"@type":"CommentAction","name":"Comment","target":["https:\/\/blogdofarnesio.com.br\/?p=144975#respond"]}]},{"@type":"WebPage","@id":"https:\/\/blogdofarnesio.com.br\/?p=144975","url":"https:\/\/blogdofarnesio.com.br\/?p=144975","name":"TIO DE PACIENTE FAZ DEN\u00daNCIA GRAVE CONTRA HOSPITAL DE TRAUMAS: \u201cO ESTADO DELA \u00c9 GRAV\u00cdSSIMO, N\u00c3O FALA MAIS E NEM ANDA\u201d - Blog do Farn\u00e9sio","isPartOf":{"@id":"https:\/\/blogdofarnesio.com.br\/#website"},"primaryImageOfPage":{"@id":"https:\/\/blogdofarnesio.com.br\/?p=144975#primaryimage"},"image":{"@id":"https:\/\/blogdofarnesio.com.br\/?p=144975#primaryimage"},"thumbnailUrl":"http:\/\/acaopopular.net\/jornal\/wp-content\/uploads\/2015\/09\/hospital-soro-caindo.jpg","datePublished":"2016-07-11T19:00:01+00:00","breadcrumb":{"@id":"https:\/\/blogdofarnesio.com.br\/?p=144975#breadcrumb"},"inLanguage":"pt-BR","potentialAction":[{"@type":"ReadAction","target":["https:\/\/blogdofarnesio.com.br\/?p=144975"]}]},{"@type":"ImageObject","inLanguage":"pt-BR","@id":"https:\/\/blogdofarnesio.com.br\/?p=144975#primaryimage","url":"http:\/\/acaopopular.net\/jornal\/wp-content\/uploads\/2015\/09\/hospital-soro-caindo.jpg","contentUrl":"http:\/\/acaopopular.net\/jornal\/wp-content\/uploads\/2015\/09\/hospital-soro-caindo.jpg"},{"@type":"BreadcrumbList","@id":"https:\/\/blogdofarnesio.com.br\/?p=144975#breadcrumb","itemListElement":[{"@type":"ListItem","position":1,"name":"In\u00edcio","item":"https:\/\/blogdofarnesio.com.br\/"},{"@type":"ListItem","position":2,"name":"TIO DE PACIENTE FAZ DEN\u00daNCIA GRAVE CONTRA HOSPITAL DE TRAUMAS: \u201cO ESTADO DELA \u00c9 GRAV\u00cdSSIMO, N\u00c3O FALA MAIS E NEM ANDA\u201d"}]},{"@type":"WebSite","@id":"https:\/\/blogdofarnesio.com.br\/#website","url":"https:\/\/blogdofarnesio.com.br\/","name":"Blog do Farn\u00e9sio","description":"Quer Saber Pol\u00edtica?","publisher":{"@id":"https:\/\/blogdofarnesio.com.br\/#organization"},"potentialAction":[{"@type":"SearchAction","target":{"@type":"EntryPoint","urlTemplate":"https:\/\/blogdofarnesio.com.br\/?s={search_term_string}"},"query-input":{"@type":"PropertyValueSpecification","valueRequired":true,"valueName":"search_term_string"}}],"inLanguage":"pt-BR"},{"@type":"Organization","@id":"https:\/\/blogdofarnesio.com.br\/#organization","name":"Blog do Farn\u00e9sio","url":"https:\/\/blogdofarnesio.com.br\/","logo":{"@type":"ImageObject","inLanguage":"pt-BR","@id":"https:\/\/blogdofarnesio.com.br\/#\/schema\/logo\/image\/","url":"https:\/\/blogdofarnesio.com.br\/wp-content\/uploads\/2026\/03\/cropped-logo_new-1.png","contentUrl":"https:\/\/blogdofarnesio.com.br\/wp-content\/uploads\/2026\/03\/cropped-logo_new-1.png","width":881,"height":685,"caption":"Blog do Farn\u00e9sio"},"image":{"@id":"https:\/\/blogdofarnesio.com.br\/#\/schema\/logo\/image\/"},"sameAs":["https:\/\/www.facebook.com\/BlogQuerSaberPolitica\/"]},{"@type":"Person","@id":"","url":"https:\/\/blogdofarnesio.com.br\/?author=7"}]}},"_links":{"self":[{"href":"https:\/\/blogdofarnesio.com.br\/index.php?rest_route=\/wp\/v2\/posts\/144975","targetHints":{"allow":["GET"]}}],"collection":[{"href":"https:\/\/blogdofarnesio.com.br\/index.php?rest_route=\/wp\/v2\/posts"}],"about":[{"href":"https:\/\/blogdofarnesio.com.br\/index.php?rest_route=\/wp\/v2\/types\/post"}],"author":[{"embeddable":true,"href":"https:\/\/blogdofarnesio.com.br\/index.php?rest_route=\/wp\/v2\/users\/7"}],"replies":[{"embeddable":true,"href":"https:\/\/blogdofarnesio.com.br\/index.php?rest_route=%2Fwp%2Fv2%2Fcomments&post=144975"}],"version-history":[{"count":0,"href":"https:\/\/blogdofarnesio.com.br\/index.php?rest_route=\/wp\/v2\/posts\/144975\/revisions"}],"wp:attachment":[{"href":"https:\/\/blogdofarnesio.com.br\/index.php?rest_route=%2Fwp%2Fv2%2Fmedia&parent=144975"}],"wp:term":[{"taxonomy":"category","embeddable":true,"href":"https:\/\/blogdofarnesio.com.br\/index.php?rest_route=%2Fwp%2Fv2%2Fcategories&post=144975"},{"taxonomy":"post_tag","embeddable":true,"href":"https:\/\/blogdofarnesio.com.br\/index.php?rest_route=%2Fwp%2Fv2%2Ftags&post=144975"}],"curies":[{"name":"wp","href":"https:\/\/api.w.org\/{rel}","templated":true}]}}