{"id":144787,"date":"2016-07-08T07:40:13","date_gmt":"2016-07-08T10:40:13","guid":{"rendered":"http:\/\/www.quersaberpolitica.com.br\/?p=144787"},"modified":"2016-07-08T07:22:27","modified_gmt":"2016-07-08T10:22:27","slug":"policiais-da-74a-cipm-prendem-individuo-por-trafico-de-drogas-e-posse-ilegal-de-arma-de-fogo-no-distrito-de-carnaiba","status":"publish","type":"post","link":"https:\/\/blogdofarnesio.com.br\/?p=144787","title":{"rendered":"POLICIAIS DA 74\u00aa CIPM PRENDEM INDIV\u00cdDUO POR TR\u00c1FICO DE DROGAS E POSSE ILEGAL DE ARMA DE FOGO NO DISTRITO DE CARNA\u00cdBA"},"content":{"rendered":"<p style=\"text-align: justify\"><a href=\"http:\/\/www.quersaberpolitica.com.br\/2016\/wp-content\/uploads\/2016\/07\/blogqsp12.jpg\"><img loading=\"lazy\" decoding=\"async\" class=\"  wp-image-144788 aligncenter\" src=\"http:\/\/www.quersaberpolitica.com.br\/2016\/wp-content\/uploads\/2016\/07\/blogqsp12-300x113.jpg\" alt=\"blogqsp12\" width=\"434\" height=\"171\" \/><\/a><\/p>\n<p style=\"text-align: justify\">Por volta das 10h da \u00faltima quarta-feira (06), depois de ser informado por um denunciante an\u00f4nimo, a guarni\u00e7\u00e3o embarcada na VTR 7406 (PETO), apoiada pela VTR 7410 e VTR da Se\u00e7\u00e3o de Opera\u00e7\u00f5es de Intelig\u00eancia, deslocaram at\u00e9 o povoado de Carneiros em Carna\u00edba para averiguar uma situa\u00e7\u00e3o de tr\u00e1fico de drogas. Chegando no local indicado, foi encontrado com o Senhor JOS\u00c9 VIEIRA SANTOS, 48 anos, uma trouxinha de erva seca \u2013 supostamente maconha. Ao entrevist\u00e1-lo, o mesmo afirmou ser usu\u00e1rio e que teria mais droga escondida em seu quintal. Ao realizarmos as buscas na sua resid\u00eancia foram encontrados: 3 trouxinhas de erva seca, uma quantidade maior da mesma erva embalada em saco pl\u00e1stico, 02 espingardas \u201ctipo bate bucha\u201d, 01 dechavador e recipientes contendo chumbo, p\u00f3lvora e espoletas. No interior da casa foi encontrado tamb\u00e9m o jovem Cl\u00e9ber Ribeiro da Silva Santos, 23 anos, por\u00e9m nada foi encontrado com o mesmo. Os dois indiv\u00edduos, junto com todo material e a droga, foram apreendidos e apresentados na Delegacia; Cl\u00e9ber foi ouvido e liberado e o Sr. Jos\u00e9 foi flagranteado de acordo do B.O. de n\u00ba 1\u00ba DT \u2013 JUAZEIRO \u2013 16 \u2013 06089.\u00a0\u201cPol\u00edcia Comunit\u00e1ria: dignidade e respeito ao cidad\u00e3o.\u201d<\/p>\n<div><em><span style=\"font-family: Calibri, Arial, Helvetica, sans-serif;font-size: small\">Ascom\u00a074\u00aa CIPM<\/span><\/em><\/div>\n","protected":false},"excerpt":{"rendered":"<p>Por volta das 10h da \u00faltima quarta-feira (06), depois de ser informado por um denunciante an\u00f4nimo, a guarni\u00e7\u00e3o embarcada na VTR 7406 (PETO), apoiada pela VTR 7410 e VTR da Se\u00e7\u00e3o de Opera\u00e7\u00f5es de Intelig\u00eancia, deslocaram at\u00e9 o povoado de Carneiros em Carna\u00edba para averiguar uma situa\u00e7\u00e3o de tr\u00e1fico de drogas. Chegando no local indicado, foi encontrado com o Senhor JOS\u00c9 VIEIRA SANTOS, 48 anos, uma trouxinha de erva seca \u2013 supostamente maconha. Ao entrevist\u00e1-lo, o mesmo afirmou ser usu\u00e1rio e que teria mais droga escondida em seu quintal. Ao realizarmos as buscas na sua resid\u00eancia foram encontrados: 3 trouxinhas de erva seca, uma quantidade maior da mesma erva embalada em saco pl\u00e1stico, 02 espingardas \u201ctipo bate bucha\u201d, 01 dechavador&hellip; <\/p>\n","protected":false},"author":7,"featured_media":0,"comment_status":"open","ping_status":"open","sticky":false,"template":"","format":"standard","meta":{"_acf_changed":false,"footnotes":""},"categories":[9,1],"tags":[],"class_list":["post-144787","post","type-post","status-publish","format-standard","hentry","category-policia","category-politica"],"acf":[],"yoast_head":"<!-- This site is optimized with the Yoast SEO plugin v27.4 - https:\/\/yoast.com\/product\/yoast-seo-wordpress\/ -->\n<title>POLICIAIS DA 74\u00aa CIPM PRENDEM INDIV\u00cdDUO POR TR\u00c1FICO DE DROGAS E POSSE ILEGAL DE ARMA DE FOGO NO DISTRITO DE CARNA\u00cdBA - Blog do Farn\u00e9sio<\/title>\n<meta name=\"robots\" content=\"index, follow, max-snippet:-1, max-image-preview:large, max-video-preview:-1\" \/>\n<link rel=\"canonical\" href=\"https:\/\/blogdofarnesio.com.br\/?p=144787\" \/>\n<meta property=\"og:locale\" content=\"pt_BR\" \/>\n<meta property=\"og:type\" content=\"article\" \/>\n<meta property=\"og:title\" content=\"POLICIAIS DA 74\u00aa CIPM PRENDEM INDIV\u00cdDUO POR TR\u00c1FICO DE DROGAS E POSSE ILEGAL DE ARMA DE FOGO NO DISTRITO DE CARNA\u00cdBA - Blog do Farn\u00e9sio\" \/>\n<meta property=\"og:description\" content=\"Por volta das 10h da \u00faltima quarta-feira (06), depois de ser informado por um denunciante an\u00f4nimo, a guarni\u00e7\u00e3o embarcada na VTR 7406 (PETO), apoiada pela VTR 7410 e VTR da Se\u00e7\u00e3o de Opera\u00e7\u00f5es de Intelig\u00eancia, deslocaram at\u00e9 o povoado de Carneiros em Carna\u00edba para averiguar uma situa\u00e7\u00e3o de tr\u00e1fico de drogas. Chegando no local indicado, foi encontrado com o Senhor JOS\u00c9 VIEIRA SANTOS, 48 anos, uma trouxinha de erva seca \u2013 supostamente maconha. Ao entrevist\u00e1-lo, o mesmo afirmou ser usu\u00e1rio e que teria mais droga escondida em seu quintal. Ao realizarmos as buscas na sua resid\u00eancia foram encontrados: 3 trouxinhas de erva seca, uma quantidade maior da mesma erva embalada em saco pl\u00e1stico, 02 espingardas \u201ctipo bate bucha\u201d, 01 dechavador&hellip;\" \/>\n<meta property=\"og:url\" content=\"https:\/\/blogdofarnesio.com.br\/?p=144787\" \/>\n<meta property=\"og:site_name\" content=\"Blog do Farn\u00e9sio\" \/>\n<meta property=\"article:publisher\" content=\"https:\/\/www.facebook.com\/BlogQuerSaberPolitica\/\" \/>\n<meta property=\"article:published_time\" content=\"2016-07-08T10:40:13+00:00\" \/>\n<meta property=\"og:image\" content=\"http:\/\/www.quersaberpolitica.com.br\/2016\/wp-content\/uploads\/2016\/07\/blogqsp12-300x113.jpg\" \/>\n<meta name=\"twitter:card\" content=\"summary_large_image\" \/>\n<meta name=\"twitter:label1\" content=\"Escrito por\" \/>\n\t<meta name=\"twitter:data1\" content=\"\" \/>\n\t<meta name=\"twitter:label2\" content=\"Est. tempo de leitura\" \/>\n\t<meta name=\"twitter:data2\" content=\"1 minuto\" \/>\n<script type=\"application\/ld+json\" class=\"yoast-schema-graph\">{\"@context\":\"https:\\\/\\\/schema.org\",\"@graph\":[{\"@type\":\"Article\",\"@id\":\"https:\\\/\\\/blogdofarnesio.com.br\\\/?p=144787#article\",\"isPartOf\":{\"@id\":\"https:\\\/\\\/blogdofarnesio.com.br\\\/?p=144787\"},\"author\":{\"name\":\"\",\"@id\":\"\"},\"headline\":\"POLICIAIS DA 74\u00aa CIPM PRENDEM INDIV\u00cdDUO POR TR\u00c1FICO DE DROGAS E POSSE ILEGAL DE ARMA DE FOGO NO DISTRITO DE CARNA\u00cdBA\",\"datePublished\":\"2016-07-08T10:40:13+00:00\",\"mainEntityOfPage\":{\"@id\":\"https:\\\/\\\/blogdofarnesio.com.br\\\/?p=144787\"},\"wordCount\":230,\"commentCount\":0,\"publisher\":{\"@id\":\"https:\\\/\\\/blogdofarnesio.com.br\\\/#organization\"},\"image\":{\"@id\":\"https:\\\/\\\/blogdofarnesio.com.br\\\/?p=144787#primaryimage\"},\"thumbnailUrl\":\"http:\\\/\\\/www.quersaberpolitica.com.br\\\/2016\\\/wp-content\\\/uploads\\\/2016\\\/07\\\/blogqsp12-300x113.jpg\",\"articleSection\":[\"Pol\u00edcia\",\"Pol\u00edtica\"],\"inLanguage\":\"pt-BR\",\"potentialAction\":[{\"@type\":\"CommentAction\",\"name\":\"Comment\",\"target\":[\"https:\\\/\\\/blogdofarnesio.com.br\\\/?p=144787#respond\"]}]},{\"@type\":\"WebPage\",\"@id\":\"https:\\\/\\\/blogdofarnesio.com.br\\\/?p=144787\",\"url\":\"https:\\\/\\\/blogdofarnesio.com.br\\\/?p=144787\",\"name\":\"POLICIAIS DA 74\u00aa CIPM PRENDEM INDIV\u00cdDUO POR TR\u00c1FICO DE DROGAS E POSSE ILEGAL DE ARMA DE FOGO NO DISTRITO DE CARNA\u00cdBA - Blog do Farn\u00e9sio\",\"isPartOf\":{\"@id\":\"https:\\\/\\\/blogdofarnesio.com.br\\\/#website\"},\"primaryImageOfPage\":{\"@id\":\"https:\\\/\\\/blogdofarnesio.com.br\\\/?p=144787#primaryimage\"},\"image\":{\"@id\":\"https:\\\/\\\/blogdofarnesio.com.br\\\/?p=144787#primaryimage\"},\"thumbnailUrl\":\"http:\\\/\\\/www.quersaberpolitica.com.br\\\/2016\\\/wp-content\\\/uploads\\\/2016\\\/07\\\/blogqsp12-300x113.jpg\",\"datePublished\":\"2016-07-08T10:40:13+00:00\",\"breadcrumb\":{\"@id\":\"https:\\\/\\\/blogdofarnesio.com.br\\\/?p=144787#breadcrumb\"},\"inLanguage\":\"pt-BR\",\"potentialAction\":[{\"@type\":\"ReadAction\",\"target\":[\"https:\\\/\\\/blogdofarnesio.com.br\\\/?p=144787\"]}]},{\"@type\":\"ImageObject\",\"inLanguage\":\"pt-BR\",\"@id\":\"https:\\\/\\\/blogdofarnesio.com.br\\\/?p=144787#primaryimage\",\"url\":\"http:\\\/\\\/www.quersaberpolitica.com.br\\\/2016\\\/wp-content\\\/uploads\\\/2016\\\/07\\\/blogqsp12-300x113.jpg\",\"contentUrl\":\"http:\\\/\\\/www.quersaberpolitica.com.br\\\/2016\\\/wp-content\\\/uploads\\\/2016\\\/07\\\/blogqsp12-300x113.jpg\"},{\"@type\":\"BreadcrumbList\",\"@id\":\"https:\\\/\\\/blogdofarnesio.com.br\\\/?p=144787#breadcrumb\",\"itemListElement\":[{\"@type\":\"ListItem\",\"position\":1,\"name\":\"In\u00edcio\",\"item\":\"https:\\\/\\\/blogdofarnesio.com.br\\\/\"},{\"@type\":\"ListItem\",\"position\":2,\"name\":\"POLICIAIS DA 74\u00aa CIPM PRENDEM INDIV\u00cdDUO POR TR\u00c1FICO DE DROGAS E POSSE ILEGAL DE ARMA DE FOGO NO DISTRITO DE CARNA\u00cdBA\"}]},{\"@type\":\"WebSite\",\"@id\":\"https:\\\/\\\/blogdofarnesio.com.br\\\/#website\",\"url\":\"https:\\\/\\\/blogdofarnesio.com.br\\\/\",\"name\":\"Blog do Farn\u00e9sio\",\"description\":\"Quer Saber Pol\u00edtica?\",\"publisher\":{\"@id\":\"https:\\\/\\\/blogdofarnesio.com.br\\\/#organization\"},\"potentialAction\":[{\"@type\":\"SearchAction\",\"target\":{\"@type\":\"EntryPoint\",\"urlTemplate\":\"https:\\\/\\\/blogdofarnesio.com.br\\\/?s={search_term_string}\"},\"query-input\":{\"@type\":\"PropertyValueSpecification\",\"valueRequired\":true,\"valueName\":\"search_term_string\"}}],\"inLanguage\":\"pt-BR\"},{\"@type\":\"Organization\",\"@id\":\"https:\\\/\\\/blogdofarnesio.com.br\\\/#organization\",\"name\":\"Blog do Farn\u00e9sio\",\"url\":\"https:\\\/\\\/blogdofarnesio.com.br\\\/\",\"logo\":{\"@type\":\"ImageObject\",\"inLanguage\":\"pt-BR\",\"@id\":\"https:\\\/\\\/blogdofarnesio.com.br\\\/#\\\/schema\\\/logo\\\/image\\\/\",\"url\":\"https:\\\/\\\/blogdofarnesio.com.br\\\/wp-content\\\/uploads\\\/2026\\\/03\\\/cropped-logo_new-1.png\",\"contentUrl\":\"https:\\\/\\\/blogdofarnesio.com.br\\\/wp-content\\\/uploads\\\/2026\\\/03\\\/cropped-logo_new-1.png\",\"width\":881,\"height\":685,\"caption\":\"Blog do Farn\u00e9sio\"},\"image\":{\"@id\":\"https:\\\/\\\/blogdofarnesio.com.br\\\/#\\\/schema\\\/logo\\\/image\\\/\"},\"sameAs\":[\"https:\\\/\\\/www.facebook.com\\\/BlogQuerSaberPolitica\\\/\"]},{\"@type\":\"Person\",\"@id\":\"\",\"url\":\"https:\\\/\\\/blogdofarnesio.com.br\\\/?author=7\"}]}<\/script>\n<!-- \/ Yoast SEO plugin. -->","yoast_head_json":{"title":"POLICIAIS DA 74\u00aa CIPM PRENDEM INDIV\u00cdDUO POR TR\u00c1FICO DE DROGAS E POSSE ILEGAL DE ARMA DE FOGO NO DISTRITO DE CARNA\u00cdBA - Blog do Farn\u00e9sio","robots":{"index":"index","follow":"follow","max-snippet":"max-snippet:-1","max-image-preview":"max-image-preview:large","max-video-preview":"max-video-preview:-1"},"canonical":"https:\/\/blogdofarnesio.com.br\/?p=144787","og_locale":"pt_BR","og_type":"article","og_title":"POLICIAIS DA 74\u00aa CIPM PRENDEM INDIV\u00cdDUO POR TR\u00c1FICO DE DROGAS E POSSE ILEGAL DE ARMA DE FOGO NO DISTRITO DE CARNA\u00cdBA - Blog do Farn\u00e9sio","og_description":"Por volta das 10h da \u00faltima quarta-feira (06), depois de ser informado por um denunciante an\u00f4nimo, a guarni\u00e7\u00e3o embarcada na VTR 7406 (PETO), apoiada pela VTR 7410 e VTR da Se\u00e7\u00e3o de Opera\u00e7\u00f5es de Intelig\u00eancia, deslocaram at\u00e9 o povoado de Carneiros em Carna\u00edba para averiguar uma situa\u00e7\u00e3o de tr\u00e1fico de drogas. Chegando no local indicado, foi encontrado com o Senhor JOS\u00c9 VIEIRA SANTOS, 48 anos, uma trouxinha de erva seca \u2013 supostamente maconha. Ao entrevist\u00e1-lo, o mesmo afirmou ser usu\u00e1rio e que teria mais droga escondida em seu quintal. Ao realizarmos as buscas na sua resid\u00eancia foram encontrados: 3 trouxinhas de erva seca, uma quantidade maior da mesma erva embalada em saco pl\u00e1stico, 02 espingardas \u201ctipo bate bucha\u201d, 01 dechavador&hellip;","og_url":"https:\/\/blogdofarnesio.com.br\/?p=144787","og_site_name":"Blog do Farn\u00e9sio","article_publisher":"https:\/\/www.facebook.com\/BlogQuerSaberPolitica\/","article_published_time":"2016-07-08T10:40:13+00:00","og_image":[{"url":"http:\/\/www.quersaberpolitica.com.br\/2016\/wp-content\/uploads\/2016\/07\/blogqsp12-300x113.jpg","type":"","width":"","height":""}],"twitter_card":"summary_large_image","twitter_misc":{"Escrito por":"","Est. tempo de leitura":"1 minuto"},"schema":{"@context":"https:\/\/schema.org","@graph":[{"@type":"Article","@id":"https:\/\/blogdofarnesio.com.br\/?p=144787#article","isPartOf":{"@id":"https:\/\/blogdofarnesio.com.br\/?p=144787"},"author":{"name":"","@id":""},"headline":"POLICIAIS DA 74\u00aa CIPM PRENDEM INDIV\u00cdDUO POR TR\u00c1FICO DE DROGAS E POSSE ILEGAL DE ARMA DE FOGO NO DISTRITO DE CARNA\u00cdBA","datePublished":"2016-07-08T10:40:13+00:00","mainEntityOfPage":{"@id":"https:\/\/blogdofarnesio.com.br\/?p=144787"},"wordCount":230,"commentCount":0,"publisher":{"@id":"https:\/\/blogdofarnesio.com.br\/#organization"},"image":{"@id":"https:\/\/blogdofarnesio.com.br\/?p=144787#primaryimage"},"thumbnailUrl":"http:\/\/www.quersaberpolitica.com.br\/2016\/wp-content\/uploads\/2016\/07\/blogqsp12-300x113.jpg","articleSection":["Pol\u00edcia","Pol\u00edtica"],"inLanguage":"pt-BR","potentialAction":[{"@type":"CommentAction","name":"Comment","target":["https:\/\/blogdofarnesio.com.br\/?p=144787#respond"]}]},{"@type":"WebPage","@id":"https:\/\/blogdofarnesio.com.br\/?p=144787","url":"https:\/\/blogdofarnesio.com.br\/?p=144787","name":"POLICIAIS DA 74\u00aa CIPM PRENDEM INDIV\u00cdDUO POR TR\u00c1FICO DE DROGAS E POSSE ILEGAL DE ARMA DE FOGO NO DISTRITO DE CARNA\u00cdBA - Blog do Farn\u00e9sio","isPartOf":{"@id":"https:\/\/blogdofarnesio.com.br\/#website"},"primaryImageOfPage":{"@id":"https:\/\/blogdofarnesio.com.br\/?p=144787#primaryimage"},"image":{"@id":"https:\/\/blogdofarnesio.com.br\/?p=144787#primaryimage"},"thumbnailUrl":"http:\/\/www.quersaberpolitica.com.br\/2016\/wp-content\/uploads\/2016\/07\/blogqsp12-300x113.jpg","datePublished":"2016-07-08T10:40:13+00:00","breadcrumb":{"@id":"https:\/\/blogdofarnesio.com.br\/?p=144787#breadcrumb"},"inLanguage":"pt-BR","potentialAction":[{"@type":"ReadAction","target":["https:\/\/blogdofarnesio.com.br\/?p=144787"]}]},{"@type":"ImageObject","inLanguage":"pt-BR","@id":"https:\/\/blogdofarnesio.com.br\/?p=144787#primaryimage","url":"http:\/\/www.quersaberpolitica.com.br\/2016\/wp-content\/uploads\/2016\/07\/blogqsp12-300x113.jpg","contentUrl":"http:\/\/www.quersaberpolitica.com.br\/2016\/wp-content\/uploads\/2016\/07\/blogqsp12-300x113.jpg"},{"@type":"BreadcrumbList","@id":"https:\/\/blogdofarnesio.com.br\/?p=144787#breadcrumb","itemListElement":[{"@type":"ListItem","position":1,"name":"In\u00edcio","item":"https:\/\/blogdofarnesio.com.br\/"},{"@type":"ListItem","position":2,"name":"POLICIAIS DA 74\u00aa CIPM PRENDEM INDIV\u00cdDUO POR TR\u00c1FICO DE DROGAS E POSSE ILEGAL DE ARMA DE FOGO NO DISTRITO DE CARNA\u00cdBA"}]},{"@type":"WebSite","@id":"https:\/\/blogdofarnesio.com.br\/#website","url":"https:\/\/blogdofarnesio.com.br\/","name":"Blog do Farn\u00e9sio","description":"Quer Saber Pol\u00edtica?","publisher":{"@id":"https:\/\/blogdofarnesio.com.br\/#organization"},"potentialAction":[{"@type":"SearchAction","target":{"@type":"EntryPoint","urlTemplate":"https:\/\/blogdofarnesio.com.br\/?s={search_term_string}"},"query-input":{"@type":"PropertyValueSpecification","valueRequired":true,"valueName":"search_term_string"}}],"inLanguage":"pt-BR"},{"@type":"Organization","@id":"https:\/\/blogdofarnesio.com.br\/#organization","name":"Blog do Farn\u00e9sio","url":"https:\/\/blogdofarnesio.com.br\/","logo":{"@type":"ImageObject","inLanguage":"pt-BR","@id":"https:\/\/blogdofarnesio.com.br\/#\/schema\/logo\/image\/","url":"https:\/\/blogdofarnesio.com.br\/wp-content\/uploads\/2026\/03\/cropped-logo_new-1.png","contentUrl":"https:\/\/blogdofarnesio.com.br\/wp-content\/uploads\/2026\/03\/cropped-logo_new-1.png","width":881,"height":685,"caption":"Blog do Farn\u00e9sio"},"image":{"@id":"https:\/\/blogdofarnesio.com.br\/#\/schema\/logo\/image\/"},"sameAs":["https:\/\/www.facebook.com\/BlogQuerSaberPolitica\/"]},{"@type":"Person","@id":"","url":"https:\/\/blogdofarnesio.com.br\/?author=7"}]}},"_links":{"self":[{"href":"https:\/\/blogdofarnesio.com.br\/index.php?rest_route=\/wp\/v2\/posts\/144787","targetHints":{"allow":["GET"]}}],"collection":[{"href":"https:\/\/blogdofarnesio.com.br\/index.php?rest_route=\/wp\/v2\/posts"}],"about":[{"href":"https:\/\/blogdofarnesio.com.br\/index.php?rest_route=\/wp\/v2\/types\/post"}],"author":[{"embeddable":true,"href":"https:\/\/blogdofarnesio.com.br\/index.php?rest_route=\/wp\/v2\/users\/7"}],"replies":[{"embeddable":true,"href":"https:\/\/blogdofarnesio.com.br\/index.php?rest_route=%2Fwp%2Fv2%2Fcomments&post=144787"}],"version-history":[{"count":0,"href":"https:\/\/blogdofarnesio.com.br\/index.php?rest_route=\/wp\/v2\/posts\/144787\/revisions"}],"wp:attachment":[{"href":"https:\/\/blogdofarnesio.com.br\/index.php?rest_route=%2Fwp%2Fv2%2Fmedia&parent=144787"}],"wp:term":[{"taxonomy":"category","embeddable":true,"href":"https:\/\/blogdofarnesio.com.br\/index.php?rest_route=%2Fwp%2Fv2%2Fcategories&post=144787"},{"taxonomy":"post_tag","embeddable":true,"href":"https:\/\/blogdofarnesio.com.br\/index.php?rest_route=%2Fwp%2Fv2%2Ftags&post=144787"}],"curies":[{"name":"wp","href":"https:\/\/api.w.org\/{rel}","templated":true}]}}