{"id":144728,"date":"2016-07-07T11:30:33","date_gmt":"2016-07-07T14:30:33","guid":{"rendered":"http:\/\/www.quersaberpolitica.com.br\/?p=144728"},"modified":"2016-07-07T10:54:29","modified_gmt":"2016-07-07T13:54:29","slug":"tadeu-alencar-contesta-relator-do-processo-de-cassacao-de-cunha-na-ccjc-e-defende-votacao-em-plenario","status":"publish","type":"post","link":"https:\/\/blogdofarnesio.com.br\/?p=144728","title":{"rendered":"TADEU ALENCAR CONTESTA RELATOR DO PROCESSO DE CASSA\u00c7\u00c3O DE CUNHA NA CCJC E DEFENDE VOTA\u00c7\u00c3O EM PLEN\u00c1RIO"},"content":{"rendered":"<p style=\"text-align: justify\"><a href=\"http:\/\/www.quersaberpolitica.com.br\/2016\/wp-content\/uploads\/2016\/07\/blogqsp-sugest\u00e3odenota.jpg\"><img loading=\"lazy\" decoding=\"async\" class=\"  wp-image-144729 aligncenter\" src=\"http:\/\/www.quersaberpolitica.com.br\/2016\/wp-content\/uploads\/2016\/07\/blogqsp-sugest\u00e3odenota-300x200.jpg\" alt=\"blogqsp-sugest\u00e3odenota\" width=\"431\" height=\"292\" \/><\/a><\/p>\n<p style=\"text-align: justify\">Falando como representante da bancada do PSB na Comiss\u00e3o de Constitui\u00e7\u00e3o, Justi\u00e7a e Cidadania (CCJC) da C\u00e2mara, o deputado federal Tadeu Alencar (PE) contestou com veem\u00eancia o relat\u00f3rio apresentado pelo deputado Ronaldo Fonseca nesta quarta-feira (06) sobre o processo de cassa\u00e7\u00e3o do mandato do deputado afastado Eduardo Cunha.<\/p>\n<p style=\"text-align: justify\">De acordo com Tadeu, embora tenha rejeitado a ampla maioria dos argumentos utilizados pela defesa de Cunha para pedir a anula\u00e7\u00e3o do processo de cassa\u00e7\u00e3o no Conselho de \u00c9tica, o relator se utilizou de apenas um ponto da defesa \u2013 exatamente o mais fr\u00e1gil \u2013 para recomendar a invalida\u00e7\u00e3o: o fato de a vota\u00e7\u00e3o no conselho ter sido feita de forma nominal e n\u00e3o no painel eletr\u00f4nico.<\/p>\n<p style=\"text-align: justify\">\u201cEsse \u00e9 um argumento fr\u00e1gil. A vota\u00e7\u00e3o nominal \u00e9 um dispositivo previsto pela Constitui\u00e7\u00e3o. Al\u00e9m disso, contribui para dar maior transpar\u00eancia e equil\u00edbrio ao processo. \u00c9 preciso ressaltar, ainda, que essa quest\u00e3o foi recentemente analisada pelo Supremo Tribunal Federal (STF) que, por maioria, recomendou a n\u00e3o utiliza\u00e7\u00e3o do voto eletr\u00f4nico\u201d, afirmou o vice-l\u00edder do PSB, acrescentando que, diante da fragilidade do argumento, a maioria dos 66 integrantes da CCJC dever\u00e1 votar pela derrubada do relat\u00f3rio de Ronaldo Fonseca, um dos deputados aliados de Eduardo Cunha.<!--more--><\/p>\n<p style=\"text-align: justify\">Com esse prov\u00e1vel desfecho na CCJC, o processo contra Cunha ser\u00e1 apreciado diretamente pelo plen\u00e1rio da C\u00e2mara, novamente por vota\u00e7\u00e3o nominal. \u201cEsse foi o processo mais longevo que j\u00e1 tramitou no Conselho de \u00c9tica, gra\u00e7as \u00e0s in\u00fameras manobras feitas por Cunha, com seu estilo autocr\u00e1tico e imperial, para protelar a vota\u00e7\u00e3o.<\/p>\n<p style=\"text-align: justify\">\u00c9 importante que encerremos com a maior brevidade o processo no plen\u00e1rio porque o pa\u00eds inteiro aguarda h\u00e1 muito uma posi\u00e7\u00e3o da C\u00e2mara a respeito da cassa\u00e7\u00e3o de Eduardo Cunha\u201d, observou Tadeu Alencar.<\/p>\n<p style=\"text-align: justify\">O vice-l\u00edder da bancada do PSB lembrou ainda que, ao longo do extenso processo no Conselho de \u00c9tica, o pr\u00f3prio STF terminou por determinar a suspens\u00e3o do peemedebista \u2013 r\u00e9u em v\u00e1rios processos naquela Corte \u2013 da presid\u00eancia da C\u00e2mara e do mandato. \u201cDepois de afastarmos uma presidente da Rep\u00fablica, ainda que temporariamente, por cometimento crime de responsabilidade, e depois de o STF ter acatado abundantes raz\u00f5es para o afastamento de Cunha, n\u00e3o \u00e9 razo\u00e1vel mais qualquer retardo na manifesta\u00e7\u00e3o da CCJC, permitindo que esse processo seja rapidamente levado ao plen\u00e1rio\u201d, completou.<\/p>\n<p style=\"text-align: justify\"><em>Tadeu Alencar<\/em><\/p>\n","protected":false},"excerpt":{"rendered":"<p>Falando como representante da bancada do PSB na Comiss\u00e3o de Constitui\u00e7\u00e3o, Justi\u00e7a e Cidadania (CCJC) da C\u00e2mara, o deputado federal Tadeu Alencar (PE) contestou com veem\u00eancia o relat\u00f3rio apresentado pelo deputado Ronaldo Fonseca nesta quarta-feira (06) sobre o processo de cassa\u00e7\u00e3o do mandato do deputado afastado Eduardo Cunha. De acordo com Tadeu, embora tenha rejeitado a ampla maioria dos argumentos utilizados pela defesa de Cunha para pedir a anula\u00e7\u00e3o do processo de cassa\u00e7\u00e3o no Conselho de \u00c9tica, o relator se utilizou de apenas um ponto da defesa \u2013 exatamente o mais fr\u00e1gil \u2013 para recomendar a invalida\u00e7\u00e3o: o fato de a vota\u00e7\u00e3o no conselho ter sido feita de forma nominal e n\u00e3o no painel eletr\u00f4nico. \u201cEsse \u00e9 um argumento fr\u00e1gil.&hellip; <\/p>\n","protected":false},"author":7,"featured_media":0,"comment_status":"open","ping_status":"open","sticky":false,"template":"","format":"standard","meta":{"_acf_changed":false,"footnotes":""},"categories":[1],"tags":[],"class_list":["post-144728","post","type-post","status-publish","format-standard","hentry","category-politica"],"acf":[],"yoast_head":"<!-- This site is optimized with the Yoast SEO plugin v27.4 - https:\/\/yoast.com\/product\/yoast-seo-wordpress\/ -->\n<title>TADEU ALENCAR CONTESTA RELATOR DO PROCESSO DE CASSA\u00c7\u00c3O DE CUNHA NA CCJC E DEFENDE VOTA\u00c7\u00c3O EM PLEN\u00c1RIO - Blog do Farn\u00e9sio<\/title>\n<meta name=\"robots\" content=\"index, follow, max-snippet:-1, max-image-preview:large, max-video-preview:-1\" \/>\n<link rel=\"canonical\" href=\"https:\/\/blogdofarnesio.com.br\/?p=144728\" \/>\n<meta property=\"og:locale\" content=\"pt_BR\" \/>\n<meta property=\"og:type\" content=\"article\" \/>\n<meta property=\"og:title\" content=\"TADEU ALENCAR CONTESTA RELATOR DO PROCESSO DE CASSA\u00c7\u00c3O DE CUNHA NA CCJC E DEFENDE VOTA\u00c7\u00c3O EM PLEN\u00c1RIO - Blog do Farn\u00e9sio\" \/>\n<meta property=\"og:description\" content=\"Falando como representante da bancada do PSB na Comiss\u00e3o de Constitui\u00e7\u00e3o, Justi\u00e7a e Cidadania (CCJC) da C\u00e2mara, o deputado federal Tadeu Alencar (PE) contestou com veem\u00eancia o relat\u00f3rio apresentado pelo deputado Ronaldo Fonseca nesta quarta-feira (06) sobre o processo de cassa\u00e7\u00e3o do mandato do deputado afastado Eduardo Cunha. De acordo com Tadeu, embora tenha rejeitado a ampla maioria dos argumentos utilizados pela defesa de Cunha para pedir a anula\u00e7\u00e3o do processo de cassa\u00e7\u00e3o no Conselho de \u00c9tica, o relator se utilizou de apenas um ponto da defesa \u2013 exatamente o mais fr\u00e1gil \u2013 para recomendar a invalida\u00e7\u00e3o: o fato de a vota\u00e7\u00e3o no conselho ter sido feita de forma nominal e n\u00e3o no painel eletr\u00f4nico. \u201cEsse \u00e9 um argumento fr\u00e1gil.&hellip;\" \/>\n<meta property=\"og:url\" content=\"https:\/\/blogdofarnesio.com.br\/?p=144728\" \/>\n<meta property=\"og:site_name\" content=\"Blog do Farn\u00e9sio\" \/>\n<meta property=\"article:publisher\" content=\"https:\/\/www.facebook.com\/BlogQuerSaberPolitica\/\" \/>\n<meta property=\"article:published_time\" content=\"2016-07-07T14:30:33+00:00\" \/>\n<meta name=\"twitter:card\" content=\"summary_large_image\" \/>\n<meta name=\"twitter:label1\" content=\"Escrito por\" \/>\n\t<meta name=\"twitter:data1\" content=\"\" \/>\n\t<meta name=\"twitter:label2\" content=\"Est. tempo de leitura\" \/>\n\t<meta name=\"twitter:data2\" content=\"2 minutos\" \/>\n<script type=\"application\/ld+json\" class=\"yoast-schema-graph\">{\"@context\":\"https:\\\/\\\/schema.org\",\"@graph\":[{\"@type\":\"Article\",\"@id\":\"https:\\\/\\\/blogdofarnesio.com.br\\\/?p=144728#article\",\"isPartOf\":{\"@id\":\"https:\\\/\\\/blogdofarnesio.com.br\\\/?p=144728\"},\"author\":{\"name\":\"\",\"@id\":\"\"},\"headline\":\"TADEU ALENCAR CONTESTA RELATOR DO PROCESSO DE CASSA\u00c7\u00c3O DE CUNHA NA CCJC E DEFENDE VOTA\u00c7\u00c3O EM PLEN\u00c1RIO\",\"datePublished\":\"2016-07-07T14:30:33+00:00\",\"mainEntityOfPage\":{\"@id\":\"https:\\\/\\\/blogdofarnesio.com.br\\\/?p=144728\"},\"wordCount\":439,\"commentCount\":0,\"publisher\":{\"@id\":\"https:\\\/\\\/blogdofarnesio.com.br\\\/#organization\"},\"articleSection\":[\"Pol\u00edtica\"],\"inLanguage\":\"pt-BR\",\"potentialAction\":[{\"@type\":\"CommentAction\",\"name\":\"Comment\",\"target\":[\"https:\\\/\\\/blogdofarnesio.com.br\\\/?p=144728#respond\"]}]},{\"@type\":\"WebPage\",\"@id\":\"https:\\\/\\\/blogdofarnesio.com.br\\\/?p=144728\",\"url\":\"https:\\\/\\\/blogdofarnesio.com.br\\\/?p=144728\",\"name\":\"TADEU ALENCAR CONTESTA RELATOR DO PROCESSO DE CASSA\u00c7\u00c3O DE CUNHA NA CCJC E DEFENDE VOTA\u00c7\u00c3O EM PLEN\u00c1RIO - Blog do Farn\u00e9sio\",\"isPartOf\":{\"@id\":\"https:\\\/\\\/blogdofarnesio.com.br\\\/#website\"},\"datePublished\":\"2016-07-07T14:30:33+00:00\",\"breadcrumb\":{\"@id\":\"https:\\\/\\\/blogdofarnesio.com.br\\\/?p=144728#breadcrumb\"},\"inLanguage\":\"pt-BR\",\"potentialAction\":[{\"@type\":\"ReadAction\",\"target\":[\"https:\\\/\\\/blogdofarnesio.com.br\\\/?p=144728\"]}]},{\"@type\":\"BreadcrumbList\",\"@id\":\"https:\\\/\\\/blogdofarnesio.com.br\\\/?p=144728#breadcrumb\",\"itemListElement\":[{\"@type\":\"ListItem\",\"position\":1,\"name\":\"In\u00edcio\",\"item\":\"https:\\\/\\\/blogdofarnesio.com.br\\\/\"},{\"@type\":\"ListItem\",\"position\":2,\"name\":\"TADEU ALENCAR CONTESTA RELATOR DO PROCESSO DE CASSA\u00c7\u00c3O DE CUNHA NA CCJC E DEFENDE VOTA\u00c7\u00c3O EM PLEN\u00c1RIO\"}]},{\"@type\":\"WebSite\",\"@id\":\"https:\\\/\\\/blogdofarnesio.com.br\\\/#website\",\"url\":\"https:\\\/\\\/blogdofarnesio.com.br\\\/\",\"name\":\"Blog do Farn\u00e9sio\",\"description\":\"Quer Saber Pol\u00edtica?\",\"publisher\":{\"@id\":\"https:\\\/\\\/blogdofarnesio.com.br\\\/#organization\"},\"potentialAction\":[{\"@type\":\"SearchAction\",\"target\":{\"@type\":\"EntryPoint\",\"urlTemplate\":\"https:\\\/\\\/blogdofarnesio.com.br\\\/?s={search_term_string}\"},\"query-input\":{\"@type\":\"PropertyValueSpecification\",\"valueRequired\":true,\"valueName\":\"search_term_string\"}}],\"inLanguage\":\"pt-BR\"},{\"@type\":\"Organization\",\"@id\":\"https:\\\/\\\/blogdofarnesio.com.br\\\/#organization\",\"name\":\"Blog do Farn\u00e9sio\",\"url\":\"https:\\\/\\\/blogdofarnesio.com.br\\\/\",\"logo\":{\"@type\":\"ImageObject\",\"inLanguage\":\"pt-BR\",\"@id\":\"https:\\\/\\\/blogdofarnesio.com.br\\\/#\\\/schema\\\/logo\\\/image\\\/\",\"url\":\"https:\\\/\\\/blogdofarnesio.com.br\\\/wp-content\\\/uploads\\\/2026\\\/03\\\/cropped-logo_new-1.png\",\"contentUrl\":\"https:\\\/\\\/blogdofarnesio.com.br\\\/wp-content\\\/uploads\\\/2026\\\/03\\\/cropped-logo_new-1.png\",\"width\":881,\"height\":685,\"caption\":\"Blog do Farn\u00e9sio\"},\"image\":{\"@id\":\"https:\\\/\\\/blogdofarnesio.com.br\\\/#\\\/schema\\\/logo\\\/image\\\/\"},\"sameAs\":[\"https:\\\/\\\/www.facebook.com\\\/BlogQuerSaberPolitica\\\/\"]},{\"@type\":\"Person\",\"@id\":\"\",\"url\":\"https:\\\/\\\/blogdofarnesio.com.br\\\/?author=7\"}]}<\/script>\n<!-- \/ Yoast SEO plugin. -->","yoast_head_json":{"title":"TADEU ALENCAR CONTESTA RELATOR DO PROCESSO DE CASSA\u00c7\u00c3O DE CUNHA NA CCJC E DEFENDE VOTA\u00c7\u00c3O EM PLEN\u00c1RIO - Blog do Farn\u00e9sio","robots":{"index":"index","follow":"follow","max-snippet":"max-snippet:-1","max-image-preview":"max-image-preview:large","max-video-preview":"max-video-preview:-1"},"canonical":"https:\/\/blogdofarnesio.com.br\/?p=144728","og_locale":"pt_BR","og_type":"article","og_title":"TADEU ALENCAR CONTESTA RELATOR DO PROCESSO DE CASSA\u00c7\u00c3O DE CUNHA NA CCJC E DEFENDE VOTA\u00c7\u00c3O EM PLEN\u00c1RIO - Blog do Farn\u00e9sio","og_description":"Falando como representante da bancada do PSB na Comiss\u00e3o de Constitui\u00e7\u00e3o, Justi\u00e7a e Cidadania (CCJC) da C\u00e2mara, o deputado federal Tadeu Alencar (PE) contestou com veem\u00eancia o relat\u00f3rio apresentado pelo deputado Ronaldo Fonseca nesta quarta-feira (06) sobre o processo de cassa\u00e7\u00e3o do mandato do deputado afastado Eduardo Cunha. De acordo com Tadeu, embora tenha rejeitado a ampla maioria dos argumentos utilizados pela defesa de Cunha para pedir a anula\u00e7\u00e3o do processo de cassa\u00e7\u00e3o no Conselho de \u00c9tica, o relator se utilizou de apenas um ponto da defesa \u2013 exatamente o mais fr\u00e1gil \u2013 para recomendar a invalida\u00e7\u00e3o: o fato de a vota\u00e7\u00e3o no conselho ter sido feita de forma nominal e n\u00e3o no painel eletr\u00f4nico. \u201cEsse \u00e9 um argumento fr\u00e1gil.&hellip;","og_url":"https:\/\/blogdofarnesio.com.br\/?p=144728","og_site_name":"Blog do Farn\u00e9sio","article_publisher":"https:\/\/www.facebook.com\/BlogQuerSaberPolitica\/","article_published_time":"2016-07-07T14:30:33+00:00","twitter_card":"summary_large_image","twitter_misc":{"Escrito por":"","Est. tempo de leitura":"2 minutos"},"schema":{"@context":"https:\/\/schema.org","@graph":[{"@type":"Article","@id":"https:\/\/blogdofarnesio.com.br\/?p=144728#article","isPartOf":{"@id":"https:\/\/blogdofarnesio.com.br\/?p=144728"},"author":{"name":"","@id":""},"headline":"TADEU ALENCAR CONTESTA RELATOR DO PROCESSO DE CASSA\u00c7\u00c3O DE CUNHA NA CCJC E DEFENDE VOTA\u00c7\u00c3O EM PLEN\u00c1RIO","datePublished":"2016-07-07T14:30:33+00:00","mainEntityOfPage":{"@id":"https:\/\/blogdofarnesio.com.br\/?p=144728"},"wordCount":439,"commentCount":0,"publisher":{"@id":"https:\/\/blogdofarnesio.com.br\/#organization"},"articleSection":["Pol\u00edtica"],"inLanguage":"pt-BR","potentialAction":[{"@type":"CommentAction","name":"Comment","target":["https:\/\/blogdofarnesio.com.br\/?p=144728#respond"]}]},{"@type":"WebPage","@id":"https:\/\/blogdofarnesio.com.br\/?p=144728","url":"https:\/\/blogdofarnesio.com.br\/?p=144728","name":"TADEU ALENCAR CONTESTA RELATOR DO PROCESSO DE CASSA\u00c7\u00c3O DE CUNHA NA CCJC E DEFENDE VOTA\u00c7\u00c3O EM PLEN\u00c1RIO - Blog do Farn\u00e9sio","isPartOf":{"@id":"https:\/\/blogdofarnesio.com.br\/#website"},"datePublished":"2016-07-07T14:30:33+00:00","breadcrumb":{"@id":"https:\/\/blogdofarnesio.com.br\/?p=144728#breadcrumb"},"inLanguage":"pt-BR","potentialAction":[{"@type":"ReadAction","target":["https:\/\/blogdofarnesio.com.br\/?p=144728"]}]},{"@type":"BreadcrumbList","@id":"https:\/\/blogdofarnesio.com.br\/?p=144728#breadcrumb","itemListElement":[{"@type":"ListItem","position":1,"name":"In\u00edcio","item":"https:\/\/blogdofarnesio.com.br\/"},{"@type":"ListItem","position":2,"name":"TADEU ALENCAR CONTESTA RELATOR DO PROCESSO DE CASSA\u00c7\u00c3O DE CUNHA NA CCJC E DEFENDE VOTA\u00c7\u00c3O EM PLEN\u00c1RIO"}]},{"@type":"WebSite","@id":"https:\/\/blogdofarnesio.com.br\/#website","url":"https:\/\/blogdofarnesio.com.br\/","name":"Blog do Farn\u00e9sio","description":"Quer Saber Pol\u00edtica?","publisher":{"@id":"https:\/\/blogdofarnesio.com.br\/#organization"},"potentialAction":[{"@type":"SearchAction","target":{"@type":"EntryPoint","urlTemplate":"https:\/\/blogdofarnesio.com.br\/?s={search_term_string}"},"query-input":{"@type":"PropertyValueSpecification","valueRequired":true,"valueName":"search_term_string"}}],"inLanguage":"pt-BR"},{"@type":"Organization","@id":"https:\/\/blogdofarnesio.com.br\/#organization","name":"Blog do Farn\u00e9sio","url":"https:\/\/blogdofarnesio.com.br\/","logo":{"@type":"ImageObject","inLanguage":"pt-BR","@id":"https:\/\/blogdofarnesio.com.br\/#\/schema\/logo\/image\/","url":"https:\/\/blogdofarnesio.com.br\/wp-content\/uploads\/2026\/03\/cropped-logo_new-1.png","contentUrl":"https:\/\/blogdofarnesio.com.br\/wp-content\/uploads\/2026\/03\/cropped-logo_new-1.png","width":881,"height":685,"caption":"Blog do Farn\u00e9sio"},"image":{"@id":"https:\/\/blogdofarnesio.com.br\/#\/schema\/logo\/image\/"},"sameAs":["https:\/\/www.facebook.com\/BlogQuerSaberPolitica\/"]},{"@type":"Person","@id":"","url":"https:\/\/blogdofarnesio.com.br\/?author=7"}]}},"_links":{"self":[{"href":"https:\/\/blogdofarnesio.com.br\/index.php?rest_route=\/wp\/v2\/posts\/144728","targetHints":{"allow":["GET"]}}],"collection":[{"href":"https:\/\/blogdofarnesio.com.br\/index.php?rest_route=\/wp\/v2\/posts"}],"about":[{"href":"https:\/\/blogdofarnesio.com.br\/index.php?rest_route=\/wp\/v2\/types\/post"}],"author":[{"embeddable":true,"href":"https:\/\/blogdofarnesio.com.br\/index.php?rest_route=\/wp\/v2\/users\/7"}],"replies":[{"embeddable":true,"href":"https:\/\/blogdofarnesio.com.br\/index.php?rest_route=%2Fwp%2Fv2%2Fcomments&post=144728"}],"version-history":[{"count":0,"href":"https:\/\/blogdofarnesio.com.br\/index.php?rest_route=\/wp\/v2\/posts\/144728\/revisions"}],"wp:attachment":[{"href":"https:\/\/blogdofarnesio.com.br\/index.php?rest_route=%2Fwp%2Fv2%2Fmedia&parent=144728"}],"wp:term":[{"taxonomy":"category","embeddable":true,"href":"https:\/\/blogdofarnesio.com.br\/index.php?rest_route=%2Fwp%2Fv2%2Fcategories&post=144728"},{"taxonomy":"post_tag","embeddable":true,"href":"https:\/\/blogdofarnesio.com.br\/index.php?rest_route=%2Fwp%2Fv2%2Ftags&post=144728"}],"curies":[{"name":"wp","href":"https:\/\/api.w.org\/{rel}","templated":true}]}}