{"id":144717,"date":"2016-07-07T08:33:07","date_gmt":"2016-07-07T11:33:07","guid":{"rendered":"http:\/\/www.quersaberpolitica.com.br\/?p=144717"},"modified":"2016-07-06T17:08:46","modified_gmt":"2016-07-06T20:08:46","slug":"atencao-motoristas-uso-do-farol-baixo-em-rodovias-passa-a-ser-obrigatorio-apartir-de-amanha","status":"publish","type":"post","link":"https:\/\/blogdofarnesio.com.br\/?p=144717","title":{"rendered":"ATEN\u00c7\u00c3O MOTORISTAS: USO DO FAROL BAIXO EM RODOVIAS PASSA A SER OBRIGAT\u00d3RIO APARTIR DE AMANH\u00c3"},"content":{"rendered":"<div class=\"box-body\">\n<div class=\"text-center\">\n<div class=\"box-img\"><a href=\"http:\/\/www.quersaberpolitica.com.br\/2016\/wp-content\/uploads\/2016\/07\/blogqspfarol-baixo-durante-o-dia-nas-rodovias-e-votado-no-senado.jpg\"><img loading=\"lazy\" decoding=\"async\" class=\"aligncenter  wp-image-144719\" src=\"http:\/\/www.quersaberpolitica.com.br\/2016\/wp-content\/uploads\/2016\/07\/blogqspfarol-baixo-durante-o-dia-nas-rodovias-e-votado-no-senado.jpg\" alt=\"blogqspfarol-baixo-durante-o-dia-nas-rodovias-e-votado-no-senado\" width=\"430\" height=\"246\" \/><\/a><\/p>\n<div class=\"img-legenda\">Foto: Reprodu\u00e7\u00e3o \/ google<\/div>\n<\/div>\n<\/div>\n<div class=\"text-descricao\" style=\"text-align: justify\">Passa a ser obrigat\u00f3rio a partir desta sexta (8) o uso do farol baixo em rodovias durante o dia. O motorista que infringir a nova legisla\u00e7\u00e3o ser\u00e1 multado de R$ 85,13 e ter\u00e1 quatro pontos marcados na carteira de habilita\u00e7\u00e3o.<\/div>\n<div class=\"text-descricao\" style=\"text-align: justify\"><\/div>\n<div class=\"text-descricao\" style=\"text-align: justify\">A inten\u00e7\u00e3o \u00e9 que a medida aumente a seguran\u00e7a nas estradas, reduzindo o n\u00famero de acidentes frontais. De acordo com a Pol\u00edcia Rodovi\u00e1ria Federal, o farol ligado durante o dia permite que o ve\u00edculo seja visto a uma dist\u00e2ncia de tr\u00eas quil\u00f4metros por quem trafega no sentido contr\u00e1rio.<\/div>\n<div class=\"text-descricao\" style=\"text-align: justify\"><\/div>\n<div class=\"text-descricao\" style=\"text-align: justify\">A legisla\u00e7\u00e3o <strong>n\u00e3o permite<\/strong> que o farol baixo seja substitu\u00eddo pelo farol de milha, farol de neblina ou farolete. O uso do farol baixo durante o dia j\u00e1 \u00e9 exigido para \u00f4nibus, ao circularem em vias pr\u00f3prias, e motocicletas, al\u00e9m de todos os ve\u00edculos durante a noite e em t\u00faneis, independentemente do hor\u00e1rio.<\/div>\n<\/div>\n","protected":false},"excerpt":{"rendered":"<p>Foto: Reprodu\u00e7\u00e3o \/ google Passa a ser obrigat\u00f3rio a partir desta sexta (8) o uso do farol baixo em rodovias durante o dia. O motorista que infringir a nova legisla\u00e7\u00e3o ser\u00e1 multado de R$ 85,13 e ter\u00e1 quatro pontos marcados na carteira de habilita\u00e7\u00e3o. A inten\u00e7\u00e3o \u00e9 que a medida aumente a seguran\u00e7a nas estradas, reduzindo o n\u00famero de acidentes frontais. De acordo com a Pol\u00edcia Rodovi\u00e1ria Federal, o farol ligado durante o dia permite que o ve\u00edculo seja visto a uma dist\u00e2ncia de tr\u00eas quil\u00f4metros por quem trafega no sentido contr\u00e1rio. A legisla\u00e7\u00e3o n\u00e3o permite que o farol baixo seja substitu\u00eddo pelo farol de milha, farol de neblina ou farolete. O uso do farol baixo durante o dia j\u00e1&hellip; <\/p>\n","protected":false},"author":3,"featured_media":0,"comment_status":"open","ping_status":"open","sticky":false,"template":"","format":"standard","meta":{"_acf_changed":false,"footnotes":""},"categories":[17],"tags":[],"class_list":["post-144717","post","type-post","status-publish","format-standard","hentry","category-estradas"],"acf":[],"yoast_head":"<!-- This site is optimized with the Yoast SEO plugin v27.4 - https:\/\/yoast.com\/product\/yoast-seo-wordpress\/ -->\n<title>ATEN\u00c7\u00c3O MOTORISTAS: USO DO FAROL BAIXO EM RODOVIAS PASSA A SER OBRIGAT\u00d3RIO APARTIR DE AMANH\u00c3 - Blog do Farn\u00e9sio<\/title>\n<meta name=\"robots\" content=\"index, follow, max-snippet:-1, max-image-preview:large, max-video-preview:-1\" \/>\n<link rel=\"canonical\" href=\"https:\/\/blogdofarnesio.com.br\/?p=144717\" \/>\n<meta property=\"og:locale\" content=\"pt_BR\" \/>\n<meta property=\"og:type\" content=\"article\" \/>\n<meta property=\"og:title\" content=\"ATEN\u00c7\u00c3O MOTORISTAS: USO DO FAROL BAIXO EM RODOVIAS PASSA A SER OBRIGAT\u00d3RIO APARTIR DE AMANH\u00c3 - Blog do Farn\u00e9sio\" \/>\n<meta property=\"og:description\" content=\"Foto: Reprodu\u00e7\u00e3o \/ google Passa a ser obrigat\u00f3rio a partir desta sexta (8) o uso do farol baixo em rodovias durante o dia. O motorista que infringir a nova legisla\u00e7\u00e3o ser\u00e1 multado de R$ 85,13 e ter\u00e1 quatro pontos marcados na carteira de habilita\u00e7\u00e3o. A inten\u00e7\u00e3o \u00e9 que a medida aumente a seguran\u00e7a nas estradas, reduzindo o n\u00famero de acidentes frontais. De acordo com a Pol\u00edcia Rodovi\u00e1ria Federal, o farol ligado durante o dia permite que o ve\u00edculo seja visto a uma dist\u00e2ncia de tr\u00eas quil\u00f4metros por quem trafega no sentido contr\u00e1rio. A legisla\u00e7\u00e3o n\u00e3o permite que o farol baixo seja substitu\u00eddo pelo farol de milha, farol de neblina ou farolete. O uso do farol baixo durante o dia j\u00e1&hellip;\" \/>\n<meta property=\"og:url\" content=\"https:\/\/blogdofarnesio.com.br\/?p=144717\" \/>\n<meta property=\"og:site_name\" content=\"Blog do Farn\u00e9sio\" \/>\n<meta property=\"article:publisher\" content=\"https:\/\/www.facebook.com\/BlogQuerSaberPolitica\/\" \/>\n<meta property=\"article:published_time\" content=\"2016-07-07T11:33:07+00:00\" \/>\n<meta property=\"og:image\" content=\"http:\/\/www.quersaberpolitica.com.br\/2016\/wp-content\/uploads\/2016\/07\/blogqspfarol-baixo-durante-o-dia-nas-rodovias-e-votado-no-senado.jpg\" \/>\n<meta name=\"author\" content=\"teste\" \/>\n<meta name=\"twitter:card\" content=\"summary_large_image\" \/>\n<meta name=\"twitter:label1\" content=\"Escrito por\" \/>\n\t<meta name=\"twitter:data1\" content=\"teste\" \/>\n\t<meta name=\"twitter:label2\" content=\"Est. tempo de leitura\" \/>\n\t<meta name=\"twitter:data2\" content=\"1 minuto\" \/>\n<script type=\"application\/ld+json\" class=\"yoast-schema-graph\">{\"@context\":\"https:\\\/\\\/schema.org\",\"@graph\":[{\"@type\":\"Article\",\"@id\":\"https:\\\/\\\/blogdofarnesio.com.br\\\/?p=144717#article\",\"isPartOf\":{\"@id\":\"https:\\\/\\\/blogdofarnesio.com.br\\\/?p=144717\"},\"author\":{\"name\":\"teste\",\"@id\":\"https:\\\/\\\/blogdofarnesio.com.br\\\/#\\\/schema\\\/person\\\/dd1bf5eba40b687199ba45ca6b97dff9\"},\"headline\":\"ATEN\u00c7\u00c3O MOTORISTAS: USO DO FAROL BAIXO EM RODOVIAS PASSA A SER OBRIGAT\u00d3RIO APARTIR DE AMANH\u00c3\",\"datePublished\":\"2016-07-07T11:33:07+00:00\",\"mainEntityOfPage\":{\"@id\":\"https:\\\/\\\/blogdofarnesio.com.br\\\/?p=144717\"},\"wordCount\":179,\"commentCount\":0,\"publisher\":{\"@id\":\"https:\\\/\\\/blogdofarnesio.com.br\\\/#organization\"},\"image\":{\"@id\":\"https:\\\/\\\/blogdofarnesio.com.br\\\/?p=144717#primaryimage\"},\"thumbnailUrl\":\"http:\\\/\\\/www.quersaberpolitica.com.br\\\/2016\\\/wp-content\\\/uploads\\\/2016\\\/07\\\/blogqspfarol-baixo-durante-o-dia-nas-rodovias-e-votado-no-senado.jpg\",\"articleSection\":[\"Estradas\"],\"inLanguage\":\"pt-BR\",\"potentialAction\":[{\"@type\":\"CommentAction\",\"name\":\"Comment\",\"target\":[\"https:\\\/\\\/blogdofarnesio.com.br\\\/?p=144717#respond\"]}]},{\"@type\":\"WebPage\",\"@id\":\"https:\\\/\\\/blogdofarnesio.com.br\\\/?p=144717\",\"url\":\"https:\\\/\\\/blogdofarnesio.com.br\\\/?p=144717\",\"name\":\"ATEN\u00c7\u00c3O MOTORISTAS: USO DO FAROL BAIXO EM RODOVIAS PASSA A SER OBRIGAT\u00d3RIO APARTIR DE AMANH\u00c3 - Blog do Farn\u00e9sio\",\"isPartOf\":{\"@id\":\"https:\\\/\\\/blogdofarnesio.com.br\\\/#website\"},\"primaryImageOfPage\":{\"@id\":\"https:\\\/\\\/blogdofarnesio.com.br\\\/?p=144717#primaryimage\"},\"image\":{\"@id\":\"https:\\\/\\\/blogdofarnesio.com.br\\\/?p=144717#primaryimage\"},\"thumbnailUrl\":\"http:\\\/\\\/www.quersaberpolitica.com.br\\\/2016\\\/wp-content\\\/uploads\\\/2016\\\/07\\\/blogqspfarol-baixo-durante-o-dia-nas-rodovias-e-votado-no-senado.jpg\",\"datePublished\":\"2016-07-07T11:33:07+00:00\",\"breadcrumb\":{\"@id\":\"https:\\\/\\\/blogdofarnesio.com.br\\\/?p=144717#breadcrumb\"},\"inLanguage\":\"pt-BR\",\"potentialAction\":[{\"@type\":\"ReadAction\",\"target\":[\"https:\\\/\\\/blogdofarnesio.com.br\\\/?p=144717\"]}]},{\"@type\":\"ImageObject\",\"inLanguage\":\"pt-BR\",\"@id\":\"https:\\\/\\\/blogdofarnesio.com.br\\\/?p=144717#primaryimage\",\"url\":\"http:\\\/\\\/www.quersaberpolitica.com.br\\\/2016\\\/wp-content\\\/uploads\\\/2016\\\/07\\\/blogqspfarol-baixo-durante-o-dia-nas-rodovias-e-votado-no-senado.jpg\",\"contentUrl\":\"http:\\\/\\\/www.quersaberpolitica.com.br\\\/2016\\\/wp-content\\\/uploads\\\/2016\\\/07\\\/blogqspfarol-baixo-durante-o-dia-nas-rodovias-e-votado-no-senado.jpg\"},{\"@type\":\"BreadcrumbList\",\"@id\":\"https:\\\/\\\/blogdofarnesio.com.br\\\/?p=144717#breadcrumb\",\"itemListElement\":[{\"@type\":\"ListItem\",\"position\":1,\"name\":\"In\u00edcio\",\"item\":\"https:\\\/\\\/blogdofarnesio.com.br\\\/\"},{\"@type\":\"ListItem\",\"position\":2,\"name\":\"ATEN\u00c7\u00c3O MOTORISTAS: USO DO FAROL BAIXO EM RODOVIAS PASSA A SER OBRIGAT\u00d3RIO APARTIR DE AMANH\u00c3\"}]},{\"@type\":\"WebSite\",\"@id\":\"https:\\\/\\\/blogdofarnesio.com.br\\\/#website\",\"url\":\"https:\\\/\\\/blogdofarnesio.com.br\\\/\",\"name\":\"Blog do Farn\u00e9sio\",\"description\":\"Quer Saber Pol\u00edtica?\",\"publisher\":{\"@id\":\"https:\\\/\\\/blogdofarnesio.com.br\\\/#organization\"},\"potentialAction\":[{\"@type\":\"SearchAction\",\"target\":{\"@type\":\"EntryPoint\",\"urlTemplate\":\"https:\\\/\\\/blogdofarnesio.com.br\\\/?s={search_term_string}\"},\"query-input\":{\"@type\":\"PropertyValueSpecification\",\"valueRequired\":true,\"valueName\":\"search_term_string\"}}],\"inLanguage\":\"pt-BR\"},{\"@type\":\"Organization\",\"@id\":\"https:\\\/\\\/blogdofarnesio.com.br\\\/#organization\",\"name\":\"Blog do Farn\u00e9sio\",\"url\":\"https:\\\/\\\/blogdofarnesio.com.br\\\/\",\"logo\":{\"@type\":\"ImageObject\",\"inLanguage\":\"pt-BR\",\"@id\":\"https:\\\/\\\/blogdofarnesio.com.br\\\/#\\\/schema\\\/logo\\\/image\\\/\",\"url\":\"https:\\\/\\\/blogdofarnesio.com.br\\\/wp-content\\\/uploads\\\/2026\\\/03\\\/cropped-logo_new-1.png\",\"contentUrl\":\"https:\\\/\\\/blogdofarnesio.com.br\\\/wp-content\\\/uploads\\\/2026\\\/03\\\/cropped-logo_new-1.png\",\"width\":881,\"height\":685,\"caption\":\"Blog do Farn\u00e9sio\"},\"image\":{\"@id\":\"https:\\\/\\\/blogdofarnesio.com.br\\\/#\\\/schema\\\/logo\\\/image\\\/\"},\"sameAs\":[\"https:\\\/\\\/www.facebook.com\\\/BlogQuerSaberPolitica\\\/\"]},{\"@type\":\"Person\",\"@id\":\"https:\\\/\\\/blogdofarnesio.com.br\\\/#\\\/schema\\\/person\\\/dd1bf5eba40b687199ba45ca6b97dff9\",\"name\":\"teste\",\"image\":{\"@type\":\"ImageObject\",\"inLanguage\":\"pt-BR\",\"@id\":\"https:\\\/\\\/secure.gravatar.com\\\/avatar\\\/2172498d4914b51e1d89a0f97957b035ac4938723a5cac208135d389b6972a6d?s=96&d=mm&r=g\",\"url\":\"https:\\\/\\\/secure.gravatar.com\\\/avatar\\\/2172498d4914b51e1d89a0f97957b035ac4938723a5cac208135d389b6972a6d?s=96&d=mm&r=g\",\"contentUrl\":\"https:\\\/\\\/secure.gravatar.com\\\/avatar\\\/2172498d4914b51e1d89a0f97957b035ac4938723a5cac208135d389b6972a6d?s=96&d=mm&r=g\",\"caption\":\"teste\"},\"url\":\"https:\\\/\\\/blogdofarnesio.com.br\\\/?author=3\"}]}<\/script>\n<!-- \/ Yoast SEO plugin. -->","yoast_head_json":{"title":"ATEN\u00c7\u00c3O MOTORISTAS: USO DO FAROL BAIXO EM RODOVIAS PASSA A SER OBRIGAT\u00d3RIO APARTIR DE AMANH\u00c3 - Blog do Farn\u00e9sio","robots":{"index":"index","follow":"follow","max-snippet":"max-snippet:-1","max-image-preview":"max-image-preview:large","max-video-preview":"max-video-preview:-1"},"canonical":"https:\/\/blogdofarnesio.com.br\/?p=144717","og_locale":"pt_BR","og_type":"article","og_title":"ATEN\u00c7\u00c3O MOTORISTAS: USO DO FAROL BAIXO EM RODOVIAS PASSA A SER OBRIGAT\u00d3RIO APARTIR DE AMANH\u00c3 - Blog do Farn\u00e9sio","og_description":"Foto: Reprodu\u00e7\u00e3o \/ google Passa a ser obrigat\u00f3rio a partir desta sexta (8) o uso do farol baixo em rodovias durante o dia. O motorista que infringir a nova legisla\u00e7\u00e3o ser\u00e1 multado de R$ 85,13 e ter\u00e1 quatro pontos marcados na carteira de habilita\u00e7\u00e3o. A inten\u00e7\u00e3o \u00e9 que a medida aumente a seguran\u00e7a nas estradas, reduzindo o n\u00famero de acidentes frontais. De acordo com a Pol\u00edcia Rodovi\u00e1ria Federal, o farol ligado durante o dia permite que o ve\u00edculo seja visto a uma dist\u00e2ncia de tr\u00eas quil\u00f4metros por quem trafega no sentido contr\u00e1rio. A legisla\u00e7\u00e3o n\u00e3o permite que o farol baixo seja substitu\u00eddo pelo farol de milha, farol de neblina ou farolete. O uso do farol baixo durante o dia j\u00e1&hellip;","og_url":"https:\/\/blogdofarnesio.com.br\/?p=144717","og_site_name":"Blog do Farn\u00e9sio","article_publisher":"https:\/\/www.facebook.com\/BlogQuerSaberPolitica\/","article_published_time":"2016-07-07T11:33:07+00:00","og_image":[{"url":"http:\/\/www.quersaberpolitica.com.br\/2016\/wp-content\/uploads\/2016\/07\/blogqspfarol-baixo-durante-o-dia-nas-rodovias-e-votado-no-senado.jpg","type":"","width":"","height":""}],"author":"teste","twitter_card":"summary_large_image","twitter_misc":{"Escrito por":"teste","Est. tempo de leitura":"1 minuto"},"schema":{"@context":"https:\/\/schema.org","@graph":[{"@type":"Article","@id":"https:\/\/blogdofarnesio.com.br\/?p=144717#article","isPartOf":{"@id":"https:\/\/blogdofarnesio.com.br\/?p=144717"},"author":{"name":"teste","@id":"https:\/\/blogdofarnesio.com.br\/#\/schema\/person\/dd1bf5eba40b687199ba45ca6b97dff9"},"headline":"ATEN\u00c7\u00c3O MOTORISTAS: USO DO FAROL BAIXO EM RODOVIAS PASSA A SER OBRIGAT\u00d3RIO APARTIR DE AMANH\u00c3","datePublished":"2016-07-07T11:33:07+00:00","mainEntityOfPage":{"@id":"https:\/\/blogdofarnesio.com.br\/?p=144717"},"wordCount":179,"commentCount":0,"publisher":{"@id":"https:\/\/blogdofarnesio.com.br\/#organization"},"image":{"@id":"https:\/\/blogdofarnesio.com.br\/?p=144717#primaryimage"},"thumbnailUrl":"http:\/\/www.quersaberpolitica.com.br\/2016\/wp-content\/uploads\/2016\/07\/blogqspfarol-baixo-durante-o-dia-nas-rodovias-e-votado-no-senado.jpg","articleSection":["Estradas"],"inLanguage":"pt-BR","potentialAction":[{"@type":"CommentAction","name":"Comment","target":["https:\/\/blogdofarnesio.com.br\/?p=144717#respond"]}]},{"@type":"WebPage","@id":"https:\/\/blogdofarnesio.com.br\/?p=144717","url":"https:\/\/blogdofarnesio.com.br\/?p=144717","name":"ATEN\u00c7\u00c3O MOTORISTAS: USO DO FAROL BAIXO EM RODOVIAS PASSA A SER OBRIGAT\u00d3RIO APARTIR DE AMANH\u00c3 - Blog do Farn\u00e9sio","isPartOf":{"@id":"https:\/\/blogdofarnesio.com.br\/#website"},"primaryImageOfPage":{"@id":"https:\/\/blogdofarnesio.com.br\/?p=144717#primaryimage"},"image":{"@id":"https:\/\/blogdofarnesio.com.br\/?p=144717#primaryimage"},"thumbnailUrl":"http:\/\/www.quersaberpolitica.com.br\/2016\/wp-content\/uploads\/2016\/07\/blogqspfarol-baixo-durante-o-dia-nas-rodovias-e-votado-no-senado.jpg","datePublished":"2016-07-07T11:33:07+00:00","breadcrumb":{"@id":"https:\/\/blogdofarnesio.com.br\/?p=144717#breadcrumb"},"inLanguage":"pt-BR","potentialAction":[{"@type":"ReadAction","target":["https:\/\/blogdofarnesio.com.br\/?p=144717"]}]},{"@type":"ImageObject","inLanguage":"pt-BR","@id":"https:\/\/blogdofarnesio.com.br\/?p=144717#primaryimage","url":"http:\/\/www.quersaberpolitica.com.br\/2016\/wp-content\/uploads\/2016\/07\/blogqspfarol-baixo-durante-o-dia-nas-rodovias-e-votado-no-senado.jpg","contentUrl":"http:\/\/www.quersaberpolitica.com.br\/2016\/wp-content\/uploads\/2016\/07\/blogqspfarol-baixo-durante-o-dia-nas-rodovias-e-votado-no-senado.jpg"},{"@type":"BreadcrumbList","@id":"https:\/\/blogdofarnesio.com.br\/?p=144717#breadcrumb","itemListElement":[{"@type":"ListItem","position":1,"name":"In\u00edcio","item":"https:\/\/blogdofarnesio.com.br\/"},{"@type":"ListItem","position":2,"name":"ATEN\u00c7\u00c3O MOTORISTAS: USO DO FAROL BAIXO EM RODOVIAS PASSA A SER OBRIGAT\u00d3RIO APARTIR DE AMANH\u00c3"}]},{"@type":"WebSite","@id":"https:\/\/blogdofarnesio.com.br\/#website","url":"https:\/\/blogdofarnesio.com.br\/","name":"Blog do Farn\u00e9sio","description":"Quer Saber Pol\u00edtica?","publisher":{"@id":"https:\/\/blogdofarnesio.com.br\/#organization"},"potentialAction":[{"@type":"SearchAction","target":{"@type":"EntryPoint","urlTemplate":"https:\/\/blogdofarnesio.com.br\/?s={search_term_string}"},"query-input":{"@type":"PropertyValueSpecification","valueRequired":true,"valueName":"search_term_string"}}],"inLanguage":"pt-BR"},{"@type":"Organization","@id":"https:\/\/blogdofarnesio.com.br\/#organization","name":"Blog do Farn\u00e9sio","url":"https:\/\/blogdofarnesio.com.br\/","logo":{"@type":"ImageObject","inLanguage":"pt-BR","@id":"https:\/\/blogdofarnesio.com.br\/#\/schema\/logo\/image\/","url":"https:\/\/blogdofarnesio.com.br\/wp-content\/uploads\/2026\/03\/cropped-logo_new-1.png","contentUrl":"https:\/\/blogdofarnesio.com.br\/wp-content\/uploads\/2026\/03\/cropped-logo_new-1.png","width":881,"height":685,"caption":"Blog do Farn\u00e9sio"},"image":{"@id":"https:\/\/blogdofarnesio.com.br\/#\/schema\/logo\/image\/"},"sameAs":["https:\/\/www.facebook.com\/BlogQuerSaberPolitica\/"]},{"@type":"Person","@id":"https:\/\/blogdofarnesio.com.br\/#\/schema\/person\/dd1bf5eba40b687199ba45ca6b97dff9","name":"teste","image":{"@type":"ImageObject","inLanguage":"pt-BR","@id":"https:\/\/secure.gravatar.com\/avatar\/2172498d4914b51e1d89a0f97957b035ac4938723a5cac208135d389b6972a6d?s=96&d=mm&r=g","url":"https:\/\/secure.gravatar.com\/avatar\/2172498d4914b51e1d89a0f97957b035ac4938723a5cac208135d389b6972a6d?s=96&d=mm&r=g","contentUrl":"https:\/\/secure.gravatar.com\/avatar\/2172498d4914b51e1d89a0f97957b035ac4938723a5cac208135d389b6972a6d?s=96&d=mm&r=g","caption":"teste"},"url":"https:\/\/blogdofarnesio.com.br\/?author=3"}]}},"_links":{"self":[{"href":"https:\/\/blogdofarnesio.com.br\/index.php?rest_route=\/wp\/v2\/posts\/144717","targetHints":{"allow":["GET"]}}],"collection":[{"href":"https:\/\/blogdofarnesio.com.br\/index.php?rest_route=\/wp\/v2\/posts"}],"about":[{"href":"https:\/\/blogdofarnesio.com.br\/index.php?rest_route=\/wp\/v2\/types\/post"}],"author":[{"embeddable":true,"href":"https:\/\/blogdofarnesio.com.br\/index.php?rest_route=\/wp\/v2\/users\/3"}],"replies":[{"embeddable":true,"href":"https:\/\/blogdofarnesio.com.br\/index.php?rest_route=%2Fwp%2Fv2%2Fcomments&post=144717"}],"version-history":[{"count":0,"href":"https:\/\/blogdofarnesio.com.br\/index.php?rest_route=\/wp\/v2\/posts\/144717\/revisions"}],"wp:attachment":[{"href":"https:\/\/blogdofarnesio.com.br\/index.php?rest_route=%2Fwp%2Fv2%2Fmedia&parent=144717"}],"wp:term":[{"taxonomy":"category","embeddable":true,"href":"https:\/\/blogdofarnesio.com.br\/index.php?rest_route=%2Fwp%2Fv2%2Fcategories&post=144717"},{"taxonomy":"post_tag","embeddable":true,"href":"https:\/\/blogdofarnesio.com.br\/index.php?rest_route=%2Fwp%2Fv2%2Ftags&post=144717"}],"curies":[{"name":"wp","href":"https:\/\/api.w.org\/{rel}","templated":true}]}}