{"id":144691,"date":"2016-07-06T16:22:34","date_gmt":"2016-07-06T19:22:34","guid":{"rendered":"http:\/\/www.quersaberpolitica.com.br\/?p=144691"},"modified":"2016-07-06T15:13:10","modified_gmt":"2016-07-06T18:13:10","slug":"secretaria-de-cidadania-e-aef-brasil-promovem-capacitacao-de-agentes-da-assistencia-social-de-petrolina","status":"publish","type":"post","link":"https:\/\/blogdofarnesio.com.br\/?p=144691","title":{"rendered":"SECRETARIA DE CIDADANIA E AEF-BRASIL PROMOVEM CAPACITA\u00c7\u00c3O DE AGENTES DA ASSIST\u00caNCIA SOCIAL DE PETROLINA"},"content":{"rendered":"<p style=\"text-align: justify\"><a href=\"http:\/\/www.quersaberpolitica.com.br\/2016\/wp-content\/uploads\/2013\/10\/cartao_bolsa_familia_principal.jpg\"><img loading=\"lazy\" decoding=\"async\" class=\"  wp-image-61713 aligncenter\" src=\"http:\/\/www.quersaberpolitica.com.br\/2016\/wp-content\/uploads\/2013\/10\/cartao_bolsa_familia_principal.jpg\" alt=\"blogqsp.bolsafamilia \" width=\"386\" height=\"274\" \/><\/a><\/p>\n<p style=\"text-align: justify\">A Secretaria de Cidadania de Petrolina em parceria com a \u00a0Associa\u00e7\u00e3o de Educa\u00e7\u00e3o Financeira do Brasil \u2013 AEF-Brasil, \u00a0informa \u00a0a popula\u00e7\u00e3o que \u00a0nos dias 07 e 08 de julho ser\u00e1\u00a0 realizado uma \u00a0capacita\u00e7\u00e3o para agentes da Assist\u00eancia Social do munic\u00edpio, com o prop\u00f3sito de ajudar as mulheres benefici\u00e1rias do Programa Bolsa Fam\u00edlia no planejamento financeiro, e com finalidade de melhorar a qualidade de vida de suas fam\u00edlias.<\/p>\n<p style=\"text-align: justify\">O\u00a0 Programa \u201cFuturo na m\u00e3o: dando um jeito na vida financeira\u201d, \u00a0visa capacitar educadores e t\u00e9cnicos da prote\u00e7\u00e3o social b\u00e1sica para a realiza\u00e7\u00e3o do programa. Cada agente ser\u00e1 respons\u00e1vel por oferecer 3 oficinas em um per\u00edodo de 3 semanas para 20 benefici\u00e1rias do Programa Bolsa Fam\u00edlia atendidas pelo CRAS em que atua. Em cada uma das oficinas ser\u00e1 abordado um conte\u00fado espec\u00edfico de Educa\u00e7\u00e3o Financeira, por meio de uma abordagem l\u00fadica e com o apoio de materiais espec\u00edficos.<\/p>\n<p style=\"text-align: justify\">A a\u00e7\u00e3o acontece das 8h \u00e0s 17h no Centro de Refer\u00eancia Especializada de Assist\u00eancia Social (CREAS), localizado na Rua Doutor Jos\u00e9 Maria, 84, Centro de Petrolina.<!--more--><\/p>\n<p style=\"text-align: justify\">\u00a0O programa \u201cFuturo na m\u00e3o: dando um jeito na vida financeira\u201d foi desenvolvido com a coopera\u00e7\u00e3o do Minist\u00e9rio do Desenvolvimento Social e Combate \u00e0 Fome \u2013 MDS e com a contribui\u00e7\u00e3o de diversos especialistas em Educa\u00e7\u00e3o Financeira e outros profissionais. A meta principal \u00e9 que, ap\u00f3s a avaliar o impacto do projeto na vida das benefici\u00e1rias, o programa seja incorporado ao Programa Bolsa Fam\u00edlia em todo o Brasil.<\/p>\n<p><em>\u00a0<span class=\"gD\">Ascom Cauby Fernandes<\/span> <\/em><\/p>\n","protected":false},"excerpt":{"rendered":"<p>A Secretaria de Cidadania de Petrolina em parceria com a \u00a0Associa\u00e7\u00e3o de Educa\u00e7\u00e3o Financeira do Brasil \u2013 AEF-Brasil, \u00a0informa \u00a0a popula\u00e7\u00e3o que \u00a0nos dias 07 e 08 de julho ser\u00e1\u00a0 realizado uma \u00a0capacita\u00e7\u00e3o para agentes da Assist\u00eancia Social do munic\u00edpio, com o prop\u00f3sito de ajudar as mulheres benefici\u00e1rias do Programa Bolsa Fam\u00edlia no planejamento financeiro, e com finalidade de melhorar a qualidade de vida de suas fam\u00edlias. O\u00a0 Programa \u201cFuturo na m\u00e3o: dando um jeito na vida financeira\u201d, \u00a0visa capacitar educadores e t\u00e9cnicos da prote\u00e7\u00e3o social b\u00e1sica para a realiza\u00e7\u00e3o do programa. Cada agente ser\u00e1 respons\u00e1vel por oferecer 3 oficinas em um per\u00edodo de 3 semanas para 20 benefici\u00e1rias do Programa Bolsa Fam\u00edlia atendidas pelo CRAS em que atua. Em&hellip; <\/p>\n","protected":false},"author":7,"featured_media":0,"comment_status":"open","ping_status":"open","sticky":false,"template":"","format":"standard","meta":{"_acf_changed":false,"footnotes":""},"categories":[22],"tags":[],"class_list":["post-144691","post","type-post","status-publish","format-standard","hentry","category-acao-social"],"acf":[],"yoast_head":"<!-- This site is optimized with the Yoast SEO plugin v27.4 - https:\/\/yoast.com\/product\/yoast-seo-wordpress\/ -->\n<title>SECRETARIA DE CIDADANIA E AEF-BRASIL PROMOVEM CAPACITA\u00c7\u00c3O DE AGENTES DA ASSIST\u00caNCIA SOCIAL DE PETROLINA - Blog do Farn\u00e9sio<\/title>\n<meta name=\"robots\" content=\"index, follow, max-snippet:-1, max-image-preview:large, max-video-preview:-1\" \/>\n<link rel=\"canonical\" href=\"https:\/\/blogdofarnesio.com.br\/?p=144691\" \/>\n<meta property=\"og:locale\" content=\"pt_BR\" \/>\n<meta property=\"og:type\" content=\"article\" \/>\n<meta property=\"og:title\" content=\"SECRETARIA DE CIDADANIA E AEF-BRASIL PROMOVEM CAPACITA\u00c7\u00c3O DE AGENTES DA ASSIST\u00caNCIA SOCIAL DE PETROLINA - Blog do Farn\u00e9sio\" \/>\n<meta property=\"og:description\" content=\"A Secretaria de Cidadania de Petrolina em parceria com a \u00a0Associa\u00e7\u00e3o de Educa\u00e7\u00e3o Financeira do Brasil \u2013 AEF-Brasil, \u00a0informa \u00a0a popula\u00e7\u00e3o que \u00a0nos dias 07 e 08 de julho ser\u00e1\u00a0 realizado uma \u00a0capacita\u00e7\u00e3o para agentes da Assist\u00eancia Social do munic\u00edpio, com o prop\u00f3sito de ajudar as mulheres benefici\u00e1rias do Programa Bolsa Fam\u00edlia no planejamento financeiro, e com finalidade de melhorar a qualidade de vida de suas fam\u00edlias. O\u00a0 Programa \u201cFuturo na m\u00e3o: dando um jeito na vida financeira\u201d, \u00a0visa capacitar educadores e t\u00e9cnicos da prote\u00e7\u00e3o social b\u00e1sica para a realiza\u00e7\u00e3o do programa. Cada agente ser\u00e1 respons\u00e1vel por oferecer 3 oficinas em um per\u00edodo de 3 semanas para 20 benefici\u00e1rias do Programa Bolsa Fam\u00edlia atendidas pelo CRAS em que atua. Em&hellip;\" \/>\n<meta property=\"og:url\" content=\"https:\/\/blogdofarnesio.com.br\/?p=144691\" \/>\n<meta property=\"og:site_name\" content=\"Blog do Farn\u00e9sio\" \/>\n<meta property=\"article:publisher\" content=\"https:\/\/www.facebook.com\/BlogQuerSaberPolitica\/\" \/>\n<meta property=\"article:published_time\" content=\"2016-07-06T19:22:34+00:00\" \/>\n<meta property=\"og:image\" content=\"http:\/\/www.quersaberpolitica.com.br\/2016\/wp-content\/uploads\/2013\/10\/cartao_bolsa_familia_principal.jpg\" \/>\n<meta name=\"twitter:card\" content=\"summary_large_image\" \/>\n<meta name=\"twitter:label1\" content=\"Escrito por\" \/>\n\t<meta name=\"twitter:data1\" content=\"\" \/>\n\t<meta name=\"twitter:label2\" content=\"Est. tempo de leitura\" \/>\n\t<meta name=\"twitter:data2\" content=\"1 minuto\" \/>\n<script type=\"application\/ld+json\" class=\"yoast-schema-graph\">{\"@context\":\"https:\\\/\\\/schema.org\",\"@graph\":[{\"@type\":\"Article\",\"@id\":\"https:\\\/\\\/blogdofarnesio.com.br\\\/?p=144691#article\",\"isPartOf\":{\"@id\":\"https:\\\/\\\/blogdofarnesio.com.br\\\/?p=144691\"},\"author\":{\"name\":\"\",\"@id\":\"\"},\"headline\":\"SECRETARIA DE CIDADANIA E AEF-BRASIL PROMOVEM CAPACITA\u00c7\u00c3O DE AGENTES DA ASSIST\u00caNCIA SOCIAL DE PETROLINA\",\"datePublished\":\"2016-07-06T19:22:34+00:00\",\"mainEntityOfPage\":{\"@id\":\"https:\\\/\\\/blogdofarnesio.com.br\\\/?p=144691\"},\"wordCount\":283,\"commentCount\":0,\"publisher\":{\"@id\":\"https:\\\/\\\/blogdofarnesio.com.br\\\/#organization\"},\"image\":{\"@id\":\"https:\\\/\\\/blogdofarnesio.com.br\\\/?p=144691#primaryimage\"},\"thumbnailUrl\":\"http:\\\/\\\/www.quersaberpolitica.com.br\\\/2016\\\/wp-content\\\/uploads\\\/2013\\\/10\\\/cartao_bolsa_familia_principal.jpg\",\"articleSection\":[\"A\u00e7\u00e3o Social\"],\"inLanguage\":\"pt-BR\",\"potentialAction\":[{\"@type\":\"CommentAction\",\"name\":\"Comment\",\"target\":[\"https:\\\/\\\/blogdofarnesio.com.br\\\/?p=144691#respond\"]}]},{\"@type\":\"WebPage\",\"@id\":\"https:\\\/\\\/blogdofarnesio.com.br\\\/?p=144691\",\"url\":\"https:\\\/\\\/blogdofarnesio.com.br\\\/?p=144691\",\"name\":\"SECRETARIA DE CIDADANIA E AEF-BRASIL PROMOVEM CAPACITA\u00c7\u00c3O DE AGENTES DA ASSIST\u00caNCIA SOCIAL DE PETROLINA - Blog do Farn\u00e9sio\",\"isPartOf\":{\"@id\":\"https:\\\/\\\/blogdofarnesio.com.br\\\/#website\"},\"primaryImageOfPage\":{\"@id\":\"https:\\\/\\\/blogdofarnesio.com.br\\\/?p=144691#primaryimage\"},\"image\":{\"@id\":\"https:\\\/\\\/blogdofarnesio.com.br\\\/?p=144691#primaryimage\"},\"thumbnailUrl\":\"http:\\\/\\\/www.quersaberpolitica.com.br\\\/2016\\\/wp-content\\\/uploads\\\/2013\\\/10\\\/cartao_bolsa_familia_principal.jpg\",\"datePublished\":\"2016-07-06T19:22:34+00:00\",\"breadcrumb\":{\"@id\":\"https:\\\/\\\/blogdofarnesio.com.br\\\/?p=144691#breadcrumb\"},\"inLanguage\":\"pt-BR\",\"potentialAction\":[{\"@type\":\"ReadAction\",\"target\":[\"https:\\\/\\\/blogdofarnesio.com.br\\\/?p=144691\"]}]},{\"@type\":\"ImageObject\",\"inLanguage\":\"pt-BR\",\"@id\":\"https:\\\/\\\/blogdofarnesio.com.br\\\/?p=144691#primaryimage\",\"url\":\"http:\\\/\\\/www.quersaberpolitica.com.br\\\/2016\\\/wp-content\\\/uploads\\\/2013\\\/10\\\/cartao_bolsa_familia_principal.jpg\",\"contentUrl\":\"http:\\\/\\\/www.quersaberpolitica.com.br\\\/2016\\\/wp-content\\\/uploads\\\/2013\\\/10\\\/cartao_bolsa_familia_principal.jpg\"},{\"@type\":\"BreadcrumbList\",\"@id\":\"https:\\\/\\\/blogdofarnesio.com.br\\\/?p=144691#breadcrumb\",\"itemListElement\":[{\"@type\":\"ListItem\",\"position\":1,\"name\":\"In\u00edcio\",\"item\":\"https:\\\/\\\/blogdofarnesio.com.br\\\/\"},{\"@type\":\"ListItem\",\"position\":2,\"name\":\"SECRETARIA DE CIDADANIA E AEF-BRASIL PROMOVEM CAPACITA\u00c7\u00c3O DE AGENTES DA ASSIST\u00caNCIA SOCIAL DE PETROLINA\"}]},{\"@type\":\"WebSite\",\"@id\":\"https:\\\/\\\/blogdofarnesio.com.br\\\/#website\",\"url\":\"https:\\\/\\\/blogdofarnesio.com.br\\\/\",\"name\":\"Blog do Farn\u00e9sio\",\"description\":\"Quer Saber Pol\u00edtica?\",\"publisher\":{\"@id\":\"https:\\\/\\\/blogdofarnesio.com.br\\\/#organization\"},\"potentialAction\":[{\"@type\":\"SearchAction\",\"target\":{\"@type\":\"EntryPoint\",\"urlTemplate\":\"https:\\\/\\\/blogdofarnesio.com.br\\\/?s={search_term_string}\"},\"query-input\":{\"@type\":\"PropertyValueSpecification\",\"valueRequired\":true,\"valueName\":\"search_term_string\"}}],\"inLanguage\":\"pt-BR\"},{\"@type\":\"Organization\",\"@id\":\"https:\\\/\\\/blogdofarnesio.com.br\\\/#organization\",\"name\":\"Blog do Farn\u00e9sio\",\"url\":\"https:\\\/\\\/blogdofarnesio.com.br\\\/\",\"logo\":{\"@type\":\"ImageObject\",\"inLanguage\":\"pt-BR\",\"@id\":\"https:\\\/\\\/blogdofarnesio.com.br\\\/#\\\/schema\\\/logo\\\/image\\\/\",\"url\":\"https:\\\/\\\/blogdofarnesio.com.br\\\/wp-content\\\/uploads\\\/2026\\\/03\\\/cropped-logo_new-1.png\",\"contentUrl\":\"https:\\\/\\\/blogdofarnesio.com.br\\\/wp-content\\\/uploads\\\/2026\\\/03\\\/cropped-logo_new-1.png\",\"width\":881,\"height\":685,\"caption\":\"Blog do Farn\u00e9sio\"},\"image\":{\"@id\":\"https:\\\/\\\/blogdofarnesio.com.br\\\/#\\\/schema\\\/logo\\\/image\\\/\"},\"sameAs\":[\"https:\\\/\\\/www.facebook.com\\\/BlogQuerSaberPolitica\\\/\"]},{\"@type\":\"Person\",\"@id\":\"\",\"url\":\"https:\\\/\\\/blogdofarnesio.com.br\\\/?author=7\"}]}<\/script>\n<!-- \/ Yoast SEO plugin. -->","yoast_head_json":{"title":"SECRETARIA DE CIDADANIA E AEF-BRASIL PROMOVEM CAPACITA\u00c7\u00c3O DE AGENTES DA ASSIST\u00caNCIA SOCIAL DE PETROLINA - Blog do Farn\u00e9sio","robots":{"index":"index","follow":"follow","max-snippet":"max-snippet:-1","max-image-preview":"max-image-preview:large","max-video-preview":"max-video-preview:-1"},"canonical":"https:\/\/blogdofarnesio.com.br\/?p=144691","og_locale":"pt_BR","og_type":"article","og_title":"SECRETARIA DE CIDADANIA E AEF-BRASIL PROMOVEM CAPACITA\u00c7\u00c3O DE AGENTES DA ASSIST\u00caNCIA SOCIAL DE PETROLINA - Blog do Farn\u00e9sio","og_description":"A Secretaria de Cidadania de Petrolina em parceria com a \u00a0Associa\u00e7\u00e3o de Educa\u00e7\u00e3o Financeira do Brasil \u2013 AEF-Brasil, \u00a0informa \u00a0a popula\u00e7\u00e3o que \u00a0nos dias 07 e 08 de julho ser\u00e1\u00a0 realizado uma \u00a0capacita\u00e7\u00e3o para agentes da Assist\u00eancia Social do munic\u00edpio, com o prop\u00f3sito de ajudar as mulheres benefici\u00e1rias do Programa Bolsa Fam\u00edlia no planejamento financeiro, e com finalidade de melhorar a qualidade de vida de suas fam\u00edlias. O\u00a0 Programa \u201cFuturo na m\u00e3o: dando um jeito na vida financeira\u201d, \u00a0visa capacitar educadores e t\u00e9cnicos da prote\u00e7\u00e3o social b\u00e1sica para a realiza\u00e7\u00e3o do programa. Cada agente ser\u00e1 respons\u00e1vel por oferecer 3 oficinas em um per\u00edodo de 3 semanas para 20 benefici\u00e1rias do Programa Bolsa Fam\u00edlia atendidas pelo CRAS em que atua. Em&hellip;","og_url":"https:\/\/blogdofarnesio.com.br\/?p=144691","og_site_name":"Blog do Farn\u00e9sio","article_publisher":"https:\/\/www.facebook.com\/BlogQuerSaberPolitica\/","article_published_time":"2016-07-06T19:22:34+00:00","og_image":[{"url":"http:\/\/www.quersaberpolitica.com.br\/2016\/wp-content\/uploads\/2013\/10\/cartao_bolsa_familia_principal.jpg","type":"","width":"","height":""}],"twitter_card":"summary_large_image","twitter_misc":{"Escrito por":"","Est. tempo de leitura":"1 minuto"},"schema":{"@context":"https:\/\/schema.org","@graph":[{"@type":"Article","@id":"https:\/\/blogdofarnesio.com.br\/?p=144691#article","isPartOf":{"@id":"https:\/\/blogdofarnesio.com.br\/?p=144691"},"author":{"name":"","@id":""},"headline":"SECRETARIA DE CIDADANIA E AEF-BRASIL PROMOVEM CAPACITA\u00c7\u00c3O DE AGENTES DA ASSIST\u00caNCIA SOCIAL DE PETROLINA","datePublished":"2016-07-06T19:22:34+00:00","mainEntityOfPage":{"@id":"https:\/\/blogdofarnesio.com.br\/?p=144691"},"wordCount":283,"commentCount":0,"publisher":{"@id":"https:\/\/blogdofarnesio.com.br\/#organization"},"image":{"@id":"https:\/\/blogdofarnesio.com.br\/?p=144691#primaryimage"},"thumbnailUrl":"http:\/\/www.quersaberpolitica.com.br\/2016\/wp-content\/uploads\/2013\/10\/cartao_bolsa_familia_principal.jpg","articleSection":["A\u00e7\u00e3o Social"],"inLanguage":"pt-BR","potentialAction":[{"@type":"CommentAction","name":"Comment","target":["https:\/\/blogdofarnesio.com.br\/?p=144691#respond"]}]},{"@type":"WebPage","@id":"https:\/\/blogdofarnesio.com.br\/?p=144691","url":"https:\/\/blogdofarnesio.com.br\/?p=144691","name":"SECRETARIA DE CIDADANIA E AEF-BRASIL PROMOVEM CAPACITA\u00c7\u00c3O DE AGENTES DA ASSIST\u00caNCIA SOCIAL DE PETROLINA - Blog do Farn\u00e9sio","isPartOf":{"@id":"https:\/\/blogdofarnesio.com.br\/#website"},"primaryImageOfPage":{"@id":"https:\/\/blogdofarnesio.com.br\/?p=144691#primaryimage"},"image":{"@id":"https:\/\/blogdofarnesio.com.br\/?p=144691#primaryimage"},"thumbnailUrl":"http:\/\/www.quersaberpolitica.com.br\/2016\/wp-content\/uploads\/2013\/10\/cartao_bolsa_familia_principal.jpg","datePublished":"2016-07-06T19:22:34+00:00","breadcrumb":{"@id":"https:\/\/blogdofarnesio.com.br\/?p=144691#breadcrumb"},"inLanguage":"pt-BR","potentialAction":[{"@type":"ReadAction","target":["https:\/\/blogdofarnesio.com.br\/?p=144691"]}]},{"@type":"ImageObject","inLanguage":"pt-BR","@id":"https:\/\/blogdofarnesio.com.br\/?p=144691#primaryimage","url":"http:\/\/www.quersaberpolitica.com.br\/2016\/wp-content\/uploads\/2013\/10\/cartao_bolsa_familia_principal.jpg","contentUrl":"http:\/\/www.quersaberpolitica.com.br\/2016\/wp-content\/uploads\/2013\/10\/cartao_bolsa_familia_principal.jpg"},{"@type":"BreadcrumbList","@id":"https:\/\/blogdofarnesio.com.br\/?p=144691#breadcrumb","itemListElement":[{"@type":"ListItem","position":1,"name":"In\u00edcio","item":"https:\/\/blogdofarnesio.com.br\/"},{"@type":"ListItem","position":2,"name":"SECRETARIA DE CIDADANIA E AEF-BRASIL PROMOVEM CAPACITA\u00c7\u00c3O DE AGENTES DA ASSIST\u00caNCIA SOCIAL DE PETROLINA"}]},{"@type":"WebSite","@id":"https:\/\/blogdofarnesio.com.br\/#website","url":"https:\/\/blogdofarnesio.com.br\/","name":"Blog do Farn\u00e9sio","description":"Quer Saber Pol\u00edtica?","publisher":{"@id":"https:\/\/blogdofarnesio.com.br\/#organization"},"potentialAction":[{"@type":"SearchAction","target":{"@type":"EntryPoint","urlTemplate":"https:\/\/blogdofarnesio.com.br\/?s={search_term_string}"},"query-input":{"@type":"PropertyValueSpecification","valueRequired":true,"valueName":"search_term_string"}}],"inLanguage":"pt-BR"},{"@type":"Organization","@id":"https:\/\/blogdofarnesio.com.br\/#organization","name":"Blog do Farn\u00e9sio","url":"https:\/\/blogdofarnesio.com.br\/","logo":{"@type":"ImageObject","inLanguage":"pt-BR","@id":"https:\/\/blogdofarnesio.com.br\/#\/schema\/logo\/image\/","url":"https:\/\/blogdofarnesio.com.br\/wp-content\/uploads\/2026\/03\/cropped-logo_new-1.png","contentUrl":"https:\/\/blogdofarnesio.com.br\/wp-content\/uploads\/2026\/03\/cropped-logo_new-1.png","width":881,"height":685,"caption":"Blog do Farn\u00e9sio"},"image":{"@id":"https:\/\/blogdofarnesio.com.br\/#\/schema\/logo\/image\/"},"sameAs":["https:\/\/www.facebook.com\/BlogQuerSaberPolitica\/"]},{"@type":"Person","@id":"","url":"https:\/\/blogdofarnesio.com.br\/?author=7"}]}},"_links":{"self":[{"href":"https:\/\/blogdofarnesio.com.br\/index.php?rest_route=\/wp\/v2\/posts\/144691","targetHints":{"allow":["GET"]}}],"collection":[{"href":"https:\/\/blogdofarnesio.com.br\/index.php?rest_route=\/wp\/v2\/posts"}],"about":[{"href":"https:\/\/blogdofarnesio.com.br\/index.php?rest_route=\/wp\/v2\/types\/post"}],"author":[{"embeddable":true,"href":"https:\/\/blogdofarnesio.com.br\/index.php?rest_route=\/wp\/v2\/users\/7"}],"replies":[{"embeddable":true,"href":"https:\/\/blogdofarnesio.com.br\/index.php?rest_route=%2Fwp%2Fv2%2Fcomments&post=144691"}],"version-history":[{"count":0,"href":"https:\/\/blogdofarnesio.com.br\/index.php?rest_route=\/wp\/v2\/posts\/144691\/revisions"}],"wp:attachment":[{"href":"https:\/\/blogdofarnesio.com.br\/index.php?rest_route=%2Fwp%2Fv2%2Fmedia&parent=144691"}],"wp:term":[{"taxonomy":"category","embeddable":true,"href":"https:\/\/blogdofarnesio.com.br\/index.php?rest_route=%2Fwp%2Fv2%2Fcategories&post=144691"},{"taxonomy":"post_tag","embeddable":true,"href":"https:\/\/blogdofarnesio.com.br\/index.php?rest_route=%2Fwp%2Fv2%2Ftags&post=144691"}],"curies":[{"name":"wp","href":"https:\/\/api.w.org\/{rel}","templated":true}]}}