{"id":144677,"date":"2016-07-06T12:30:20","date_gmt":"2016-07-06T15:30:20","guid":{"rendered":"http:\/\/www.quersaberpolitica.com.br\/?p=144677"},"modified":"2016-07-06T10:26:37","modified_gmt":"2016-07-06T13:26:37","slug":"temer-recebe-senadores-e-promete-destravar-obras","status":"publish","type":"post","link":"https:\/\/blogdofarnesio.com.br\/?p=144677","title":{"rendered":"TEMER RECEBE SENADORES E PROMETE DESTRAVAR OBRAS"},"content":{"rendered":"<header class=\"entry-header\"><img loading=\"lazy\" decoding=\"async\" class=\"attachment-post-thumbnail  wp-post-image aligncenter\" src=\"http:\/\/imagens1.ne10.uol.com.br\/blogsne10\/jamildo\/uploads\/2016\/06\/temer-1.jpg\" alt=\"Foto: Lula Marques\/ Ag\u00eancia PT\" width=\"418\" height=\"282\" \/><\/header>\n<div class=\"entry-content\">\n<p style=\"text-align: justify\">A pouco menos de dois meses da vota\u00e7\u00e3o definitiva do impeachment no Senado, o presidente em exerc\u00edcio, Michel Temer, dedicou a maior parte do dia nesta ter\u00e7a-feira, 5, para receber parlamentares no Pal\u00e1cio do Planalto, incluindo 13 senadores. O peemedebista tratou com os congressistas de obras em suas bases eleitorais.<\/p>\n<p style=\"text-align: justify\">Do grupo de senadores que passou pelo Planalto, pelo menos sete deles se apresentam como \u201cindecisos\u201d ou n\u00e3o quiseram responder \u00e0 pesquisa Estado que aponta quem apoia e quem \u00e9 contra a sa\u00edda definitiva da presidente afastada Dilma Rousseff.<\/p>\n<p style=\"text-align: justify\">A ideia de Temer \u00e9 concluir as obras que est\u00e3o perto do fim e que necessitam de baixo desembolso de recursos, da ordem de R$ 100 mil, R$ 200 mil ou R$ 300 mil. Com isso, o presidente em exerc\u00edcio beneficiaria pequenas e m\u00e9dias cidades, atendendo senadores \u2013 que ser\u00e3o decisivos para garantir a sua perman\u00eancia no cargo \u2013 e seus prefeitos nas elei\u00e7\u00f5es de outubro.<\/p>\n<p style=\"text-align: justify\">\n<p style=\"text-align: justify\">O governo est\u00e1 dando prioridade \u00e0 finaliza\u00e7\u00e3o de constru\u00e7\u00e3o de Unidades de Pronto Atendimento, creches, escolas e postos de sa\u00fade.<\/p>\n<p style=\"text-align: justify\">Na semana passada, quando comandou a primeira reuni\u00e3o do n\u00facleo da infraestrutura, o presidente em exerc\u00edcio j\u00e1 havia determinado \u00e0 equipe econ\u00f4mica que fizesse um levantamento das obras paradas e inacabadas para que possam ser finalizadas, com baixo desembolso de recursos.<\/p>\n<p style=\"text-align: justify\">Nesta ter\u00e7a-feira, o assunto foi tratado na reuni\u00e3o de Temer com o presidente do Senado, Renan Calheiros (PMDB-AL), e outros sete senadores. No encontro, ficou acertado que no in\u00edcio de agosto haver\u00e1 uma nova reuni\u00e3o para que sejam definidas algumas prioridades dos Estados e munic\u00edpios.<\/p>\n<p style=\"text-align: justify\">Os Minist\u00e9rios da Fazenda e do Planejamento far\u00e3o uma lista das obras priorit\u00e1rias. O Senado tamb\u00e9m montar\u00e1 um grupo parlamentar para apresentar as suas prioridades.<\/p>\n<p style=\"text-align: justify\">O peemedebista tem dedicado boa parte da sua agenda a atender congressistas. Segundo auxiliares, o presidente em exerc\u00edcio costuma telefonar para os parlamentares para \u201cdar uma aten\u00e7\u00e3o\u201d.<\/p>\n<p style=\"text-align: justify\">Temer tamb\u00e9m decidiu atuar diretamente no atendimento de demandas dos deputados e senadores. A ofensiva serve para que o presidente em exerc\u00edcio fa\u00e7a reuni\u00f5es com os parlamentares.<\/p>\n<p style=\"text-align: justify\"><b>Indecisos<\/b><\/p>\n<p style=\"text-align: justify\">Temer, por exemplo, recebeu a bancada do PPS. Entre os parlamentares estava o senador Cristovam Buarque (DF), que aparece como indeciso em rela\u00e7\u00e3o ao impeachment de Dilma. Temer ouviu do parlamentar, que j\u00e1 foi ministro da Educa\u00e7\u00e3o no governo Lula propostas para a \u00e1rea. O presidente em exerc\u00edcio fez quest\u00e3o, ainda, de ampliar o n\u00famero de senadores presentes e abrir para a imagem o encontro que teve com Renan Calheiros, para prestigiar os parlamentares.<\/p>\n<p style=\"text-align: justify\">O senador Otto Alencar (PSD-BA), outro \u201cindeciso\u201d, foi convidado a participar do encontro. Da mesma forma, estiveram no encontro senadores que dizem n\u00e3o saber ainda como votar no impeachment, como Omar Aziz (PSD-AM), Acir Gurgacz (PDT-RO), Roberto Rocha (PSB-MA), Wellington Fagundes (PR-MT) e Eduardo Braga (PMDB-AM)<\/p>\n<p style=\"text-align: justify\"><b>Relat\u00f3rio<\/b><\/p>\n<p style=\"text-align: justify\">Na reuni\u00e3o, Temer recebeu das m\u00e3os do senador Ata\u00eddes Oliveira (PSDB-TO), que \u00e9 presidente da Comiss\u00e3o de Obras Paradas, um relat\u00f3rio produzido pela Controladoria-Geral da Uni\u00e3o (CGU), atualizado at\u00e9 setembro de 2015, que aponta que os investimentos em empreendimentos atrasados, paralisados, inacabados e n\u00e3o iniciados totalizam R$ 79,721 bilh\u00f5es. Deste total, j\u00e1 foram pagos R$ 19,085 bilh\u00f5es.<\/p>\n<p style=\"text-align: justify\">Ata\u00eddes afirmou que Temer quer \u201ctomar conhecimento\u201d dessas obras, \u201cverificar a prioridade delas nos Estados e munic\u00edpios\u201d e conversar com os governadores tamb\u00e9m sobre as prioridades deles.<\/p>\n<p style=\"text-align: justify\">A ideia do presidente, ainda de acordo com o senador, \u201c\u00e9 estabelecer uma verba m\u00ednima para destravar centenas de obras pelo Brasil afora\u201d. Acrescentou tamb\u00e9m que o presidente quer ver as obras que \u201cdemandam menor verba\u201d e que s\u00e3o urgentes para a popula\u00e7\u00e3o como as UPAS, hospitais, escolas e creches.<\/p>\n<p style=\"text-align: justify\">Esta libera\u00e7\u00e3o de recursos, naturalmente, acabaria tamb\u00e9m por beneficiar o PMDB que tem o maior n\u00famero de prefeitos do Pa\u00eds: 1 024 das 5.568 prefeituras, 18,4% do total, de acordo com dados do Tribunal Superior Eleitoral. As informa\u00e7\u00f5es s\u00e3o do jornal <b>O Estado de S. Paulo.<\/b><\/p>\n<\/div>\n<p><!--more--><\/p>\n","protected":false},"excerpt":{"rendered":"<p>A pouco menos de dois meses da vota\u00e7\u00e3o definitiva do impeachment no Senado, o presidente em exerc\u00edcio, Michel Temer, dedicou a maior parte do dia nesta ter\u00e7a-feira, 5, para receber parlamentares no Pal\u00e1cio do Planalto, incluindo 13 senadores. O peemedebista tratou com os congressistas de obras em suas bases eleitorais. Do grupo de senadores que passou pelo Planalto, pelo menos sete deles se apresentam como \u201cindecisos\u201d ou n\u00e3o quiseram responder \u00e0 pesquisa Estado que aponta quem apoia e quem \u00e9 contra a sa\u00edda definitiva da presidente afastada Dilma Rousseff. A ideia de Temer \u00e9 concluir as obras que est\u00e3o perto do fim e que necessitam de baixo desembolso de recursos, da ordem de R$ 100 mil, R$ 200 mil ou&hellip; <\/p>\n","protected":false},"author":7,"featured_media":0,"comment_status":"open","ping_status":"open","sticky":false,"template":"","format":"standard","meta":{"_acf_changed":false,"footnotes":""},"categories":[1],"tags":[],"class_list":["post-144677","post","type-post","status-publish","format-standard","hentry","category-politica"],"acf":[],"yoast_head":"<!-- This site is optimized with the Yoast SEO plugin v27.4 - https:\/\/yoast.com\/product\/yoast-seo-wordpress\/ -->\n<title>TEMER RECEBE SENADORES E PROMETE DESTRAVAR OBRAS - Blog do Farn\u00e9sio<\/title>\n<meta name=\"robots\" content=\"index, follow, max-snippet:-1, max-image-preview:large, max-video-preview:-1\" \/>\n<link rel=\"canonical\" href=\"https:\/\/blogdofarnesio.com.br\/?p=144677\" \/>\n<meta property=\"og:locale\" content=\"pt_BR\" \/>\n<meta property=\"og:type\" content=\"article\" \/>\n<meta property=\"og:title\" content=\"TEMER RECEBE SENADORES E PROMETE DESTRAVAR OBRAS - Blog do Farn\u00e9sio\" \/>\n<meta property=\"og:description\" content=\"A pouco menos de dois meses da vota\u00e7\u00e3o definitiva do impeachment no Senado, o presidente em exerc\u00edcio, Michel Temer, dedicou a maior parte do dia nesta ter\u00e7a-feira, 5, para receber parlamentares no Pal\u00e1cio do Planalto, incluindo 13 senadores. O peemedebista tratou com os congressistas de obras em suas bases eleitorais. Do grupo de senadores que passou pelo Planalto, pelo menos sete deles se apresentam como \u201cindecisos\u201d ou n\u00e3o quiseram responder \u00e0 pesquisa Estado que aponta quem apoia e quem \u00e9 contra a sa\u00edda definitiva da presidente afastada Dilma Rousseff. A ideia de Temer \u00e9 concluir as obras que est\u00e3o perto do fim e que necessitam de baixo desembolso de recursos, da ordem de R$ 100 mil, R$ 200 mil ou&hellip;\" \/>\n<meta property=\"og:url\" content=\"https:\/\/blogdofarnesio.com.br\/?p=144677\" \/>\n<meta property=\"og:site_name\" content=\"Blog do Farn\u00e9sio\" \/>\n<meta property=\"article:publisher\" content=\"https:\/\/www.facebook.com\/BlogQuerSaberPolitica\/\" \/>\n<meta property=\"article:published_time\" content=\"2016-07-06T15:30:20+00:00\" \/>\n<meta property=\"og:image\" content=\"http:\/\/imagens1.ne10.uol.com.br\/blogsne10\/jamildo\/uploads\/2016\/06\/temer-1.jpg\" \/>\n<meta name=\"twitter:card\" content=\"summary_large_image\" \/>\n<meta name=\"twitter:label1\" content=\"Escrito por\" \/>\n\t<meta name=\"twitter:data1\" content=\"\" \/>\n\t<meta name=\"twitter:label2\" content=\"Est. tempo de leitura\" \/>\n\t<meta name=\"twitter:data2\" content=\"3 minutos\" \/>\n<script type=\"application\/ld+json\" class=\"yoast-schema-graph\">{\"@context\":\"https:\\\/\\\/schema.org\",\"@graph\":[{\"@type\":\"Article\",\"@id\":\"https:\\\/\\\/blogdofarnesio.com.br\\\/?p=144677#article\",\"isPartOf\":{\"@id\":\"https:\\\/\\\/blogdofarnesio.com.br\\\/?p=144677\"},\"author\":{\"name\":\"\",\"@id\":\"\"},\"headline\":\"TEMER RECEBE SENADORES E PROMETE DESTRAVAR OBRAS\",\"datePublished\":\"2016-07-06T15:30:20+00:00\",\"mainEntityOfPage\":{\"@id\":\"https:\\\/\\\/blogdofarnesio.com.br\\\/?p=144677\"},\"wordCount\":691,\"commentCount\":0,\"publisher\":{\"@id\":\"https:\\\/\\\/blogdofarnesio.com.br\\\/#organization\"},\"image\":{\"@id\":\"https:\\\/\\\/blogdofarnesio.com.br\\\/?p=144677#primaryimage\"},\"thumbnailUrl\":\"http:\\\/\\\/imagens1.ne10.uol.com.br\\\/blogsne10\\\/jamildo\\\/uploads\\\/2016\\\/06\\\/temer-1.jpg\",\"articleSection\":[\"Pol\u00edtica\"],\"inLanguage\":\"pt-BR\",\"potentialAction\":[{\"@type\":\"CommentAction\",\"name\":\"Comment\",\"target\":[\"https:\\\/\\\/blogdofarnesio.com.br\\\/?p=144677#respond\"]}]},{\"@type\":\"WebPage\",\"@id\":\"https:\\\/\\\/blogdofarnesio.com.br\\\/?p=144677\",\"url\":\"https:\\\/\\\/blogdofarnesio.com.br\\\/?p=144677\",\"name\":\"TEMER RECEBE SENADORES E PROMETE DESTRAVAR OBRAS - Blog do Farn\u00e9sio\",\"isPartOf\":{\"@id\":\"https:\\\/\\\/blogdofarnesio.com.br\\\/#website\"},\"primaryImageOfPage\":{\"@id\":\"https:\\\/\\\/blogdofarnesio.com.br\\\/?p=144677#primaryimage\"},\"image\":{\"@id\":\"https:\\\/\\\/blogdofarnesio.com.br\\\/?p=144677#primaryimage\"},\"thumbnailUrl\":\"http:\\\/\\\/imagens1.ne10.uol.com.br\\\/blogsne10\\\/jamildo\\\/uploads\\\/2016\\\/06\\\/temer-1.jpg\",\"datePublished\":\"2016-07-06T15:30:20+00:00\",\"breadcrumb\":{\"@id\":\"https:\\\/\\\/blogdofarnesio.com.br\\\/?p=144677#breadcrumb\"},\"inLanguage\":\"pt-BR\",\"potentialAction\":[{\"@type\":\"ReadAction\",\"target\":[\"https:\\\/\\\/blogdofarnesio.com.br\\\/?p=144677\"]}]},{\"@type\":\"ImageObject\",\"inLanguage\":\"pt-BR\",\"@id\":\"https:\\\/\\\/blogdofarnesio.com.br\\\/?p=144677#primaryimage\",\"url\":\"http:\\\/\\\/imagens1.ne10.uol.com.br\\\/blogsne10\\\/jamildo\\\/uploads\\\/2016\\\/06\\\/temer-1.jpg\",\"contentUrl\":\"http:\\\/\\\/imagens1.ne10.uol.com.br\\\/blogsne10\\\/jamildo\\\/uploads\\\/2016\\\/06\\\/temer-1.jpg\"},{\"@type\":\"BreadcrumbList\",\"@id\":\"https:\\\/\\\/blogdofarnesio.com.br\\\/?p=144677#breadcrumb\",\"itemListElement\":[{\"@type\":\"ListItem\",\"position\":1,\"name\":\"In\u00edcio\",\"item\":\"https:\\\/\\\/blogdofarnesio.com.br\\\/\"},{\"@type\":\"ListItem\",\"position\":2,\"name\":\"TEMER RECEBE SENADORES E PROMETE DESTRAVAR OBRAS\"}]},{\"@type\":\"WebSite\",\"@id\":\"https:\\\/\\\/blogdofarnesio.com.br\\\/#website\",\"url\":\"https:\\\/\\\/blogdofarnesio.com.br\\\/\",\"name\":\"Blog do Farn\u00e9sio\",\"description\":\"Quer Saber Pol\u00edtica?\",\"publisher\":{\"@id\":\"https:\\\/\\\/blogdofarnesio.com.br\\\/#organization\"},\"potentialAction\":[{\"@type\":\"SearchAction\",\"target\":{\"@type\":\"EntryPoint\",\"urlTemplate\":\"https:\\\/\\\/blogdofarnesio.com.br\\\/?s={search_term_string}\"},\"query-input\":{\"@type\":\"PropertyValueSpecification\",\"valueRequired\":true,\"valueName\":\"search_term_string\"}}],\"inLanguage\":\"pt-BR\"},{\"@type\":\"Organization\",\"@id\":\"https:\\\/\\\/blogdofarnesio.com.br\\\/#organization\",\"name\":\"Blog do Farn\u00e9sio\",\"url\":\"https:\\\/\\\/blogdofarnesio.com.br\\\/\",\"logo\":{\"@type\":\"ImageObject\",\"inLanguage\":\"pt-BR\",\"@id\":\"https:\\\/\\\/blogdofarnesio.com.br\\\/#\\\/schema\\\/logo\\\/image\\\/\",\"url\":\"https:\\\/\\\/blogdofarnesio.com.br\\\/wp-content\\\/uploads\\\/2026\\\/03\\\/cropped-logo_new-1.png\",\"contentUrl\":\"https:\\\/\\\/blogdofarnesio.com.br\\\/wp-content\\\/uploads\\\/2026\\\/03\\\/cropped-logo_new-1.png\",\"width\":881,\"height\":685,\"caption\":\"Blog do Farn\u00e9sio\"},\"image\":{\"@id\":\"https:\\\/\\\/blogdofarnesio.com.br\\\/#\\\/schema\\\/logo\\\/image\\\/\"},\"sameAs\":[\"https:\\\/\\\/www.facebook.com\\\/BlogQuerSaberPolitica\\\/\"]},{\"@type\":\"Person\",\"@id\":\"\",\"url\":\"https:\\\/\\\/blogdofarnesio.com.br\\\/?author=7\"}]}<\/script>\n<!-- \/ Yoast SEO plugin. -->","yoast_head_json":{"title":"TEMER RECEBE SENADORES E PROMETE DESTRAVAR OBRAS - Blog do Farn\u00e9sio","robots":{"index":"index","follow":"follow","max-snippet":"max-snippet:-1","max-image-preview":"max-image-preview:large","max-video-preview":"max-video-preview:-1"},"canonical":"https:\/\/blogdofarnesio.com.br\/?p=144677","og_locale":"pt_BR","og_type":"article","og_title":"TEMER RECEBE SENADORES E PROMETE DESTRAVAR OBRAS - Blog do Farn\u00e9sio","og_description":"A pouco menos de dois meses da vota\u00e7\u00e3o definitiva do impeachment no Senado, o presidente em exerc\u00edcio, Michel Temer, dedicou a maior parte do dia nesta ter\u00e7a-feira, 5, para receber parlamentares no Pal\u00e1cio do Planalto, incluindo 13 senadores. O peemedebista tratou com os congressistas de obras em suas bases eleitorais. Do grupo de senadores que passou pelo Planalto, pelo menos sete deles se apresentam como \u201cindecisos\u201d ou n\u00e3o quiseram responder \u00e0 pesquisa Estado que aponta quem apoia e quem \u00e9 contra a sa\u00edda definitiva da presidente afastada Dilma Rousseff. A ideia de Temer \u00e9 concluir as obras que est\u00e3o perto do fim e que necessitam de baixo desembolso de recursos, da ordem de R$ 100 mil, R$ 200 mil ou&hellip;","og_url":"https:\/\/blogdofarnesio.com.br\/?p=144677","og_site_name":"Blog do Farn\u00e9sio","article_publisher":"https:\/\/www.facebook.com\/BlogQuerSaberPolitica\/","article_published_time":"2016-07-06T15:30:20+00:00","og_image":[{"url":"http:\/\/imagens1.ne10.uol.com.br\/blogsne10\/jamildo\/uploads\/2016\/06\/temer-1.jpg","type":"","width":"","height":""}],"twitter_card":"summary_large_image","twitter_misc":{"Escrito por":"","Est. tempo de leitura":"3 minutos"},"schema":{"@context":"https:\/\/schema.org","@graph":[{"@type":"Article","@id":"https:\/\/blogdofarnesio.com.br\/?p=144677#article","isPartOf":{"@id":"https:\/\/blogdofarnesio.com.br\/?p=144677"},"author":{"name":"","@id":""},"headline":"TEMER RECEBE SENADORES E PROMETE DESTRAVAR OBRAS","datePublished":"2016-07-06T15:30:20+00:00","mainEntityOfPage":{"@id":"https:\/\/blogdofarnesio.com.br\/?p=144677"},"wordCount":691,"commentCount":0,"publisher":{"@id":"https:\/\/blogdofarnesio.com.br\/#organization"},"image":{"@id":"https:\/\/blogdofarnesio.com.br\/?p=144677#primaryimage"},"thumbnailUrl":"http:\/\/imagens1.ne10.uol.com.br\/blogsne10\/jamildo\/uploads\/2016\/06\/temer-1.jpg","articleSection":["Pol\u00edtica"],"inLanguage":"pt-BR","potentialAction":[{"@type":"CommentAction","name":"Comment","target":["https:\/\/blogdofarnesio.com.br\/?p=144677#respond"]}]},{"@type":"WebPage","@id":"https:\/\/blogdofarnesio.com.br\/?p=144677","url":"https:\/\/blogdofarnesio.com.br\/?p=144677","name":"TEMER RECEBE SENADORES E PROMETE DESTRAVAR OBRAS - Blog do Farn\u00e9sio","isPartOf":{"@id":"https:\/\/blogdofarnesio.com.br\/#website"},"primaryImageOfPage":{"@id":"https:\/\/blogdofarnesio.com.br\/?p=144677#primaryimage"},"image":{"@id":"https:\/\/blogdofarnesio.com.br\/?p=144677#primaryimage"},"thumbnailUrl":"http:\/\/imagens1.ne10.uol.com.br\/blogsne10\/jamildo\/uploads\/2016\/06\/temer-1.jpg","datePublished":"2016-07-06T15:30:20+00:00","breadcrumb":{"@id":"https:\/\/blogdofarnesio.com.br\/?p=144677#breadcrumb"},"inLanguage":"pt-BR","potentialAction":[{"@type":"ReadAction","target":["https:\/\/blogdofarnesio.com.br\/?p=144677"]}]},{"@type":"ImageObject","inLanguage":"pt-BR","@id":"https:\/\/blogdofarnesio.com.br\/?p=144677#primaryimage","url":"http:\/\/imagens1.ne10.uol.com.br\/blogsne10\/jamildo\/uploads\/2016\/06\/temer-1.jpg","contentUrl":"http:\/\/imagens1.ne10.uol.com.br\/blogsne10\/jamildo\/uploads\/2016\/06\/temer-1.jpg"},{"@type":"BreadcrumbList","@id":"https:\/\/blogdofarnesio.com.br\/?p=144677#breadcrumb","itemListElement":[{"@type":"ListItem","position":1,"name":"In\u00edcio","item":"https:\/\/blogdofarnesio.com.br\/"},{"@type":"ListItem","position":2,"name":"TEMER RECEBE SENADORES E PROMETE DESTRAVAR OBRAS"}]},{"@type":"WebSite","@id":"https:\/\/blogdofarnesio.com.br\/#website","url":"https:\/\/blogdofarnesio.com.br\/","name":"Blog do Farn\u00e9sio","description":"Quer Saber Pol\u00edtica?","publisher":{"@id":"https:\/\/blogdofarnesio.com.br\/#organization"},"potentialAction":[{"@type":"SearchAction","target":{"@type":"EntryPoint","urlTemplate":"https:\/\/blogdofarnesio.com.br\/?s={search_term_string}"},"query-input":{"@type":"PropertyValueSpecification","valueRequired":true,"valueName":"search_term_string"}}],"inLanguage":"pt-BR"},{"@type":"Organization","@id":"https:\/\/blogdofarnesio.com.br\/#organization","name":"Blog do Farn\u00e9sio","url":"https:\/\/blogdofarnesio.com.br\/","logo":{"@type":"ImageObject","inLanguage":"pt-BR","@id":"https:\/\/blogdofarnesio.com.br\/#\/schema\/logo\/image\/","url":"https:\/\/blogdofarnesio.com.br\/wp-content\/uploads\/2026\/03\/cropped-logo_new-1.png","contentUrl":"https:\/\/blogdofarnesio.com.br\/wp-content\/uploads\/2026\/03\/cropped-logo_new-1.png","width":881,"height":685,"caption":"Blog do Farn\u00e9sio"},"image":{"@id":"https:\/\/blogdofarnesio.com.br\/#\/schema\/logo\/image\/"},"sameAs":["https:\/\/www.facebook.com\/BlogQuerSaberPolitica\/"]},{"@type":"Person","@id":"","url":"https:\/\/blogdofarnesio.com.br\/?author=7"}]}},"_links":{"self":[{"href":"https:\/\/blogdofarnesio.com.br\/index.php?rest_route=\/wp\/v2\/posts\/144677","targetHints":{"allow":["GET"]}}],"collection":[{"href":"https:\/\/blogdofarnesio.com.br\/index.php?rest_route=\/wp\/v2\/posts"}],"about":[{"href":"https:\/\/blogdofarnesio.com.br\/index.php?rest_route=\/wp\/v2\/types\/post"}],"author":[{"embeddable":true,"href":"https:\/\/blogdofarnesio.com.br\/index.php?rest_route=\/wp\/v2\/users\/7"}],"replies":[{"embeddable":true,"href":"https:\/\/blogdofarnesio.com.br\/index.php?rest_route=%2Fwp%2Fv2%2Fcomments&post=144677"}],"version-history":[{"count":0,"href":"https:\/\/blogdofarnesio.com.br\/index.php?rest_route=\/wp\/v2\/posts\/144677\/revisions"}],"wp:attachment":[{"href":"https:\/\/blogdofarnesio.com.br\/index.php?rest_route=%2Fwp%2Fv2%2Fmedia&parent=144677"}],"wp:term":[{"taxonomy":"category","embeddable":true,"href":"https:\/\/blogdofarnesio.com.br\/index.php?rest_route=%2Fwp%2Fv2%2Fcategories&post=144677"},{"taxonomy":"post_tag","embeddable":true,"href":"https:\/\/blogdofarnesio.com.br\/index.php?rest_route=%2Fwp%2Fv2%2Ftags&post=144677"}],"curies":[{"name":"wp","href":"https:\/\/api.w.org\/{rel}","templated":true}]}}