{"id":144676,"date":"2016-07-06T13:00:49","date_gmt":"2016-07-06T16:00:49","guid":{"rendered":"http:\/\/www.quersaberpolitica.com.br\/?p=144676"},"modified":"2016-07-06T10:23:32","modified_gmt":"2016-07-06T13:23:32","slug":"messi-e-condenado-a-21-meses-de-prisao","status":"publish","type":"post","link":"https:\/\/blogdofarnesio.com.br\/?p=144676","title":{"rendered":"MESSI \u00c9 CONDENADO A 21 MESES DE PRIS\u00c3O"},"content":{"rendered":"<div class=\"postfigure \">\n<div class=\"figure\" style=\"text-align: justify\"><em><img loading=\"lazy\" decoding=\"async\" class=\" aligncenter\" title=\"Lionel Messi, ao lado de seu pai, Horacio, durante julgamento por fraude fiscal\" src=\"http:\/\/cdn.espn.com.br\/image\/wide\/622_10a0b301-b878-3949-9e79-a621c114c34a.jpg\" alt=\"Lionel Messi, ao lado de seu pai, Horacio, durante julgamento por fraude fiscal\" width=\"424\" height=\"242\" \/><\/em><\/div>\n<div class=\"figcaption\" style=\"text-align: justify\"><\/div>\n<\/div>\n<p style=\"text-align: justify\">Lionel Messi e seu pai, Jorge, foram condenados a 21 meses de pris\u00e3o por fraude fiscal. A decis\u00e3o veio nesta quarta-feira, durante audi\u00eancia em Barcelona, de acordo com o jornal catal\u00e3o &#8220;El Peri\u00f3dico&#8221;.<\/p>\n<p style=\"text-align: justify\">Como n\u00e3o tem antecedentes criminais e a pena \u00e9 inferior a 24 meses, Messi e seu pai n\u00e3o precisar\u00e3o cumprir o per\u00edodo de puni\u00e7\u00e3o dentro da pris\u00e3o. Segundo a Justi\u00e7a da Espanha, o jogador poder\u00e1 pedir por uma esp\u00e9cie de &#8216;troca&#8217;. Com isso, seu per\u00edodo de deten\u00e7\u00e3o seria substitu\u00eddo por uma multa em dinheiro.<\/p>\n<p style=\"text-align: justify\">Al\u00e9m disso, Messi foi multado em 2 milh\u00f5es de euros (R$ 7,3 milh\u00f5es) pelo fisco espanhol.<\/p>\n<p style=\"text-align: justify\">O atacate argentino foi julgado por ter sonegado mais de 4 milh\u00f5es de euros (R$ 14,6 milh\u00f5es) em direitos de imagem relativos aos anos de 2007, 2008 e 2009.<\/p>\n<p style=\"text-align: justify\"><!--more--><\/p>\n<p style=\"text-align: justify\">Ainda de acordo com o fisco, Messi ocultou impostos criando empresas de fachada em pa\u00edses como Uruguai, Belize, Su\u00ed\u00e7a e Gr\u00e3-Bretanha.<\/p>\n<p style=\"text-align: justify\">A senten\u00e7a foi divulgada nesta quarta e poder\u00e1 ser recorrida no Supremo Tribunal da Catalunha.<\/p>\n<p style=\"text-align: justify\">Al\u00e9m de Messi, Mascherano &#8211; condenado a um ano de pris\u00e3o -, Neymar e Daniel Alves foram outros jogadores que tiveram problemas com o fisco catal\u00e3o em tempos recentes.<\/p>\n<p style=\"text-align: justify\">Atrav\u00e9s de nota, o Barcelona demonstrou apoio ao seu camisa 10:<\/p>\n<p style=\"text-align: justify\"><em>&#8220;O FC Barcelona expressa todo seu apoio a Leo Messi e seu pai, em rela\u00e7\u00e3o \u00e0 condena\u00e7\u00e3o por fraude fiscal que lhes foi ordenada pela Audi\u00eancia Provincial de Barcelona.<\/em><\/p>\n<p style=\"text-align: justify\"><em>O clube, em concord\u00e2ncia com o crit\u00e9rios expressado pelo Minist\u00e9rio Fiscal, considera que o jogador, que j\u00e1 regularizou sua situa\u00e7\u00e3o com a Ag\u00eancia Tribut\u00e1ria espanhola, n\u00e3o tem nenhum tipo de responsabilidade penal em rela\u00e7\u00e3o com os fatos deste procedimento.<\/em><\/p>\n<p style=\"text-align: justify\"><em>O FC Barcelona continua \u00e0 disposi\u00e7\u00e3o de Leo Messi e de sua fam\u00edlia, para apoi\u00e1-lo em todas as iniciativas que decida tomar na defesa de sua honra e leg\u00edtimos interesses.&#8221;<\/em><\/p>\n<p>Uol<\/p>\n","protected":false},"excerpt":{"rendered":"<p>Lionel Messi e seu pai, Jorge, foram condenados a 21 meses de pris\u00e3o por fraude fiscal. A decis\u00e3o veio nesta quarta-feira, durante audi\u00eancia em Barcelona, de acordo com o jornal catal\u00e3o &#8220;El Peri\u00f3dico&#8221;. Como n\u00e3o tem antecedentes criminais e a pena \u00e9 inferior a 24 meses, Messi e seu pai n\u00e3o precisar\u00e3o cumprir o per\u00edodo de puni\u00e7\u00e3o dentro da pris\u00e3o. Segundo a Justi\u00e7a da Espanha, o jogador poder\u00e1 pedir por uma esp\u00e9cie de &#8216;troca&#8217;. Com isso, seu per\u00edodo de deten\u00e7\u00e3o seria substitu\u00eddo por uma multa em dinheiro. Al\u00e9m disso, Messi foi multado em 2 milh\u00f5es de euros (R$ 7,3 milh\u00f5es) pelo fisco espanhol. O atacate argentino foi julgado por ter sonegado mais de 4 milh\u00f5es de euros (R$ 14,6 milh\u00f5es)&hellip; <\/p>\n","protected":false},"author":7,"featured_media":0,"comment_status":"open","ping_status":"open","sticky":false,"template":"","format":"standard","meta":{"_acf_changed":false,"footnotes":""},"categories":[8],"tags":[],"class_list":["post-144676","post","type-post","status-publish","format-standard","hentry","category-esportes"],"acf":[],"yoast_head":"<!-- This site is optimized with the Yoast SEO plugin v27.4 - https:\/\/yoast.com\/product\/yoast-seo-wordpress\/ -->\n<title>MESSI \u00c9 CONDENADO A 21 MESES DE PRIS\u00c3O - Blog do Farn\u00e9sio<\/title>\n<meta name=\"robots\" content=\"index, follow, max-snippet:-1, max-image-preview:large, max-video-preview:-1\" \/>\n<link rel=\"canonical\" href=\"https:\/\/blogdofarnesio.com.br\/?p=144676\" \/>\n<meta property=\"og:locale\" content=\"pt_BR\" \/>\n<meta property=\"og:type\" content=\"article\" \/>\n<meta property=\"og:title\" content=\"MESSI \u00c9 CONDENADO A 21 MESES DE PRIS\u00c3O - Blog do Farn\u00e9sio\" \/>\n<meta property=\"og:description\" content=\"Lionel Messi e seu pai, Jorge, foram condenados a 21 meses de pris\u00e3o por fraude fiscal. A decis\u00e3o veio nesta quarta-feira, durante audi\u00eancia em Barcelona, de acordo com o jornal catal\u00e3o &#8220;El Peri\u00f3dico&#8221;. Como n\u00e3o tem antecedentes criminais e a pena \u00e9 inferior a 24 meses, Messi e seu pai n\u00e3o precisar\u00e3o cumprir o per\u00edodo de puni\u00e7\u00e3o dentro da pris\u00e3o. Segundo a Justi\u00e7a da Espanha, o jogador poder\u00e1 pedir por uma esp\u00e9cie de &#8216;troca&#8217;. Com isso, seu per\u00edodo de deten\u00e7\u00e3o seria substitu\u00eddo por uma multa em dinheiro. Al\u00e9m disso, Messi foi multado em 2 milh\u00f5es de euros (R$ 7,3 milh\u00f5es) pelo fisco espanhol. O atacate argentino foi julgado por ter sonegado mais de 4 milh\u00f5es de euros (R$ 14,6 milh\u00f5es)&hellip;\" \/>\n<meta property=\"og:url\" content=\"https:\/\/blogdofarnesio.com.br\/?p=144676\" \/>\n<meta property=\"og:site_name\" content=\"Blog do Farn\u00e9sio\" \/>\n<meta property=\"article:publisher\" content=\"https:\/\/www.facebook.com\/BlogQuerSaberPolitica\/\" \/>\n<meta property=\"article:published_time\" content=\"2016-07-06T16:00:49+00:00\" \/>\n<meta property=\"og:image\" content=\"http:\/\/cdn.espn.com.br\/image\/wide\/622_10a0b301-b878-3949-9e79-a621c114c34a.jpg\" \/>\n<meta name=\"twitter:card\" content=\"summary_large_image\" \/>\n<meta name=\"twitter:label1\" content=\"Escrito por\" \/>\n\t<meta name=\"twitter:data1\" content=\"\" \/>\n\t<meta name=\"twitter:label2\" content=\"Est. tempo de leitura\" \/>\n\t<meta name=\"twitter:data2\" content=\"2 minutos\" \/>\n<script type=\"application\/ld+json\" class=\"yoast-schema-graph\">{\"@context\":\"https:\\\/\\\/schema.org\",\"@graph\":[{\"@type\":\"Article\",\"@id\":\"https:\\\/\\\/blogdofarnesio.com.br\\\/?p=144676#article\",\"isPartOf\":{\"@id\":\"https:\\\/\\\/blogdofarnesio.com.br\\\/?p=144676\"},\"author\":{\"name\":\"\",\"@id\":\"\"},\"headline\":\"MESSI \u00c9 CONDENADO A 21 MESES DE PRIS\u00c3O\",\"datePublished\":\"2016-07-06T16:00:49+00:00\",\"mainEntityOfPage\":{\"@id\":\"https:\\\/\\\/blogdofarnesio.com.br\\\/?p=144676\"},\"wordCount\":345,\"commentCount\":0,\"publisher\":{\"@id\":\"https:\\\/\\\/blogdofarnesio.com.br\\\/#organization\"},\"image\":{\"@id\":\"https:\\\/\\\/blogdofarnesio.com.br\\\/?p=144676#primaryimage\"},\"thumbnailUrl\":\"http:\\\/\\\/cdn.espn.com.br\\\/image\\\/wide\\\/622_10a0b301-b878-3949-9e79-a621c114c34a.jpg\",\"articleSection\":[\"Esportes\"],\"inLanguage\":\"pt-BR\",\"potentialAction\":[{\"@type\":\"CommentAction\",\"name\":\"Comment\",\"target\":[\"https:\\\/\\\/blogdofarnesio.com.br\\\/?p=144676#respond\"]}]},{\"@type\":\"WebPage\",\"@id\":\"https:\\\/\\\/blogdofarnesio.com.br\\\/?p=144676\",\"url\":\"https:\\\/\\\/blogdofarnesio.com.br\\\/?p=144676\",\"name\":\"MESSI \u00c9 CONDENADO A 21 MESES DE PRIS\u00c3O - Blog do Farn\u00e9sio\",\"isPartOf\":{\"@id\":\"https:\\\/\\\/blogdofarnesio.com.br\\\/#website\"},\"primaryImageOfPage\":{\"@id\":\"https:\\\/\\\/blogdofarnesio.com.br\\\/?p=144676#primaryimage\"},\"image\":{\"@id\":\"https:\\\/\\\/blogdofarnesio.com.br\\\/?p=144676#primaryimage\"},\"thumbnailUrl\":\"http:\\\/\\\/cdn.espn.com.br\\\/image\\\/wide\\\/622_10a0b301-b878-3949-9e79-a621c114c34a.jpg\",\"datePublished\":\"2016-07-06T16:00:49+00:00\",\"breadcrumb\":{\"@id\":\"https:\\\/\\\/blogdofarnesio.com.br\\\/?p=144676#breadcrumb\"},\"inLanguage\":\"pt-BR\",\"potentialAction\":[{\"@type\":\"ReadAction\",\"target\":[\"https:\\\/\\\/blogdofarnesio.com.br\\\/?p=144676\"]}]},{\"@type\":\"ImageObject\",\"inLanguage\":\"pt-BR\",\"@id\":\"https:\\\/\\\/blogdofarnesio.com.br\\\/?p=144676#primaryimage\",\"url\":\"http:\\\/\\\/cdn.espn.com.br\\\/image\\\/wide\\\/622_10a0b301-b878-3949-9e79-a621c114c34a.jpg\",\"contentUrl\":\"http:\\\/\\\/cdn.espn.com.br\\\/image\\\/wide\\\/622_10a0b301-b878-3949-9e79-a621c114c34a.jpg\"},{\"@type\":\"BreadcrumbList\",\"@id\":\"https:\\\/\\\/blogdofarnesio.com.br\\\/?p=144676#breadcrumb\",\"itemListElement\":[{\"@type\":\"ListItem\",\"position\":1,\"name\":\"In\u00edcio\",\"item\":\"https:\\\/\\\/blogdofarnesio.com.br\\\/\"},{\"@type\":\"ListItem\",\"position\":2,\"name\":\"MESSI \u00c9 CONDENADO A 21 MESES DE PRIS\u00c3O\"}]},{\"@type\":\"WebSite\",\"@id\":\"https:\\\/\\\/blogdofarnesio.com.br\\\/#website\",\"url\":\"https:\\\/\\\/blogdofarnesio.com.br\\\/\",\"name\":\"Blog do Farn\u00e9sio\",\"description\":\"Quer Saber Pol\u00edtica?\",\"publisher\":{\"@id\":\"https:\\\/\\\/blogdofarnesio.com.br\\\/#organization\"},\"potentialAction\":[{\"@type\":\"SearchAction\",\"target\":{\"@type\":\"EntryPoint\",\"urlTemplate\":\"https:\\\/\\\/blogdofarnesio.com.br\\\/?s={search_term_string}\"},\"query-input\":{\"@type\":\"PropertyValueSpecification\",\"valueRequired\":true,\"valueName\":\"search_term_string\"}}],\"inLanguage\":\"pt-BR\"},{\"@type\":\"Organization\",\"@id\":\"https:\\\/\\\/blogdofarnesio.com.br\\\/#organization\",\"name\":\"Blog do Farn\u00e9sio\",\"url\":\"https:\\\/\\\/blogdofarnesio.com.br\\\/\",\"logo\":{\"@type\":\"ImageObject\",\"inLanguage\":\"pt-BR\",\"@id\":\"https:\\\/\\\/blogdofarnesio.com.br\\\/#\\\/schema\\\/logo\\\/image\\\/\",\"url\":\"https:\\\/\\\/blogdofarnesio.com.br\\\/wp-content\\\/uploads\\\/2026\\\/03\\\/cropped-logo_new-1.png\",\"contentUrl\":\"https:\\\/\\\/blogdofarnesio.com.br\\\/wp-content\\\/uploads\\\/2026\\\/03\\\/cropped-logo_new-1.png\",\"width\":881,\"height\":685,\"caption\":\"Blog do Farn\u00e9sio\"},\"image\":{\"@id\":\"https:\\\/\\\/blogdofarnesio.com.br\\\/#\\\/schema\\\/logo\\\/image\\\/\"},\"sameAs\":[\"https:\\\/\\\/www.facebook.com\\\/BlogQuerSaberPolitica\\\/\"]},{\"@type\":\"Person\",\"@id\":\"\",\"url\":\"https:\\\/\\\/blogdofarnesio.com.br\\\/?author=7\"}]}<\/script>\n<!-- \/ Yoast SEO plugin. -->","yoast_head_json":{"title":"MESSI \u00c9 CONDENADO A 21 MESES DE PRIS\u00c3O - Blog do Farn\u00e9sio","robots":{"index":"index","follow":"follow","max-snippet":"max-snippet:-1","max-image-preview":"max-image-preview:large","max-video-preview":"max-video-preview:-1"},"canonical":"https:\/\/blogdofarnesio.com.br\/?p=144676","og_locale":"pt_BR","og_type":"article","og_title":"MESSI \u00c9 CONDENADO A 21 MESES DE PRIS\u00c3O - Blog do Farn\u00e9sio","og_description":"Lionel Messi e seu pai, Jorge, foram condenados a 21 meses de pris\u00e3o por fraude fiscal. A decis\u00e3o veio nesta quarta-feira, durante audi\u00eancia em Barcelona, de acordo com o jornal catal\u00e3o &#8220;El Peri\u00f3dico&#8221;. Como n\u00e3o tem antecedentes criminais e a pena \u00e9 inferior a 24 meses, Messi e seu pai n\u00e3o precisar\u00e3o cumprir o per\u00edodo de puni\u00e7\u00e3o dentro da pris\u00e3o. Segundo a Justi\u00e7a da Espanha, o jogador poder\u00e1 pedir por uma esp\u00e9cie de &#8216;troca&#8217;. Com isso, seu per\u00edodo de deten\u00e7\u00e3o seria substitu\u00eddo por uma multa em dinheiro. Al\u00e9m disso, Messi foi multado em 2 milh\u00f5es de euros (R$ 7,3 milh\u00f5es) pelo fisco espanhol. O atacate argentino foi julgado por ter sonegado mais de 4 milh\u00f5es de euros (R$ 14,6 milh\u00f5es)&hellip;","og_url":"https:\/\/blogdofarnesio.com.br\/?p=144676","og_site_name":"Blog do Farn\u00e9sio","article_publisher":"https:\/\/www.facebook.com\/BlogQuerSaberPolitica\/","article_published_time":"2016-07-06T16:00:49+00:00","og_image":[{"url":"http:\/\/cdn.espn.com.br\/image\/wide\/622_10a0b301-b878-3949-9e79-a621c114c34a.jpg","type":"","width":"","height":""}],"twitter_card":"summary_large_image","twitter_misc":{"Escrito por":"","Est. tempo de leitura":"2 minutos"},"schema":{"@context":"https:\/\/schema.org","@graph":[{"@type":"Article","@id":"https:\/\/blogdofarnesio.com.br\/?p=144676#article","isPartOf":{"@id":"https:\/\/blogdofarnesio.com.br\/?p=144676"},"author":{"name":"","@id":""},"headline":"MESSI \u00c9 CONDENADO A 21 MESES DE PRIS\u00c3O","datePublished":"2016-07-06T16:00:49+00:00","mainEntityOfPage":{"@id":"https:\/\/blogdofarnesio.com.br\/?p=144676"},"wordCount":345,"commentCount":0,"publisher":{"@id":"https:\/\/blogdofarnesio.com.br\/#organization"},"image":{"@id":"https:\/\/blogdofarnesio.com.br\/?p=144676#primaryimage"},"thumbnailUrl":"http:\/\/cdn.espn.com.br\/image\/wide\/622_10a0b301-b878-3949-9e79-a621c114c34a.jpg","articleSection":["Esportes"],"inLanguage":"pt-BR","potentialAction":[{"@type":"CommentAction","name":"Comment","target":["https:\/\/blogdofarnesio.com.br\/?p=144676#respond"]}]},{"@type":"WebPage","@id":"https:\/\/blogdofarnesio.com.br\/?p=144676","url":"https:\/\/blogdofarnesio.com.br\/?p=144676","name":"MESSI \u00c9 CONDENADO A 21 MESES DE PRIS\u00c3O - Blog do Farn\u00e9sio","isPartOf":{"@id":"https:\/\/blogdofarnesio.com.br\/#website"},"primaryImageOfPage":{"@id":"https:\/\/blogdofarnesio.com.br\/?p=144676#primaryimage"},"image":{"@id":"https:\/\/blogdofarnesio.com.br\/?p=144676#primaryimage"},"thumbnailUrl":"http:\/\/cdn.espn.com.br\/image\/wide\/622_10a0b301-b878-3949-9e79-a621c114c34a.jpg","datePublished":"2016-07-06T16:00:49+00:00","breadcrumb":{"@id":"https:\/\/blogdofarnesio.com.br\/?p=144676#breadcrumb"},"inLanguage":"pt-BR","potentialAction":[{"@type":"ReadAction","target":["https:\/\/blogdofarnesio.com.br\/?p=144676"]}]},{"@type":"ImageObject","inLanguage":"pt-BR","@id":"https:\/\/blogdofarnesio.com.br\/?p=144676#primaryimage","url":"http:\/\/cdn.espn.com.br\/image\/wide\/622_10a0b301-b878-3949-9e79-a621c114c34a.jpg","contentUrl":"http:\/\/cdn.espn.com.br\/image\/wide\/622_10a0b301-b878-3949-9e79-a621c114c34a.jpg"},{"@type":"BreadcrumbList","@id":"https:\/\/blogdofarnesio.com.br\/?p=144676#breadcrumb","itemListElement":[{"@type":"ListItem","position":1,"name":"In\u00edcio","item":"https:\/\/blogdofarnesio.com.br\/"},{"@type":"ListItem","position":2,"name":"MESSI \u00c9 CONDENADO A 21 MESES DE PRIS\u00c3O"}]},{"@type":"WebSite","@id":"https:\/\/blogdofarnesio.com.br\/#website","url":"https:\/\/blogdofarnesio.com.br\/","name":"Blog do Farn\u00e9sio","description":"Quer Saber Pol\u00edtica?","publisher":{"@id":"https:\/\/blogdofarnesio.com.br\/#organization"},"potentialAction":[{"@type":"SearchAction","target":{"@type":"EntryPoint","urlTemplate":"https:\/\/blogdofarnesio.com.br\/?s={search_term_string}"},"query-input":{"@type":"PropertyValueSpecification","valueRequired":true,"valueName":"search_term_string"}}],"inLanguage":"pt-BR"},{"@type":"Organization","@id":"https:\/\/blogdofarnesio.com.br\/#organization","name":"Blog do Farn\u00e9sio","url":"https:\/\/blogdofarnesio.com.br\/","logo":{"@type":"ImageObject","inLanguage":"pt-BR","@id":"https:\/\/blogdofarnesio.com.br\/#\/schema\/logo\/image\/","url":"https:\/\/blogdofarnesio.com.br\/wp-content\/uploads\/2026\/03\/cropped-logo_new-1.png","contentUrl":"https:\/\/blogdofarnesio.com.br\/wp-content\/uploads\/2026\/03\/cropped-logo_new-1.png","width":881,"height":685,"caption":"Blog do Farn\u00e9sio"},"image":{"@id":"https:\/\/blogdofarnesio.com.br\/#\/schema\/logo\/image\/"},"sameAs":["https:\/\/www.facebook.com\/BlogQuerSaberPolitica\/"]},{"@type":"Person","@id":"","url":"https:\/\/blogdofarnesio.com.br\/?author=7"}]}},"_links":{"self":[{"href":"https:\/\/blogdofarnesio.com.br\/index.php?rest_route=\/wp\/v2\/posts\/144676","targetHints":{"allow":["GET"]}}],"collection":[{"href":"https:\/\/blogdofarnesio.com.br\/index.php?rest_route=\/wp\/v2\/posts"}],"about":[{"href":"https:\/\/blogdofarnesio.com.br\/index.php?rest_route=\/wp\/v2\/types\/post"}],"author":[{"embeddable":true,"href":"https:\/\/blogdofarnesio.com.br\/index.php?rest_route=\/wp\/v2\/users\/7"}],"replies":[{"embeddable":true,"href":"https:\/\/blogdofarnesio.com.br\/index.php?rest_route=%2Fwp%2Fv2%2Fcomments&post=144676"}],"version-history":[{"count":0,"href":"https:\/\/blogdofarnesio.com.br\/index.php?rest_route=\/wp\/v2\/posts\/144676\/revisions"}],"wp:attachment":[{"href":"https:\/\/blogdofarnesio.com.br\/index.php?rest_route=%2Fwp%2Fv2%2Fmedia&parent=144676"}],"wp:term":[{"taxonomy":"category","embeddable":true,"href":"https:\/\/blogdofarnesio.com.br\/index.php?rest_route=%2Fwp%2Fv2%2Fcategories&post=144676"},{"taxonomy":"post_tag","embeddable":true,"href":"https:\/\/blogdofarnesio.com.br\/index.php?rest_route=%2Fwp%2Fv2%2Ftags&post=144676"}],"curies":[{"name":"wp","href":"https:\/\/api.w.org\/{rel}","templated":true}]}}