{"id":144674,"date":"2016-07-06T12:00:13","date_gmt":"2016-07-06T15:00:13","guid":{"rendered":"http:\/\/www.quersaberpolitica.com.br\/?p=144674"},"modified":"2016-07-06T10:20:33","modified_gmt":"2016-07-06T13:20:33","slug":"por-que-dilma-foge-de-interrogatorio-no-senado","status":"publish","type":"post","link":"https:\/\/blogdofarnesio.com.br\/?p=144674","title":{"rendered":"POR QUE DILMA FOGE DE INTERROGAT\u00d3RIO NO SENADO"},"content":{"rendered":"<p style=\"text-align: justify\"><a href=\"http:\/\/www.quersaberpolitica.com.br\/2016\/wp-content\/uploads\/2016\/03\/blogqsp-dilmaroussef.jpg\"><img loading=\"lazy\" decoding=\"async\" class=\"  wp-image-139842 aligncenter\" src=\"http:\/\/www.quersaberpolitica.com.br\/2016\/wp-content\/uploads\/2016\/03\/blogqsp-dilmaroussef-300x147.jpg\" alt=\"blogqsp-dilmaroussef\" width=\"400\" height=\"204\" \/><\/a><\/p>\n<p style=\"text-align: justify\">Dilma \u201cCora\u00e7\u00e3o Valente\u201d Rousseff faltar\u00e1 ao interrogat\u00f3rio marcado para hoje na Comiss\u00e3o Especial do Impeachment no Senado. Ela deveria responder a perguntas dos senadores. Mandar\u00e1 em seu lugar Jos\u00e9 Eduardo Cardozo, ex-ministro da Justi\u00e7a e ex-Advogado Geral da Uni\u00e3o.<\/p>\n<p style=\"text-align: justify\">Por que ela n\u00e3o ir\u00e1? N\u00e3o disse. Em entrevista, ontem, a uma r\u00e1dio do Recife, limitou-se a informar:<\/p>\n<p style=\"text-align: justify\">&#8211; A minha defesa amanh\u00e3 ser\u00e1 feita por escrito e lida pelo meu advogado. Estamos avaliando a minha ida ao plen\u00e1rio do Senado, em outro momento.<\/p>\n<p style=\"text-align: justify\">O senador Benedito Lyra (PMDB-PB), presidente da Comiss\u00e3o, apressou-se em avisar que Cardozo n\u00e3o poder\u00e1 responder \u00e0s perguntas que os senadores pretendiam fazer a Dilma. Nem mesmo aos coment\u00e1rios que eles fa\u00e7am \u00e0 defesa que Cardozo ler\u00e1.<\/p>\n<p style=\"text-align: justify\">Para justificar a aus\u00eancia de Dilma, o senador Lindbergh Farias (PT-RJ), l\u00edder da minoria, alegou que na Comiss\u00e3o Especial do Impeachment o processo \u201ctem cartas marcadas\u201d. E que se Dilma comparecesse ao interrogat\u00f3rio estaria \u201clegitimando o golpe\u201d.<\/p>\n<p style=\"text-align: justify\">Ora, ora, ora&#8230; Que bobagem!<\/p>\n<p style=\"text-align: justify\">O PT n\u00e3o legitimou o que chama de \u201cgolpe\u201d ao integrar a Comiss\u00e3o Especial do Impeachment da C\u00e2mara dos Deputados? N\u00e3o legitimou ao participar da vota\u00e7\u00e3o na C\u00e2mara que decidiu por larga maioria recomendar ao Senado que julgasse Dilma por crime de responsabilidade?<\/p>\n<p style=\"text-align: justify\">N\u00e3o legitimou ao votar contra a admissibilidade do pedido de impeachment no Senado? N\u00e3o legitima quando integra a Comiss\u00e3o Especial do Impeachment no Senado e ali defende Dilma? N\u00e3o legitimar\u00e1 quando no final de agosto pr\u00f3ximo o Senado cassar ou absolver a presidente afastada?<\/p>\n<p style=\"text-align: justify\">Sem falar das vezes em que o PT, seus aliados e a pr\u00f3pria Dilma entraram com recursos no Supremo Tribunal Federal pedindo a anula\u00e7\u00e3o de atos do processo. Isso tamb\u00e9m n\u00e3o foi uma forma de legitimar \u201co golpe\u201d? Onde j\u00e1 se viu golpe avalizado pela Justi\u00e7a e presidido na sua fase final pelo presidente do Suppremo?<\/p>\n<p style=\"text-align: justify\">Dilma fugiu do interrogat\u00f3rio por fraqueza. Por medo de n\u00e3o saber responder \u00e0s perguntas que lhe seriam feitas. Porque est\u00e1 acostumada a n\u00e3o ouvir, a s\u00f3 falar, e mesmo assim de maneira confusa. E porque s\u00f3 sabe mentir. Ocorre que se flagrada numa mentira no Senado, seu destino acabaria selado por antecipa\u00e7\u00e3o.<\/p>\n<p style=\"text-align: justify\">Blog do Magno<\/p>\n<p>&nbsp;<\/p>\n","protected":false},"excerpt":{"rendered":"<p>Dilma \u201cCora\u00e7\u00e3o Valente\u201d Rousseff faltar\u00e1 ao interrogat\u00f3rio marcado para hoje na Comiss\u00e3o Especial do Impeachment no Senado. Ela deveria responder a perguntas dos senadores. Mandar\u00e1 em seu lugar Jos\u00e9 Eduardo Cardozo, ex-ministro da Justi\u00e7a e ex-Advogado Geral da Uni\u00e3o. Por que ela n\u00e3o ir\u00e1? N\u00e3o disse. Em entrevista, ontem, a uma r\u00e1dio do Recife, limitou-se a informar: &#8211; A minha defesa amanh\u00e3 ser\u00e1 feita por escrito e lida pelo meu advogado. Estamos avaliando a minha ida ao plen\u00e1rio do Senado, em outro momento. O senador Benedito Lyra (PMDB-PB), presidente da Comiss\u00e3o, apressou-se em avisar que Cardozo n\u00e3o poder\u00e1 responder \u00e0s perguntas que os senadores pretendiam fazer a Dilma. Nem mesmo aos coment\u00e1rios que eles fa\u00e7am \u00e0 defesa que Cardozo ler\u00e1.&hellip; <\/p>\n","protected":false},"author":7,"featured_media":0,"comment_status":"open","ping_status":"open","sticky":false,"template":"","format":"standard","meta":{"_acf_changed":false,"footnotes":""},"categories":[1],"tags":[],"class_list":["post-144674","post","type-post","status-publish","format-standard","hentry","category-politica"],"acf":[],"yoast_head":"<!-- This site is optimized with the Yoast SEO plugin v27.4 - https:\/\/yoast.com\/product\/yoast-seo-wordpress\/ -->\n<title>POR QUE DILMA FOGE DE INTERROGAT\u00d3RIO NO SENADO - Blog do Farn\u00e9sio<\/title>\n<meta name=\"robots\" content=\"index, follow, max-snippet:-1, max-image-preview:large, max-video-preview:-1\" \/>\n<link rel=\"canonical\" href=\"https:\/\/blogdofarnesio.com.br\/?p=144674\" \/>\n<meta property=\"og:locale\" content=\"pt_BR\" \/>\n<meta property=\"og:type\" content=\"article\" \/>\n<meta property=\"og:title\" content=\"POR QUE DILMA FOGE DE INTERROGAT\u00d3RIO NO SENADO - Blog do Farn\u00e9sio\" \/>\n<meta property=\"og:description\" content=\"Dilma \u201cCora\u00e7\u00e3o Valente\u201d Rousseff faltar\u00e1 ao interrogat\u00f3rio marcado para hoje na Comiss\u00e3o Especial do Impeachment no Senado. Ela deveria responder a perguntas dos senadores. Mandar\u00e1 em seu lugar Jos\u00e9 Eduardo Cardozo, ex-ministro da Justi\u00e7a e ex-Advogado Geral da Uni\u00e3o. Por que ela n\u00e3o ir\u00e1? N\u00e3o disse. Em entrevista, ontem, a uma r\u00e1dio do Recife, limitou-se a informar: &#8211; A minha defesa amanh\u00e3 ser\u00e1 feita por escrito e lida pelo meu advogado. Estamos avaliando a minha ida ao plen\u00e1rio do Senado, em outro momento. O senador Benedito Lyra (PMDB-PB), presidente da Comiss\u00e3o, apressou-se em avisar que Cardozo n\u00e3o poder\u00e1 responder \u00e0s perguntas que os senadores pretendiam fazer a Dilma. Nem mesmo aos coment\u00e1rios que eles fa\u00e7am \u00e0 defesa que Cardozo ler\u00e1.&hellip;\" \/>\n<meta property=\"og:url\" content=\"https:\/\/blogdofarnesio.com.br\/?p=144674\" \/>\n<meta property=\"og:site_name\" content=\"Blog do Farn\u00e9sio\" \/>\n<meta property=\"article:publisher\" content=\"https:\/\/www.facebook.com\/BlogQuerSaberPolitica\/\" \/>\n<meta property=\"article:published_time\" content=\"2016-07-06T15:00:13+00:00\" \/>\n<meta property=\"og:image\" content=\"http:\/\/www.quersaberpolitica.com.br\/2016\/wp-content\/uploads\/2016\/03\/blogqsp-dilmaroussef-300x147.jpg\" \/>\n<meta name=\"twitter:card\" content=\"summary_large_image\" \/>\n<meta name=\"twitter:label1\" content=\"Escrito por\" \/>\n\t<meta name=\"twitter:data1\" content=\"\" \/>\n\t<meta name=\"twitter:label2\" content=\"Est. tempo de leitura\" \/>\n\t<meta name=\"twitter:data2\" content=\"2 minutos\" \/>\n<script type=\"application\/ld+json\" class=\"yoast-schema-graph\">{\"@context\":\"https:\\\/\\\/schema.org\",\"@graph\":[{\"@type\":\"Article\",\"@id\":\"https:\\\/\\\/blogdofarnesio.com.br\\\/?p=144674#article\",\"isPartOf\":{\"@id\":\"https:\\\/\\\/blogdofarnesio.com.br\\\/?p=144674\"},\"author\":{\"name\":\"\",\"@id\":\"\"},\"headline\":\"POR QUE DILMA FOGE DE INTERROGAT\u00d3RIO NO SENADO\",\"datePublished\":\"2016-07-06T15:00:13+00:00\",\"mainEntityOfPage\":{\"@id\":\"https:\\\/\\\/blogdofarnesio.com.br\\\/?p=144674\"},\"wordCount\":406,\"commentCount\":0,\"publisher\":{\"@id\":\"https:\\\/\\\/blogdofarnesio.com.br\\\/#organization\"},\"image\":{\"@id\":\"https:\\\/\\\/blogdofarnesio.com.br\\\/?p=144674#primaryimage\"},\"thumbnailUrl\":\"http:\\\/\\\/www.quersaberpolitica.com.br\\\/2016\\\/wp-content\\\/uploads\\\/2016\\\/03\\\/blogqsp-dilmaroussef-300x147.jpg\",\"articleSection\":[\"Pol\u00edtica\"],\"inLanguage\":\"pt-BR\",\"potentialAction\":[{\"@type\":\"CommentAction\",\"name\":\"Comment\",\"target\":[\"https:\\\/\\\/blogdofarnesio.com.br\\\/?p=144674#respond\"]}]},{\"@type\":\"WebPage\",\"@id\":\"https:\\\/\\\/blogdofarnesio.com.br\\\/?p=144674\",\"url\":\"https:\\\/\\\/blogdofarnesio.com.br\\\/?p=144674\",\"name\":\"POR QUE DILMA FOGE DE INTERROGAT\u00d3RIO NO SENADO - Blog do Farn\u00e9sio\",\"isPartOf\":{\"@id\":\"https:\\\/\\\/blogdofarnesio.com.br\\\/#website\"},\"primaryImageOfPage\":{\"@id\":\"https:\\\/\\\/blogdofarnesio.com.br\\\/?p=144674#primaryimage\"},\"image\":{\"@id\":\"https:\\\/\\\/blogdofarnesio.com.br\\\/?p=144674#primaryimage\"},\"thumbnailUrl\":\"http:\\\/\\\/www.quersaberpolitica.com.br\\\/2016\\\/wp-content\\\/uploads\\\/2016\\\/03\\\/blogqsp-dilmaroussef-300x147.jpg\",\"datePublished\":\"2016-07-06T15:00:13+00:00\",\"breadcrumb\":{\"@id\":\"https:\\\/\\\/blogdofarnesio.com.br\\\/?p=144674#breadcrumb\"},\"inLanguage\":\"pt-BR\",\"potentialAction\":[{\"@type\":\"ReadAction\",\"target\":[\"https:\\\/\\\/blogdofarnesio.com.br\\\/?p=144674\"]}]},{\"@type\":\"ImageObject\",\"inLanguage\":\"pt-BR\",\"@id\":\"https:\\\/\\\/blogdofarnesio.com.br\\\/?p=144674#primaryimage\",\"url\":\"http:\\\/\\\/www.quersaberpolitica.com.br\\\/2016\\\/wp-content\\\/uploads\\\/2016\\\/03\\\/blogqsp-dilmaroussef-300x147.jpg\",\"contentUrl\":\"http:\\\/\\\/www.quersaberpolitica.com.br\\\/2016\\\/wp-content\\\/uploads\\\/2016\\\/03\\\/blogqsp-dilmaroussef-300x147.jpg\"},{\"@type\":\"BreadcrumbList\",\"@id\":\"https:\\\/\\\/blogdofarnesio.com.br\\\/?p=144674#breadcrumb\",\"itemListElement\":[{\"@type\":\"ListItem\",\"position\":1,\"name\":\"In\u00edcio\",\"item\":\"https:\\\/\\\/blogdofarnesio.com.br\\\/\"},{\"@type\":\"ListItem\",\"position\":2,\"name\":\"POR QUE DILMA FOGE DE INTERROGAT\u00d3RIO NO SENADO\"}]},{\"@type\":\"WebSite\",\"@id\":\"https:\\\/\\\/blogdofarnesio.com.br\\\/#website\",\"url\":\"https:\\\/\\\/blogdofarnesio.com.br\\\/\",\"name\":\"Blog do Farn\u00e9sio\",\"description\":\"Quer Saber Pol\u00edtica?\",\"publisher\":{\"@id\":\"https:\\\/\\\/blogdofarnesio.com.br\\\/#organization\"},\"potentialAction\":[{\"@type\":\"SearchAction\",\"target\":{\"@type\":\"EntryPoint\",\"urlTemplate\":\"https:\\\/\\\/blogdofarnesio.com.br\\\/?s={search_term_string}\"},\"query-input\":{\"@type\":\"PropertyValueSpecification\",\"valueRequired\":true,\"valueName\":\"search_term_string\"}}],\"inLanguage\":\"pt-BR\"},{\"@type\":\"Organization\",\"@id\":\"https:\\\/\\\/blogdofarnesio.com.br\\\/#organization\",\"name\":\"Blog do Farn\u00e9sio\",\"url\":\"https:\\\/\\\/blogdofarnesio.com.br\\\/\",\"logo\":{\"@type\":\"ImageObject\",\"inLanguage\":\"pt-BR\",\"@id\":\"https:\\\/\\\/blogdofarnesio.com.br\\\/#\\\/schema\\\/logo\\\/image\\\/\",\"url\":\"https:\\\/\\\/blogdofarnesio.com.br\\\/wp-content\\\/uploads\\\/2026\\\/03\\\/cropped-logo_new-1.png\",\"contentUrl\":\"https:\\\/\\\/blogdofarnesio.com.br\\\/wp-content\\\/uploads\\\/2026\\\/03\\\/cropped-logo_new-1.png\",\"width\":881,\"height\":685,\"caption\":\"Blog do Farn\u00e9sio\"},\"image\":{\"@id\":\"https:\\\/\\\/blogdofarnesio.com.br\\\/#\\\/schema\\\/logo\\\/image\\\/\"},\"sameAs\":[\"https:\\\/\\\/www.facebook.com\\\/BlogQuerSaberPolitica\\\/\"]},{\"@type\":\"Person\",\"@id\":\"\",\"url\":\"https:\\\/\\\/blogdofarnesio.com.br\\\/?author=7\"}]}<\/script>\n<!-- \/ Yoast SEO plugin. -->","yoast_head_json":{"title":"POR QUE DILMA FOGE DE INTERROGAT\u00d3RIO NO SENADO - Blog do Farn\u00e9sio","robots":{"index":"index","follow":"follow","max-snippet":"max-snippet:-1","max-image-preview":"max-image-preview:large","max-video-preview":"max-video-preview:-1"},"canonical":"https:\/\/blogdofarnesio.com.br\/?p=144674","og_locale":"pt_BR","og_type":"article","og_title":"POR QUE DILMA FOGE DE INTERROGAT\u00d3RIO NO SENADO - Blog do Farn\u00e9sio","og_description":"Dilma \u201cCora\u00e7\u00e3o Valente\u201d Rousseff faltar\u00e1 ao interrogat\u00f3rio marcado para hoje na Comiss\u00e3o Especial do Impeachment no Senado. Ela deveria responder a perguntas dos senadores. Mandar\u00e1 em seu lugar Jos\u00e9 Eduardo Cardozo, ex-ministro da Justi\u00e7a e ex-Advogado Geral da Uni\u00e3o. Por que ela n\u00e3o ir\u00e1? N\u00e3o disse. Em entrevista, ontem, a uma r\u00e1dio do Recife, limitou-se a informar: &#8211; A minha defesa amanh\u00e3 ser\u00e1 feita por escrito e lida pelo meu advogado. Estamos avaliando a minha ida ao plen\u00e1rio do Senado, em outro momento. O senador Benedito Lyra (PMDB-PB), presidente da Comiss\u00e3o, apressou-se em avisar que Cardozo n\u00e3o poder\u00e1 responder \u00e0s perguntas que os senadores pretendiam fazer a Dilma. Nem mesmo aos coment\u00e1rios que eles fa\u00e7am \u00e0 defesa que Cardozo ler\u00e1.&hellip;","og_url":"https:\/\/blogdofarnesio.com.br\/?p=144674","og_site_name":"Blog do Farn\u00e9sio","article_publisher":"https:\/\/www.facebook.com\/BlogQuerSaberPolitica\/","article_published_time":"2016-07-06T15:00:13+00:00","og_image":[{"url":"http:\/\/www.quersaberpolitica.com.br\/2016\/wp-content\/uploads\/2016\/03\/blogqsp-dilmaroussef-300x147.jpg","type":"","width":"","height":""}],"twitter_card":"summary_large_image","twitter_misc":{"Escrito por":"","Est. tempo de leitura":"2 minutos"},"schema":{"@context":"https:\/\/schema.org","@graph":[{"@type":"Article","@id":"https:\/\/blogdofarnesio.com.br\/?p=144674#article","isPartOf":{"@id":"https:\/\/blogdofarnesio.com.br\/?p=144674"},"author":{"name":"","@id":""},"headline":"POR QUE DILMA FOGE DE INTERROGAT\u00d3RIO NO SENADO","datePublished":"2016-07-06T15:00:13+00:00","mainEntityOfPage":{"@id":"https:\/\/blogdofarnesio.com.br\/?p=144674"},"wordCount":406,"commentCount":0,"publisher":{"@id":"https:\/\/blogdofarnesio.com.br\/#organization"},"image":{"@id":"https:\/\/blogdofarnesio.com.br\/?p=144674#primaryimage"},"thumbnailUrl":"http:\/\/www.quersaberpolitica.com.br\/2016\/wp-content\/uploads\/2016\/03\/blogqsp-dilmaroussef-300x147.jpg","articleSection":["Pol\u00edtica"],"inLanguage":"pt-BR","potentialAction":[{"@type":"CommentAction","name":"Comment","target":["https:\/\/blogdofarnesio.com.br\/?p=144674#respond"]}]},{"@type":"WebPage","@id":"https:\/\/blogdofarnesio.com.br\/?p=144674","url":"https:\/\/blogdofarnesio.com.br\/?p=144674","name":"POR QUE DILMA FOGE DE INTERROGAT\u00d3RIO NO SENADO - Blog do Farn\u00e9sio","isPartOf":{"@id":"https:\/\/blogdofarnesio.com.br\/#website"},"primaryImageOfPage":{"@id":"https:\/\/blogdofarnesio.com.br\/?p=144674#primaryimage"},"image":{"@id":"https:\/\/blogdofarnesio.com.br\/?p=144674#primaryimage"},"thumbnailUrl":"http:\/\/www.quersaberpolitica.com.br\/2016\/wp-content\/uploads\/2016\/03\/blogqsp-dilmaroussef-300x147.jpg","datePublished":"2016-07-06T15:00:13+00:00","breadcrumb":{"@id":"https:\/\/blogdofarnesio.com.br\/?p=144674#breadcrumb"},"inLanguage":"pt-BR","potentialAction":[{"@type":"ReadAction","target":["https:\/\/blogdofarnesio.com.br\/?p=144674"]}]},{"@type":"ImageObject","inLanguage":"pt-BR","@id":"https:\/\/blogdofarnesio.com.br\/?p=144674#primaryimage","url":"http:\/\/www.quersaberpolitica.com.br\/2016\/wp-content\/uploads\/2016\/03\/blogqsp-dilmaroussef-300x147.jpg","contentUrl":"http:\/\/www.quersaberpolitica.com.br\/2016\/wp-content\/uploads\/2016\/03\/blogqsp-dilmaroussef-300x147.jpg"},{"@type":"BreadcrumbList","@id":"https:\/\/blogdofarnesio.com.br\/?p=144674#breadcrumb","itemListElement":[{"@type":"ListItem","position":1,"name":"In\u00edcio","item":"https:\/\/blogdofarnesio.com.br\/"},{"@type":"ListItem","position":2,"name":"POR QUE DILMA FOGE DE INTERROGAT\u00d3RIO NO SENADO"}]},{"@type":"WebSite","@id":"https:\/\/blogdofarnesio.com.br\/#website","url":"https:\/\/blogdofarnesio.com.br\/","name":"Blog do Farn\u00e9sio","description":"Quer Saber Pol\u00edtica?","publisher":{"@id":"https:\/\/blogdofarnesio.com.br\/#organization"},"potentialAction":[{"@type":"SearchAction","target":{"@type":"EntryPoint","urlTemplate":"https:\/\/blogdofarnesio.com.br\/?s={search_term_string}"},"query-input":{"@type":"PropertyValueSpecification","valueRequired":true,"valueName":"search_term_string"}}],"inLanguage":"pt-BR"},{"@type":"Organization","@id":"https:\/\/blogdofarnesio.com.br\/#organization","name":"Blog do Farn\u00e9sio","url":"https:\/\/blogdofarnesio.com.br\/","logo":{"@type":"ImageObject","inLanguage":"pt-BR","@id":"https:\/\/blogdofarnesio.com.br\/#\/schema\/logo\/image\/","url":"https:\/\/blogdofarnesio.com.br\/wp-content\/uploads\/2026\/03\/cropped-logo_new-1.png","contentUrl":"https:\/\/blogdofarnesio.com.br\/wp-content\/uploads\/2026\/03\/cropped-logo_new-1.png","width":881,"height":685,"caption":"Blog do Farn\u00e9sio"},"image":{"@id":"https:\/\/blogdofarnesio.com.br\/#\/schema\/logo\/image\/"},"sameAs":["https:\/\/www.facebook.com\/BlogQuerSaberPolitica\/"]},{"@type":"Person","@id":"","url":"https:\/\/blogdofarnesio.com.br\/?author=7"}]}},"_links":{"self":[{"href":"https:\/\/blogdofarnesio.com.br\/index.php?rest_route=\/wp\/v2\/posts\/144674","targetHints":{"allow":["GET"]}}],"collection":[{"href":"https:\/\/blogdofarnesio.com.br\/index.php?rest_route=\/wp\/v2\/posts"}],"about":[{"href":"https:\/\/blogdofarnesio.com.br\/index.php?rest_route=\/wp\/v2\/types\/post"}],"author":[{"embeddable":true,"href":"https:\/\/blogdofarnesio.com.br\/index.php?rest_route=\/wp\/v2\/users\/7"}],"replies":[{"embeddable":true,"href":"https:\/\/blogdofarnesio.com.br\/index.php?rest_route=%2Fwp%2Fv2%2Fcomments&post=144674"}],"version-history":[{"count":0,"href":"https:\/\/blogdofarnesio.com.br\/index.php?rest_route=\/wp\/v2\/posts\/144674\/revisions"}],"wp:attachment":[{"href":"https:\/\/blogdofarnesio.com.br\/index.php?rest_route=%2Fwp%2Fv2%2Fmedia&parent=144674"}],"wp:term":[{"taxonomy":"category","embeddable":true,"href":"https:\/\/blogdofarnesio.com.br\/index.php?rest_route=%2Fwp%2Fv2%2Fcategories&post=144674"},{"taxonomy":"post_tag","embeddable":true,"href":"https:\/\/blogdofarnesio.com.br\/index.php?rest_route=%2Fwp%2Fv2%2Ftags&post=144674"}],"curies":[{"name":"wp","href":"https:\/\/api.w.org\/{rel}","templated":true}]}}