{"id":144667,"date":"2016-07-06T14:40:41","date_gmt":"2016-07-06T17:40:41","guid":{"rendered":"http:\/\/www.quersaberpolitica.com.br\/?p=144667"},"modified":"2016-07-06T10:32:32","modified_gmt":"2016-07-06T13:32:32","slug":"direto-de-afranio-21","status":"publish","type":"post","link":"https:\/\/blogdofarnesio.com.br\/?p=144667","title":{"rendered":"DIRETO DE AFR\u00c2NIO"},"content":{"rendered":"<p style=\"text-align: center\"><a href=\"http:\/\/www.quersaberpolitica.com.br\/2016\/wp-content\/uploads\/2016\/07\/blogqsp-oficina-Afr\u00e2nio-2.jpg\">OFICINAS DE ARTE E APRESENTA\u00c7\u00d5ES CULTURAIS SOBRE MULHERES DO CANGA\u00c7O MOVIMENTAM A COMUNIDADE DO POVOADO DO CABOCLO<img loading=\"lazy\" decoding=\"async\" class=\"  wp-image-144668 aligncenter\" src=\"http:\/\/www.quersaberpolitica.com.br\/2016\/wp-content\/uploads\/2016\/07\/blogqsp-oficina-Afr\u00e2nio-2-300x300.jpg\" alt=\"blogqsp-oficina-Afr\u00e2nio (2)\" width=\"409\" height=\"409\" srcset=\"https:\/\/blogdofarnesio.com.br\/wp-content\/uploads\/2016\/07\/blogqsp-oficina-Afr\u00e2nio-2-300x300.jpg 300w, https:\/\/blogdofarnesio.com.br\/wp-content\/uploads\/2016\/07\/blogqsp-oficina-Afr\u00e2nio-2-150x150.jpg 150w, https:\/\/blogdofarnesio.com.br\/wp-content\/uploads\/2016\/07\/blogqsp-oficina-Afr\u00e2nio-2.jpg 402w\" sizes=\"auto, (max-width: 409px) 100vw, 409px\" \/><\/a><\/p>\n<p style=\"text-align: justify\">O Centro de Apoio Comunit\u00e1rio Oto Hon\u00f3rio de Azev\u00eado em parceria com a ASPERBRAS proporcionaram um evento cultural intitulado &#8220;AS MULHERES NO CANGA\u00c7O&#8221; com o escritor e historiador Jo\u00e3o De Sousa Lima, para a comunidade do povoado do Caboclo, em Afr\u00e2nio, a 120 km de Petrolina. \u00a0\u00a0As pessoas do lugarejo \u00a0tiveram ainda a oportunidade participou de oficinas de pintura\u00a0 em tecido, que puderam ainda assistir a \u00a0apresenta\u00e7\u00e3o cultural do grupo Quilombola da Comunidade do Ara\u00e7\u00e1 que \u00a0encantou os moradores e seus visitantes.<\/p>\n<p style=\"text-align: justify\">Segundo uma das idealizadoras do Projeto, Luciana Azevedo, o \u00a0Centro de Apoio Oto Hon\u00f3rio, \u00a0acredita na import\u00e2ncia da valoriza\u00e7\u00e3o e do fortalecimento sociocultural e econ\u00f4mico das comunidades quilombolas. \u201cEsperamos que a apresenta\u00e7\u00e3o da Comunidade do Ara\u00e7\u00e1 sirva de inspira\u00e7\u00e3o para o surgimento de mais a\u00e7\u00f5es do mesmo tipo e a constru\u00e7\u00e3o de pol\u00edticas p\u00fablicas que tenham o povo quilombola como foco\u201d, ressaltou.<\/p>\n<p style=\"text-align: justify\">Quem participou do evento pode ainda conferir uma\u00a0Mini exposi\u00e7\u00e3o\u00a0do Canga\u00e7o com artigos\u00a0\u00a0que fazem parte da cole\u00e7\u00e3o pessoal do palestrante, al\u00e9m de livros da literatura e fotografias do movimento. Jo\u00e3o De Sousa Lima ainda realizou aut\u00f3grafos de seus livros e a doa\u00e7\u00e3o de alguns exemplares para a biblioteca do Cac. O escritor \u00a0foi autor do Projeto que viabilizou a reforma da casa de Maria Bonita, transformando o espa\u00e7o em Museu, aberto \u00e0 visita\u00e7\u00e3o p\u00fablica. O atrativo faz parte do Roteiro C\u00e2nion e Canga\u00e7o.J o\u00e3o tamb\u00e9m escreveu dois livros que trazem a biografia de Maria Bonita. Livros, que s\u00e3o refer\u00eancia para os estudiosos do tema canga\u00e7o.<\/p>\n<p><em>Soraide Cavalcanti<\/em><\/p>\n","protected":false},"excerpt":{"rendered":"<p>OFICINAS DE ARTE E APRESENTA\u00c7\u00d5ES CULTURAIS SOBRE MULHERES DO CANGA\u00c7O MOVIMENTAM A COMUNIDADE DO POVOADO DO CABOCLO O Centro de Apoio Comunit\u00e1rio Oto Hon\u00f3rio de Azev\u00eado em parceria com a ASPERBRAS proporcionaram um evento cultural intitulado &#8220;AS MULHERES NO CANGA\u00c7O&#8221; com o escritor e historiador Jo\u00e3o De Sousa Lima, para a comunidade do povoado do Caboclo, em Afr\u00e2nio, a 120 km de Petrolina. \u00a0\u00a0As pessoas do lugarejo \u00a0tiveram ainda a oportunidade participou de oficinas de pintura\u00a0 em tecido, que puderam ainda assistir a \u00a0apresenta\u00e7\u00e3o cultural do grupo Quilombola da Comunidade do Ara\u00e7\u00e1 que \u00a0encantou os moradores e seus visitantes. Segundo uma das idealizadoras do Projeto, Luciana Azevedo, o \u00a0Centro de Apoio Oto Hon\u00f3rio, \u00a0acredita na import\u00e2ncia da valoriza\u00e7\u00e3o e do&hellip; <\/p>\n","protected":false},"author":7,"featured_media":0,"comment_status":"open","ping_status":"open","sticky":false,"template":"","format":"standard","meta":{"_acf_changed":false,"footnotes":""},"categories":[44],"tags":[],"class_list":["post-144667","post","type-post","status-publish","format-standard","hentry","category-administracao"],"acf":[],"yoast_head":"<!-- This site is optimized with the Yoast SEO plugin v27.4 - https:\/\/yoast.com\/product\/yoast-seo-wordpress\/ -->\n<title>DIRETO DE AFR\u00c2NIO - Blog do Farn\u00e9sio<\/title>\n<meta name=\"robots\" content=\"index, follow, max-snippet:-1, max-image-preview:large, max-video-preview:-1\" \/>\n<link rel=\"canonical\" href=\"https:\/\/blogdofarnesio.com.br\/?p=144667\" \/>\n<meta property=\"og:locale\" content=\"pt_BR\" \/>\n<meta property=\"og:type\" content=\"article\" \/>\n<meta property=\"og:title\" content=\"DIRETO DE AFR\u00c2NIO - Blog do Farn\u00e9sio\" \/>\n<meta property=\"og:description\" content=\"OFICINAS DE ARTE E APRESENTA\u00c7\u00d5ES CULTURAIS SOBRE MULHERES DO CANGA\u00c7O MOVIMENTAM A COMUNIDADE DO POVOADO DO CABOCLO O Centro de Apoio Comunit\u00e1rio Oto Hon\u00f3rio de Azev\u00eado em parceria com a ASPERBRAS proporcionaram um evento cultural intitulado &#8220;AS MULHERES NO CANGA\u00c7O&#8221; com o escritor e historiador Jo\u00e3o De Sousa Lima, para a comunidade do povoado do Caboclo, em Afr\u00e2nio, a 120 km de Petrolina. \u00a0\u00a0As pessoas do lugarejo \u00a0tiveram ainda a oportunidade participou de oficinas de pintura\u00a0 em tecido, que puderam ainda assistir a \u00a0apresenta\u00e7\u00e3o cultural do grupo Quilombola da Comunidade do Ara\u00e7\u00e1 que \u00a0encantou os moradores e seus visitantes. Segundo uma das idealizadoras do Projeto, Luciana Azevedo, o \u00a0Centro de Apoio Oto Hon\u00f3rio, \u00a0acredita na import\u00e2ncia da valoriza\u00e7\u00e3o e do&hellip;\" \/>\n<meta property=\"og:url\" content=\"https:\/\/blogdofarnesio.com.br\/?p=144667\" \/>\n<meta property=\"og:site_name\" content=\"Blog do Farn\u00e9sio\" \/>\n<meta property=\"article:publisher\" content=\"https:\/\/www.facebook.com\/BlogQuerSaberPolitica\/\" \/>\n<meta property=\"article:published_time\" content=\"2016-07-06T17:40:41+00:00\" \/>\n<meta name=\"twitter:card\" content=\"summary_large_image\" \/>\n<meta name=\"twitter:label1\" content=\"Escrito por\" \/>\n\t<meta name=\"twitter:data1\" content=\"\" \/>\n\t<meta name=\"twitter:label2\" content=\"Est. tempo de leitura\" \/>\n\t<meta name=\"twitter:data2\" content=\"2 minutos\" \/>\n<script type=\"application\/ld+json\" class=\"yoast-schema-graph\">{\"@context\":\"https:\\\/\\\/schema.org\",\"@graph\":[{\"@type\":\"Article\",\"@id\":\"https:\\\/\\\/blogdofarnesio.com.br\\\/?p=144667#article\",\"isPartOf\":{\"@id\":\"https:\\\/\\\/blogdofarnesio.com.br\\\/?p=144667\"},\"author\":{\"name\":\"\",\"@id\":\"\"},\"headline\":\"DIRETO DE AFR\u00c2NIO\",\"datePublished\":\"2016-07-06T17:40:41+00:00\",\"mainEntityOfPage\":{\"@id\":\"https:\\\/\\\/blogdofarnesio.com.br\\\/?p=144667\"},\"wordCount\":309,\"commentCount\":0,\"publisher\":{\"@id\":\"https:\\\/\\\/blogdofarnesio.com.br\\\/#organization\"},\"articleSection\":[\"Administra\u00e7\u00e3o\"],\"inLanguage\":\"pt-BR\",\"potentialAction\":[{\"@type\":\"CommentAction\",\"name\":\"Comment\",\"target\":[\"https:\\\/\\\/blogdofarnesio.com.br\\\/?p=144667#respond\"]}]},{\"@type\":\"WebPage\",\"@id\":\"https:\\\/\\\/blogdofarnesio.com.br\\\/?p=144667\",\"url\":\"https:\\\/\\\/blogdofarnesio.com.br\\\/?p=144667\",\"name\":\"DIRETO DE AFR\u00c2NIO - Blog do Farn\u00e9sio\",\"isPartOf\":{\"@id\":\"https:\\\/\\\/blogdofarnesio.com.br\\\/#website\"},\"datePublished\":\"2016-07-06T17:40:41+00:00\",\"breadcrumb\":{\"@id\":\"https:\\\/\\\/blogdofarnesio.com.br\\\/?p=144667#breadcrumb\"},\"inLanguage\":\"pt-BR\",\"potentialAction\":[{\"@type\":\"ReadAction\",\"target\":[\"https:\\\/\\\/blogdofarnesio.com.br\\\/?p=144667\"]}]},{\"@type\":\"BreadcrumbList\",\"@id\":\"https:\\\/\\\/blogdofarnesio.com.br\\\/?p=144667#breadcrumb\",\"itemListElement\":[{\"@type\":\"ListItem\",\"position\":1,\"name\":\"In\u00edcio\",\"item\":\"https:\\\/\\\/blogdofarnesio.com.br\\\/\"},{\"@type\":\"ListItem\",\"position\":2,\"name\":\"DIRETO DE AFR\u00c2NIO\"}]},{\"@type\":\"WebSite\",\"@id\":\"https:\\\/\\\/blogdofarnesio.com.br\\\/#website\",\"url\":\"https:\\\/\\\/blogdofarnesio.com.br\\\/\",\"name\":\"Blog do Farn\u00e9sio\",\"description\":\"Quer Saber Pol\u00edtica?\",\"publisher\":{\"@id\":\"https:\\\/\\\/blogdofarnesio.com.br\\\/#organization\"},\"potentialAction\":[{\"@type\":\"SearchAction\",\"target\":{\"@type\":\"EntryPoint\",\"urlTemplate\":\"https:\\\/\\\/blogdofarnesio.com.br\\\/?s={search_term_string}\"},\"query-input\":{\"@type\":\"PropertyValueSpecification\",\"valueRequired\":true,\"valueName\":\"search_term_string\"}}],\"inLanguage\":\"pt-BR\"},{\"@type\":\"Organization\",\"@id\":\"https:\\\/\\\/blogdofarnesio.com.br\\\/#organization\",\"name\":\"Blog do Farn\u00e9sio\",\"url\":\"https:\\\/\\\/blogdofarnesio.com.br\\\/\",\"logo\":{\"@type\":\"ImageObject\",\"inLanguage\":\"pt-BR\",\"@id\":\"https:\\\/\\\/blogdofarnesio.com.br\\\/#\\\/schema\\\/logo\\\/image\\\/\",\"url\":\"https:\\\/\\\/blogdofarnesio.com.br\\\/wp-content\\\/uploads\\\/2026\\\/03\\\/cropped-logo_new-1.png\",\"contentUrl\":\"https:\\\/\\\/blogdofarnesio.com.br\\\/wp-content\\\/uploads\\\/2026\\\/03\\\/cropped-logo_new-1.png\",\"width\":881,\"height\":685,\"caption\":\"Blog do Farn\u00e9sio\"},\"image\":{\"@id\":\"https:\\\/\\\/blogdofarnesio.com.br\\\/#\\\/schema\\\/logo\\\/image\\\/\"},\"sameAs\":[\"https:\\\/\\\/www.facebook.com\\\/BlogQuerSaberPolitica\\\/\"]},{\"@type\":\"Person\",\"@id\":\"\",\"url\":\"https:\\\/\\\/blogdofarnesio.com.br\\\/?author=7\"}]}<\/script>\n<!-- \/ Yoast SEO plugin. -->","yoast_head_json":{"title":"DIRETO DE AFR\u00c2NIO - Blog do Farn\u00e9sio","robots":{"index":"index","follow":"follow","max-snippet":"max-snippet:-1","max-image-preview":"max-image-preview:large","max-video-preview":"max-video-preview:-1"},"canonical":"https:\/\/blogdofarnesio.com.br\/?p=144667","og_locale":"pt_BR","og_type":"article","og_title":"DIRETO DE AFR\u00c2NIO - Blog do Farn\u00e9sio","og_description":"OFICINAS DE ARTE E APRESENTA\u00c7\u00d5ES CULTURAIS SOBRE MULHERES DO CANGA\u00c7O MOVIMENTAM A COMUNIDADE DO POVOADO DO CABOCLO O Centro de Apoio Comunit\u00e1rio Oto Hon\u00f3rio de Azev\u00eado em parceria com a ASPERBRAS proporcionaram um evento cultural intitulado &#8220;AS MULHERES NO CANGA\u00c7O&#8221; com o escritor e historiador Jo\u00e3o De Sousa Lima, para a comunidade do povoado do Caboclo, em Afr\u00e2nio, a 120 km de Petrolina. \u00a0\u00a0As pessoas do lugarejo \u00a0tiveram ainda a oportunidade participou de oficinas de pintura\u00a0 em tecido, que puderam ainda assistir a \u00a0apresenta\u00e7\u00e3o cultural do grupo Quilombola da Comunidade do Ara\u00e7\u00e1 que \u00a0encantou os moradores e seus visitantes. Segundo uma das idealizadoras do Projeto, Luciana Azevedo, o \u00a0Centro de Apoio Oto Hon\u00f3rio, \u00a0acredita na import\u00e2ncia da valoriza\u00e7\u00e3o e do&hellip;","og_url":"https:\/\/blogdofarnesio.com.br\/?p=144667","og_site_name":"Blog do Farn\u00e9sio","article_publisher":"https:\/\/www.facebook.com\/BlogQuerSaberPolitica\/","article_published_time":"2016-07-06T17:40:41+00:00","twitter_card":"summary_large_image","twitter_misc":{"Escrito por":"","Est. tempo de leitura":"2 minutos"},"schema":{"@context":"https:\/\/schema.org","@graph":[{"@type":"Article","@id":"https:\/\/blogdofarnesio.com.br\/?p=144667#article","isPartOf":{"@id":"https:\/\/blogdofarnesio.com.br\/?p=144667"},"author":{"name":"","@id":""},"headline":"DIRETO DE AFR\u00c2NIO","datePublished":"2016-07-06T17:40:41+00:00","mainEntityOfPage":{"@id":"https:\/\/blogdofarnesio.com.br\/?p=144667"},"wordCount":309,"commentCount":0,"publisher":{"@id":"https:\/\/blogdofarnesio.com.br\/#organization"},"articleSection":["Administra\u00e7\u00e3o"],"inLanguage":"pt-BR","potentialAction":[{"@type":"CommentAction","name":"Comment","target":["https:\/\/blogdofarnesio.com.br\/?p=144667#respond"]}]},{"@type":"WebPage","@id":"https:\/\/blogdofarnesio.com.br\/?p=144667","url":"https:\/\/blogdofarnesio.com.br\/?p=144667","name":"DIRETO DE AFR\u00c2NIO - Blog do Farn\u00e9sio","isPartOf":{"@id":"https:\/\/blogdofarnesio.com.br\/#website"},"datePublished":"2016-07-06T17:40:41+00:00","breadcrumb":{"@id":"https:\/\/blogdofarnesio.com.br\/?p=144667#breadcrumb"},"inLanguage":"pt-BR","potentialAction":[{"@type":"ReadAction","target":["https:\/\/blogdofarnesio.com.br\/?p=144667"]}]},{"@type":"BreadcrumbList","@id":"https:\/\/blogdofarnesio.com.br\/?p=144667#breadcrumb","itemListElement":[{"@type":"ListItem","position":1,"name":"In\u00edcio","item":"https:\/\/blogdofarnesio.com.br\/"},{"@type":"ListItem","position":2,"name":"DIRETO DE AFR\u00c2NIO"}]},{"@type":"WebSite","@id":"https:\/\/blogdofarnesio.com.br\/#website","url":"https:\/\/blogdofarnesio.com.br\/","name":"Blog do Farn\u00e9sio","description":"Quer Saber Pol\u00edtica?","publisher":{"@id":"https:\/\/blogdofarnesio.com.br\/#organization"},"potentialAction":[{"@type":"SearchAction","target":{"@type":"EntryPoint","urlTemplate":"https:\/\/blogdofarnesio.com.br\/?s={search_term_string}"},"query-input":{"@type":"PropertyValueSpecification","valueRequired":true,"valueName":"search_term_string"}}],"inLanguage":"pt-BR"},{"@type":"Organization","@id":"https:\/\/blogdofarnesio.com.br\/#organization","name":"Blog do Farn\u00e9sio","url":"https:\/\/blogdofarnesio.com.br\/","logo":{"@type":"ImageObject","inLanguage":"pt-BR","@id":"https:\/\/blogdofarnesio.com.br\/#\/schema\/logo\/image\/","url":"https:\/\/blogdofarnesio.com.br\/wp-content\/uploads\/2026\/03\/cropped-logo_new-1.png","contentUrl":"https:\/\/blogdofarnesio.com.br\/wp-content\/uploads\/2026\/03\/cropped-logo_new-1.png","width":881,"height":685,"caption":"Blog do Farn\u00e9sio"},"image":{"@id":"https:\/\/blogdofarnesio.com.br\/#\/schema\/logo\/image\/"},"sameAs":["https:\/\/www.facebook.com\/BlogQuerSaberPolitica\/"]},{"@type":"Person","@id":"","url":"https:\/\/blogdofarnesio.com.br\/?author=7"}]}},"_links":{"self":[{"href":"https:\/\/blogdofarnesio.com.br\/index.php?rest_route=\/wp\/v2\/posts\/144667","targetHints":{"allow":["GET"]}}],"collection":[{"href":"https:\/\/blogdofarnesio.com.br\/index.php?rest_route=\/wp\/v2\/posts"}],"about":[{"href":"https:\/\/blogdofarnesio.com.br\/index.php?rest_route=\/wp\/v2\/types\/post"}],"author":[{"embeddable":true,"href":"https:\/\/blogdofarnesio.com.br\/index.php?rest_route=\/wp\/v2\/users\/7"}],"replies":[{"embeddable":true,"href":"https:\/\/blogdofarnesio.com.br\/index.php?rest_route=%2Fwp%2Fv2%2Fcomments&post=144667"}],"version-history":[{"count":0,"href":"https:\/\/blogdofarnesio.com.br\/index.php?rest_route=\/wp\/v2\/posts\/144667\/revisions"}],"wp:attachment":[{"href":"https:\/\/blogdofarnesio.com.br\/index.php?rest_route=%2Fwp%2Fv2%2Fmedia&parent=144667"}],"wp:term":[{"taxonomy":"category","embeddable":true,"href":"https:\/\/blogdofarnesio.com.br\/index.php?rest_route=%2Fwp%2Fv2%2Fcategories&post=144667"},{"taxonomy":"post_tag","embeddable":true,"href":"https:\/\/blogdofarnesio.com.br\/index.php?rest_route=%2Fwp%2Fv2%2Ftags&post=144667"}],"curies":[{"name":"wp","href":"https:\/\/api.w.org\/{rel}","templated":true}]}}