{"id":144632,"date":"2016-07-07T09:00:00","date_gmt":"2016-07-07T12:00:00","guid":{"rendered":"http:\/\/www.quersaberpolitica.com.br\/?p=144632"},"modified":"2016-07-06T17:58:29","modified_gmt":"2016-07-06T20:58:29","slug":"ladrao-de-carros-de-luxo-e-preso-em-petrolina","status":"publish","type":"post","link":"https:\/\/blogdofarnesio.com.br\/?p=144632","title":{"rendered":"LADR\u00c3O DE CARROS DE LUXO FOI PRESO EM PETROLINA"},"content":{"rendered":"<div style=\"text-align: justify\">\u200b<a href=\"http:\/\/www.quersaberpolitica.com.br\/2016\/wp-content\/uploads\/2016\/07\/blogqsp-roubodecarro.jpg\"><img loading=\"lazy\" decoding=\"async\" class=\"  wp-image-144635 aligncenter\" src=\"http:\/\/www.quersaberpolitica.com.br\/2016\/wp-content\/uploads\/2016\/07\/blogqsp-roubodecarro-300x300.jpg\" alt=\"blogqsp-roubodecarro\" width=\"361\" height=\"361\" srcset=\"https:\/\/blogdofarnesio.com.br\/wp-content\/uploads\/2016\/07\/blogqsp-roubodecarro-300x300.jpg 300w, https:\/\/blogdofarnesio.com.br\/wp-content\/uploads\/2016\/07\/blogqsp-roubodecarro-150x150.jpg 150w, https:\/\/blogdofarnesio.com.br\/wp-content\/uploads\/2016\/07\/blogqsp-roubodecarro.jpg 402w\" sizes=\"auto, (max-width: 361px) 100vw, 361px\" \/><\/a><\/div>\n<div style=\"text-align: justify\">Puxadores de carro que aparecem na regi\u00e3o n\u00e3o tem tido a\u00e7\u00e3o facilitada. Esta semana quando\u00a0Policiais Militares do 5\u00ba BPM, realizavam rondas na estrada das Bananas, recebeu informa\u00e7\u00f5es atrav\u00e9s do r\u00e1dio, que elemento armado com uma faca peixeira tomou de assalto um ve\u00edculo Honda CR-V, placa DYY-3470, na Orla de Petrolina.<\/div>\n<div style=\"text-align: justify\"><\/div>\n<div style=\"text-align: justify\">A informa\u00e7\u00e3o chegou a viatura no\u00a0exato em que o ve\u00edculo roubado passava pela viatura, momento em que\u00a0come\u00e7ou a persegui\u00e7\u00e3o. O elemento recebeu ordem de parar\u00a0n\u00e3o obedecendo a ordem e na tentativa de fugir dos policiais militares o condutor colidiu com um micro-\u00f4nibus, tentando escapar\u00a0pelo matagal a p\u00e9.<\/div>\n<div style=\"text-align: justify\"><\/div>\n<div style=\"text-align: justify\">Ao ser pego o sujeito foi identificado como sendo \u00cdcaro Amorim Santos, 25 anos, residente em Juazeiro-BA, que estava de posse da faca usando para perpetrar \u00a0o crime. O \u00cdcaro Santos,\u00a0foi conduzido para a Delegacia de Plant\u00e3o onde foi apresentado e entregue a Autoridade Policial que lavrou a pris\u00e3o em\u00a0Flagrante Delito.<\/div>\n<div style=\"text-align: justify\"><\/div>\n<div style=\"text-align: justify\">EFETIVO:<\/div>\n<div style=\"text-align: justify\">Sd Freire<\/div>\n<div style=\"text-align: justify\">Sd Juscian<\/div>\n<div style=\"text-align: justify\">Sd C.Pereira<\/div>\n<div class=\"yj6qo ajU\"><\/div>\n<div>\n<div dir=\"ltr\">\n<div>\n<div dir=\"ltr\">\n<div><\/div>\n<div><em><span style=\"font-family: Verdana\">ASSESSORIA DE IMPRENSA DO 5\u00ba BPM &#8211; PETROLINA -PE<\/span><\/em><\/div>\n<\/div>\n<\/div>\n<\/div>\n<\/div>\n<p>&nbsp;<\/p>\n","protected":false},"excerpt":{"rendered":"<p>\u200b Puxadores de carro que aparecem na regi\u00e3o n\u00e3o tem tido a\u00e7\u00e3o facilitada. Esta semana quando\u00a0Policiais Militares do 5\u00ba BPM, realizavam rondas na estrada das Bananas, recebeu informa\u00e7\u00f5es atrav\u00e9s do r\u00e1dio, que elemento armado com uma faca peixeira tomou de assalto um ve\u00edculo Honda CR-V, placa DYY-3470, na Orla de Petrolina. A informa\u00e7\u00e3o chegou a viatura no\u00a0exato em que o ve\u00edculo roubado passava pela viatura, momento em que\u00a0come\u00e7ou a persegui\u00e7\u00e3o. O elemento recebeu ordem de parar\u00a0n\u00e3o obedecendo a ordem e na tentativa de fugir dos policiais militares o condutor colidiu com um micro-\u00f4nibus, tentando escapar\u00a0pelo matagal a p\u00e9. Ao ser pego o sujeito foi identificado como sendo \u00cdcaro Amorim Santos, 25 anos, residente em Juazeiro-BA, que estava de posse da&hellip; <\/p>\n","protected":false},"author":7,"featured_media":0,"comment_status":"open","ping_status":"open","sticky":false,"template":"","format":"standard","meta":{"_acf_changed":false,"footnotes":""},"categories":[9],"tags":[],"class_list":["post-144632","post","type-post","status-publish","format-standard","hentry","category-policia"],"acf":[],"yoast_head":"<!-- This site is optimized with the Yoast SEO plugin v27.4 - https:\/\/yoast.com\/product\/yoast-seo-wordpress\/ -->\n<title>LADR\u00c3O DE CARROS DE LUXO FOI PRESO EM PETROLINA - Blog do Farn\u00e9sio<\/title>\n<meta name=\"robots\" content=\"index, follow, max-snippet:-1, max-image-preview:large, max-video-preview:-1\" \/>\n<link rel=\"canonical\" href=\"https:\/\/blogdofarnesio.com.br\/?p=144632\" \/>\n<meta property=\"og:locale\" content=\"pt_BR\" \/>\n<meta property=\"og:type\" content=\"article\" \/>\n<meta property=\"og:title\" content=\"LADR\u00c3O DE CARROS DE LUXO FOI PRESO EM PETROLINA - Blog do Farn\u00e9sio\" \/>\n<meta property=\"og:description\" content=\"\u200b Puxadores de carro que aparecem na regi\u00e3o n\u00e3o tem tido a\u00e7\u00e3o facilitada. Esta semana quando\u00a0Policiais Militares do 5\u00ba BPM, realizavam rondas na estrada das Bananas, recebeu informa\u00e7\u00f5es atrav\u00e9s do r\u00e1dio, que elemento armado com uma faca peixeira tomou de assalto um ve\u00edculo Honda CR-V, placa DYY-3470, na Orla de Petrolina. A informa\u00e7\u00e3o chegou a viatura no\u00a0exato em que o ve\u00edculo roubado passava pela viatura, momento em que\u00a0come\u00e7ou a persegui\u00e7\u00e3o. O elemento recebeu ordem de parar\u00a0n\u00e3o obedecendo a ordem e na tentativa de fugir dos policiais militares o condutor colidiu com um micro-\u00f4nibus, tentando escapar\u00a0pelo matagal a p\u00e9. Ao ser pego o sujeito foi identificado como sendo \u00cdcaro Amorim Santos, 25 anos, residente em Juazeiro-BA, que estava de posse da&hellip;\" \/>\n<meta property=\"og:url\" content=\"https:\/\/blogdofarnesio.com.br\/?p=144632\" \/>\n<meta property=\"og:site_name\" content=\"Blog do Farn\u00e9sio\" \/>\n<meta property=\"article:publisher\" content=\"https:\/\/www.facebook.com\/BlogQuerSaberPolitica\/\" \/>\n<meta property=\"article:published_time\" content=\"2016-07-07T12:00:00+00:00\" \/>\n<meta property=\"og:image\" content=\"http:\/\/www.quersaberpolitica.com.br\/2016\/wp-content\/uploads\/2016\/07\/blogqsp-roubodecarro-300x300.jpg\" \/>\n<meta name=\"twitter:card\" content=\"summary_large_image\" \/>\n<meta name=\"twitter:label1\" content=\"Escrito por\" \/>\n\t<meta name=\"twitter:data1\" content=\"\" \/>\n\t<meta name=\"twitter:label2\" content=\"Est. tempo de leitura\" \/>\n\t<meta name=\"twitter:data2\" content=\"1 minuto\" \/>\n<script type=\"application\/ld+json\" class=\"yoast-schema-graph\">{\"@context\":\"https:\\\/\\\/schema.org\",\"@graph\":[{\"@type\":\"Article\",\"@id\":\"https:\\\/\\\/blogdofarnesio.com.br\\\/?p=144632#article\",\"isPartOf\":{\"@id\":\"https:\\\/\\\/blogdofarnesio.com.br\\\/?p=144632\"},\"author\":{\"name\":\"\",\"@id\":\"\"},\"headline\":\"LADR\u00c3O DE CARROS DE LUXO FOI PRESO EM PETROLINA\",\"datePublished\":\"2016-07-07T12:00:00+00:00\",\"mainEntityOfPage\":{\"@id\":\"https:\\\/\\\/blogdofarnesio.com.br\\\/?p=144632\"},\"wordCount\":195,\"commentCount\":0,\"publisher\":{\"@id\":\"https:\\\/\\\/blogdofarnesio.com.br\\\/#organization\"},\"image\":{\"@id\":\"https:\\\/\\\/blogdofarnesio.com.br\\\/?p=144632#primaryimage\"},\"thumbnailUrl\":\"http:\\\/\\\/www.quersaberpolitica.com.br\\\/2016\\\/wp-content\\\/uploads\\\/2016\\\/07\\\/blogqsp-roubodecarro-300x300.jpg\",\"articleSection\":[\"Pol\u00edcia\"],\"inLanguage\":\"pt-BR\",\"potentialAction\":[{\"@type\":\"CommentAction\",\"name\":\"Comment\",\"target\":[\"https:\\\/\\\/blogdofarnesio.com.br\\\/?p=144632#respond\"]}]},{\"@type\":\"WebPage\",\"@id\":\"https:\\\/\\\/blogdofarnesio.com.br\\\/?p=144632\",\"url\":\"https:\\\/\\\/blogdofarnesio.com.br\\\/?p=144632\",\"name\":\"LADR\u00c3O DE CARROS DE LUXO FOI PRESO EM PETROLINA - Blog do Farn\u00e9sio\",\"isPartOf\":{\"@id\":\"https:\\\/\\\/blogdofarnesio.com.br\\\/#website\"},\"primaryImageOfPage\":{\"@id\":\"https:\\\/\\\/blogdofarnesio.com.br\\\/?p=144632#primaryimage\"},\"image\":{\"@id\":\"https:\\\/\\\/blogdofarnesio.com.br\\\/?p=144632#primaryimage\"},\"thumbnailUrl\":\"http:\\\/\\\/www.quersaberpolitica.com.br\\\/2016\\\/wp-content\\\/uploads\\\/2016\\\/07\\\/blogqsp-roubodecarro-300x300.jpg\",\"datePublished\":\"2016-07-07T12:00:00+00:00\",\"breadcrumb\":{\"@id\":\"https:\\\/\\\/blogdofarnesio.com.br\\\/?p=144632#breadcrumb\"},\"inLanguage\":\"pt-BR\",\"potentialAction\":[{\"@type\":\"ReadAction\",\"target\":[\"https:\\\/\\\/blogdofarnesio.com.br\\\/?p=144632\"]}]},{\"@type\":\"ImageObject\",\"inLanguage\":\"pt-BR\",\"@id\":\"https:\\\/\\\/blogdofarnesio.com.br\\\/?p=144632#primaryimage\",\"url\":\"http:\\\/\\\/www.quersaberpolitica.com.br\\\/2016\\\/wp-content\\\/uploads\\\/2016\\\/07\\\/blogqsp-roubodecarro-300x300.jpg\",\"contentUrl\":\"http:\\\/\\\/www.quersaberpolitica.com.br\\\/2016\\\/wp-content\\\/uploads\\\/2016\\\/07\\\/blogqsp-roubodecarro-300x300.jpg\"},{\"@type\":\"BreadcrumbList\",\"@id\":\"https:\\\/\\\/blogdofarnesio.com.br\\\/?p=144632#breadcrumb\",\"itemListElement\":[{\"@type\":\"ListItem\",\"position\":1,\"name\":\"In\u00edcio\",\"item\":\"https:\\\/\\\/blogdofarnesio.com.br\\\/\"},{\"@type\":\"ListItem\",\"position\":2,\"name\":\"LADR\u00c3O DE CARROS DE LUXO FOI PRESO EM PETROLINA\"}]},{\"@type\":\"WebSite\",\"@id\":\"https:\\\/\\\/blogdofarnesio.com.br\\\/#website\",\"url\":\"https:\\\/\\\/blogdofarnesio.com.br\\\/\",\"name\":\"Blog do Farn\u00e9sio\",\"description\":\"Quer Saber Pol\u00edtica?\",\"publisher\":{\"@id\":\"https:\\\/\\\/blogdofarnesio.com.br\\\/#organization\"},\"potentialAction\":[{\"@type\":\"SearchAction\",\"target\":{\"@type\":\"EntryPoint\",\"urlTemplate\":\"https:\\\/\\\/blogdofarnesio.com.br\\\/?s={search_term_string}\"},\"query-input\":{\"@type\":\"PropertyValueSpecification\",\"valueRequired\":true,\"valueName\":\"search_term_string\"}}],\"inLanguage\":\"pt-BR\"},{\"@type\":\"Organization\",\"@id\":\"https:\\\/\\\/blogdofarnesio.com.br\\\/#organization\",\"name\":\"Blog do Farn\u00e9sio\",\"url\":\"https:\\\/\\\/blogdofarnesio.com.br\\\/\",\"logo\":{\"@type\":\"ImageObject\",\"inLanguage\":\"pt-BR\",\"@id\":\"https:\\\/\\\/blogdofarnesio.com.br\\\/#\\\/schema\\\/logo\\\/image\\\/\",\"url\":\"https:\\\/\\\/blogdofarnesio.com.br\\\/wp-content\\\/uploads\\\/2026\\\/03\\\/cropped-logo_new-1.png\",\"contentUrl\":\"https:\\\/\\\/blogdofarnesio.com.br\\\/wp-content\\\/uploads\\\/2026\\\/03\\\/cropped-logo_new-1.png\",\"width\":881,\"height\":685,\"caption\":\"Blog do Farn\u00e9sio\"},\"image\":{\"@id\":\"https:\\\/\\\/blogdofarnesio.com.br\\\/#\\\/schema\\\/logo\\\/image\\\/\"},\"sameAs\":[\"https:\\\/\\\/www.facebook.com\\\/BlogQuerSaberPolitica\\\/\"]},{\"@type\":\"Person\",\"@id\":\"\",\"url\":\"https:\\\/\\\/blogdofarnesio.com.br\\\/?author=7\"}]}<\/script>\n<!-- \/ Yoast SEO plugin. -->","yoast_head_json":{"title":"LADR\u00c3O DE CARROS DE LUXO FOI PRESO EM PETROLINA - Blog do Farn\u00e9sio","robots":{"index":"index","follow":"follow","max-snippet":"max-snippet:-1","max-image-preview":"max-image-preview:large","max-video-preview":"max-video-preview:-1"},"canonical":"https:\/\/blogdofarnesio.com.br\/?p=144632","og_locale":"pt_BR","og_type":"article","og_title":"LADR\u00c3O DE CARROS DE LUXO FOI PRESO EM PETROLINA - Blog do Farn\u00e9sio","og_description":"\u200b Puxadores de carro que aparecem na regi\u00e3o n\u00e3o tem tido a\u00e7\u00e3o facilitada. Esta semana quando\u00a0Policiais Militares do 5\u00ba BPM, realizavam rondas na estrada das Bananas, recebeu informa\u00e7\u00f5es atrav\u00e9s do r\u00e1dio, que elemento armado com uma faca peixeira tomou de assalto um ve\u00edculo Honda CR-V, placa DYY-3470, na Orla de Petrolina. A informa\u00e7\u00e3o chegou a viatura no\u00a0exato em que o ve\u00edculo roubado passava pela viatura, momento em que\u00a0come\u00e7ou a persegui\u00e7\u00e3o. O elemento recebeu ordem de parar\u00a0n\u00e3o obedecendo a ordem e na tentativa de fugir dos policiais militares o condutor colidiu com um micro-\u00f4nibus, tentando escapar\u00a0pelo matagal a p\u00e9. Ao ser pego o sujeito foi identificado como sendo \u00cdcaro Amorim Santos, 25 anos, residente em Juazeiro-BA, que estava de posse da&hellip;","og_url":"https:\/\/blogdofarnesio.com.br\/?p=144632","og_site_name":"Blog do Farn\u00e9sio","article_publisher":"https:\/\/www.facebook.com\/BlogQuerSaberPolitica\/","article_published_time":"2016-07-07T12:00:00+00:00","og_image":[{"url":"http:\/\/www.quersaberpolitica.com.br\/2016\/wp-content\/uploads\/2016\/07\/blogqsp-roubodecarro-300x300.jpg","type":"","width":"","height":""}],"twitter_card":"summary_large_image","twitter_misc":{"Escrito por":"","Est. tempo de leitura":"1 minuto"},"schema":{"@context":"https:\/\/schema.org","@graph":[{"@type":"Article","@id":"https:\/\/blogdofarnesio.com.br\/?p=144632#article","isPartOf":{"@id":"https:\/\/blogdofarnesio.com.br\/?p=144632"},"author":{"name":"","@id":""},"headline":"LADR\u00c3O DE CARROS DE LUXO FOI PRESO EM PETROLINA","datePublished":"2016-07-07T12:00:00+00:00","mainEntityOfPage":{"@id":"https:\/\/blogdofarnesio.com.br\/?p=144632"},"wordCount":195,"commentCount":0,"publisher":{"@id":"https:\/\/blogdofarnesio.com.br\/#organization"},"image":{"@id":"https:\/\/blogdofarnesio.com.br\/?p=144632#primaryimage"},"thumbnailUrl":"http:\/\/www.quersaberpolitica.com.br\/2016\/wp-content\/uploads\/2016\/07\/blogqsp-roubodecarro-300x300.jpg","articleSection":["Pol\u00edcia"],"inLanguage":"pt-BR","potentialAction":[{"@type":"CommentAction","name":"Comment","target":["https:\/\/blogdofarnesio.com.br\/?p=144632#respond"]}]},{"@type":"WebPage","@id":"https:\/\/blogdofarnesio.com.br\/?p=144632","url":"https:\/\/blogdofarnesio.com.br\/?p=144632","name":"LADR\u00c3O DE CARROS DE LUXO FOI PRESO EM PETROLINA - Blog do Farn\u00e9sio","isPartOf":{"@id":"https:\/\/blogdofarnesio.com.br\/#website"},"primaryImageOfPage":{"@id":"https:\/\/blogdofarnesio.com.br\/?p=144632#primaryimage"},"image":{"@id":"https:\/\/blogdofarnesio.com.br\/?p=144632#primaryimage"},"thumbnailUrl":"http:\/\/www.quersaberpolitica.com.br\/2016\/wp-content\/uploads\/2016\/07\/blogqsp-roubodecarro-300x300.jpg","datePublished":"2016-07-07T12:00:00+00:00","breadcrumb":{"@id":"https:\/\/blogdofarnesio.com.br\/?p=144632#breadcrumb"},"inLanguage":"pt-BR","potentialAction":[{"@type":"ReadAction","target":["https:\/\/blogdofarnesio.com.br\/?p=144632"]}]},{"@type":"ImageObject","inLanguage":"pt-BR","@id":"https:\/\/blogdofarnesio.com.br\/?p=144632#primaryimage","url":"http:\/\/www.quersaberpolitica.com.br\/2016\/wp-content\/uploads\/2016\/07\/blogqsp-roubodecarro-300x300.jpg","contentUrl":"http:\/\/www.quersaberpolitica.com.br\/2016\/wp-content\/uploads\/2016\/07\/blogqsp-roubodecarro-300x300.jpg"},{"@type":"BreadcrumbList","@id":"https:\/\/blogdofarnesio.com.br\/?p=144632#breadcrumb","itemListElement":[{"@type":"ListItem","position":1,"name":"In\u00edcio","item":"https:\/\/blogdofarnesio.com.br\/"},{"@type":"ListItem","position":2,"name":"LADR\u00c3O DE CARROS DE LUXO FOI PRESO EM PETROLINA"}]},{"@type":"WebSite","@id":"https:\/\/blogdofarnesio.com.br\/#website","url":"https:\/\/blogdofarnesio.com.br\/","name":"Blog do Farn\u00e9sio","description":"Quer Saber Pol\u00edtica?","publisher":{"@id":"https:\/\/blogdofarnesio.com.br\/#organization"},"potentialAction":[{"@type":"SearchAction","target":{"@type":"EntryPoint","urlTemplate":"https:\/\/blogdofarnesio.com.br\/?s={search_term_string}"},"query-input":{"@type":"PropertyValueSpecification","valueRequired":true,"valueName":"search_term_string"}}],"inLanguage":"pt-BR"},{"@type":"Organization","@id":"https:\/\/blogdofarnesio.com.br\/#organization","name":"Blog do Farn\u00e9sio","url":"https:\/\/blogdofarnesio.com.br\/","logo":{"@type":"ImageObject","inLanguage":"pt-BR","@id":"https:\/\/blogdofarnesio.com.br\/#\/schema\/logo\/image\/","url":"https:\/\/blogdofarnesio.com.br\/wp-content\/uploads\/2026\/03\/cropped-logo_new-1.png","contentUrl":"https:\/\/blogdofarnesio.com.br\/wp-content\/uploads\/2026\/03\/cropped-logo_new-1.png","width":881,"height":685,"caption":"Blog do Farn\u00e9sio"},"image":{"@id":"https:\/\/blogdofarnesio.com.br\/#\/schema\/logo\/image\/"},"sameAs":["https:\/\/www.facebook.com\/BlogQuerSaberPolitica\/"]},{"@type":"Person","@id":"","url":"https:\/\/blogdofarnesio.com.br\/?author=7"}]}},"_links":{"self":[{"href":"https:\/\/blogdofarnesio.com.br\/index.php?rest_route=\/wp\/v2\/posts\/144632","targetHints":{"allow":["GET"]}}],"collection":[{"href":"https:\/\/blogdofarnesio.com.br\/index.php?rest_route=\/wp\/v2\/posts"}],"about":[{"href":"https:\/\/blogdofarnesio.com.br\/index.php?rest_route=\/wp\/v2\/types\/post"}],"author":[{"embeddable":true,"href":"https:\/\/blogdofarnesio.com.br\/index.php?rest_route=\/wp\/v2\/users\/7"}],"replies":[{"embeddable":true,"href":"https:\/\/blogdofarnesio.com.br\/index.php?rest_route=%2Fwp%2Fv2%2Fcomments&post=144632"}],"version-history":[{"count":0,"href":"https:\/\/blogdofarnesio.com.br\/index.php?rest_route=\/wp\/v2\/posts\/144632\/revisions"}],"wp:attachment":[{"href":"https:\/\/blogdofarnesio.com.br\/index.php?rest_route=%2Fwp%2Fv2%2Fmedia&parent=144632"}],"wp:term":[{"taxonomy":"category","embeddable":true,"href":"https:\/\/blogdofarnesio.com.br\/index.php?rest_route=%2Fwp%2Fv2%2Fcategories&post=144632"},{"taxonomy":"post_tag","embeddable":true,"href":"https:\/\/blogdofarnesio.com.br\/index.php?rest_route=%2Fwp%2Fv2%2Ftags&post=144632"}],"curies":[{"name":"wp","href":"https:\/\/api.w.org\/{rel}","templated":true}]}}