{"id":144588,"date":"2016-07-07T09:22:47","date_gmt":"2016-07-07T12:22:47","guid":{"rendered":"http:\/\/www.quersaberpolitica.com.br\/?p=144588"},"modified":"2016-07-06T21:00:11","modified_gmt":"2016-07-07T00:00:11","slug":"upaeimip-de-petrolina-inicia-o-trabalho-de-reabilitacao-e-estimulacao-precoce-de-criancas-com-microcefalia","status":"publish","type":"post","link":"https:\/\/blogdofarnesio.com.br\/?p=144588","title":{"rendered":"UPAE\/IMIP DE PETROLINA INICIA O TRABALHO DE REABILITA\u00c7\u00c3O E ESTIMULA\u00c7\u00c3O PRECOCE DE CRIAN\u00c7AS COM MICROCEFALIA"},"content":{"rendered":"<div align=\"justify\"><a href=\"http:\/\/www.quersaberpolitica.com.br\/2016\/wp-content\/uploads\/2016\/07\/blogqsp-microcefalia-petrolina-IMIP.jpg\"><img loading=\"lazy\" decoding=\"async\" class=\"  wp-image-144589 aligncenter\" src=\"http:\/\/www.quersaberpolitica.com.br\/2016\/wp-content\/uploads\/2016\/07\/blogqsp-microcefalia-petrolina-IMIP.jpg\" alt=\"blogqsp-microcefalia-petrolina-IMIP\" width=\"290\" height=\"221\" \/><\/a><\/div>\n<div style=\"text-align: center\" align=\"justify\"><span style=\"font-family: 'Times New Roman', serif;font-size: medium\"><i>Primeiro atendimento foi realizado na segunda-feira (04)<\/i><\/span><\/div>\n<div align=\"justify\"><span style=\"font-family: 'Times New Roman', serif;font-size: medium\">\u00a0<\/span><\/div>\n<div align=\"justify\"><span style=\"font-family: 'Times New Roman', serif;font-size: medium\">O m\u00eas de julho trouxe esperan\u00e7a para os pais do pequeno Rafael da Silva, de 7 meses. Ele \u00e9 portador da microcefalia causada pelo Zica v\u00edrus e iniciou o tratamento de reabilita\u00e7\u00e3o e estimula\u00e7\u00e3o precoce nesta segunda-feira (04) na\u00a0Unidade de Pronto Atendimento e Aten\u00e7\u00e3o Especializada de Petrolina\u00a0(UPAE\/IMIP). <\/span><\/div>\n<div align=\"justify\"><\/div>\n<div align=\"justify\"><span style=\"font-family: 'Times New Roman', serif;font-size: medium\">Sob os olhos atentos de Maria do Socorro e Ricardo Ribeiro, Rafael passou ontem pela primeira sess\u00e3o de fisioterapia, e a expectativa deles \u00e9 de que com esse trabalho o filho ca\u00e7ula possa ampliar a autonomia e a funcionalidade de alguns movimentos, j\u00e1 que a microcefalia prejudica o desenvolvimento psicomotor da crian\u00e7a.<\/span><\/div>\n<div align=\"justify\"><span style=\"font-family: 'Times New Roman', serif;font-size: medium\">\u00a0<\/span><\/div>\n<div align=\"justify\"><span style=\"font-family: 'Times New Roman', serif;font-size: medium\">De acordo com a fisioterapeuta Misia Ramos, o trabalho ser\u00e1 baseado na faixa et\u00e1ria e no quadro cl\u00ednico. \u201cNo caso de Rafael, por exemplo, que est\u00e1 com 7 meses, n\u00f3s iremos tentar refor\u00e7ar o controle da cabe\u00e7a e do tronco para que ele venha a sentar. <\/span><\/div>\n<div align=\"justify\"><\/div>\n<div align=\"justify\"><span style=\"font-family: 'Times New Roman', serif;font-size: medium\">Temos um quadro global dos beb\u00eas com microcefalia que envolve, no geral, defici\u00eancia visual, espasticidade muscular e comprometimento da cogni\u00e7\u00e3o, entre outras caracter\u00edsticas. Mas, cada um tem sua individualidade e n\u00f3s iremos respeitar isso\u201d, esclarece a profissional que tem curso de Tratamento Neuroevolutivo (Conceito BOBATH), especializa\u00e7\u00e3o em interven\u00e7\u00e3o precoce e j\u00e1 trabalhou na AACD.<\/span><\/div>\n<p><!--more--><\/p>\n<div align=\"justify\"><span style=\"font-family: 'Times New Roman', serif;font-size: medium\">Segundo Misia o trabalho envolve diretamente a fam\u00edlia, pois a estimula\u00e7\u00e3o deve continuar em casa. \u201cDurante as sess\u00f5es n\u00f3s iremos ensinar os exerc\u00edcios aos pais para que estes tamb\u00e9m sejam facilitadores. Buscando sempre controlar a ansiedade deles, pois cada crian\u00e7a tem o seu tempo. A fam\u00edlia precisa entender que todos os avan\u00e7os devem ser comemorados. Mesmo que a crian\u00e7a n\u00e3o venha a andar, que \u00e9 a principal expectativa, ela pode conseguir se comunicar, o que j\u00e1 \u00e9 uma grande conquista. Atuaremos no sentido de fortalecer essas aptid\u00f5es\u201d, garante.<\/span><\/div>\n<div align=\"justify\"><span style=\"font-family: 'Times New Roman', serif;font-size: medium\">\u00a0<\/span><\/div>\n<div align=\"justify\"><span style=\"font-family: 'Times New Roman', serif;font-size: medium\">A mam\u00e3e Maria do Socorro, n\u00e3o nega as dificuldades de ter um filho com microcefalia, mas afirma que o amor supera tudo. \u201cRecebi a not\u00edcia ap\u00f3s o parto e automaticamente aceitei a condi\u00e7\u00e3o. Tive que deixar o meu emprego de bab\u00e1, estou mudando de Santa Filomena para Petrolina para que ele tenha uma assist\u00eancia melhor e estou correndo atr\u00e1s do benef\u00edcio do INSS. Tenho feito o acompanhamento dele desde o nascimento e estou muito feliz de estar come\u00e7ando o trabalho de reabilita\u00e7\u00e3o e estimula\u00e7\u00e3o. Espero que ele se desenvolva bastante\u201d, revela. Mais calado, mas n\u00e3o menos entusiasmado, o pai Ricardo elogiou o atendimento: \u201cacredito que com estrutura que tem a UPAE ele vai evoluir bastante. Vou at\u00e9 compra alguns materiais para continuar o tratamento em casa\u201d.<\/span><\/div>\n<div align=\"justify\"><span style=\"font-family: 'Times New Roman', serif;font-size: medium\">\u00a0<\/span><\/div>\n<div align=\"justify\"><span style=\"font-family: 'Times New Roman', serif;font-size: medium\">Tanto o parto quando os primeiros atendimentos e exames de Rafael foram feitos no Hospital Dom Malan, tamb\u00e9m gerido pelo Instituto de Medicina Integral Pro. Fernando Figueira (IMIP), que \u00e9 refer\u00eancia em Pernambuco no enfrentamento \u00e0 microcefalia. Para a IV Macrorregi\u00e3o de Sa\u00fade do estado, o HDM \u00e9 refer\u00eancia no diagn\u00f3stico da doen\u00e7a e a UPAE no trabalho de reabilita\u00e7\u00e3o e estimula\u00e7\u00e3o precoce. O atendimento desta semana marca o in\u00edcio de uma nova fase para a Unidade, resultado de muito planejamento que envolveu a compra de materiais, capacita\u00e7\u00e3o de profissionais e apresenta\u00e7\u00e3o do fluxograma aos demais envolvidos. Al\u00e9m da fisioterapia, ser\u00e1 disponibilizada \u00e0s crian\u00e7as e suas fam\u00edlias uma equipe multiprofissional, que inclui fonoaudi\u00f3logo, oftalmologista, assistente social, nutricionista, terapeuta ocupacional e psic\u00f3logo.<\/span><\/div>\n<div align=\"justify\"><span style=\"font-family: 'Times New Roman', serif;font-size: medium\">\u00a0<\/span><\/div>\n<div align=\"justify\"><span style=\"font-family: 'Times New Roman', serif;font-size: medium\">A partir desta semana a UPAE passa a receber normalmente a demanda de crian\u00e7as com o diagn\u00f3stico fechado de microcefalia. At\u00e9 o dia 19 de cada m\u00eas as vagas ser\u00e3o disponibilizadas \u00e0 VIII Ger\u00eancia Regional, que ser\u00e1 respons\u00e1vel por repassar as cotas \u00e0s demais Geres (VII e IV).<\/span><\/div>\n<div align=\"justify\"><\/div>\n<div align=\"justify\">\n<div><em><span style=\"font-family: Verdana, Geneva, sans-serif\">Anna Monteiro<\/span><\/em><\/div>\n<div><em><span style=\"font-family: Verdana, Geneva, sans-serif\">Assessoria de Comunica\u00e7\u00e3o<\/span><\/em><\/div>\n<div><em><span style=\"font-family: Verdana, Geneva, sans-serif\">UPA24h\/UPAE &#8211; Petrolina &#8211; PE<\/span><\/em><\/div>\n<div><span style=\"font-family: Verdana, Geneva, sans-serif\"><strong>Gest\u00e3o IMIP<\/strong><\/span><\/div>\n<div><b><a href=\"tel:%2887%29%203866-9610\" target=\"_blank\">(87) 3866-9610<\/a><\/b><\/div>\n<div><span style=\"font-family: Verdana, Geneva, sans-serif\"><strong><a href=\"tel:%2874%29%2098821-6794\" target=\"_blank\">(74) 98821-6794<\/a>\u00a0<\/strong><\/span><\/div>\n<\/div>\n","protected":false},"excerpt":{"rendered":"<p>Primeiro atendimento foi realizado na segunda-feira (04) \u00a0 O m\u00eas de julho trouxe esperan\u00e7a para os pais do pequeno Rafael da Silva, de 7 meses. Ele \u00e9 portador da microcefalia causada pelo Zica v\u00edrus e iniciou o tratamento de reabilita\u00e7\u00e3o e estimula\u00e7\u00e3o precoce nesta segunda-feira (04) na\u00a0Unidade de Pronto Atendimento e Aten\u00e7\u00e3o Especializada de Petrolina\u00a0(UPAE\/IMIP). Sob os olhos atentos de Maria do Socorro e Ricardo Ribeiro, Rafael passou ontem pela primeira sess\u00e3o de fisioterapia, e a expectativa deles \u00e9 de que com esse trabalho o filho ca\u00e7ula possa ampliar a autonomia e a funcionalidade de alguns movimentos, j\u00e1 que a microcefalia prejudica o desenvolvimento psicomotor da crian\u00e7a. \u00a0 De acordo com a fisioterapeuta Misia Ramos, o trabalho ser\u00e1 baseado na&hellip; <\/p>\n","protected":false},"author":7,"featured_media":0,"comment_status":"open","ping_status":"open","sticky":false,"template":"","format":"standard","meta":{"_acf_changed":false,"footnotes":""},"categories":[22,4],"tags":[],"class_list":["post-144588","post","type-post","status-publish","format-standard","hentry","category-acao-social","category-saude"],"acf":[],"yoast_head":"<!-- This site is optimized with the Yoast SEO plugin v27.4 - https:\/\/yoast.com\/product\/yoast-seo-wordpress\/ -->\n<title>UPAE\/IMIP DE PETROLINA INICIA O TRABALHO DE REABILITA\u00c7\u00c3O E ESTIMULA\u00c7\u00c3O PRECOCE DE CRIAN\u00c7AS COM MICROCEFALIA - Blog do Farn\u00e9sio<\/title>\n<meta name=\"robots\" content=\"index, follow, max-snippet:-1, max-image-preview:large, max-video-preview:-1\" \/>\n<link rel=\"canonical\" href=\"https:\/\/blogdofarnesio.com.br\/?p=144588\" \/>\n<meta property=\"og:locale\" content=\"pt_BR\" \/>\n<meta property=\"og:type\" content=\"article\" \/>\n<meta property=\"og:title\" content=\"UPAE\/IMIP DE PETROLINA INICIA O TRABALHO DE REABILITA\u00c7\u00c3O E ESTIMULA\u00c7\u00c3O PRECOCE DE CRIAN\u00c7AS COM MICROCEFALIA - Blog do Farn\u00e9sio\" \/>\n<meta property=\"og:description\" content=\"Primeiro atendimento foi realizado na segunda-feira (04) \u00a0 O m\u00eas de julho trouxe esperan\u00e7a para os pais do pequeno Rafael da Silva, de 7 meses. Ele \u00e9 portador da microcefalia causada pelo Zica v\u00edrus e iniciou o tratamento de reabilita\u00e7\u00e3o e estimula\u00e7\u00e3o precoce nesta segunda-feira (04) na\u00a0Unidade de Pronto Atendimento e Aten\u00e7\u00e3o Especializada de Petrolina\u00a0(UPAE\/IMIP). Sob os olhos atentos de Maria do Socorro e Ricardo Ribeiro, Rafael passou ontem pela primeira sess\u00e3o de fisioterapia, e a expectativa deles \u00e9 de que com esse trabalho o filho ca\u00e7ula possa ampliar a autonomia e a funcionalidade de alguns movimentos, j\u00e1 que a microcefalia prejudica o desenvolvimento psicomotor da crian\u00e7a. \u00a0 De acordo com a fisioterapeuta Misia Ramos, o trabalho ser\u00e1 baseado na&hellip;\" \/>\n<meta property=\"og:url\" content=\"https:\/\/blogdofarnesio.com.br\/?p=144588\" \/>\n<meta property=\"og:site_name\" content=\"Blog do Farn\u00e9sio\" \/>\n<meta property=\"article:publisher\" content=\"https:\/\/www.facebook.com\/BlogQuerSaberPolitica\/\" \/>\n<meta property=\"article:published_time\" content=\"2016-07-07T12:22:47+00:00\" \/>\n<meta property=\"og:image\" content=\"http:\/\/www.quersaberpolitica.com.br\/2016\/wp-content\/uploads\/2016\/07\/blogqsp-microcefalia-petrolina-IMIP.jpg\" \/>\n<meta name=\"twitter:card\" content=\"summary_large_image\" \/>\n<meta name=\"twitter:label1\" content=\"Escrito por\" \/>\n\t<meta name=\"twitter:data1\" content=\"\" \/>\n\t<meta name=\"twitter:label2\" content=\"Est. tempo de leitura\" \/>\n\t<meta name=\"twitter:data2\" content=\"3 minutos\" \/>\n<script type=\"application\/ld+json\" class=\"yoast-schema-graph\">{\"@context\":\"https:\\\/\\\/schema.org\",\"@graph\":[{\"@type\":\"Article\",\"@id\":\"https:\\\/\\\/blogdofarnesio.com.br\\\/?p=144588#article\",\"isPartOf\":{\"@id\":\"https:\\\/\\\/blogdofarnesio.com.br\\\/?p=144588\"},\"author\":{\"name\":\"\",\"@id\":\"\"},\"headline\":\"UPAE\\\/IMIP DE PETROLINA INICIA O TRABALHO DE REABILITA\u00c7\u00c3O E ESTIMULA\u00c7\u00c3O PRECOCE DE CRIAN\u00c7AS COM MICROCEFALIA\",\"datePublished\":\"2016-07-07T12:22:47+00:00\",\"mainEntityOfPage\":{\"@id\":\"https:\\\/\\\/blogdofarnesio.com.br\\\/?p=144588\"},\"wordCount\":684,\"commentCount\":0,\"publisher\":{\"@id\":\"https:\\\/\\\/blogdofarnesio.com.br\\\/#organization\"},\"image\":{\"@id\":\"https:\\\/\\\/blogdofarnesio.com.br\\\/?p=144588#primaryimage\"},\"thumbnailUrl\":\"http:\\\/\\\/www.quersaberpolitica.com.br\\\/2016\\\/wp-content\\\/uploads\\\/2016\\\/07\\\/blogqsp-microcefalia-petrolina-IMIP.jpg\",\"articleSection\":[\"A\u00e7\u00e3o Social\",\"Sa\u00fade\"],\"inLanguage\":\"pt-BR\",\"potentialAction\":[{\"@type\":\"CommentAction\",\"name\":\"Comment\",\"target\":[\"https:\\\/\\\/blogdofarnesio.com.br\\\/?p=144588#respond\"]}]},{\"@type\":\"WebPage\",\"@id\":\"https:\\\/\\\/blogdofarnesio.com.br\\\/?p=144588\",\"url\":\"https:\\\/\\\/blogdofarnesio.com.br\\\/?p=144588\",\"name\":\"UPAE\\\/IMIP DE PETROLINA INICIA O TRABALHO DE REABILITA\u00c7\u00c3O E ESTIMULA\u00c7\u00c3O PRECOCE DE CRIAN\u00c7AS COM MICROCEFALIA - Blog do Farn\u00e9sio\",\"isPartOf\":{\"@id\":\"https:\\\/\\\/blogdofarnesio.com.br\\\/#website\"},\"primaryImageOfPage\":{\"@id\":\"https:\\\/\\\/blogdofarnesio.com.br\\\/?p=144588#primaryimage\"},\"image\":{\"@id\":\"https:\\\/\\\/blogdofarnesio.com.br\\\/?p=144588#primaryimage\"},\"thumbnailUrl\":\"http:\\\/\\\/www.quersaberpolitica.com.br\\\/2016\\\/wp-content\\\/uploads\\\/2016\\\/07\\\/blogqsp-microcefalia-petrolina-IMIP.jpg\",\"datePublished\":\"2016-07-07T12:22:47+00:00\",\"breadcrumb\":{\"@id\":\"https:\\\/\\\/blogdofarnesio.com.br\\\/?p=144588#breadcrumb\"},\"inLanguage\":\"pt-BR\",\"potentialAction\":[{\"@type\":\"ReadAction\",\"target\":[\"https:\\\/\\\/blogdofarnesio.com.br\\\/?p=144588\"]}]},{\"@type\":\"ImageObject\",\"inLanguage\":\"pt-BR\",\"@id\":\"https:\\\/\\\/blogdofarnesio.com.br\\\/?p=144588#primaryimage\",\"url\":\"http:\\\/\\\/www.quersaberpolitica.com.br\\\/2016\\\/wp-content\\\/uploads\\\/2016\\\/07\\\/blogqsp-microcefalia-petrolina-IMIP.jpg\",\"contentUrl\":\"http:\\\/\\\/www.quersaberpolitica.com.br\\\/2016\\\/wp-content\\\/uploads\\\/2016\\\/07\\\/blogqsp-microcefalia-petrolina-IMIP.jpg\"},{\"@type\":\"BreadcrumbList\",\"@id\":\"https:\\\/\\\/blogdofarnesio.com.br\\\/?p=144588#breadcrumb\",\"itemListElement\":[{\"@type\":\"ListItem\",\"position\":1,\"name\":\"In\u00edcio\",\"item\":\"https:\\\/\\\/blogdofarnesio.com.br\\\/\"},{\"@type\":\"ListItem\",\"position\":2,\"name\":\"UPAE\\\/IMIP DE PETROLINA INICIA O TRABALHO DE REABILITA\u00c7\u00c3O E ESTIMULA\u00c7\u00c3O PRECOCE DE CRIAN\u00c7AS COM MICROCEFALIA\"}]},{\"@type\":\"WebSite\",\"@id\":\"https:\\\/\\\/blogdofarnesio.com.br\\\/#website\",\"url\":\"https:\\\/\\\/blogdofarnesio.com.br\\\/\",\"name\":\"Blog do Farn\u00e9sio\",\"description\":\"Quer Saber Pol\u00edtica?\",\"publisher\":{\"@id\":\"https:\\\/\\\/blogdofarnesio.com.br\\\/#organization\"},\"potentialAction\":[{\"@type\":\"SearchAction\",\"target\":{\"@type\":\"EntryPoint\",\"urlTemplate\":\"https:\\\/\\\/blogdofarnesio.com.br\\\/?s={search_term_string}\"},\"query-input\":{\"@type\":\"PropertyValueSpecification\",\"valueRequired\":true,\"valueName\":\"search_term_string\"}}],\"inLanguage\":\"pt-BR\"},{\"@type\":\"Organization\",\"@id\":\"https:\\\/\\\/blogdofarnesio.com.br\\\/#organization\",\"name\":\"Blog do Farn\u00e9sio\",\"url\":\"https:\\\/\\\/blogdofarnesio.com.br\\\/\",\"logo\":{\"@type\":\"ImageObject\",\"inLanguage\":\"pt-BR\",\"@id\":\"https:\\\/\\\/blogdofarnesio.com.br\\\/#\\\/schema\\\/logo\\\/image\\\/\",\"url\":\"https:\\\/\\\/blogdofarnesio.com.br\\\/wp-content\\\/uploads\\\/2026\\\/03\\\/cropped-logo_new-1.png\",\"contentUrl\":\"https:\\\/\\\/blogdofarnesio.com.br\\\/wp-content\\\/uploads\\\/2026\\\/03\\\/cropped-logo_new-1.png\",\"width\":881,\"height\":685,\"caption\":\"Blog do Farn\u00e9sio\"},\"image\":{\"@id\":\"https:\\\/\\\/blogdofarnesio.com.br\\\/#\\\/schema\\\/logo\\\/image\\\/\"},\"sameAs\":[\"https:\\\/\\\/www.facebook.com\\\/BlogQuerSaberPolitica\\\/\"]},{\"@type\":\"Person\",\"@id\":\"\",\"url\":\"https:\\\/\\\/blogdofarnesio.com.br\\\/?author=7\"}]}<\/script>\n<!-- \/ Yoast SEO plugin. -->","yoast_head_json":{"title":"UPAE\/IMIP DE PETROLINA INICIA O TRABALHO DE REABILITA\u00c7\u00c3O E ESTIMULA\u00c7\u00c3O PRECOCE DE CRIAN\u00c7AS COM MICROCEFALIA - Blog do Farn\u00e9sio","robots":{"index":"index","follow":"follow","max-snippet":"max-snippet:-1","max-image-preview":"max-image-preview:large","max-video-preview":"max-video-preview:-1"},"canonical":"https:\/\/blogdofarnesio.com.br\/?p=144588","og_locale":"pt_BR","og_type":"article","og_title":"UPAE\/IMIP DE PETROLINA INICIA O TRABALHO DE REABILITA\u00c7\u00c3O E ESTIMULA\u00c7\u00c3O PRECOCE DE CRIAN\u00c7AS COM MICROCEFALIA - Blog do Farn\u00e9sio","og_description":"Primeiro atendimento foi realizado na segunda-feira (04) \u00a0 O m\u00eas de julho trouxe esperan\u00e7a para os pais do pequeno Rafael da Silva, de 7 meses. Ele \u00e9 portador da microcefalia causada pelo Zica v\u00edrus e iniciou o tratamento de reabilita\u00e7\u00e3o e estimula\u00e7\u00e3o precoce nesta segunda-feira (04) na\u00a0Unidade de Pronto Atendimento e Aten\u00e7\u00e3o Especializada de Petrolina\u00a0(UPAE\/IMIP). Sob os olhos atentos de Maria do Socorro e Ricardo Ribeiro, Rafael passou ontem pela primeira sess\u00e3o de fisioterapia, e a expectativa deles \u00e9 de que com esse trabalho o filho ca\u00e7ula possa ampliar a autonomia e a funcionalidade de alguns movimentos, j\u00e1 que a microcefalia prejudica o desenvolvimento psicomotor da crian\u00e7a. \u00a0 De acordo com a fisioterapeuta Misia Ramos, o trabalho ser\u00e1 baseado na&hellip;","og_url":"https:\/\/blogdofarnesio.com.br\/?p=144588","og_site_name":"Blog do Farn\u00e9sio","article_publisher":"https:\/\/www.facebook.com\/BlogQuerSaberPolitica\/","article_published_time":"2016-07-07T12:22:47+00:00","og_image":[{"url":"http:\/\/www.quersaberpolitica.com.br\/2016\/wp-content\/uploads\/2016\/07\/blogqsp-microcefalia-petrolina-IMIP.jpg","type":"","width":"","height":""}],"twitter_card":"summary_large_image","twitter_misc":{"Escrito por":"","Est. tempo de leitura":"3 minutos"},"schema":{"@context":"https:\/\/schema.org","@graph":[{"@type":"Article","@id":"https:\/\/blogdofarnesio.com.br\/?p=144588#article","isPartOf":{"@id":"https:\/\/blogdofarnesio.com.br\/?p=144588"},"author":{"name":"","@id":""},"headline":"UPAE\/IMIP DE PETROLINA INICIA O TRABALHO DE REABILITA\u00c7\u00c3O E ESTIMULA\u00c7\u00c3O PRECOCE DE CRIAN\u00c7AS COM MICROCEFALIA","datePublished":"2016-07-07T12:22:47+00:00","mainEntityOfPage":{"@id":"https:\/\/blogdofarnesio.com.br\/?p=144588"},"wordCount":684,"commentCount":0,"publisher":{"@id":"https:\/\/blogdofarnesio.com.br\/#organization"},"image":{"@id":"https:\/\/blogdofarnesio.com.br\/?p=144588#primaryimage"},"thumbnailUrl":"http:\/\/www.quersaberpolitica.com.br\/2016\/wp-content\/uploads\/2016\/07\/blogqsp-microcefalia-petrolina-IMIP.jpg","articleSection":["A\u00e7\u00e3o Social","Sa\u00fade"],"inLanguage":"pt-BR","potentialAction":[{"@type":"CommentAction","name":"Comment","target":["https:\/\/blogdofarnesio.com.br\/?p=144588#respond"]}]},{"@type":"WebPage","@id":"https:\/\/blogdofarnesio.com.br\/?p=144588","url":"https:\/\/blogdofarnesio.com.br\/?p=144588","name":"UPAE\/IMIP DE PETROLINA INICIA O TRABALHO DE REABILITA\u00c7\u00c3O E ESTIMULA\u00c7\u00c3O PRECOCE DE CRIAN\u00c7AS COM MICROCEFALIA - Blog do Farn\u00e9sio","isPartOf":{"@id":"https:\/\/blogdofarnesio.com.br\/#website"},"primaryImageOfPage":{"@id":"https:\/\/blogdofarnesio.com.br\/?p=144588#primaryimage"},"image":{"@id":"https:\/\/blogdofarnesio.com.br\/?p=144588#primaryimage"},"thumbnailUrl":"http:\/\/www.quersaberpolitica.com.br\/2016\/wp-content\/uploads\/2016\/07\/blogqsp-microcefalia-petrolina-IMIP.jpg","datePublished":"2016-07-07T12:22:47+00:00","breadcrumb":{"@id":"https:\/\/blogdofarnesio.com.br\/?p=144588#breadcrumb"},"inLanguage":"pt-BR","potentialAction":[{"@type":"ReadAction","target":["https:\/\/blogdofarnesio.com.br\/?p=144588"]}]},{"@type":"ImageObject","inLanguage":"pt-BR","@id":"https:\/\/blogdofarnesio.com.br\/?p=144588#primaryimage","url":"http:\/\/www.quersaberpolitica.com.br\/2016\/wp-content\/uploads\/2016\/07\/blogqsp-microcefalia-petrolina-IMIP.jpg","contentUrl":"http:\/\/www.quersaberpolitica.com.br\/2016\/wp-content\/uploads\/2016\/07\/blogqsp-microcefalia-petrolina-IMIP.jpg"},{"@type":"BreadcrumbList","@id":"https:\/\/blogdofarnesio.com.br\/?p=144588#breadcrumb","itemListElement":[{"@type":"ListItem","position":1,"name":"In\u00edcio","item":"https:\/\/blogdofarnesio.com.br\/"},{"@type":"ListItem","position":2,"name":"UPAE\/IMIP DE PETROLINA INICIA O TRABALHO DE REABILITA\u00c7\u00c3O E ESTIMULA\u00c7\u00c3O PRECOCE DE CRIAN\u00c7AS COM MICROCEFALIA"}]},{"@type":"WebSite","@id":"https:\/\/blogdofarnesio.com.br\/#website","url":"https:\/\/blogdofarnesio.com.br\/","name":"Blog do Farn\u00e9sio","description":"Quer Saber Pol\u00edtica?","publisher":{"@id":"https:\/\/blogdofarnesio.com.br\/#organization"},"potentialAction":[{"@type":"SearchAction","target":{"@type":"EntryPoint","urlTemplate":"https:\/\/blogdofarnesio.com.br\/?s={search_term_string}"},"query-input":{"@type":"PropertyValueSpecification","valueRequired":true,"valueName":"search_term_string"}}],"inLanguage":"pt-BR"},{"@type":"Organization","@id":"https:\/\/blogdofarnesio.com.br\/#organization","name":"Blog do Farn\u00e9sio","url":"https:\/\/blogdofarnesio.com.br\/","logo":{"@type":"ImageObject","inLanguage":"pt-BR","@id":"https:\/\/blogdofarnesio.com.br\/#\/schema\/logo\/image\/","url":"https:\/\/blogdofarnesio.com.br\/wp-content\/uploads\/2026\/03\/cropped-logo_new-1.png","contentUrl":"https:\/\/blogdofarnesio.com.br\/wp-content\/uploads\/2026\/03\/cropped-logo_new-1.png","width":881,"height":685,"caption":"Blog do Farn\u00e9sio"},"image":{"@id":"https:\/\/blogdofarnesio.com.br\/#\/schema\/logo\/image\/"},"sameAs":["https:\/\/www.facebook.com\/BlogQuerSaberPolitica\/"]},{"@type":"Person","@id":"","url":"https:\/\/blogdofarnesio.com.br\/?author=7"}]}},"_links":{"self":[{"href":"https:\/\/blogdofarnesio.com.br\/index.php?rest_route=\/wp\/v2\/posts\/144588","targetHints":{"allow":["GET"]}}],"collection":[{"href":"https:\/\/blogdofarnesio.com.br\/index.php?rest_route=\/wp\/v2\/posts"}],"about":[{"href":"https:\/\/blogdofarnesio.com.br\/index.php?rest_route=\/wp\/v2\/types\/post"}],"author":[{"embeddable":true,"href":"https:\/\/blogdofarnesio.com.br\/index.php?rest_route=\/wp\/v2\/users\/7"}],"replies":[{"embeddable":true,"href":"https:\/\/blogdofarnesio.com.br\/index.php?rest_route=%2Fwp%2Fv2%2Fcomments&post=144588"}],"version-history":[{"count":0,"href":"https:\/\/blogdofarnesio.com.br\/index.php?rest_route=\/wp\/v2\/posts\/144588\/revisions"}],"wp:attachment":[{"href":"https:\/\/blogdofarnesio.com.br\/index.php?rest_route=%2Fwp%2Fv2%2Fmedia&parent=144588"}],"wp:term":[{"taxonomy":"category","embeddable":true,"href":"https:\/\/blogdofarnesio.com.br\/index.php?rest_route=%2Fwp%2Fv2%2Fcategories&post=144588"},{"taxonomy":"post_tag","embeddable":true,"href":"https:\/\/blogdofarnesio.com.br\/index.php?rest_route=%2Fwp%2Fv2%2Ftags&post=144588"}],"curies":[{"name":"wp","href":"https:\/\/api.w.org\/{rel}","templated":true}]}}