{"id":144586,"date":"2016-07-07T10:44:01","date_gmt":"2016-07-07T13:44:01","guid":{"rendered":"http:\/\/www.quersaberpolitica.com.br\/?p=144586"},"modified":"2016-07-07T09:30:28","modified_gmt":"2016-07-07T12:30:28","slug":"elementos-sao-presos-por-trafico-em-petrolina-policia-encontrou-num-deposito-mais-de-11-kg-de-cocaina-pura","status":"publish","type":"post","link":"https:\/\/blogdofarnesio.com.br\/?p=144586","title":{"rendered":"ELEMENTOS S\u00c3O PRESOS POR TR\u00c1FICO EM PETROLINA. POL\u00cdCIA ENCONTROU NUM DEP\u00d3SITO, MAIS DE 11 Kg DE COCA\u00cdNA PURA"},"content":{"rendered":"<p style=\"text-align: justify\"><a href=\"http:\/\/www.quersaberpolitica.com.br\/2016\/wp-content\/uploads\/2016\/07\/blogqsp-traficodedogras-petroina.jpg\"><img loading=\"lazy\" decoding=\"async\" class=\"  wp-image-144587 aligncenter\" src=\"http:\/\/www.quersaberpolitica.com.br\/2016\/wp-content\/uploads\/2016\/07\/blogqsp-traficodedogras-petroina.jpg\" alt=\"blogqsp-traficodedogras-petroina\" width=\"381\" height=\"289\" \/><\/a><\/p>\n<p style=\"text-align: justify\">No \u00ednicio desta semana,\u00a0Avenida Amacoco em Petrolina, a PMs realizaram pris\u00e3o de v\u00e1rios elementos por tr\u00e1fico de drogas. Tudo aconteceu quando opera\u00e7\u00e3o conjunta entre Malhas da Lei, ROCAM e GATI do 5\u00b0 BPM, investigavam um ponto de tr\u00e1fico de drogas e durante a &#8220;campana&#8221;\u00a0foi observado um Fiat Strada de cor vermelho, saindo de resid\u00eancia, onde\u00a0supostamente seria o ponto de Tr\u00e1fico.<\/p>\n<p style=\"text-align: justify\">Marcos, dono da resid\u00eancia foi abordado com mais dois comparsas, Expedito do Silva e Francisco Jose, onde foram encontrados 767 gramas de coca\u00edna (pasta base), Porem eles negaram a acusa\u00e7\u00e3o. As equipes continuaram as buscas e no outro carro, um parati que estava estacionado na porta de Marcos, encontraram tamb\u00e9m 205 gramas de coca\u00edna, no momento da abordagem o carro estava com Jos\u00e9 Romulo Santos da Silva.<\/p>\n<p style=\"text-align: justify\">Enquanto a abordagem era feita no parati, tr\u00eas pessoas de atitudes suspeitas correram para o fundo da resid\u00eancia de Marcos, onde foi realizada abordagem e vistoria e encontrado uma esp\u00e9cie de deposito com material de embalar e dividir a droga, onde tamb\u00e9m foram encontrados mais de 2.Kg e 238 gramas de coca\u00edna e 2Kg e 65 gramas de maconha.<\/p>\n<p style=\"text-align: justify\">No local estavam Marcos Leido Armando, Edmilson Souza dos Santos e Vitor Monteiro, posteriormente, a vizinha de marcos, Adriana Henrique de Almeida que estava na porta da sua resid\u00eancia, onde a abordagem fora feita. Ela estava de posse de R$ 2.975,00 e a mesma afirmou que o dinheiro era do tr\u00e1fico de drogas, mas que n\u00e3o possu\u00eda mais drogas em sua resid\u00eancia.<\/p>\n<p style=\"text-align: justify\">Por\u00e9m informou que a resid\u00eancia que havia mais drogas, na rua 19, n\u00b0101, bairro s\u00e3o Joaquim, chegando l\u00e1 foi encontrada na casa de Marilene Alves e informou que a droga pertencia a Adriana e informou que a droga estava na casa da sua irm\u00e3 Marianes Maria, na resid\u00eancia de Marianes foi encontrado 3.699 gramas de coca\u00edna, onde a pr\u00f3pria informou o local que a droga estava guardada.<\/p>\n<p style=\"text-align: justify\">Segundo Marilene, Adriana pediu para guarda as drogas j\u00e1 que os policias sabiam do caso de Marcos. Foram ao total 6.909 gramas de coca\u00edna 2.065 de maconha e ainda foi encontrado uma Pistola marca Taurus, calibre 40, n\u00famero SCO20.197. Todos foram encaminhados para delegacia da Pol\u00edcia Federal em Juazeiro-BA.<\/p>\n","protected":false},"excerpt":{"rendered":"<p>No \u00ednicio desta semana,\u00a0Avenida Amacoco em Petrolina, a PMs realizaram pris\u00e3o de v\u00e1rios elementos por tr\u00e1fico de drogas. Tudo aconteceu quando opera\u00e7\u00e3o conjunta entre Malhas da Lei, ROCAM e GATI do 5\u00b0 BPM, investigavam um ponto de tr\u00e1fico de drogas e durante a &#8220;campana&#8221;\u00a0foi observado um Fiat Strada de cor vermelho, saindo de resid\u00eancia, onde\u00a0supostamente seria o ponto de Tr\u00e1fico. Marcos, dono da resid\u00eancia foi abordado com mais dois comparsas, Expedito do Silva e Francisco Jose, onde foram encontrados 767 gramas de coca\u00edna (pasta base), Porem eles negaram a acusa\u00e7\u00e3o. As equipes continuaram as buscas e no outro carro, um parati que estava estacionado na porta de Marcos, encontraram tamb\u00e9m 205 gramas de coca\u00edna, no momento da abordagem o carro&hellip; <\/p>\n","protected":false},"author":7,"featured_media":0,"comment_status":"open","ping_status":"open","sticky":false,"template":"","format":"standard","meta":{"_acf_changed":false,"footnotes":""},"categories":[9],"tags":[],"class_list":["post-144586","post","type-post","status-publish","format-standard","hentry","category-policia"],"acf":[],"yoast_head":"<!-- This site is optimized with the Yoast SEO plugin v27.4 - https:\/\/yoast.com\/product\/yoast-seo-wordpress\/ -->\n<title>ELEMENTOS S\u00c3O PRESOS POR TR\u00c1FICO EM PETROLINA. POL\u00cdCIA ENCONTROU NUM DEP\u00d3SITO, MAIS DE 11 Kg DE COCA\u00cdNA PURA - Blog do Farn\u00e9sio<\/title>\n<meta name=\"robots\" content=\"index, follow, max-snippet:-1, max-image-preview:large, max-video-preview:-1\" \/>\n<link rel=\"canonical\" href=\"https:\/\/blogdofarnesio.com.br\/?p=144586\" \/>\n<meta property=\"og:locale\" content=\"pt_BR\" \/>\n<meta property=\"og:type\" content=\"article\" \/>\n<meta property=\"og:title\" content=\"ELEMENTOS S\u00c3O PRESOS POR TR\u00c1FICO EM PETROLINA. POL\u00cdCIA ENCONTROU NUM DEP\u00d3SITO, MAIS DE 11 Kg DE COCA\u00cdNA PURA - Blog do Farn\u00e9sio\" \/>\n<meta property=\"og:description\" content=\"No \u00ednicio desta semana,\u00a0Avenida Amacoco em Petrolina, a PMs realizaram pris\u00e3o de v\u00e1rios elementos por tr\u00e1fico de drogas. Tudo aconteceu quando opera\u00e7\u00e3o conjunta entre Malhas da Lei, ROCAM e GATI do 5\u00b0 BPM, investigavam um ponto de tr\u00e1fico de drogas e durante a &#8220;campana&#8221;\u00a0foi observado um Fiat Strada de cor vermelho, saindo de resid\u00eancia, onde\u00a0supostamente seria o ponto de Tr\u00e1fico. Marcos, dono da resid\u00eancia foi abordado com mais dois comparsas, Expedito do Silva e Francisco Jose, onde foram encontrados 767 gramas de coca\u00edna (pasta base), Porem eles negaram a acusa\u00e7\u00e3o. As equipes continuaram as buscas e no outro carro, um parati que estava estacionado na porta de Marcos, encontraram tamb\u00e9m 205 gramas de coca\u00edna, no momento da abordagem o carro&hellip;\" \/>\n<meta property=\"og:url\" content=\"https:\/\/blogdofarnesio.com.br\/?p=144586\" \/>\n<meta property=\"og:site_name\" content=\"Blog do Farn\u00e9sio\" \/>\n<meta property=\"article:publisher\" content=\"https:\/\/www.facebook.com\/BlogQuerSaberPolitica\/\" \/>\n<meta property=\"article:published_time\" content=\"2016-07-07T13:44:01+00:00\" \/>\n<meta property=\"og:image\" content=\"http:\/\/www.quersaberpolitica.com.br\/2016\/wp-content\/uploads\/2016\/07\/blogqsp-traficodedogras-petroina.jpg\" \/>\n<meta name=\"twitter:card\" content=\"summary_large_image\" \/>\n<meta name=\"twitter:label1\" content=\"Escrito por\" \/>\n\t<meta name=\"twitter:data1\" content=\"\" \/>\n\t<meta name=\"twitter:label2\" content=\"Est. tempo de leitura\" \/>\n\t<meta name=\"twitter:data2\" content=\"2 minutos\" \/>\n<script type=\"application\/ld+json\" class=\"yoast-schema-graph\">{\"@context\":\"https:\\\/\\\/schema.org\",\"@graph\":[{\"@type\":\"Article\",\"@id\":\"https:\\\/\\\/blogdofarnesio.com.br\\\/?p=144586#article\",\"isPartOf\":{\"@id\":\"https:\\\/\\\/blogdofarnesio.com.br\\\/?p=144586\"},\"author\":{\"name\":\"\",\"@id\":\"\"},\"headline\":\"ELEMENTOS S\u00c3O PRESOS POR TR\u00c1FICO EM PETROLINA. POL\u00cdCIA ENCONTROU NUM DEP\u00d3SITO, MAIS DE 11 Kg DE COCA\u00cdNA PURA\",\"datePublished\":\"2016-07-07T13:44:01+00:00\",\"mainEntityOfPage\":{\"@id\":\"https:\\\/\\\/blogdofarnesio.com.br\\\/?p=144586\"},\"wordCount\":409,\"commentCount\":0,\"publisher\":{\"@id\":\"https:\\\/\\\/blogdofarnesio.com.br\\\/#organization\"},\"image\":{\"@id\":\"https:\\\/\\\/blogdofarnesio.com.br\\\/?p=144586#primaryimage\"},\"thumbnailUrl\":\"http:\\\/\\\/www.quersaberpolitica.com.br\\\/2016\\\/wp-content\\\/uploads\\\/2016\\\/07\\\/blogqsp-traficodedogras-petroina.jpg\",\"articleSection\":[\"Pol\u00edcia\"],\"inLanguage\":\"pt-BR\",\"potentialAction\":[{\"@type\":\"CommentAction\",\"name\":\"Comment\",\"target\":[\"https:\\\/\\\/blogdofarnesio.com.br\\\/?p=144586#respond\"]}]},{\"@type\":\"WebPage\",\"@id\":\"https:\\\/\\\/blogdofarnesio.com.br\\\/?p=144586\",\"url\":\"https:\\\/\\\/blogdofarnesio.com.br\\\/?p=144586\",\"name\":\"ELEMENTOS S\u00c3O PRESOS POR TR\u00c1FICO EM PETROLINA. POL\u00cdCIA ENCONTROU NUM DEP\u00d3SITO, MAIS DE 11 Kg DE COCA\u00cdNA PURA - Blog do Farn\u00e9sio\",\"isPartOf\":{\"@id\":\"https:\\\/\\\/blogdofarnesio.com.br\\\/#website\"},\"primaryImageOfPage\":{\"@id\":\"https:\\\/\\\/blogdofarnesio.com.br\\\/?p=144586#primaryimage\"},\"image\":{\"@id\":\"https:\\\/\\\/blogdofarnesio.com.br\\\/?p=144586#primaryimage\"},\"thumbnailUrl\":\"http:\\\/\\\/www.quersaberpolitica.com.br\\\/2016\\\/wp-content\\\/uploads\\\/2016\\\/07\\\/blogqsp-traficodedogras-petroina.jpg\",\"datePublished\":\"2016-07-07T13:44:01+00:00\",\"breadcrumb\":{\"@id\":\"https:\\\/\\\/blogdofarnesio.com.br\\\/?p=144586#breadcrumb\"},\"inLanguage\":\"pt-BR\",\"potentialAction\":[{\"@type\":\"ReadAction\",\"target\":[\"https:\\\/\\\/blogdofarnesio.com.br\\\/?p=144586\"]}]},{\"@type\":\"ImageObject\",\"inLanguage\":\"pt-BR\",\"@id\":\"https:\\\/\\\/blogdofarnesio.com.br\\\/?p=144586#primaryimage\",\"url\":\"http:\\\/\\\/www.quersaberpolitica.com.br\\\/2016\\\/wp-content\\\/uploads\\\/2016\\\/07\\\/blogqsp-traficodedogras-petroina.jpg\",\"contentUrl\":\"http:\\\/\\\/www.quersaberpolitica.com.br\\\/2016\\\/wp-content\\\/uploads\\\/2016\\\/07\\\/blogqsp-traficodedogras-petroina.jpg\"},{\"@type\":\"BreadcrumbList\",\"@id\":\"https:\\\/\\\/blogdofarnesio.com.br\\\/?p=144586#breadcrumb\",\"itemListElement\":[{\"@type\":\"ListItem\",\"position\":1,\"name\":\"In\u00edcio\",\"item\":\"https:\\\/\\\/blogdofarnesio.com.br\\\/\"},{\"@type\":\"ListItem\",\"position\":2,\"name\":\"ELEMENTOS S\u00c3O PRESOS POR TR\u00c1FICO EM PETROLINA. POL\u00cdCIA ENCONTROU NUM DEP\u00d3SITO, MAIS DE 11 Kg DE COCA\u00cdNA PURA\"}]},{\"@type\":\"WebSite\",\"@id\":\"https:\\\/\\\/blogdofarnesio.com.br\\\/#website\",\"url\":\"https:\\\/\\\/blogdofarnesio.com.br\\\/\",\"name\":\"Blog do Farn\u00e9sio\",\"description\":\"Quer Saber Pol\u00edtica?\",\"publisher\":{\"@id\":\"https:\\\/\\\/blogdofarnesio.com.br\\\/#organization\"},\"potentialAction\":[{\"@type\":\"SearchAction\",\"target\":{\"@type\":\"EntryPoint\",\"urlTemplate\":\"https:\\\/\\\/blogdofarnesio.com.br\\\/?s={search_term_string}\"},\"query-input\":{\"@type\":\"PropertyValueSpecification\",\"valueRequired\":true,\"valueName\":\"search_term_string\"}}],\"inLanguage\":\"pt-BR\"},{\"@type\":\"Organization\",\"@id\":\"https:\\\/\\\/blogdofarnesio.com.br\\\/#organization\",\"name\":\"Blog do Farn\u00e9sio\",\"url\":\"https:\\\/\\\/blogdofarnesio.com.br\\\/\",\"logo\":{\"@type\":\"ImageObject\",\"inLanguage\":\"pt-BR\",\"@id\":\"https:\\\/\\\/blogdofarnesio.com.br\\\/#\\\/schema\\\/logo\\\/image\\\/\",\"url\":\"https:\\\/\\\/blogdofarnesio.com.br\\\/wp-content\\\/uploads\\\/2026\\\/03\\\/cropped-logo_new-1.png\",\"contentUrl\":\"https:\\\/\\\/blogdofarnesio.com.br\\\/wp-content\\\/uploads\\\/2026\\\/03\\\/cropped-logo_new-1.png\",\"width\":881,\"height\":685,\"caption\":\"Blog do Farn\u00e9sio\"},\"image\":{\"@id\":\"https:\\\/\\\/blogdofarnesio.com.br\\\/#\\\/schema\\\/logo\\\/image\\\/\"},\"sameAs\":[\"https:\\\/\\\/www.facebook.com\\\/BlogQuerSaberPolitica\\\/\"]},{\"@type\":\"Person\",\"@id\":\"\",\"url\":\"https:\\\/\\\/blogdofarnesio.com.br\\\/?author=7\"}]}<\/script>\n<!-- \/ Yoast SEO plugin. -->","yoast_head_json":{"title":"ELEMENTOS S\u00c3O PRESOS POR TR\u00c1FICO EM PETROLINA. POL\u00cdCIA ENCONTROU NUM DEP\u00d3SITO, MAIS DE 11 Kg DE COCA\u00cdNA PURA - Blog do Farn\u00e9sio","robots":{"index":"index","follow":"follow","max-snippet":"max-snippet:-1","max-image-preview":"max-image-preview:large","max-video-preview":"max-video-preview:-1"},"canonical":"https:\/\/blogdofarnesio.com.br\/?p=144586","og_locale":"pt_BR","og_type":"article","og_title":"ELEMENTOS S\u00c3O PRESOS POR TR\u00c1FICO EM PETROLINA. POL\u00cdCIA ENCONTROU NUM DEP\u00d3SITO, MAIS DE 11 Kg DE COCA\u00cdNA PURA - Blog do Farn\u00e9sio","og_description":"No \u00ednicio desta semana,\u00a0Avenida Amacoco em Petrolina, a PMs realizaram pris\u00e3o de v\u00e1rios elementos por tr\u00e1fico de drogas. Tudo aconteceu quando opera\u00e7\u00e3o conjunta entre Malhas da Lei, ROCAM e GATI do 5\u00b0 BPM, investigavam um ponto de tr\u00e1fico de drogas e durante a &#8220;campana&#8221;\u00a0foi observado um Fiat Strada de cor vermelho, saindo de resid\u00eancia, onde\u00a0supostamente seria o ponto de Tr\u00e1fico. Marcos, dono da resid\u00eancia foi abordado com mais dois comparsas, Expedito do Silva e Francisco Jose, onde foram encontrados 767 gramas de coca\u00edna (pasta base), Porem eles negaram a acusa\u00e7\u00e3o. As equipes continuaram as buscas e no outro carro, um parati que estava estacionado na porta de Marcos, encontraram tamb\u00e9m 205 gramas de coca\u00edna, no momento da abordagem o carro&hellip;","og_url":"https:\/\/blogdofarnesio.com.br\/?p=144586","og_site_name":"Blog do Farn\u00e9sio","article_publisher":"https:\/\/www.facebook.com\/BlogQuerSaberPolitica\/","article_published_time":"2016-07-07T13:44:01+00:00","og_image":[{"url":"http:\/\/www.quersaberpolitica.com.br\/2016\/wp-content\/uploads\/2016\/07\/blogqsp-traficodedogras-petroina.jpg","type":"","width":"","height":""}],"twitter_card":"summary_large_image","twitter_misc":{"Escrito por":"","Est. tempo de leitura":"2 minutos"},"schema":{"@context":"https:\/\/schema.org","@graph":[{"@type":"Article","@id":"https:\/\/blogdofarnesio.com.br\/?p=144586#article","isPartOf":{"@id":"https:\/\/blogdofarnesio.com.br\/?p=144586"},"author":{"name":"","@id":""},"headline":"ELEMENTOS S\u00c3O PRESOS POR TR\u00c1FICO EM PETROLINA. POL\u00cdCIA ENCONTROU NUM DEP\u00d3SITO, MAIS DE 11 Kg DE COCA\u00cdNA PURA","datePublished":"2016-07-07T13:44:01+00:00","mainEntityOfPage":{"@id":"https:\/\/blogdofarnesio.com.br\/?p=144586"},"wordCount":409,"commentCount":0,"publisher":{"@id":"https:\/\/blogdofarnesio.com.br\/#organization"},"image":{"@id":"https:\/\/blogdofarnesio.com.br\/?p=144586#primaryimage"},"thumbnailUrl":"http:\/\/www.quersaberpolitica.com.br\/2016\/wp-content\/uploads\/2016\/07\/blogqsp-traficodedogras-petroina.jpg","articleSection":["Pol\u00edcia"],"inLanguage":"pt-BR","potentialAction":[{"@type":"CommentAction","name":"Comment","target":["https:\/\/blogdofarnesio.com.br\/?p=144586#respond"]}]},{"@type":"WebPage","@id":"https:\/\/blogdofarnesio.com.br\/?p=144586","url":"https:\/\/blogdofarnesio.com.br\/?p=144586","name":"ELEMENTOS S\u00c3O PRESOS POR TR\u00c1FICO EM PETROLINA. POL\u00cdCIA ENCONTROU NUM DEP\u00d3SITO, MAIS DE 11 Kg DE COCA\u00cdNA PURA - Blog do Farn\u00e9sio","isPartOf":{"@id":"https:\/\/blogdofarnesio.com.br\/#website"},"primaryImageOfPage":{"@id":"https:\/\/blogdofarnesio.com.br\/?p=144586#primaryimage"},"image":{"@id":"https:\/\/blogdofarnesio.com.br\/?p=144586#primaryimage"},"thumbnailUrl":"http:\/\/www.quersaberpolitica.com.br\/2016\/wp-content\/uploads\/2016\/07\/blogqsp-traficodedogras-petroina.jpg","datePublished":"2016-07-07T13:44:01+00:00","breadcrumb":{"@id":"https:\/\/blogdofarnesio.com.br\/?p=144586#breadcrumb"},"inLanguage":"pt-BR","potentialAction":[{"@type":"ReadAction","target":["https:\/\/blogdofarnesio.com.br\/?p=144586"]}]},{"@type":"ImageObject","inLanguage":"pt-BR","@id":"https:\/\/blogdofarnesio.com.br\/?p=144586#primaryimage","url":"http:\/\/www.quersaberpolitica.com.br\/2016\/wp-content\/uploads\/2016\/07\/blogqsp-traficodedogras-petroina.jpg","contentUrl":"http:\/\/www.quersaberpolitica.com.br\/2016\/wp-content\/uploads\/2016\/07\/blogqsp-traficodedogras-petroina.jpg"},{"@type":"BreadcrumbList","@id":"https:\/\/blogdofarnesio.com.br\/?p=144586#breadcrumb","itemListElement":[{"@type":"ListItem","position":1,"name":"In\u00edcio","item":"https:\/\/blogdofarnesio.com.br\/"},{"@type":"ListItem","position":2,"name":"ELEMENTOS S\u00c3O PRESOS POR TR\u00c1FICO EM PETROLINA. POL\u00cdCIA ENCONTROU NUM DEP\u00d3SITO, MAIS DE 11 Kg DE COCA\u00cdNA PURA"}]},{"@type":"WebSite","@id":"https:\/\/blogdofarnesio.com.br\/#website","url":"https:\/\/blogdofarnesio.com.br\/","name":"Blog do Farn\u00e9sio","description":"Quer Saber Pol\u00edtica?","publisher":{"@id":"https:\/\/blogdofarnesio.com.br\/#organization"},"potentialAction":[{"@type":"SearchAction","target":{"@type":"EntryPoint","urlTemplate":"https:\/\/blogdofarnesio.com.br\/?s={search_term_string}"},"query-input":{"@type":"PropertyValueSpecification","valueRequired":true,"valueName":"search_term_string"}}],"inLanguage":"pt-BR"},{"@type":"Organization","@id":"https:\/\/blogdofarnesio.com.br\/#organization","name":"Blog do Farn\u00e9sio","url":"https:\/\/blogdofarnesio.com.br\/","logo":{"@type":"ImageObject","inLanguage":"pt-BR","@id":"https:\/\/blogdofarnesio.com.br\/#\/schema\/logo\/image\/","url":"https:\/\/blogdofarnesio.com.br\/wp-content\/uploads\/2026\/03\/cropped-logo_new-1.png","contentUrl":"https:\/\/blogdofarnesio.com.br\/wp-content\/uploads\/2026\/03\/cropped-logo_new-1.png","width":881,"height":685,"caption":"Blog do Farn\u00e9sio"},"image":{"@id":"https:\/\/blogdofarnesio.com.br\/#\/schema\/logo\/image\/"},"sameAs":["https:\/\/www.facebook.com\/BlogQuerSaberPolitica\/"]},{"@type":"Person","@id":"","url":"https:\/\/blogdofarnesio.com.br\/?author=7"}]}},"_links":{"self":[{"href":"https:\/\/blogdofarnesio.com.br\/index.php?rest_route=\/wp\/v2\/posts\/144586","targetHints":{"allow":["GET"]}}],"collection":[{"href":"https:\/\/blogdofarnesio.com.br\/index.php?rest_route=\/wp\/v2\/posts"}],"about":[{"href":"https:\/\/blogdofarnesio.com.br\/index.php?rest_route=\/wp\/v2\/types\/post"}],"author":[{"embeddable":true,"href":"https:\/\/blogdofarnesio.com.br\/index.php?rest_route=\/wp\/v2\/users\/7"}],"replies":[{"embeddable":true,"href":"https:\/\/blogdofarnesio.com.br\/index.php?rest_route=%2Fwp%2Fv2%2Fcomments&post=144586"}],"version-history":[{"count":0,"href":"https:\/\/blogdofarnesio.com.br\/index.php?rest_route=\/wp\/v2\/posts\/144586\/revisions"}],"wp:attachment":[{"href":"https:\/\/blogdofarnesio.com.br\/index.php?rest_route=%2Fwp%2Fv2%2Fmedia&parent=144586"}],"wp:term":[{"taxonomy":"category","embeddable":true,"href":"https:\/\/blogdofarnesio.com.br\/index.php?rest_route=%2Fwp%2Fv2%2Fcategories&post=144586"},{"taxonomy":"post_tag","embeddable":true,"href":"https:\/\/blogdofarnesio.com.br\/index.php?rest_route=%2Fwp%2Fv2%2Ftags&post=144586"}],"curies":[{"name":"wp","href":"https:\/\/api.w.org\/{rel}","templated":true}]}}