{"id":144525,"date":"2016-07-04T12:30:29","date_gmt":"2016-07-04T15:30:29","guid":{"rendered":"http:\/\/www.quersaberpolitica.com.br\/?p=144525"},"modified":"2016-07-04T11:05:26","modified_gmt":"2016-07-04T14:05:26","slug":"ausente-do-debate-sobre-eleicoes-rui-diz-estar-focado-em-realizacoes-do-governo","status":"publish","type":"post","link":"https:\/\/blogdofarnesio.com.br\/?p=144525","title":{"rendered":"AUSENTE DO DEBATE SOBRE ELEI\u00c7\u00d5ES, RUI DIZ ESTAR FOCADO EM REALIZA\u00c7\u00d5ES DO GOVERNO"},"content":{"rendered":"<p style=\"text-align: justify\">O governador Rui Costa (PT) n\u00e3o esconde sua dist\u00e2ncia sobre a disputa eleitoral em Salvador, onde at\u00e9 o momento sua base n\u00e3o tem uma defini\u00e7\u00e3o clara sobre candidaturas que poder\u00e3o enfrentar o prefeito ACM Neto (DEM) em outubro. Aliados do governador t\u00eam feito cr\u00edticas ao estilo do chefe do Executivo estadual diante das dificuldades de consenso no grupo que tem como principais siglas PT, PSB, PCdoB e PSD.<\/p>\n<p style=\"text-align: justify\"><img loading=\"lazy\" decoding=\"async\" class=\" aligncenter\" src=\"http:\/\/imagem.bocaonews.com.br\/fotos\/noticias\/148130\/mg\/002.jpg?time=1467639086\" alt=\"\" width=\"417\" height=\"278\" \/><\/p>\n<p style=\"text-align: justify\">Durante entrega de dez leitos de UTI no Hospital Santo Ant\u00f4nio, em Salvador, na manh\u00e3 desta segunda-feira (4), o petista minimizou a artilharia da qual tem sido alvo recentemente. &#8220;Talvez porque eu esteja focado em salvar vidas com estes equipamentos. Eu prefiro sempre estar empenhado em realizar a\u00e7\u00f5es para a popula\u00e7\u00e3o. Isso aqui me gratifica muito em saber que quatro vidas humanas ser\u00e3o salvas pela realiza\u00e7\u00e3o desse equipamento. Se isso significar cr\u00edtica de aliados pela aus\u00eancia da pol\u00edtica, eu me sinto realizado como ser humano por estar concentrando minhas energias para melhorar o sistema de sa\u00fade do estado, a educa\u00e7\u00e3o, para o povo viver melhor. Foi para isso que fui eleito, para isso que o povo me colocou no cargo de governador&#8221;, desconversou.<\/p>\n<p style=\"text-align: justify\">&#8220;N\u00e3o falo em nome dos presidentes dos partidos. N\u00e3o recebi essa nomea\u00e7\u00e3o para coordenar (as elei\u00e7\u00f5es)&#8221;, despistou.\u00a0A postura do governador na aus\u00eancia de condu\u00e7\u00e3o das elei\u00e7\u00f5es t\u00eam sido alvo de cr\u00edticas dos pr\u00f3prios aliados, como o presidente de Assembleia Legislativa da Bahia (Alba), deputado Marcelo Nilo (PSL), que j\u00e1 disse, publicamente, avaliar Rui como bom gestor, mas que tem deixado a desejar no quesito pol\u00edtica. Outros coligados do governador apoiam a postura do petista. Para eles, n\u00e3o vale a pena o gestor estadual entrar na briga nesse pleito para cair no colo dele um derrota para o prefeito ACM Neto.<\/p>\n<p style=\"text-align: justify\">Ao enfatizar que seguir\u00e1 com agenda voltada para sua fun\u00e7\u00e3o administrativa, Rui atribui a responsabilidade pelas negocia\u00e7\u00f5es sobre o pleito na capital baiana ao diret\u00f3rio do PT. &#8220;A quem cabe coordenar as elei\u00e7\u00f5es municipais s\u00e3o os presidentes de partidos pol\u00edticos e o governador continuar\u00e1 dialogando sobre pol\u00edtica, priorizando a\u00e7\u00f5es como esta, e eu quero at\u00e9 o final do m\u00eas abrir a UPA de Vit\u00f3ria da Conquista. Quero, ainda, neste segundo semestre, abrir vinte leitos de UTI no munic\u00edpio de Brumado e quero tamb\u00e9m em julho abrir mais dez leitos de UTI infantis em Eun\u00e1polis. A minha agenda est\u00e1 bastante ocupada com estas excelentes realiza\u00e7\u00f5es e assim pretendo continuar&#8221;, refor\u00e7ou seu distanciamento.<\/p>\n<p style=\"text-align: justify\"><em><strong>Boc\u00e3o News<\/strong><\/em><\/p>\n","protected":false},"excerpt":{"rendered":"<p>O governador Rui Costa (PT) n\u00e3o esconde sua dist\u00e2ncia sobre a disputa eleitoral em Salvador, onde at\u00e9 o momento sua base n\u00e3o tem uma defini\u00e7\u00e3o clara sobre candidaturas que poder\u00e3o enfrentar o prefeito ACM Neto (DEM) em outubro. Aliados do governador t\u00eam feito cr\u00edticas ao estilo do chefe do Executivo estadual diante das dificuldades de consenso no grupo que tem como principais siglas PT, PSB, PCdoB e PSD. Durante entrega de dez leitos de UTI no Hospital Santo Ant\u00f4nio, em Salvador, na manh\u00e3 desta segunda-feira (4), o petista minimizou a artilharia da qual tem sido alvo recentemente. &#8220;Talvez porque eu esteja focado em salvar vidas com estes equipamentos. Eu prefiro sempre estar empenhado em realizar a\u00e7\u00f5es para a popula\u00e7\u00e3o. Isso&hellip; <\/p>\n","protected":false},"author":7,"featured_media":0,"comment_status":"open","ping_status":"open","sticky":false,"template":"","format":"standard","meta":{"_acf_changed":false,"footnotes":""},"categories":[1],"tags":[],"class_list":["post-144525","post","type-post","status-publish","format-standard","hentry","category-politica"],"acf":[],"yoast_head":"<!-- This site is optimized with the Yoast SEO plugin v27.4 - https:\/\/yoast.com\/product\/yoast-seo-wordpress\/ -->\n<title>AUSENTE DO DEBATE SOBRE ELEI\u00c7\u00d5ES, RUI DIZ ESTAR FOCADO EM REALIZA\u00c7\u00d5ES DO GOVERNO - Blog do Farn\u00e9sio<\/title>\n<meta name=\"robots\" content=\"index, follow, max-snippet:-1, max-image-preview:large, max-video-preview:-1\" \/>\n<link rel=\"canonical\" href=\"https:\/\/blogdofarnesio.com.br\/?p=144525\" \/>\n<meta property=\"og:locale\" content=\"pt_BR\" \/>\n<meta property=\"og:type\" content=\"article\" \/>\n<meta property=\"og:title\" content=\"AUSENTE DO DEBATE SOBRE ELEI\u00c7\u00d5ES, RUI DIZ ESTAR FOCADO EM REALIZA\u00c7\u00d5ES DO GOVERNO - Blog do Farn\u00e9sio\" \/>\n<meta property=\"og:description\" content=\"O governador Rui Costa (PT) n\u00e3o esconde sua dist\u00e2ncia sobre a disputa eleitoral em Salvador, onde at\u00e9 o momento sua base n\u00e3o tem uma defini\u00e7\u00e3o clara sobre candidaturas que poder\u00e3o enfrentar o prefeito ACM Neto (DEM) em outubro. Aliados do governador t\u00eam feito cr\u00edticas ao estilo do chefe do Executivo estadual diante das dificuldades de consenso no grupo que tem como principais siglas PT, PSB, PCdoB e PSD. Durante entrega de dez leitos de UTI no Hospital Santo Ant\u00f4nio, em Salvador, na manh\u00e3 desta segunda-feira (4), o petista minimizou a artilharia da qual tem sido alvo recentemente. &#8220;Talvez porque eu esteja focado em salvar vidas com estes equipamentos. Eu prefiro sempre estar empenhado em realizar a\u00e7\u00f5es para a popula\u00e7\u00e3o. Isso&hellip;\" \/>\n<meta property=\"og:url\" content=\"https:\/\/blogdofarnesio.com.br\/?p=144525\" \/>\n<meta property=\"og:site_name\" content=\"Blog do Farn\u00e9sio\" \/>\n<meta property=\"article:publisher\" content=\"https:\/\/www.facebook.com\/BlogQuerSaberPolitica\/\" \/>\n<meta property=\"article:published_time\" content=\"2016-07-04T15:30:29+00:00\" \/>\n<meta property=\"og:image\" content=\"http:\/\/imagem.bocaonews.com.br\/fotos\/noticias\/148130\/mg\/002.jpg?time=1467639086\" \/>\n<meta name=\"twitter:card\" content=\"summary_large_image\" \/>\n<meta name=\"twitter:label1\" content=\"Escrito por\" \/>\n\t<meta name=\"twitter:data1\" content=\"\" \/>\n\t<meta name=\"twitter:label2\" content=\"Est. tempo de leitura\" \/>\n\t<meta name=\"twitter:data2\" content=\"2 minutos\" \/>\n<script type=\"application\/ld+json\" class=\"yoast-schema-graph\">{\"@context\":\"https:\\\/\\\/schema.org\",\"@graph\":[{\"@type\":\"Article\",\"@id\":\"https:\\\/\\\/blogdofarnesio.com.br\\\/?p=144525#article\",\"isPartOf\":{\"@id\":\"https:\\\/\\\/blogdofarnesio.com.br\\\/?p=144525\"},\"author\":{\"name\":\"\",\"@id\":\"\"},\"headline\":\"AUSENTE DO DEBATE SOBRE ELEI\u00c7\u00d5ES, RUI DIZ ESTAR FOCADO EM REALIZA\u00c7\u00d5ES DO GOVERNO\",\"datePublished\":\"2016-07-04T15:30:29+00:00\",\"mainEntityOfPage\":{\"@id\":\"https:\\\/\\\/blogdofarnesio.com.br\\\/?p=144525\"},\"wordCount\":464,\"commentCount\":0,\"publisher\":{\"@id\":\"https:\\\/\\\/blogdofarnesio.com.br\\\/#organization\"},\"image\":{\"@id\":\"https:\\\/\\\/blogdofarnesio.com.br\\\/?p=144525#primaryimage\"},\"thumbnailUrl\":\"http:\\\/\\\/imagem.bocaonews.com.br\\\/fotos\\\/noticias\\\/148130\\\/mg\\\/002.jpg?time=1467639086\",\"articleSection\":[\"Pol\u00edtica\"],\"inLanguage\":\"pt-BR\",\"potentialAction\":[{\"@type\":\"CommentAction\",\"name\":\"Comment\",\"target\":[\"https:\\\/\\\/blogdofarnesio.com.br\\\/?p=144525#respond\"]}]},{\"@type\":\"WebPage\",\"@id\":\"https:\\\/\\\/blogdofarnesio.com.br\\\/?p=144525\",\"url\":\"https:\\\/\\\/blogdofarnesio.com.br\\\/?p=144525\",\"name\":\"AUSENTE DO DEBATE SOBRE ELEI\u00c7\u00d5ES, RUI DIZ ESTAR FOCADO EM REALIZA\u00c7\u00d5ES DO GOVERNO - Blog do Farn\u00e9sio\",\"isPartOf\":{\"@id\":\"https:\\\/\\\/blogdofarnesio.com.br\\\/#website\"},\"primaryImageOfPage\":{\"@id\":\"https:\\\/\\\/blogdofarnesio.com.br\\\/?p=144525#primaryimage\"},\"image\":{\"@id\":\"https:\\\/\\\/blogdofarnesio.com.br\\\/?p=144525#primaryimage\"},\"thumbnailUrl\":\"http:\\\/\\\/imagem.bocaonews.com.br\\\/fotos\\\/noticias\\\/148130\\\/mg\\\/002.jpg?time=1467639086\",\"datePublished\":\"2016-07-04T15:30:29+00:00\",\"breadcrumb\":{\"@id\":\"https:\\\/\\\/blogdofarnesio.com.br\\\/?p=144525#breadcrumb\"},\"inLanguage\":\"pt-BR\",\"potentialAction\":[{\"@type\":\"ReadAction\",\"target\":[\"https:\\\/\\\/blogdofarnesio.com.br\\\/?p=144525\"]}]},{\"@type\":\"ImageObject\",\"inLanguage\":\"pt-BR\",\"@id\":\"https:\\\/\\\/blogdofarnesio.com.br\\\/?p=144525#primaryimage\",\"url\":\"http:\\\/\\\/imagem.bocaonews.com.br\\\/fotos\\\/noticias\\\/148130\\\/mg\\\/002.jpg?time=1467639086\",\"contentUrl\":\"http:\\\/\\\/imagem.bocaonews.com.br\\\/fotos\\\/noticias\\\/148130\\\/mg\\\/002.jpg?time=1467639086\"},{\"@type\":\"BreadcrumbList\",\"@id\":\"https:\\\/\\\/blogdofarnesio.com.br\\\/?p=144525#breadcrumb\",\"itemListElement\":[{\"@type\":\"ListItem\",\"position\":1,\"name\":\"In\u00edcio\",\"item\":\"https:\\\/\\\/blogdofarnesio.com.br\\\/\"},{\"@type\":\"ListItem\",\"position\":2,\"name\":\"AUSENTE DO DEBATE SOBRE ELEI\u00c7\u00d5ES, RUI DIZ ESTAR FOCADO EM REALIZA\u00c7\u00d5ES DO GOVERNO\"}]},{\"@type\":\"WebSite\",\"@id\":\"https:\\\/\\\/blogdofarnesio.com.br\\\/#website\",\"url\":\"https:\\\/\\\/blogdofarnesio.com.br\\\/\",\"name\":\"Blog do Farn\u00e9sio\",\"description\":\"Quer Saber Pol\u00edtica?\",\"publisher\":{\"@id\":\"https:\\\/\\\/blogdofarnesio.com.br\\\/#organization\"},\"potentialAction\":[{\"@type\":\"SearchAction\",\"target\":{\"@type\":\"EntryPoint\",\"urlTemplate\":\"https:\\\/\\\/blogdofarnesio.com.br\\\/?s={search_term_string}\"},\"query-input\":{\"@type\":\"PropertyValueSpecification\",\"valueRequired\":true,\"valueName\":\"search_term_string\"}}],\"inLanguage\":\"pt-BR\"},{\"@type\":\"Organization\",\"@id\":\"https:\\\/\\\/blogdofarnesio.com.br\\\/#organization\",\"name\":\"Blog do Farn\u00e9sio\",\"url\":\"https:\\\/\\\/blogdofarnesio.com.br\\\/\",\"logo\":{\"@type\":\"ImageObject\",\"inLanguage\":\"pt-BR\",\"@id\":\"https:\\\/\\\/blogdofarnesio.com.br\\\/#\\\/schema\\\/logo\\\/image\\\/\",\"url\":\"https:\\\/\\\/blogdofarnesio.com.br\\\/wp-content\\\/uploads\\\/2026\\\/03\\\/cropped-logo_new-1.png\",\"contentUrl\":\"https:\\\/\\\/blogdofarnesio.com.br\\\/wp-content\\\/uploads\\\/2026\\\/03\\\/cropped-logo_new-1.png\",\"width\":881,\"height\":685,\"caption\":\"Blog do Farn\u00e9sio\"},\"image\":{\"@id\":\"https:\\\/\\\/blogdofarnesio.com.br\\\/#\\\/schema\\\/logo\\\/image\\\/\"},\"sameAs\":[\"https:\\\/\\\/www.facebook.com\\\/BlogQuerSaberPolitica\\\/\"]},{\"@type\":\"Person\",\"@id\":\"\",\"url\":\"https:\\\/\\\/blogdofarnesio.com.br\\\/?author=7\"}]}<\/script>\n<!-- \/ Yoast SEO plugin. -->","yoast_head_json":{"title":"AUSENTE DO DEBATE SOBRE ELEI\u00c7\u00d5ES, RUI DIZ ESTAR FOCADO EM REALIZA\u00c7\u00d5ES DO GOVERNO - Blog do Farn\u00e9sio","robots":{"index":"index","follow":"follow","max-snippet":"max-snippet:-1","max-image-preview":"max-image-preview:large","max-video-preview":"max-video-preview:-1"},"canonical":"https:\/\/blogdofarnesio.com.br\/?p=144525","og_locale":"pt_BR","og_type":"article","og_title":"AUSENTE DO DEBATE SOBRE ELEI\u00c7\u00d5ES, RUI DIZ ESTAR FOCADO EM REALIZA\u00c7\u00d5ES DO GOVERNO - Blog do Farn\u00e9sio","og_description":"O governador Rui Costa (PT) n\u00e3o esconde sua dist\u00e2ncia sobre a disputa eleitoral em Salvador, onde at\u00e9 o momento sua base n\u00e3o tem uma defini\u00e7\u00e3o clara sobre candidaturas que poder\u00e3o enfrentar o prefeito ACM Neto (DEM) em outubro. Aliados do governador t\u00eam feito cr\u00edticas ao estilo do chefe do Executivo estadual diante das dificuldades de consenso no grupo que tem como principais siglas PT, PSB, PCdoB e PSD. Durante entrega de dez leitos de UTI no Hospital Santo Ant\u00f4nio, em Salvador, na manh\u00e3 desta segunda-feira (4), o petista minimizou a artilharia da qual tem sido alvo recentemente. &#8220;Talvez porque eu esteja focado em salvar vidas com estes equipamentos. Eu prefiro sempre estar empenhado em realizar a\u00e7\u00f5es para a popula\u00e7\u00e3o. Isso&hellip;","og_url":"https:\/\/blogdofarnesio.com.br\/?p=144525","og_site_name":"Blog do Farn\u00e9sio","article_publisher":"https:\/\/www.facebook.com\/BlogQuerSaberPolitica\/","article_published_time":"2016-07-04T15:30:29+00:00","og_image":[{"url":"http:\/\/imagem.bocaonews.com.br\/fotos\/noticias\/148130\/mg\/002.jpg?time=1467639086","type":"","width":"","height":""}],"twitter_card":"summary_large_image","twitter_misc":{"Escrito por":"","Est. tempo de leitura":"2 minutos"},"schema":{"@context":"https:\/\/schema.org","@graph":[{"@type":"Article","@id":"https:\/\/blogdofarnesio.com.br\/?p=144525#article","isPartOf":{"@id":"https:\/\/blogdofarnesio.com.br\/?p=144525"},"author":{"name":"","@id":""},"headline":"AUSENTE DO DEBATE SOBRE ELEI\u00c7\u00d5ES, RUI DIZ ESTAR FOCADO EM REALIZA\u00c7\u00d5ES DO GOVERNO","datePublished":"2016-07-04T15:30:29+00:00","mainEntityOfPage":{"@id":"https:\/\/blogdofarnesio.com.br\/?p=144525"},"wordCount":464,"commentCount":0,"publisher":{"@id":"https:\/\/blogdofarnesio.com.br\/#organization"},"image":{"@id":"https:\/\/blogdofarnesio.com.br\/?p=144525#primaryimage"},"thumbnailUrl":"http:\/\/imagem.bocaonews.com.br\/fotos\/noticias\/148130\/mg\/002.jpg?time=1467639086","articleSection":["Pol\u00edtica"],"inLanguage":"pt-BR","potentialAction":[{"@type":"CommentAction","name":"Comment","target":["https:\/\/blogdofarnesio.com.br\/?p=144525#respond"]}]},{"@type":"WebPage","@id":"https:\/\/blogdofarnesio.com.br\/?p=144525","url":"https:\/\/blogdofarnesio.com.br\/?p=144525","name":"AUSENTE DO DEBATE SOBRE ELEI\u00c7\u00d5ES, RUI DIZ ESTAR FOCADO EM REALIZA\u00c7\u00d5ES DO GOVERNO - Blog do Farn\u00e9sio","isPartOf":{"@id":"https:\/\/blogdofarnesio.com.br\/#website"},"primaryImageOfPage":{"@id":"https:\/\/blogdofarnesio.com.br\/?p=144525#primaryimage"},"image":{"@id":"https:\/\/blogdofarnesio.com.br\/?p=144525#primaryimage"},"thumbnailUrl":"http:\/\/imagem.bocaonews.com.br\/fotos\/noticias\/148130\/mg\/002.jpg?time=1467639086","datePublished":"2016-07-04T15:30:29+00:00","breadcrumb":{"@id":"https:\/\/blogdofarnesio.com.br\/?p=144525#breadcrumb"},"inLanguage":"pt-BR","potentialAction":[{"@type":"ReadAction","target":["https:\/\/blogdofarnesio.com.br\/?p=144525"]}]},{"@type":"ImageObject","inLanguage":"pt-BR","@id":"https:\/\/blogdofarnesio.com.br\/?p=144525#primaryimage","url":"http:\/\/imagem.bocaonews.com.br\/fotos\/noticias\/148130\/mg\/002.jpg?time=1467639086","contentUrl":"http:\/\/imagem.bocaonews.com.br\/fotos\/noticias\/148130\/mg\/002.jpg?time=1467639086"},{"@type":"BreadcrumbList","@id":"https:\/\/blogdofarnesio.com.br\/?p=144525#breadcrumb","itemListElement":[{"@type":"ListItem","position":1,"name":"In\u00edcio","item":"https:\/\/blogdofarnesio.com.br\/"},{"@type":"ListItem","position":2,"name":"AUSENTE DO DEBATE SOBRE ELEI\u00c7\u00d5ES, RUI DIZ ESTAR FOCADO EM REALIZA\u00c7\u00d5ES DO GOVERNO"}]},{"@type":"WebSite","@id":"https:\/\/blogdofarnesio.com.br\/#website","url":"https:\/\/blogdofarnesio.com.br\/","name":"Blog do Farn\u00e9sio","description":"Quer Saber Pol\u00edtica?","publisher":{"@id":"https:\/\/blogdofarnesio.com.br\/#organization"},"potentialAction":[{"@type":"SearchAction","target":{"@type":"EntryPoint","urlTemplate":"https:\/\/blogdofarnesio.com.br\/?s={search_term_string}"},"query-input":{"@type":"PropertyValueSpecification","valueRequired":true,"valueName":"search_term_string"}}],"inLanguage":"pt-BR"},{"@type":"Organization","@id":"https:\/\/blogdofarnesio.com.br\/#organization","name":"Blog do Farn\u00e9sio","url":"https:\/\/blogdofarnesio.com.br\/","logo":{"@type":"ImageObject","inLanguage":"pt-BR","@id":"https:\/\/blogdofarnesio.com.br\/#\/schema\/logo\/image\/","url":"https:\/\/blogdofarnesio.com.br\/wp-content\/uploads\/2026\/03\/cropped-logo_new-1.png","contentUrl":"https:\/\/blogdofarnesio.com.br\/wp-content\/uploads\/2026\/03\/cropped-logo_new-1.png","width":881,"height":685,"caption":"Blog do Farn\u00e9sio"},"image":{"@id":"https:\/\/blogdofarnesio.com.br\/#\/schema\/logo\/image\/"},"sameAs":["https:\/\/www.facebook.com\/BlogQuerSaberPolitica\/"]},{"@type":"Person","@id":"","url":"https:\/\/blogdofarnesio.com.br\/?author=7"}]}},"_links":{"self":[{"href":"https:\/\/blogdofarnesio.com.br\/index.php?rest_route=\/wp\/v2\/posts\/144525","targetHints":{"allow":["GET"]}}],"collection":[{"href":"https:\/\/blogdofarnesio.com.br\/index.php?rest_route=\/wp\/v2\/posts"}],"about":[{"href":"https:\/\/blogdofarnesio.com.br\/index.php?rest_route=\/wp\/v2\/types\/post"}],"author":[{"embeddable":true,"href":"https:\/\/blogdofarnesio.com.br\/index.php?rest_route=\/wp\/v2\/users\/7"}],"replies":[{"embeddable":true,"href":"https:\/\/blogdofarnesio.com.br\/index.php?rest_route=%2Fwp%2Fv2%2Fcomments&post=144525"}],"version-history":[{"count":0,"href":"https:\/\/blogdofarnesio.com.br\/index.php?rest_route=\/wp\/v2\/posts\/144525\/revisions"}],"wp:attachment":[{"href":"https:\/\/blogdofarnesio.com.br\/index.php?rest_route=%2Fwp%2Fv2%2Fmedia&parent=144525"}],"wp:term":[{"taxonomy":"category","embeddable":true,"href":"https:\/\/blogdofarnesio.com.br\/index.php?rest_route=%2Fwp%2Fv2%2Fcategories&post=144525"},{"taxonomy":"post_tag","embeddable":true,"href":"https:\/\/blogdofarnesio.com.br\/index.php?rest_route=%2Fwp%2Fv2%2Ftags&post=144525"}],"curies":[{"name":"wp","href":"https:\/\/api.w.org\/{rel}","templated":true}]}}