{"id":14438,"date":"2012-05-31T09:00:37","date_gmt":"2012-05-31T09:00:37","guid":{"rendered":"http:\/\/www.quersaberpolitica.com.br?p=14438"},"modified":"2012-05-31T09:11:08","modified_gmt":"2012-05-31T09:11:08","slug":"triste-constatacao-","status":"publish","type":"post","link":"https:\/\/blogdofarnesio.com.br\/?p=14438","title":{"rendered":"Triste Constata\u00e7\u00e3o !!"},"content":{"rendered":"<p class=\"western\" style=\"color: #000000; font-style: normal; font-variant: normal; font-weight: normal; letter-spacing: normal; line-height: normal; orphans: 2; text-indent: 0px; text-transform: none; white-space: normal; widows: 2; word-spacing: 0px; background-color: #ffffff; text-align: justify;\"><span style=\"font-family: arial,helvetica,sans-serif;\"><span style=\"font-size: medium;\"><span style=\"font-size: small;\"><a rel=\"lightbox\" href=\"http:\/\/www.quersaberpolitica.com.br\/2016\/wp-content\/uploads\/2012\/12\/blogqsposvaldo01.jpg\"><img loading=\"lazy\" decoding=\"async\" style=\"float: left; margin: 5px 10px;\" src=\"http:\/\/www.quersaberpolitica.com.br\/2016\/wp-content\/uploads\/2012\/12\/blogqsposvaldo01.jpg\" alt=\"\" width=\"200\" height=\"150\" \/><\/a>Se  o projeto iniciar como estabelecido, logo seriam 800 oportunidades para  a agricultura familiar, novos 100 empres&aacute;rios seriam incorporados.<\/span><\/span><\/span><\/p>\n<p class=\"western\" style=\"color: #000000; font-style: normal; font-variant: normal; font-weight: normal; letter-spacing: normal; line-height: normal; orphans: 2; text-indent: 0px; text-transform: none; white-space: normal; widows: 2; word-spacing: 0px; background-color: #ffffff; text-align: justify;\"><span style=\"font-family: arial,helvetica,sans-serif;\"><span style=\"font-size: medium;\"><span style=\"font-size: small;\">Esta  proposta de restabelecer o prop&oacute;sito inicial do Pontal, de atender a  m&atilde;o-de-obra familiar &eacute; coerente com o compromisso do Governo de cuidar  dos pequenos, vide o Pronaf. Ainda &eacute; hora de revis&atilde;o do Pontal.<\/span><\/span><\/span><\/p>\n<p class=\"western\" style=\"color: #000000; font-style: normal; font-variant: normal; font-weight: normal; letter-spacing: normal; line-height: normal; orphans: 2; text-indent: 0px; text-transform: none; white-space: normal; widows: 2; word-spacing: 0px; background-color: #ffffff; text-align: justify;\"><span style=\"font-family: arial,helvetica,sans-serif;\"><span style=\"font-size: medium;\"><span style=\"font-size: small;\">Se  n&atilde;o houver revis&atilde;o, estaremos perdendo a oportunidade de atender 800  colonos, com total de 6 hectares, que ainda podem ser 1.600 se  redimensionar o tamanho do lote para 3 hectares.<\/span><\/span><\/span><\/p>\n<p class=\"western\" style=\"color: #000000; font-style: normal; font-variant: normal; font-weight: normal; letter-spacing: normal; line-height: normal; orphans: 2; text-indent: 0px; text-transform: none; white-space: normal; widows: 2; word-spacing: 0px; background-color: #ffffff; text-align: justify;\"><span style=\"font-family: arial,helvetica,sans-serif;\"><span style=\"font-size: medium;\"><span style=\"font-size: small;\">Quando  se imaginou 6 hectares, a ideia era uma cultura de curto prazo, contudo  a irriga&ccedil;&atilde;o passou para cultura permanente que podem ser 3 hectares.<\/span><\/span><\/span><\/p>\n<p class=\"western\" style=\"color: #000000; font-style: normal; font-variant: normal; font-weight: normal; letter-spacing: normal; line-height: normal; orphans: 2; text-indent: 0px; text-transform: none; white-space: normal; widows: 2; word-spacing: 0px; background-color: #ffffff; text-align: justify;\"><span style=\"font-family: arial,helvetica,sans-serif;\"><span style=\"font-size: medium;\"><span style=\"font-size: small;\">Est&atilde;o  no comando dos interesses do Semi&aacute;rido tr&ecirc;s gestores que, juntos,  melhor podem assessorar a presidente Dilma Rousseff, s&atilde;o o Ministro da  Integra&ccedil;&atilde;o, Fernando Bezerra Coelho, o presidente da Codevasf, Elmo Vaz e  o Superintendente da Sudene, Paes Landim. Bem que os tr&ecirc;s poderiam  bancar a ideia de desconsiderar a ideia da Parceria P&uacute;blico-Privada  (PPP).<\/span><\/span><\/span><\/p>\n<p class=\"western\" style=\"color: #000000; font-style: normal; font-variant: normal; font-weight: normal; letter-spacing: normal; line-height: normal; orphans: 2; text-indent: 0px; text-transform: none; white-space: normal; widows: 2; word-spacing: 0px; background-color: #ffffff; text-align: justify;\"><span style=\"font-family: arial,helvetica,sans-serif;\"><span style=\"font-size: medium;\"><span style=\"font-size: small;\">O  aperfei&ccedil;oamento da democracia passa pela participa&ccedil;&atilde;o da comunidade em  rela&ccedil;&atilde;o ao seu destino. &nbsp;O destino &eacute; constru&iacute;do pela pr&oacute;pria vontade da  comunidade.<\/span><\/span><\/span><\/p>\n<p class=\"western\" style=\"color: #000000; font-style: normal; font-variant: normal; font-weight: normal; letter-spacing: normal; line-height: normal; orphans: 2; text-indent: 0px; text-transform: none; white-space: normal; widows: 2; word-spacing: 0px; background-color: #ffffff; text-align: justify;\"><span style=\"font-family: arial,helvetica,sans-serif;\"><span style=\"font-size: medium;\"><span style=\"font-size: small;\">Vale uma consulta aos tantos habitantes do Semi&aacute;rido se aplaudem os lotes de sequeiro ou querem a terra molhada.<\/span><\/span><\/span><\/p>\n<p class=\"western\" style=\"color: #000000; font-style: normal; font-variant: normal; font-weight: normal; letter-spacing: normal; line-height: normal; orphans: 2; text-indent: 0px; text-transform: none; white-space: normal; widows: 2; word-spacing: 0px; background-color: #ffffff; text-align: justify;\"><span style=\"font-family: arial,helvetica,sans-serif;\"><span style=\"font-size: medium;\"><span style=\"font-size: small;\">Viver  no sequeiro s&oacute; se n&atilde;o houver outra alternativa. O que sonhamos &eacute; com  terra irrigada. Com o PPP, o Governo est&aacute; na contram&atilde;o do sonho do  Semi&aacute;rido.<\/span><\/span><\/span><\/p>\n<p class=\"western\" style=\"color: #000000; font-style: normal; font-variant: normal; font-weight: normal; letter-spacing: normal; line-height: normal; orphans: 2; text-indent: 0px; text-transform: none; white-space: normal; widows: 2; word-spacing: 0px; background-color: #ffffff; text-align: justify;\"><span style=\"font-family: arial,helvetica,sans-serif;\"><span style=\"font-size: medium;\"><span style=\"font-size: small;\">Este  assunto, salvo melhor ju&iacute;zo, confiamos que ser&aacute; posto &agrave; decis&atilde;o  presidencial. O modelo inicial do Pontal de contemplar 800\/1.600  colonos, creio, est&aacute; mais alinhado ao modo de pensar da presidente Dilma  Rousseff.<\/span><\/span><\/span><\/p>\n<p class=\"western\" style=\"color: #000000; font-style: normal; font-variant: normal; font-weight: normal; letter-spacing: normal; line-height: normal; orphans: 2; text-indent: 0px; text-transform: none; white-space: normal; widows: 2; word-spacing: 0px; background-color: #ffffff; text-align: justify;\"><span style=\"font-family: arial,helvetica,sans-serif;\"><span style=\"font-size: medium;\">&nbsp;<\/span><\/span><\/p>\n<p class=\"western\" style=\"color: #000000; font-style: normal; font-variant: normal; font-weight: normal; letter-spacing: normal; line-height: normal; orphans: 2; text-indent: 0px; text-transform: none; white-space: normal; widows: 2; word-spacing: 0px; background-color: #ffffff; text-align: justify;\"><span style=\"font-family: arial,helvetica,sans-serif;\"><span style=\"font-size: medium;\"><span style=\"font-size: small;\">Osvaldo Coelho<\/span><\/span><\/span><\/p>\n<p class=\"western\" style=\"color: #000000; font-style: normal; font-variant: normal; font-weight: normal; letter-spacing: normal; line-height: normal; orphans: 2; text-indent: 0px; text-transform: none; white-space: normal; widows: 2; word-spacing: 0px; background-color: #ffffff; text-align: justify;\"><span style=\"font-family: arial,helvetica,sans-serif;\"><span style=\"font-size: medium;\"><span style=\"font-size: small;\">Foi Deputado Federal<\/span><\/span><\/span><\/p>\n","protected":false},"excerpt":{"rendered":"<p>Se o projeto iniciar como estabelecido, logo seriam 800 oportunidades para a agricultura familiar, novos 100 empres&aacute;rios seriam incorporados. Esta proposta de restabelecer o prop&oacute;sito inicial do Pontal, de atender a m&atilde;o-de-obra familiar &eacute; coerente com o compromisso do Governo de cuidar dos pequenos, vide o Pronaf. Ainda &eacute; hora de revis&atilde;o do Pontal. Se n&atilde;o houver revis&atilde;o, estaremos perdendo a oportunidade de atender 800 colonos, com total de 6 hectares, que ainda podem ser 1.600 se redimensionar o tamanho do lote para 3 hectares. Quando se imaginou 6 hectares, a ideia era uma cultura de curto prazo, contudo a irriga&ccedil;&atilde;o passou para cultura permanente que podem ser 3 hectares. Est&atilde;o no comando dos interesses do Semi&aacute;rido tr&ecirc;s gestores que,&hellip; <\/p>\n","protected":false},"author":0,"featured_media":0,"comment_status":"open","ping_status":"open","sticky":false,"template":"","format":"standard","meta":{"_acf_changed":false,"footnotes":""},"categories":[30],"tags":[],"class_list":["post-14438","post","type-post","status-publish","format-standard","hentry","category-artigo"],"acf":[],"yoast_head":"<!-- This site is optimized with the Yoast SEO plugin v27.4 - https:\/\/yoast.com\/product\/yoast-seo-wordpress\/ -->\n<title>Triste Constata\u00e7\u00e3o !! - Blog do Farn\u00e9sio<\/title>\n<meta name=\"robots\" content=\"index, follow, max-snippet:-1, max-image-preview:large, max-video-preview:-1\" \/>\n<link rel=\"canonical\" href=\"https:\/\/blogdofarnesio.com.br\/?p=14438\" \/>\n<meta property=\"og:locale\" content=\"pt_BR\" \/>\n<meta property=\"og:type\" content=\"article\" \/>\n<meta property=\"og:title\" content=\"Triste Constata\u00e7\u00e3o !! - Blog do Farn\u00e9sio\" \/>\n<meta property=\"og:description\" content=\"Se o projeto iniciar como estabelecido, logo seriam 800 oportunidades para a agricultura familiar, novos 100 empres&aacute;rios seriam incorporados. Esta proposta de restabelecer o prop&oacute;sito inicial do Pontal, de atender a m&atilde;o-de-obra familiar &eacute; coerente com o compromisso do Governo de cuidar dos pequenos, vide o Pronaf. Ainda &eacute; hora de revis&atilde;o do Pontal. Se n&atilde;o houver revis&atilde;o, estaremos perdendo a oportunidade de atender 800 colonos, com total de 6 hectares, que ainda podem ser 1.600 se redimensionar o tamanho do lote para 3 hectares. Quando se imaginou 6 hectares, a ideia era uma cultura de curto prazo, contudo a irriga&ccedil;&atilde;o passou para cultura permanente que podem ser 3 hectares. Est&atilde;o no comando dos interesses do Semi&aacute;rido tr&ecirc;s gestores que,&hellip;\" \/>\n<meta property=\"og:url\" content=\"https:\/\/blogdofarnesio.com.br\/?p=14438\" \/>\n<meta property=\"og:site_name\" content=\"Blog do Farn\u00e9sio\" \/>\n<meta property=\"article:publisher\" content=\"https:\/\/www.facebook.com\/BlogQuerSaberPolitica\/\" \/>\n<meta property=\"article:published_time\" content=\"2012-05-31T09:00:37+00:00\" \/>\n<meta property=\"article:modified_time\" content=\"2012-05-31T09:11:08+00:00\" \/>\n<meta property=\"og:image\" content=\"http:\/\/www.quersaberpolitica.com.br\/2016\/wp-content\/uploads\/2012\/12\/blogqsposvaldo01.jpg\" \/>\n<meta name=\"twitter:card\" content=\"summary_large_image\" \/>\n<meta name=\"twitter:label1\" content=\"Est. tempo de leitura\" \/>\n\t<meta name=\"twitter:data1\" content=\"2 minutos\" \/>\n<script type=\"application\/ld+json\" class=\"yoast-schema-graph\">{\"@context\":\"https:\\\/\\\/schema.org\",\"@graph\":[{\"@type\":\"Article\",\"@id\":\"https:\\\/\\\/blogdofarnesio.com.br\\\/?p=14438#article\",\"isPartOf\":{\"@id\":\"https:\\\/\\\/blogdofarnesio.com.br\\\/?p=14438\"},\"author\":{\"name\":\"\",\"@id\":\"\"},\"headline\":\"Triste Constata\u00e7\u00e3o !!\",\"datePublished\":\"2012-05-31T09:00:37+00:00\",\"dateModified\":\"2012-05-31T09:11:08+00:00\",\"mainEntityOfPage\":{\"@id\":\"https:\\\/\\\/blogdofarnesio.com.br\\\/?p=14438\"},\"wordCount\":327,\"commentCount\":0,\"publisher\":{\"@id\":\"https:\\\/\\\/blogdofarnesio.com.br\\\/#organization\"},\"image\":{\"@id\":\"https:\\\/\\\/blogdofarnesio.com.br\\\/?p=14438#primaryimage\"},\"thumbnailUrl\":\"http:\\\/\\\/www.quersaberpolitica.com.br\\\/2016\\\/wp-content\\\/uploads\\\/2012\\\/12\\\/blogqsposvaldo01.jpg\",\"articleSection\":[\"Artigo\"],\"inLanguage\":\"pt-BR\",\"potentialAction\":[{\"@type\":\"CommentAction\",\"name\":\"Comment\",\"target\":[\"https:\\\/\\\/blogdofarnesio.com.br\\\/?p=14438#respond\"]}]},{\"@type\":\"WebPage\",\"@id\":\"https:\\\/\\\/blogdofarnesio.com.br\\\/?p=14438\",\"url\":\"https:\\\/\\\/blogdofarnesio.com.br\\\/?p=14438\",\"name\":\"Triste Constata\u00e7\u00e3o !! - Blog do Farn\u00e9sio\",\"isPartOf\":{\"@id\":\"https:\\\/\\\/blogdofarnesio.com.br\\\/#website\"},\"primaryImageOfPage\":{\"@id\":\"https:\\\/\\\/blogdofarnesio.com.br\\\/?p=14438#primaryimage\"},\"image\":{\"@id\":\"https:\\\/\\\/blogdofarnesio.com.br\\\/?p=14438#primaryimage\"},\"thumbnailUrl\":\"http:\\\/\\\/www.quersaberpolitica.com.br\\\/2016\\\/wp-content\\\/uploads\\\/2012\\\/12\\\/blogqsposvaldo01.jpg\",\"datePublished\":\"2012-05-31T09:00:37+00:00\",\"dateModified\":\"2012-05-31T09:11:08+00:00\",\"breadcrumb\":{\"@id\":\"https:\\\/\\\/blogdofarnesio.com.br\\\/?p=14438#breadcrumb\"},\"inLanguage\":\"pt-BR\",\"potentialAction\":[{\"@type\":\"ReadAction\",\"target\":[\"https:\\\/\\\/blogdofarnesio.com.br\\\/?p=14438\"]}]},{\"@type\":\"ImageObject\",\"inLanguage\":\"pt-BR\",\"@id\":\"https:\\\/\\\/blogdofarnesio.com.br\\\/?p=14438#primaryimage\",\"url\":\"http:\\\/\\\/www.quersaberpolitica.com.br\\\/2016\\\/wp-content\\\/uploads\\\/2012\\\/12\\\/blogqsposvaldo01.jpg\",\"contentUrl\":\"http:\\\/\\\/www.quersaberpolitica.com.br\\\/2016\\\/wp-content\\\/uploads\\\/2012\\\/12\\\/blogqsposvaldo01.jpg\"},{\"@type\":\"BreadcrumbList\",\"@id\":\"https:\\\/\\\/blogdofarnesio.com.br\\\/?p=14438#breadcrumb\",\"itemListElement\":[{\"@type\":\"ListItem\",\"position\":1,\"name\":\"In\u00edcio\",\"item\":\"https:\\\/\\\/blogdofarnesio.com.br\\\/\"},{\"@type\":\"ListItem\",\"position\":2,\"name\":\"Triste Constata\u00e7\u00e3o !!\"}]},{\"@type\":\"WebSite\",\"@id\":\"https:\\\/\\\/blogdofarnesio.com.br\\\/#website\",\"url\":\"https:\\\/\\\/blogdofarnesio.com.br\\\/\",\"name\":\"Blog do Farn\u00e9sio\",\"description\":\"Quer Saber Pol\u00edtica?\",\"publisher\":{\"@id\":\"https:\\\/\\\/blogdofarnesio.com.br\\\/#organization\"},\"potentialAction\":[{\"@type\":\"SearchAction\",\"target\":{\"@type\":\"EntryPoint\",\"urlTemplate\":\"https:\\\/\\\/blogdofarnesio.com.br\\\/?s={search_term_string}\"},\"query-input\":{\"@type\":\"PropertyValueSpecification\",\"valueRequired\":true,\"valueName\":\"search_term_string\"}}],\"inLanguage\":\"pt-BR\"},{\"@type\":\"Organization\",\"@id\":\"https:\\\/\\\/blogdofarnesio.com.br\\\/#organization\",\"name\":\"Blog do Farn\u00e9sio\",\"url\":\"https:\\\/\\\/blogdofarnesio.com.br\\\/\",\"logo\":{\"@type\":\"ImageObject\",\"inLanguage\":\"pt-BR\",\"@id\":\"https:\\\/\\\/blogdofarnesio.com.br\\\/#\\\/schema\\\/logo\\\/image\\\/\",\"url\":\"https:\\\/\\\/blogdofarnesio.com.br\\\/wp-content\\\/uploads\\\/2026\\\/03\\\/cropped-logo_new-1.png\",\"contentUrl\":\"https:\\\/\\\/blogdofarnesio.com.br\\\/wp-content\\\/uploads\\\/2026\\\/03\\\/cropped-logo_new-1.png\",\"width\":881,\"height\":685,\"caption\":\"Blog do Farn\u00e9sio\"},\"image\":{\"@id\":\"https:\\\/\\\/blogdofarnesio.com.br\\\/#\\\/schema\\\/logo\\\/image\\\/\"},\"sameAs\":[\"https:\\\/\\\/www.facebook.com\\\/BlogQuerSaberPolitica\\\/\"]}]}<\/script>\n<!-- \/ Yoast SEO plugin. -->","yoast_head_json":{"title":"Triste Constata\u00e7\u00e3o !! - Blog do Farn\u00e9sio","robots":{"index":"index","follow":"follow","max-snippet":"max-snippet:-1","max-image-preview":"max-image-preview:large","max-video-preview":"max-video-preview:-1"},"canonical":"https:\/\/blogdofarnesio.com.br\/?p=14438","og_locale":"pt_BR","og_type":"article","og_title":"Triste Constata\u00e7\u00e3o !! - Blog do Farn\u00e9sio","og_description":"Se o projeto iniciar como estabelecido, logo seriam 800 oportunidades para a agricultura familiar, novos 100 empres&aacute;rios seriam incorporados. Esta proposta de restabelecer o prop&oacute;sito inicial do Pontal, de atender a m&atilde;o-de-obra familiar &eacute; coerente com o compromisso do Governo de cuidar dos pequenos, vide o Pronaf. Ainda &eacute; hora de revis&atilde;o do Pontal. Se n&atilde;o houver revis&atilde;o, estaremos perdendo a oportunidade de atender 800 colonos, com total de 6 hectares, que ainda podem ser 1.600 se redimensionar o tamanho do lote para 3 hectares. Quando se imaginou 6 hectares, a ideia era uma cultura de curto prazo, contudo a irriga&ccedil;&atilde;o passou para cultura permanente que podem ser 3 hectares. Est&atilde;o no comando dos interesses do Semi&aacute;rido tr&ecirc;s gestores que,&hellip;","og_url":"https:\/\/blogdofarnesio.com.br\/?p=14438","og_site_name":"Blog do Farn\u00e9sio","article_publisher":"https:\/\/www.facebook.com\/BlogQuerSaberPolitica\/","article_published_time":"2012-05-31T09:00:37+00:00","article_modified_time":"2012-05-31T09:11:08+00:00","og_image":[{"url":"http:\/\/www.quersaberpolitica.com.br\/2016\/wp-content\/uploads\/2012\/12\/blogqsposvaldo01.jpg","type":"","width":"","height":""}],"twitter_card":"summary_large_image","twitter_misc":{"Est. tempo de leitura":"2 minutos"},"schema":{"@context":"https:\/\/schema.org","@graph":[{"@type":"Article","@id":"https:\/\/blogdofarnesio.com.br\/?p=14438#article","isPartOf":{"@id":"https:\/\/blogdofarnesio.com.br\/?p=14438"},"author":{"name":"","@id":""},"headline":"Triste Constata\u00e7\u00e3o !!","datePublished":"2012-05-31T09:00:37+00:00","dateModified":"2012-05-31T09:11:08+00:00","mainEntityOfPage":{"@id":"https:\/\/blogdofarnesio.com.br\/?p=14438"},"wordCount":327,"commentCount":0,"publisher":{"@id":"https:\/\/blogdofarnesio.com.br\/#organization"},"image":{"@id":"https:\/\/blogdofarnesio.com.br\/?p=14438#primaryimage"},"thumbnailUrl":"http:\/\/www.quersaberpolitica.com.br\/2016\/wp-content\/uploads\/2012\/12\/blogqsposvaldo01.jpg","articleSection":["Artigo"],"inLanguage":"pt-BR","potentialAction":[{"@type":"CommentAction","name":"Comment","target":["https:\/\/blogdofarnesio.com.br\/?p=14438#respond"]}]},{"@type":"WebPage","@id":"https:\/\/blogdofarnesio.com.br\/?p=14438","url":"https:\/\/blogdofarnesio.com.br\/?p=14438","name":"Triste Constata\u00e7\u00e3o !! - Blog do Farn\u00e9sio","isPartOf":{"@id":"https:\/\/blogdofarnesio.com.br\/#website"},"primaryImageOfPage":{"@id":"https:\/\/blogdofarnesio.com.br\/?p=14438#primaryimage"},"image":{"@id":"https:\/\/blogdofarnesio.com.br\/?p=14438#primaryimage"},"thumbnailUrl":"http:\/\/www.quersaberpolitica.com.br\/2016\/wp-content\/uploads\/2012\/12\/blogqsposvaldo01.jpg","datePublished":"2012-05-31T09:00:37+00:00","dateModified":"2012-05-31T09:11:08+00:00","breadcrumb":{"@id":"https:\/\/blogdofarnesio.com.br\/?p=14438#breadcrumb"},"inLanguage":"pt-BR","potentialAction":[{"@type":"ReadAction","target":["https:\/\/blogdofarnesio.com.br\/?p=14438"]}]},{"@type":"ImageObject","inLanguage":"pt-BR","@id":"https:\/\/blogdofarnesio.com.br\/?p=14438#primaryimage","url":"http:\/\/www.quersaberpolitica.com.br\/2016\/wp-content\/uploads\/2012\/12\/blogqsposvaldo01.jpg","contentUrl":"http:\/\/www.quersaberpolitica.com.br\/2016\/wp-content\/uploads\/2012\/12\/blogqsposvaldo01.jpg"},{"@type":"BreadcrumbList","@id":"https:\/\/blogdofarnesio.com.br\/?p=14438#breadcrumb","itemListElement":[{"@type":"ListItem","position":1,"name":"In\u00edcio","item":"https:\/\/blogdofarnesio.com.br\/"},{"@type":"ListItem","position":2,"name":"Triste Constata\u00e7\u00e3o !!"}]},{"@type":"WebSite","@id":"https:\/\/blogdofarnesio.com.br\/#website","url":"https:\/\/blogdofarnesio.com.br\/","name":"Blog do Farn\u00e9sio","description":"Quer Saber Pol\u00edtica?","publisher":{"@id":"https:\/\/blogdofarnesio.com.br\/#organization"},"potentialAction":[{"@type":"SearchAction","target":{"@type":"EntryPoint","urlTemplate":"https:\/\/blogdofarnesio.com.br\/?s={search_term_string}"},"query-input":{"@type":"PropertyValueSpecification","valueRequired":true,"valueName":"search_term_string"}}],"inLanguage":"pt-BR"},{"@type":"Organization","@id":"https:\/\/blogdofarnesio.com.br\/#organization","name":"Blog do Farn\u00e9sio","url":"https:\/\/blogdofarnesio.com.br\/","logo":{"@type":"ImageObject","inLanguage":"pt-BR","@id":"https:\/\/blogdofarnesio.com.br\/#\/schema\/logo\/image\/","url":"https:\/\/blogdofarnesio.com.br\/wp-content\/uploads\/2026\/03\/cropped-logo_new-1.png","contentUrl":"https:\/\/blogdofarnesio.com.br\/wp-content\/uploads\/2026\/03\/cropped-logo_new-1.png","width":881,"height":685,"caption":"Blog do Farn\u00e9sio"},"image":{"@id":"https:\/\/blogdofarnesio.com.br\/#\/schema\/logo\/image\/"},"sameAs":["https:\/\/www.facebook.com\/BlogQuerSaberPolitica\/"]}]}},"_links":{"self":[{"href":"https:\/\/blogdofarnesio.com.br\/index.php?rest_route=\/wp\/v2\/posts\/14438","targetHints":{"allow":["GET"]}}],"collection":[{"href":"https:\/\/blogdofarnesio.com.br\/index.php?rest_route=\/wp\/v2\/posts"}],"about":[{"href":"https:\/\/blogdofarnesio.com.br\/index.php?rest_route=\/wp\/v2\/types\/post"}],"replies":[{"embeddable":true,"href":"https:\/\/blogdofarnesio.com.br\/index.php?rest_route=%2Fwp%2Fv2%2Fcomments&post=14438"}],"version-history":[{"count":0,"href":"https:\/\/blogdofarnesio.com.br\/index.php?rest_route=\/wp\/v2\/posts\/14438\/revisions"}],"wp:attachment":[{"href":"https:\/\/blogdofarnesio.com.br\/index.php?rest_route=%2Fwp%2Fv2%2Fmedia&parent=14438"}],"wp:term":[{"taxonomy":"category","embeddable":true,"href":"https:\/\/blogdofarnesio.com.br\/index.php?rest_route=%2Fwp%2Fv2%2Fcategories&post=14438"},{"taxonomy":"post_tag","embeddable":true,"href":"https:\/\/blogdofarnesio.com.br\/index.php?rest_route=%2Fwp%2Fv2%2Ftags&post=14438"}],"curies":[{"name":"wp","href":"https:\/\/api.w.org\/{rel}","templated":true}]}}