{"id":144296,"date":"2016-06-29T10:00:36","date_gmt":"2016-06-29T13:00:36","guid":{"rendered":"http:\/\/www.quersaberpolitica.com.br\/?p=144296"},"modified":"2016-06-29T09:55:52","modified_gmt":"2016-06-29T12:55:52","slug":"nova-semente-maria-de-jesus-lopes-e-inaugurada-no-vale-do-grande-rio","status":"publish","type":"post","link":"https:\/\/blogdofarnesio.com.br\/?p=144296","title":{"rendered":"NOVA SEMENTE MARIA DE JESUS LOPES \u00c9 INAUGURADA NO VALE DO GRANDE RIO"},"content":{"rendered":"<p style=\"text-align: justify\"><a href=\"http:\/\/www.quersaberpolitica.com.br\/2016\/wp-content\/uploads\/2016\/06\/blogqsp-inaugura\u00e7\u00e3o-novasemente.jpg\"><img loading=\"lazy\" decoding=\"async\" class=\" size-full wp-image-144297 aligncenter\" src=\"http:\/\/www.quersaberpolitica.com.br\/2016\/wp-content\/uploads\/2016\/06\/blogqsp-inaugura\u00e7\u00e3o-novasemente.jpg\" alt=\"blogqsp-inaugura\u00e7\u00e3o-novasemente\" width=\"448\" height=\"320\" srcset=\"https:\/\/blogdofarnesio.com.br\/wp-content\/uploads\/2016\/06\/blogqsp-inaugura\u00e7\u00e3o-novasemente.jpg 448w, https:\/\/blogdofarnesio.com.br\/wp-content\/uploads\/2016\/06\/blogqsp-inaugura\u00e7\u00e3o-novasemente-300x214.jpg 300w, https:\/\/blogdofarnesio.com.br\/wp-content\/uploads\/2016\/06\/blogqsp-inaugura\u00e7\u00e3o-novasemente-420x300.jpg 420w\" sizes=\"auto, (max-width: 448px) 100vw, 448px\" \/><\/a><\/p>\n<p style=\"text-align: justify\">Esta \u00e9 uma semana de muita alegria para a comunidade do Vale do Grande Rio que encerrou a noite desta ter\u00e7a-feira (28) com a inaugura\u00e7\u00e3o de mais uma creche do Nova Semente, a Maria de Jesus Lopes, que passa a acolher 55 crian\u00e7as, al\u00e9m de oferecer oportunidade de trabalho a 18 sementeiras, sob a lideran\u00e7a de Joana D&#8217;Arc, que se comprometeu com as fam\u00edlias do bairro em cuidar dos pequenos, enquanto, seus pais trabalham sossegados, com a certeza que seus filhos ser\u00e3o sempre bem cuidados.<\/p>\n<p style=\"text-align: justify\">A Gestora Joana D&#8217;Arc agradeceu a todos que se envolveram para garantir o funcionamento da creche que leva o nome de sua m\u00e3e, Maria de Jesus Lopes e garantiu que os alunos receberam todo o aux\u00edlio e cuidados necess\u00e1rios para o seu desenvolvimento. \u201cAgrade\u00e7o primeiro a Deus por ter vencido essa batalha, agrade\u00e7o tamb\u00e9m ao prefeito Julio Lossio que nos deu a oportunidade de inaugurar essa Nova Semente. E reafirmo nosso compromisso com os pais que sempre nos ajudaram e acreditaram na nossa equipe. Muito obrigada\u201d, concluiu.<\/p>\n<p style=\"text-align: justify\">145 creches do Nova Semente atendendo 8.266 crian\u00e7as em todo o munic\u00edpio. Os n\u00fameros chamam a aten\u00e7\u00e3o de todo o pa\u00eds e hoje \u00e9 refer\u00eancia internacional. Ciente da import\u00e2ncia e da mudan\u00e7a que vai gerar no futuro, o prefeito Julio Lossio desafia qualquer pessoa a citar uma das mais de 5 mil cidades do Brasil que inaugurou tantas creches como em Petrolina. \u201cO Nova Semente est\u00e1 espalhado por toda Petrolina, na \u00e1rea irrigada, no sequeiro, na periferia, no centro, e as comunidades n\u00e3o para de solicitar outras inaugura\u00e7\u00f5es\u201d, exp\u00f4s durante a inaugura\u00e7\u00e3o da Nova Semente Maria de Jesus Lopes, informando ainda que est\u00e1 semana (sexta-feira \u2013 01\/07) volta ao Vale do Grande Rio para inaugurar a pr\u00f3xima Nova Semente Severina Bezerra de Lima &#8211; Vov\u00f3 Chique, que atender\u00e1 mais 55 crian\u00e7as.<\/p>\n<p><em>Texto: Lidiane Souza\/Foto: Gilson Pereira\u00a0<\/em><\/p>\n","protected":false},"excerpt":{"rendered":"<p>Esta \u00e9 uma semana de muita alegria para a comunidade do Vale do Grande Rio que encerrou a noite desta ter\u00e7a-feira (28) com a inaugura\u00e7\u00e3o de mais uma creche do Nova Semente, a Maria de Jesus Lopes, que passa a acolher 55 crian\u00e7as, al\u00e9m de oferecer oportunidade de trabalho a 18 sementeiras, sob a lideran\u00e7a de Joana D&#8217;Arc, que se comprometeu com as fam\u00edlias do bairro em cuidar dos pequenos, enquanto, seus pais trabalham sossegados, com a certeza que seus filhos ser\u00e3o sempre bem cuidados. A Gestora Joana D&#8217;Arc agradeceu a todos que se envolveram para garantir o funcionamento da creche que leva o nome de sua m\u00e3e, Maria de Jesus Lopes e garantiu que os alunos receberam todo o&hellip; <\/p>\n","protected":false},"author":7,"featured_media":0,"comment_status":"open","ping_status":"open","sticky":false,"template":"","format":"standard","meta":{"_acf_changed":false,"footnotes":""},"categories":[44],"tags":[],"class_list":["post-144296","post","type-post","status-publish","format-standard","hentry","category-administracao"],"acf":[],"yoast_head":"<!-- This site is optimized with the Yoast SEO plugin v27.4 - https:\/\/yoast.com\/product\/yoast-seo-wordpress\/ -->\n<title>NOVA SEMENTE MARIA DE JESUS LOPES \u00c9 INAUGURADA NO VALE DO GRANDE RIO - Blog do Farn\u00e9sio<\/title>\n<meta name=\"robots\" content=\"index, follow, max-snippet:-1, max-image-preview:large, max-video-preview:-1\" \/>\n<link rel=\"canonical\" href=\"https:\/\/blogdofarnesio.com.br\/?p=144296\" \/>\n<meta property=\"og:locale\" content=\"pt_BR\" \/>\n<meta property=\"og:type\" content=\"article\" \/>\n<meta property=\"og:title\" content=\"NOVA SEMENTE MARIA DE JESUS LOPES \u00c9 INAUGURADA NO VALE DO GRANDE RIO - Blog do Farn\u00e9sio\" \/>\n<meta property=\"og:description\" content=\"Esta \u00e9 uma semana de muita alegria para a comunidade do Vale do Grande Rio que encerrou a noite desta ter\u00e7a-feira (28) com a inaugura\u00e7\u00e3o de mais uma creche do Nova Semente, a Maria de Jesus Lopes, que passa a acolher 55 crian\u00e7as, al\u00e9m de oferecer oportunidade de trabalho a 18 sementeiras, sob a lideran\u00e7a de Joana D&#8217;Arc, que se comprometeu com as fam\u00edlias do bairro em cuidar dos pequenos, enquanto, seus pais trabalham sossegados, com a certeza que seus filhos ser\u00e3o sempre bem cuidados. A Gestora Joana D&#8217;Arc agradeceu a todos que se envolveram para garantir o funcionamento da creche que leva o nome de sua m\u00e3e, Maria de Jesus Lopes e garantiu que os alunos receberam todo o&hellip;\" \/>\n<meta property=\"og:url\" content=\"https:\/\/blogdofarnesio.com.br\/?p=144296\" \/>\n<meta property=\"og:site_name\" content=\"Blog do Farn\u00e9sio\" \/>\n<meta property=\"article:publisher\" content=\"https:\/\/www.facebook.com\/BlogQuerSaberPolitica\/\" \/>\n<meta property=\"article:published_time\" content=\"2016-06-29T13:00:36+00:00\" \/>\n<meta name=\"twitter:card\" content=\"summary_large_image\" \/>\n<meta name=\"twitter:label1\" content=\"Escrito por\" \/>\n\t<meta name=\"twitter:data1\" content=\"\" \/>\n\t<meta name=\"twitter:label2\" content=\"Est. tempo de leitura\" \/>\n\t<meta name=\"twitter:data2\" content=\"2 minutos\" \/>\n<script type=\"application\/ld+json\" class=\"yoast-schema-graph\">{\"@context\":\"https:\\\/\\\/schema.org\",\"@graph\":[{\"@type\":\"Article\",\"@id\":\"https:\\\/\\\/blogdofarnesio.com.br\\\/?p=144296#article\",\"isPartOf\":{\"@id\":\"https:\\\/\\\/blogdofarnesio.com.br\\\/?p=144296\"},\"author\":{\"name\":\"\",\"@id\":\"\"},\"headline\":\"NOVA SEMENTE MARIA DE JESUS LOPES \u00c9 INAUGURADA NO VALE DO GRANDE RIO\",\"datePublished\":\"2016-06-29T13:00:36+00:00\",\"mainEntityOfPage\":{\"@id\":\"https:\\\/\\\/blogdofarnesio.com.br\\\/?p=144296\"},\"wordCount\":339,\"commentCount\":0,\"publisher\":{\"@id\":\"https:\\\/\\\/blogdofarnesio.com.br\\\/#organization\"},\"articleSection\":[\"Administra\u00e7\u00e3o\"],\"inLanguage\":\"pt-BR\",\"potentialAction\":[{\"@type\":\"CommentAction\",\"name\":\"Comment\",\"target\":[\"https:\\\/\\\/blogdofarnesio.com.br\\\/?p=144296#respond\"]}]},{\"@type\":\"WebPage\",\"@id\":\"https:\\\/\\\/blogdofarnesio.com.br\\\/?p=144296\",\"url\":\"https:\\\/\\\/blogdofarnesio.com.br\\\/?p=144296\",\"name\":\"NOVA SEMENTE MARIA DE JESUS LOPES \u00c9 INAUGURADA NO VALE DO GRANDE RIO - Blog do Farn\u00e9sio\",\"isPartOf\":{\"@id\":\"https:\\\/\\\/blogdofarnesio.com.br\\\/#website\"},\"datePublished\":\"2016-06-29T13:00:36+00:00\",\"breadcrumb\":{\"@id\":\"https:\\\/\\\/blogdofarnesio.com.br\\\/?p=144296#breadcrumb\"},\"inLanguage\":\"pt-BR\",\"potentialAction\":[{\"@type\":\"ReadAction\",\"target\":[\"https:\\\/\\\/blogdofarnesio.com.br\\\/?p=144296\"]}]},{\"@type\":\"BreadcrumbList\",\"@id\":\"https:\\\/\\\/blogdofarnesio.com.br\\\/?p=144296#breadcrumb\",\"itemListElement\":[{\"@type\":\"ListItem\",\"position\":1,\"name\":\"In\u00edcio\",\"item\":\"https:\\\/\\\/blogdofarnesio.com.br\\\/\"},{\"@type\":\"ListItem\",\"position\":2,\"name\":\"NOVA SEMENTE MARIA DE JESUS LOPES \u00c9 INAUGURADA NO VALE DO GRANDE RIO\"}]},{\"@type\":\"WebSite\",\"@id\":\"https:\\\/\\\/blogdofarnesio.com.br\\\/#website\",\"url\":\"https:\\\/\\\/blogdofarnesio.com.br\\\/\",\"name\":\"Blog do Farn\u00e9sio\",\"description\":\"Quer Saber Pol\u00edtica?\",\"publisher\":{\"@id\":\"https:\\\/\\\/blogdofarnesio.com.br\\\/#organization\"},\"potentialAction\":[{\"@type\":\"SearchAction\",\"target\":{\"@type\":\"EntryPoint\",\"urlTemplate\":\"https:\\\/\\\/blogdofarnesio.com.br\\\/?s={search_term_string}\"},\"query-input\":{\"@type\":\"PropertyValueSpecification\",\"valueRequired\":true,\"valueName\":\"search_term_string\"}}],\"inLanguage\":\"pt-BR\"},{\"@type\":\"Organization\",\"@id\":\"https:\\\/\\\/blogdofarnesio.com.br\\\/#organization\",\"name\":\"Blog do Farn\u00e9sio\",\"url\":\"https:\\\/\\\/blogdofarnesio.com.br\\\/\",\"logo\":{\"@type\":\"ImageObject\",\"inLanguage\":\"pt-BR\",\"@id\":\"https:\\\/\\\/blogdofarnesio.com.br\\\/#\\\/schema\\\/logo\\\/image\\\/\",\"url\":\"https:\\\/\\\/blogdofarnesio.com.br\\\/wp-content\\\/uploads\\\/2026\\\/03\\\/cropped-logo_new-1.png\",\"contentUrl\":\"https:\\\/\\\/blogdofarnesio.com.br\\\/wp-content\\\/uploads\\\/2026\\\/03\\\/cropped-logo_new-1.png\",\"width\":881,\"height\":685,\"caption\":\"Blog do Farn\u00e9sio\"},\"image\":{\"@id\":\"https:\\\/\\\/blogdofarnesio.com.br\\\/#\\\/schema\\\/logo\\\/image\\\/\"},\"sameAs\":[\"https:\\\/\\\/www.facebook.com\\\/BlogQuerSaberPolitica\\\/\"]},{\"@type\":\"Person\",\"@id\":\"\",\"url\":\"https:\\\/\\\/blogdofarnesio.com.br\\\/?author=7\"}]}<\/script>\n<!-- \/ Yoast SEO plugin. -->","yoast_head_json":{"title":"NOVA SEMENTE MARIA DE JESUS LOPES \u00c9 INAUGURADA NO VALE DO GRANDE RIO - Blog do Farn\u00e9sio","robots":{"index":"index","follow":"follow","max-snippet":"max-snippet:-1","max-image-preview":"max-image-preview:large","max-video-preview":"max-video-preview:-1"},"canonical":"https:\/\/blogdofarnesio.com.br\/?p=144296","og_locale":"pt_BR","og_type":"article","og_title":"NOVA SEMENTE MARIA DE JESUS LOPES \u00c9 INAUGURADA NO VALE DO GRANDE RIO - Blog do Farn\u00e9sio","og_description":"Esta \u00e9 uma semana de muita alegria para a comunidade do Vale do Grande Rio que encerrou a noite desta ter\u00e7a-feira (28) com a inaugura\u00e7\u00e3o de mais uma creche do Nova Semente, a Maria de Jesus Lopes, que passa a acolher 55 crian\u00e7as, al\u00e9m de oferecer oportunidade de trabalho a 18 sementeiras, sob a lideran\u00e7a de Joana D&#8217;Arc, que se comprometeu com as fam\u00edlias do bairro em cuidar dos pequenos, enquanto, seus pais trabalham sossegados, com a certeza que seus filhos ser\u00e3o sempre bem cuidados. A Gestora Joana D&#8217;Arc agradeceu a todos que se envolveram para garantir o funcionamento da creche que leva o nome de sua m\u00e3e, Maria de Jesus Lopes e garantiu que os alunos receberam todo o&hellip;","og_url":"https:\/\/blogdofarnesio.com.br\/?p=144296","og_site_name":"Blog do Farn\u00e9sio","article_publisher":"https:\/\/www.facebook.com\/BlogQuerSaberPolitica\/","article_published_time":"2016-06-29T13:00:36+00:00","twitter_card":"summary_large_image","twitter_misc":{"Escrito por":"","Est. tempo de leitura":"2 minutos"},"schema":{"@context":"https:\/\/schema.org","@graph":[{"@type":"Article","@id":"https:\/\/blogdofarnesio.com.br\/?p=144296#article","isPartOf":{"@id":"https:\/\/blogdofarnesio.com.br\/?p=144296"},"author":{"name":"","@id":""},"headline":"NOVA SEMENTE MARIA DE JESUS LOPES \u00c9 INAUGURADA NO VALE DO GRANDE RIO","datePublished":"2016-06-29T13:00:36+00:00","mainEntityOfPage":{"@id":"https:\/\/blogdofarnesio.com.br\/?p=144296"},"wordCount":339,"commentCount":0,"publisher":{"@id":"https:\/\/blogdofarnesio.com.br\/#organization"},"articleSection":["Administra\u00e7\u00e3o"],"inLanguage":"pt-BR","potentialAction":[{"@type":"CommentAction","name":"Comment","target":["https:\/\/blogdofarnesio.com.br\/?p=144296#respond"]}]},{"@type":"WebPage","@id":"https:\/\/blogdofarnesio.com.br\/?p=144296","url":"https:\/\/blogdofarnesio.com.br\/?p=144296","name":"NOVA SEMENTE MARIA DE JESUS LOPES \u00c9 INAUGURADA NO VALE DO GRANDE RIO - Blog do Farn\u00e9sio","isPartOf":{"@id":"https:\/\/blogdofarnesio.com.br\/#website"},"datePublished":"2016-06-29T13:00:36+00:00","breadcrumb":{"@id":"https:\/\/blogdofarnesio.com.br\/?p=144296#breadcrumb"},"inLanguage":"pt-BR","potentialAction":[{"@type":"ReadAction","target":["https:\/\/blogdofarnesio.com.br\/?p=144296"]}]},{"@type":"BreadcrumbList","@id":"https:\/\/blogdofarnesio.com.br\/?p=144296#breadcrumb","itemListElement":[{"@type":"ListItem","position":1,"name":"In\u00edcio","item":"https:\/\/blogdofarnesio.com.br\/"},{"@type":"ListItem","position":2,"name":"NOVA SEMENTE MARIA DE JESUS LOPES \u00c9 INAUGURADA NO VALE DO GRANDE RIO"}]},{"@type":"WebSite","@id":"https:\/\/blogdofarnesio.com.br\/#website","url":"https:\/\/blogdofarnesio.com.br\/","name":"Blog do Farn\u00e9sio","description":"Quer Saber Pol\u00edtica?","publisher":{"@id":"https:\/\/blogdofarnesio.com.br\/#organization"},"potentialAction":[{"@type":"SearchAction","target":{"@type":"EntryPoint","urlTemplate":"https:\/\/blogdofarnesio.com.br\/?s={search_term_string}"},"query-input":{"@type":"PropertyValueSpecification","valueRequired":true,"valueName":"search_term_string"}}],"inLanguage":"pt-BR"},{"@type":"Organization","@id":"https:\/\/blogdofarnesio.com.br\/#organization","name":"Blog do Farn\u00e9sio","url":"https:\/\/blogdofarnesio.com.br\/","logo":{"@type":"ImageObject","inLanguage":"pt-BR","@id":"https:\/\/blogdofarnesio.com.br\/#\/schema\/logo\/image\/","url":"https:\/\/blogdofarnesio.com.br\/wp-content\/uploads\/2026\/03\/cropped-logo_new-1.png","contentUrl":"https:\/\/blogdofarnesio.com.br\/wp-content\/uploads\/2026\/03\/cropped-logo_new-1.png","width":881,"height":685,"caption":"Blog do Farn\u00e9sio"},"image":{"@id":"https:\/\/blogdofarnesio.com.br\/#\/schema\/logo\/image\/"},"sameAs":["https:\/\/www.facebook.com\/BlogQuerSaberPolitica\/"]},{"@type":"Person","@id":"","url":"https:\/\/blogdofarnesio.com.br\/?author=7"}]}},"_links":{"self":[{"href":"https:\/\/blogdofarnesio.com.br\/index.php?rest_route=\/wp\/v2\/posts\/144296","targetHints":{"allow":["GET"]}}],"collection":[{"href":"https:\/\/blogdofarnesio.com.br\/index.php?rest_route=\/wp\/v2\/posts"}],"about":[{"href":"https:\/\/blogdofarnesio.com.br\/index.php?rest_route=\/wp\/v2\/types\/post"}],"author":[{"embeddable":true,"href":"https:\/\/blogdofarnesio.com.br\/index.php?rest_route=\/wp\/v2\/users\/7"}],"replies":[{"embeddable":true,"href":"https:\/\/blogdofarnesio.com.br\/index.php?rest_route=%2Fwp%2Fv2%2Fcomments&post=144296"}],"version-history":[{"count":0,"href":"https:\/\/blogdofarnesio.com.br\/index.php?rest_route=\/wp\/v2\/posts\/144296\/revisions"}],"wp:attachment":[{"href":"https:\/\/blogdofarnesio.com.br\/index.php?rest_route=%2Fwp%2Fv2%2Fmedia&parent=144296"}],"wp:term":[{"taxonomy":"category","embeddable":true,"href":"https:\/\/blogdofarnesio.com.br\/index.php?rest_route=%2Fwp%2Fv2%2Fcategories&post=144296"},{"taxonomy":"post_tag","embeddable":true,"href":"https:\/\/blogdofarnesio.com.br\/index.php?rest_route=%2Fwp%2Fv2%2Ftags&post=144296"}],"curies":[{"name":"wp","href":"https:\/\/api.w.org\/{rel}","templated":true}]}}