{"id":144197,"date":"2016-06-27T16:20:19","date_gmt":"2016-06-27T19:20:19","guid":{"rendered":"http:\/\/www.quersaberpolitica.com.br\/?p=144197"},"modified":"2016-06-27T15:50:50","modified_gmt":"2016-06-27T18:50:50","slug":"joseph-segura-a-bandeira-do-todos-somos-um-e-da-fim-a-boatos","status":"publish","type":"post","link":"https:\/\/blogdofarnesio.com.br\/?p=144197","title":{"rendered":"JOSEPH SEGURA A BANDEIRA DO \u201cTODOS SOMOS UM\u201d E D\u00c1 FIM A BOATOS"},"content":{"rendered":"<p style=\"text-align: justify\"><a href=\"http:\/\/www.quersaberpolitica.com.br\/2016\/wp-content\/uploads\/2016\/06\/blogqsp-bloco-oposi\u00e7\u00e3o-juazeiro.jpg\"><img loading=\"lazy\" decoding=\"async\" class=\"  wp-image-144198 aligncenter\" src=\"http:\/\/www.quersaberpolitica.com.br\/2016\/wp-content\/uploads\/2016\/06\/blogqsp-bloco-oposi\u00e7\u00e3o-juazeiro.jpg\" alt=\"blogqsp-bloco-oposi\u00e7\u00e3o-juazeiro\" width=\"397\" height=\"397\" srcset=\"https:\/\/blogdofarnesio.com.br\/wp-content\/uploads\/2016\/06\/blogqsp-bloco-oposi\u00e7\u00e3o-juazeiro.jpg 336w, https:\/\/blogdofarnesio.com.br\/wp-content\/uploads\/2016\/06\/blogqsp-bloco-oposi\u00e7\u00e3o-juazeiro-150x150.jpg 150w, https:\/\/blogdofarnesio.com.br\/wp-content\/uploads\/2016\/06\/blogqsp-bloco-oposi\u00e7\u00e3o-juazeiro-300x300.jpg 300w\" sizes=\"auto, (max-width: 397px) 100vw, 397px\" \/><\/a><\/p>\n<p style=\"text-align: justify\">O Movimento &#8220;Todos Somos Um&#8221;, que busca a uni\u00e3o de todas as oposi\u00e7\u00f5es, para vencer o candidato de Isaac Carvalho, ganha cada vez mais ades\u00f5es. Depois do apoio e envolvimento do melhor prefeito do Brasil, o prefeito de Salvador Acm Neto; desta vez, o Prefeito Joseph Bandeira \u00e9 que segura a bandeira do Movimento, pondo um fim aos boatos de bastidores, de que ele viria candidato a Prefeito, independente da escolha do candidato das oposi\u00e7\u00f5es. Joseph faz um entendimento de que \u00e9 preciso tirar Juazeiro do atraso e colocar no caminho do desenvolvimento, promovendo mais a\u00e7\u00f5es que levem mais cidadania \u00e0s pessoas.<\/p>\n<p style=\"text-align: justify\">E para que isso possa ocorrer, Joseph entende que \u00e9 preciso uni\u00e3o e que &#8220;um desejo pessoal n\u00e3o pode ser maior do que o bem de uma cidade&#8221;, comentou Leonardo Bandeira. Joseph \u00e9 hoje, segundo pesquisas, um dos nomes mais fortes na lista de todos os prefeitur\u00e1veis declarados.<\/p>\n<p style=\"text-align: justify\">O Movimento &#8220;Todos Somos Um&#8221;, nasceu do desejo espont\u00e2neo de mudan\u00e7a e agrega todas as pessoas que n\u00e3o aprovam a gest\u00e3o do atual prefeito, portanto um Movimento que n\u00e3o ostenta sigla partid\u00e1ria e sim pessoas com desejo de ver Juazeiro Melhor. Tudo come\u00e7ou muito devagarinho e hoje o Movimento j\u00e1 ganhou a confian\u00e7a de todos, pela conduta isenta que vem levando esse debate da Uni\u00e3o das Oposi\u00e7\u00f5es. &#8220;Nosso maior m\u00e9rito tem sido mostrar aos pr\u00e9-candidatos a prefeito de Juazeiro, que s\u00f3 temos duas sa\u00eddas: aceitar o que est\u00e1 a\u00ed hoje ou se juntar para mudar esse rumo. E gra\u00e7as a Deus, estamos sendo compreendidos&#8221;, destacou Miled Cussa, lembrando que isso mostra a maturidade com que todo o corpo do Movimento vem conduzindo esse processo&#8221;.<\/p>\n<p><em>Ascom Oposi\u00e7\u00f5es <\/em><\/p>\n","protected":false},"excerpt":{"rendered":"<p>O Movimento &#8220;Todos Somos Um&#8221;, que busca a uni\u00e3o de todas as oposi\u00e7\u00f5es, para vencer o candidato de Isaac Carvalho, ganha cada vez mais ades\u00f5es. Depois do apoio e envolvimento do melhor prefeito do Brasil, o prefeito de Salvador Acm Neto; desta vez, o Prefeito Joseph Bandeira \u00e9 que segura a bandeira do Movimento, pondo um fim aos boatos de bastidores, de que ele viria candidato a Prefeito, independente da escolha do candidato das oposi\u00e7\u00f5es. Joseph faz um entendimento de que \u00e9 preciso tirar Juazeiro do atraso e colocar no caminho do desenvolvimento, promovendo mais a\u00e7\u00f5es que levem mais cidadania \u00e0s pessoas. E para que isso possa ocorrer, Joseph entende que \u00e9 preciso uni\u00e3o e que &#8220;um desejo pessoal n\u00e3o&hellip; <\/p>\n","protected":false},"author":7,"featured_media":0,"comment_status":"open","ping_status":"open","sticky":false,"template":"","format":"standard","meta":{"_acf_changed":false,"footnotes":""},"categories":[1],"tags":[],"class_list":["post-144197","post","type-post","status-publish","format-standard","hentry","category-politica"],"acf":[],"yoast_head":"<!-- This site is optimized with the Yoast SEO plugin v27.4 - https:\/\/yoast.com\/product\/yoast-seo-wordpress\/ -->\n<title>JOSEPH SEGURA A BANDEIRA DO \u201cTODOS SOMOS UM\u201d E D\u00c1 FIM A BOATOS - Blog do Farn\u00e9sio<\/title>\n<meta name=\"robots\" content=\"index, follow, max-snippet:-1, max-image-preview:large, max-video-preview:-1\" \/>\n<link rel=\"canonical\" href=\"https:\/\/blogdofarnesio.com.br\/?p=144197\" \/>\n<meta property=\"og:locale\" content=\"pt_BR\" \/>\n<meta property=\"og:type\" content=\"article\" \/>\n<meta property=\"og:title\" content=\"JOSEPH SEGURA A BANDEIRA DO \u201cTODOS SOMOS UM\u201d E D\u00c1 FIM A BOATOS - Blog do Farn\u00e9sio\" \/>\n<meta property=\"og:description\" content=\"O Movimento &#8220;Todos Somos Um&#8221;, que busca a uni\u00e3o de todas as oposi\u00e7\u00f5es, para vencer o candidato de Isaac Carvalho, ganha cada vez mais ades\u00f5es. Depois do apoio e envolvimento do melhor prefeito do Brasil, o prefeito de Salvador Acm Neto; desta vez, o Prefeito Joseph Bandeira \u00e9 que segura a bandeira do Movimento, pondo um fim aos boatos de bastidores, de que ele viria candidato a Prefeito, independente da escolha do candidato das oposi\u00e7\u00f5es. Joseph faz um entendimento de que \u00e9 preciso tirar Juazeiro do atraso e colocar no caminho do desenvolvimento, promovendo mais a\u00e7\u00f5es que levem mais cidadania \u00e0s pessoas. E para que isso possa ocorrer, Joseph entende que \u00e9 preciso uni\u00e3o e que &#8220;um desejo pessoal n\u00e3o&hellip;\" \/>\n<meta property=\"og:url\" content=\"https:\/\/blogdofarnesio.com.br\/?p=144197\" \/>\n<meta property=\"og:site_name\" content=\"Blog do Farn\u00e9sio\" \/>\n<meta property=\"article:publisher\" content=\"https:\/\/www.facebook.com\/BlogQuerSaberPolitica\/\" \/>\n<meta property=\"article:published_time\" content=\"2016-06-27T19:20:19+00:00\" \/>\n<meta name=\"twitter:card\" content=\"summary_large_image\" \/>\n<meta name=\"twitter:label1\" content=\"Escrito por\" \/>\n\t<meta name=\"twitter:data1\" content=\"\" \/>\n\t<meta name=\"twitter:label2\" content=\"Est. tempo de leitura\" \/>\n\t<meta name=\"twitter:data2\" content=\"1 minuto\" \/>\n<script type=\"application\/ld+json\" class=\"yoast-schema-graph\">{\"@context\":\"https:\\\/\\\/schema.org\",\"@graph\":[{\"@type\":\"Article\",\"@id\":\"https:\\\/\\\/blogdofarnesio.com.br\\\/?p=144197#article\",\"isPartOf\":{\"@id\":\"https:\\\/\\\/blogdofarnesio.com.br\\\/?p=144197\"},\"author\":{\"name\":\"\",\"@id\":\"\"},\"headline\":\"JOSEPH SEGURA A BANDEIRA DO \u201cTODOS SOMOS UM\u201d E D\u00c1 FIM A BOATOS\",\"datePublished\":\"2016-06-27T19:20:19+00:00\",\"mainEntityOfPage\":{\"@id\":\"https:\\\/\\\/blogdofarnesio.com.br\\\/?p=144197\"},\"wordCount\":308,\"commentCount\":0,\"publisher\":{\"@id\":\"https:\\\/\\\/blogdofarnesio.com.br\\\/#organization\"},\"articleSection\":[\"Pol\u00edtica\"],\"inLanguage\":\"pt-BR\",\"potentialAction\":[{\"@type\":\"CommentAction\",\"name\":\"Comment\",\"target\":[\"https:\\\/\\\/blogdofarnesio.com.br\\\/?p=144197#respond\"]}]},{\"@type\":\"WebPage\",\"@id\":\"https:\\\/\\\/blogdofarnesio.com.br\\\/?p=144197\",\"url\":\"https:\\\/\\\/blogdofarnesio.com.br\\\/?p=144197\",\"name\":\"JOSEPH SEGURA A BANDEIRA DO \u201cTODOS SOMOS UM\u201d E D\u00c1 FIM A BOATOS - Blog do Farn\u00e9sio\",\"isPartOf\":{\"@id\":\"https:\\\/\\\/blogdofarnesio.com.br\\\/#website\"},\"datePublished\":\"2016-06-27T19:20:19+00:00\",\"breadcrumb\":{\"@id\":\"https:\\\/\\\/blogdofarnesio.com.br\\\/?p=144197#breadcrumb\"},\"inLanguage\":\"pt-BR\",\"potentialAction\":[{\"@type\":\"ReadAction\",\"target\":[\"https:\\\/\\\/blogdofarnesio.com.br\\\/?p=144197\"]}]},{\"@type\":\"BreadcrumbList\",\"@id\":\"https:\\\/\\\/blogdofarnesio.com.br\\\/?p=144197#breadcrumb\",\"itemListElement\":[{\"@type\":\"ListItem\",\"position\":1,\"name\":\"In\u00edcio\",\"item\":\"https:\\\/\\\/blogdofarnesio.com.br\\\/\"},{\"@type\":\"ListItem\",\"position\":2,\"name\":\"JOSEPH SEGURA A BANDEIRA DO \u201cTODOS SOMOS UM\u201d E D\u00c1 FIM A BOATOS\"}]},{\"@type\":\"WebSite\",\"@id\":\"https:\\\/\\\/blogdofarnesio.com.br\\\/#website\",\"url\":\"https:\\\/\\\/blogdofarnesio.com.br\\\/\",\"name\":\"Blog do Farn\u00e9sio\",\"description\":\"Quer Saber Pol\u00edtica?\",\"publisher\":{\"@id\":\"https:\\\/\\\/blogdofarnesio.com.br\\\/#organization\"},\"potentialAction\":[{\"@type\":\"SearchAction\",\"target\":{\"@type\":\"EntryPoint\",\"urlTemplate\":\"https:\\\/\\\/blogdofarnesio.com.br\\\/?s={search_term_string}\"},\"query-input\":{\"@type\":\"PropertyValueSpecification\",\"valueRequired\":true,\"valueName\":\"search_term_string\"}}],\"inLanguage\":\"pt-BR\"},{\"@type\":\"Organization\",\"@id\":\"https:\\\/\\\/blogdofarnesio.com.br\\\/#organization\",\"name\":\"Blog do Farn\u00e9sio\",\"url\":\"https:\\\/\\\/blogdofarnesio.com.br\\\/\",\"logo\":{\"@type\":\"ImageObject\",\"inLanguage\":\"pt-BR\",\"@id\":\"https:\\\/\\\/blogdofarnesio.com.br\\\/#\\\/schema\\\/logo\\\/image\\\/\",\"url\":\"https:\\\/\\\/blogdofarnesio.com.br\\\/wp-content\\\/uploads\\\/2026\\\/03\\\/cropped-logo_new-1.png\",\"contentUrl\":\"https:\\\/\\\/blogdofarnesio.com.br\\\/wp-content\\\/uploads\\\/2026\\\/03\\\/cropped-logo_new-1.png\",\"width\":881,\"height\":685,\"caption\":\"Blog do Farn\u00e9sio\"},\"image\":{\"@id\":\"https:\\\/\\\/blogdofarnesio.com.br\\\/#\\\/schema\\\/logo\\\/image\\\/\"},\"sameAs\":[\"https:\\\/\\\/www.facebook.com\\\/BlogQuerSaberPolitica\\\/\"]},{\"@type\":\"Person\",\"@id\":\"\",\"url\":\"https:\\\/\\\/blogdofarnesio.com.br\\\/?author=7\"}]}<\/script>\n<!-- \/ Yoast SEO plugin. -->","yoast_head_json":{"title":"JOSEPH SEGURA A BANDEIRA DO \u201cTODOS SOMOS UM\u201d E D\u00c1 FIM A BOATOS - Blog do Farn\u00e9sio","robots":{"index":"index","follow":"follow","max-snippet":"max-snippet:-1","max-image-preview":"max-image-preview:large","max-video-preview":"max-video-preview:-1"},"canonical":"https:\/\/blogdofarnesio.com.br\/?p=144197","og_locale":"pt_BR","og_type":"article","og_title":"JOSEPH SEGURA A BANDEIRA DO \u201cTODOS SOMOS UM\u201d E D\u00c1 FIM A BOATOS - Blog do Farn\u00e9sio","og_description":"O Movimento &#8220;Todos Somos Um&#8221;, que busca a uni\u00e3o de todas as oposi\u00e7\u00f5es, para vencer o candidato de Isaac Carvalho, ganha cada vez mais ades\u00f5es. Depois do apoio e envolvimento do melhor prefeito do Brasil, o prefeito de Salvador Acm Neto; desta vez, o Prefeito Joseph Bandeira \u00e9 que segura a bandeira do Movimento, pondo um fim aos boatos de bastidores, de que ele viria candidato a Prefeito, independente da escolha do candidato das oposi\u00e7\u00f5es. Joseph faz um entendimento de que \u00e9 preciso tirar Juazeiro do atraso e colocar no caminho do desenvolvimento, promovendo mais a\u00e7\u00f5es que levem mais cidadania \u00e0s pessoas. E para que isso possa ocorrer, Joseph entende que \u00e9 preciso uni\u00e3o e que &#8220;um desejo pessoal n\u00e3o&hellip;","og_url":"https:\/\/blogdofarnesio.com.br\/?p=144197","og_site_name":"Blog do Farn\u00e9sio","article_publisher":"https:\/\/www.facebook.com\/BlogQuerSaberPolitica\/","article_published_time":"2016-06-27T19:20:19+00:00","twitter_card":"summary_large_image","twitter_misc":{"Escrito por":"","Est. tempo de leitura":"1 minuto"},"schema":{"@context":"https:\/\/schema.org","@graph":[{"@type":"Article","@id":"https:\/\/blogdofarnesio.com.br\/?p=144197#article","isPartOf":{"@id":"https:\/\/blogdofarnesio.com.br\/?p=144197"},"author":{"name":"","@id":""},"headline":"JOSEPH SEGURA A BANDEIRA DO \u201cTODOS SOMOS UM\u201d E D\u00c1 FIM A BOATOS","datePublished":"2016-06-27T19:20:19+00:00","mainEntityOfPage":{"@id":"https:\/\/blogdofarnesio.com.br\/?p=144197"},"wordCount":308,"commentCount":0,"publisher":{"@id":"https:\/\/blogdofarnesio.com.br\/#organization"},"articleSection":["Pol\u00edtica"],"inLanguage":"pt-BR","potentialAction":[{"@type":"CommentAction","name":"Comment","target":["https:\/\/blogdofarnesio.com.br\/?p=144197#respond"]}]},{"@type":"WebPage","@id":"https:\/\/blogdofarnesio.com.br\/?p=144197","url":"https:\/\/blogdofarnesio.com.br\/?p=144197","name":"JOSEPH SEGURA A BANDEIRA DO \u201cTODOS SOMOS UM\u201d E D\u00c1 FIM A BOATOS - Blog do Farn\u00e9sio","isPartOf":{"@id":"https:\/\/blogdofarnesio.com.br\/#website"},"datePublished":"2016-06-27T19:20:19+00:00","breadcrumb":{"@id":"https:\/\/blogdofarnesio.com.br\/?p=144197#breadcrumb"},"inLanguage":"pt-BR","potentialAction":[{"@type":"ReadAction","target":["https:\/\/blogdofarnesio.com.br\/?p=144197"]}]},{"@type":"BreadcrumbList","@id":"https:\/\/blogdofarnesio.com.br\/?p=144197#breadcrumb","itemListElement":[{"@type":"ListItem","position":1,"name":"In\u00edcio","item":"https:\/\/blogdofarnesio.com.br\/"},{"@type":"ListItem","position":2,"name":"JOSEPH SEGURA A BANDEIRA DO \u201cTODOS SOMOS UM\u201d E D\u00c1 FIM A BOATOS"}]},{"@type":"WebSite","@id":"https:\/\/blogdofarnesio.com.br\/#website","url":"https:\/\/blogdofarnesio.com.br\/","name":"Blog do Farn\u00e9sio","description":"Quer Saber Pol\u00edtica?","publisher":{"@id":"https:\/\/blogdofarnesio.com.br\/#organization"},"potentialAction":[{"@type":"SearchAction","target":{"@type":"EntryPoint","urlTemplate":"https:\/\/blogdofarnesio.com.br\/?s={search_term_string}"},"query-input":{"@type":"PropertyValueSpecification","valueRequired":true,"valueName":"search_term_string"}}],"inLanguage":"pt-BR"},{"@type":"Organization","@id":"https:\/\/blogdofarnesio.com.br\/#organization","name":"Blog do Farn\u00e9sio","url":"https:\/\/blogdofarnesio.com.br\/","logo":{"@type":"ImageObject","inLanguage":"pt-BR","@id":"https:\/\/blogdofarnesio.com.br\/#\/schema\/logo\/image\/","url":"https:\/\/blogdofarnesio.com.br\/wp-content\/uploads\/2026\/03\/cropped-logo_new-1.png","contentUrl":"https:\/\/blogdofarnesio.com.br\/wp-content\/uploads\/2026\/03\/cropped-logo_new-1.png","width":881,"height":685,"caption":"Blog do Farn\u00e9sio"},"image":{"@id":"https:\/\/blogdofarnesio.com.br\/#\/schema\/logo\/image\/"},"sameAs":["https:\/\/www.facebook.com\/BlogQuerSaberPolitica\/"]},{"@type":"Person","@id":"","url":"https:\/\/blogdofarnesio.com.br\/?author=7"}]}},"_links":{"self":[{"href":"https:\/\/blogdofarnesio.com.br\/index.php?rest_route=\/wp\/v2\/posts\/144197","targetHints":{"allow":["GET"]}}],"collection":[{"href":"https:\/\/blogdofarnesio.com.br\/index.php?rest_route=\/wp\/v2\/posts"}],"about":[{"href":"https:\/\/blogdofarnesio.com.br\/index.php?rest_route=\/wp\/v2\/types\/post"}],"author":[{"embeddable":true,"href":"https:\/\/blogdofarnesio.com.br\/index.php?rest_route=\/wp\/v2\/users\/7"}],"replies":[{"embeddable":true,"href":"https:\/\/blogdofarnesio.com.br\/index.php?rest_route=%2Fwp%2Fv2%2Fcomments&post=144197"}],"version-history":[{"count":0,"href":"https:\/\/blogdofarnesio.com.br\/index.php?rest_route=\/wp\/v2\/posts\/144197\/revisions"}],"wp:attachment":[{"href":"https:\/\/blogdofarnesio.com.br\/index.php?rest_route=%2Fwp%2Fv2%2Fmedia&parent=144197"}],"wp:term":[{"taxonomy":"category","embeddable":true,"href":"https:\/\/blogdofarnesio.com.br\/index.php?rest_route=%2Fwp%2Fv2%2Fcategories&post=144197"},{"taxonomy":"post_tag","embeddable":true,"href":"https:\/\/blogdofarnesio.com.br\/index.php?rest_route=%2Fwp%2Fv2%2Ftags&post=144197"}],"curies":[{"name":"wp","href":"https:\/\/api.w.org\/{rel}","templated":true}]}}