{"id":144189,"date":"2016-06-27T12:03:12","date_gmt":"2016-06-27T15:03:12","guid":{"rendered":"http:\/\/www.quersaberpolitica.com.br\/?p=144189"},"modified":"2016-06-27T11:04:26","modified_gmt":"2016-06-27T14:04:26","slug":"jatinho-e-morato-sinpol-vai-questionar-investigacao","status":"publish","type":"post","link":"https:\/\/blogdofarnesio.com.br\/?p=144189","title":{"rendered":"JATINHO E MORATO: SINPOL VAI QUESTIONAR INVESTIGA\u00c7\u00c3O"},"content":{"rendered":"<p style=\"text-align: justify\"><a href=\"http:\/\/www.quersaberpolitica.com.br\/2016\/wp-content\/uploads\/2016\/06\/blogqsp-foragido-dono-do-aviao-de-eduardo-campos.jpg\"><img loading=\"lazy\" decoding=\"async\" class=\"  wp-image-144190 aligncenter\" src=\"http:\/\/www.quersaberpolitica.com.br\/2016\/wp-content\/uploads\/2016\/06\/blogqsp-foragido-dono-do-aviao-de-eduardo-campos.jpg\" alt=\"blogqsp-foragido-dono-do-aviao-de-eduardo-campos\" width=\"454\" height=\"168\" \/><\/a><\/p>\n<p style=\"text-align: justify\">O Sindicato dos Policiais Civis de Pernambuco (Sinpol) vai entrar com uma representa\u00e7\u00e3o hoje no Minist\u00e9rio P\u00fablico de Pernambuco (MPPE), questionando o andamento das investiga\u00e7\u00f5es da morte do empres\u00e1rio Paulo C\u00e9sar Morato. A institui\u00e7\u00e3o alega que os peritos papiloscopistas foram impedidos de realizar as coletas de digitas dentro do quarto onde o corpo dele foi encontrado, quarta-feira passada, no motel Tititi, em Olinda.<\/p>\n<p style=\"text-align: justify\">Morato \u00e9 citado, na Opera\u00e7\u00e3o Turbul\u00eancia, da Pol\u00edcia Federal, como um dos l\u00edderes de um esquema que desviou mais de R$ 600 milh\u00f5es. Os recursos abasteceriam campanhas eleitorais de pol\u00edticos nordestinos, entre eles, a PF cita, o ex-governador EduardoCampos (PSB)<\/p>\n<p style=\"text-align: justify\">O presidente do Sinpol, \u00c1ureo Cisneiros, enfatiza que os policiais civis papiloscopistas s\u00e3o respons\u00e1veis por detectar e identificar a presen\u00e7a de indiv\u00edduos suspeitos por meio das impress\u00f5es digitais. \u201cS\u00e3o muitas quest\u00f5es graves que envolvem o epis\u00f3dio, sobretudo por se tratar de uma testemunha que aparece misteriosamente morta, pouco depois de ter sua pris\u00e3o preventiva decretada\u201d, argumentou.<\/p>\n<p style=\"text-align: justify\">A Secretaria de Defesa Socia(SDS) informou, atrav\u00e9s de nota, que todas as per\u00edcias necess\u00e1rias e solicitadas pela autoridade policial respons\u00e1vel pelo inqu\u00e9rito foram coletadas pela equipe de peritos que esteve no local do crime, acompanhando a for\u00e7a-tarefa do Departamento Estadual de Homic\u00eddios e de Prote\u00e7\u00e3o \u00e0 Pessoa (DHPP) na noite da quarta-feira.<em>(Com informa\u00e7\u00f5es do Blog do Magno)<\/em><\/p>\n","protected":false},"excerpt":{"rendered":"<p>O Sindicato dos Policiais Civis de Pernambuco (Sinpol) vai entrar com uma representa\u00e7\u00e3o hoje no Minist\u00e9rio P\u00fablico de Pernambuco (MPPE), questionando o andamento das investiga\u00e7\u00f5es da morte do empres\u00e1rio Paulo C\u00e9sar Morato. A institui\u00e7\u00e3o alega que os peritos papiloscopistas foram impedidos de realizar as coletas de digitas dentro do quarto onde o corpo dele foi encontrado, quarta-feira passada, no motel Tititi, em Olinda. Morato \u00e9 citado, na Opera\u00e7\u00e3o Turbul\u00eancia, da Pol\u00edcia Federal, como um dos l\u00edderes de um esquema que desviou mais de R$ 600 milh\u00f5es. Os recursos abasteceriam campanhas eleitorais de pol\u00edticos nordestinos, entre eles, a PF cita, o ex-governador EduardoCampos (PSB) O presidente do Sinpol, \u00c1ureo Cisneiros, enfatiza que os policiais civis papiloscopistas s\u00e3o respons\u00e1veis por detectar e&hellip; <\/p>\n","protected":false},"author":7,"featured_media":0,"comment_status":"open","ping_status":"open","sticky":false,"template":"","format":"standard","meta":{"_acf_changed":false,"footnotes":""},"categories":[1],"tags":[],"class_list":["post-144189","post","type-post","status-publish","format-standard","hentry","category-politica"],"acf":[],"yoast_head":"<!-- This site is optimized with the Yoast SEO plugin v27.4 - https:\/\/yoast.com\/product\/yoast-seo-wordpress\/ -->\n<title>JATINHO E MORATO: SINPOL VAI QUESTIONAR INVESTIGA\u00c7\u00c3O - Blog do Farn\u00e9sio<\/title>\n<meta name=\"robots\" content=\"index, follow, max-snippet:-1, max-image-preview:large, max-video-preview:-1\" \/>\n<link rel=\"canonical\" href=\"https:\/\/blogdofarnesio.com.br\/?p=144189\" \/>\n<meta property=\"og:locale\" content=\"pt_BR\" \/>\n<meta property=\"og:type\" content=\"article\" \/>\n<meta property=\"og:title\" content=\"JATINHO E MORATO: SINPOL VAI QUESTIONAR INVESTIGA\u00c7\u00c3O - Blog do Farn\u00e9sio\" \/>\n<meta property=\"og:description\" content=\"O Sindicato dos Policiais Civis de Pernambuco (Sinpol) vai entrar com uma representa\u00e7\u00e3o hoje no Minist\u00e9rio P\u00fablico de Pernambuco (MPPE), questionando o andamento das investiga\u00e7\u00f5es da morte do empres\u00e1rio Paulo C\u00e9sar Morato. A institui\u00e7\u00e3o alega que os peritos papiloscopistas foram impedidos de realizar as coletas de digitas dentro do quarto onde o corpo dele foi encontrado, quarta-feira passada, no motel Tititi, em Olinda. Morato \u00e9 citado, na Opera\u00e7\u00e3o Turbul\u00eancia, da Pol\u00edcia Federal, como um dos l\u00edderes de um esquema que desviou mais de R$ 600 milh\u00f5es. Os recursos abasteceriam campanhas eleitorais de pol\u00edticos nordestinos, entre eles, a PF cita, o ex-governador EduardoCampos (PSB) O presidente do Sinpol, \u00c1ureo Cisneiros, enfatiza que os policiais civis papiloscopistas s\u00e3o respons\u00e1veis por detectar e&hellip;\" \/>\n<meta property=\"og:url\" content=\"https:\/\/blogdofarnesio.com.br\/?p=144189\" \/>\n<meta property=\"og:site_name\" content=\"Blog do Farn\u00e9sio\" \/>\n<meta property=\"article:publisher\" content=\"https:\/\/www.facebook.com\/BlogQuerSaberPolitica\/\" \/>\n<meta property=\"article:published_time\" content=\"2016-06-27T15:03:12+00:00\" \/>\n<meta property=\"og:image\" content=\"http:\/\/www.quersaberpolitica.com.br\/2016\/wp-content\/uploads\/2016\/06\/blogqsp-foragido-dono-do-aviao-de-eduardo-campos.jpg\" \/>\n<meta name=\"twitter:card\" content=\"summary_large_image\" \/>\n<meta name=\"twitter:label1\" content=\"Escrito por\" \/>\n\t<meta name=\"twitter:data1\" content=\"\" \/>\n\t<meta name=\"twitter:label2\" content=\"Est. tempo de leitura\" \/>\n\t<meta name=\"twitter:data2\" content=\"1 minuto\" \/>\n<script type=\"application\/ld+json\" class=\"yoast-schema-graph\">{\"@context\":\"https:\\\/\\\/schema.org\",\"@graph\":[{\"@type\":\"Article\",\"@id\":\"https:\\\/\\\/blogdofarnesio.com.br\\\/?p=144189#article\",\"isPartOf\":{\"@id\":\"https:\\\/\\\/blogdofarnesio.com.br\\\/?p=144189\"},\"author\":{\"name\":\"\",\"@id\":\"\"},\"headline\":\"JATINHO E MORATO: SINPOL VAI QUESTIONAR INVESTIGA\u00c7\u00c3O\",\"datePublished\":\"2016-06-27T15:03:12+00:00\",\"mainEntityOfPage\":{\"@id\":\"https:\\\/\\\/blogdofarnesio.com.br\\\/?p=144189\"},\"wordCount\":254,\"commentCount\":0,\"publisher\":{\"@id\":\"https:\\\/\\\/blogdofarnesio.com.br\\\/#organization\"},\"image\":{\"@id\":\"https:\\\/\\\/blogdofarnesio.com.br\\\/?p=144189#primaryimage\"},\"thumbnailUrl\":\"http:\\\/\\\/www.quersaberpolitica.com.br\\\/2016\\\/wp-content\\\/uploads\\\/2016\\\/06\\\/blogqsp-foragido-dono-do-aviao-de-eduardo-campos.jpg\",\"articleSection\":[\"Pol\u00edtica\"],\"inLanguage\":\"pt-BR\",\"potentialAction\":[{\"@type\":\"CommentAction\",\"name\":\"Comment\",\"target\":[\"https:\\\/\\\/blogdofarnesio.com.br\\\/?p=144189#respond\"]}]},{\"@type\":\"WebPage\",\"@id\":\"https:\\\/\\\/blogdofarnesio.com.br\\\/?p=144189\",\"url\":\"https:\\\/\\\/blogdofarnesio.com.br\\\/?p=144189\",\"name\":\"JATINHO E MORATO: SINPOL VAI QUESTIONAR INVESTIGA\u00c7\u00c3O - Blog do Farn\u00e9sio\",\"isPartOf\":{\"@id\":\"https:\\\/\\\/blogdofarnesio.com.br\\\/#website\"},\"primaryImageOfPage\":{\"@id\":\"https:\\\/\\\/blogdofarnesio.com.br\\\/?p=144189#primaryimage\"},\"image\":{\"@id\":\"https:\\\/\\\/blogdofarnesio.com.br\\\/?p=144189#primaryimage\"},\"thumbnailUrl\":\"http:\\\/\\\/www.quersaberpolitica.com.br\\\/2016\\\/wp-content\\\/uploads\\\/2016\\\/06\\\/blogqsp-foragido-dono-do-aviao-de-eduardo-campos.jpg\",\"datePublished\":\"2016-06-27T15:03:12+00:00\",\"breadcrumb\":{\"@id\":\"https:\\\/\\\/blogdofarnesio.com.br\\\/?p=144189#breadcrumb\"},\"inLanguage\":\"pt-BR\",\"potentialAction\":[{\"@type\":\"ReadAction\",\"target\":[\"https:\\\/\\\/blogdofarnesio.com.br\\\/?p=144189\"]}]},{\"@type\":\"ImageObject\",\"inLanguage\":\"pt-BR\",\"@id\":\"https:\\\/\\\/blogdofarnesio.com.br\\\/?p=144189#primaryimage\",\"url\":\"http:\\\/\\\/www.quersaberpolitica.com.br\\\/2016\\\/wp-content\\\/uploads\\\/2016\\\/06\\\/blogqsp-foragido-dono-do-aviao-de-eduardo-campos.jpg\",\"contentUrl\":\"http:\\\/\\\/www.quersaberpolitica.com.br\\\/2016\\\/wp-content\\\/uploads\\\/2016\\\/06\\\/blogqsp-foragido-dono-do-aviao-de-eduardo-campos.jpg\"},{\"@type\":\"BreadcrumbList\",\"@id\":\"https:\\\/\\\/blogdofarnesio.com.br\\\/?p=144189#breadcrumb\",\"itemListElement\":[{\"@type\":\"ListItem\",\"position\":1,\"name\":\"In\u00edcio\",\"item\":\"https:\\\/\\\/blogdofarnesio.com.br\\\/\"},{\"@type\":\"ListItem\",\"position\":2,\"name\":\"JATINHO E MORATO: SINPOL VAI QUESTIONAR INVESTIGA\u00c7\u00c3O\"}]},{\"@type\":\"WebSite\",\"@id\":\"https:\\\/\\\/blogdofarnesio.com.br\\\/#website\",\"url\":\"https:\\\/\\\/blogdofarnesio.com.br\\\/\",\"name\":\"Blog do Farn\u00e9sio\",\"description\":\"Quer Saber Pol\u00edtica?\",\"publisher\":{\"@id\":\"https:\\\/\\\/blogdofarnesio.com.br\\\/#organization\"},\"potentialAction\":[{\"@type\":\"SearchAction\",\"target\":{\"@type\":\"EntryPoint\",\"urlTemplate\":\"https:\\\/\\\/blogdofarnesio.com.br\\\/?s={search_term_string}\"},\"query-input\":{\"@type\":\"PropertyValueSpecification\",\"valueRequired\":true,\"valueName\":\"search_term_string\"}}],\"inLanguage\":\"pt-BR\"},{\"@type\":\"Organization\",\"@id\":\"https:\\\/\\\/blogdofarnesio.com.br\\\/#organization\",\"name\":\"Blog do Farn\u00e9sio\",\"url\":\"https:\\\/\\\/blogdofarnesio.com.br\\\/\",\"logo\":{\"@type\":\"ImageObject\",\"inLanguage\":\"pt-BR\",\"@id\":\"https:\\\/\\\/blogdofarnesio.com.br\\\/#\\\/schema\\\/logo\\\/image\\\/\",\"url\":\"https:\\\/\\\/blogdofarnesio.com.br\\\/wp-content\\\/uploads\\\/2026\\\/03\\\/cropped-logo_new-1.png\",\"contentUrl\":\"https:\\\/\\\/blogdofarnesio.com.br\\\/wp-content\\\/uploads\\\/2026\\\/03\\\/cropped-logo_new-1.png\",\"width\":881,\"height\":685,\"caption\":\"Blog do Farn\u00e9sio\"},\"image\":{\"@id\":\"https:\\\/\\\/blogdofarnesio.com.br\\\/#\\\/schema\\\/logo\\\/image\\\/\"},\"sameAs\":[\"https:\\\/\\\/www.facebook.com\\\/BlogQuerSaberPolitica\\\/\"]},{\"@type\":\"Person\",\"@id\":\"\",\"url\":\"https:\\\/\\\/blogdofarnesio.com.br\\\/?author=7\"}]}<\/script>\n<!-- \/ Yoast SEO plugin. -->","yoast_head_json":{"title":"JATINHO E MORATO: SINPOL VAI QUESTIONAR INVESTIGA\u00c7\u00c3O - Blog do Farn\u00e9sio","robots":{"index":"index","follow":"follow","max-snippet":"max-snippet:-1","max-image-preview":"max-image-preview:large","max-video-preview":"max-video-preview:-1"},"canonical":"https:\/\/blogdofarnesio.com.br\/?p=144189","og_locale":"pt_BR","og_type":"article","og_title":"JATINHO E MORATO: SINPOL VAI QUESTIONAR INVESTIGA\u00c7\u00c3O - Blog do Farn\u00e9sio","og_description":"O Sindicato dos Policiais Civis de Pernambuco (Sinpol) vai entrar com uma representa\u00e7\u00e3o hoje no Minist\u00e9rio P\u00fablico de Pernambuco (MPPE), questionando o andamento das investiga\u00e7\u00f5es da morte do empres\u00e1rio Paulo C\u00e9sar Morato. A institui\u00e7\u00e3o alega que os peritos papiloscopistas foram impedidos de realizar as coletas de digitas dentro do quarto onde o corpo dele foi encontrado, quarta-feira passada, no motel Tititi, em Olinda. Morato \u00e9 citado, na Opera\u00e7\u00e3o Turbul\u00eancia, da Pol\u00edcia Federal, como um dos l\u00edderes de um esquema que desviou mais de R$ 600 milh\u00f5es. Os recursos abasteceriam campanhas eleitorais de pol\u00edticos nordestinos, entre eles, a PF cita, o ex-governador EduardoCampos (PSB) O presidente do Sinpol, \u00c1ureo Cisneiros, enfatiza que os policiais civis papiloscopistas s\u00e3o respons\u00e1veis por detectar e&hellip;","og_url":"https:\/\/blogdofarnesio.com.br\/?p=144189","og_site_name":"Blog do Farn\u00e9sio","article_publisher":"https:\/\/www.facebook.com\/BlogQuerSaberPolitica\/","article_published_time":"2016-06-27T15:03:12+00:00","og_image":[{"url":"http:\/\/www.quersaberpolitica.com.br\/2016\/wp-content\/uploads\/2016\/06\/blogqsp-foragido-dono-do-aviao-de-eduardo-campos.jpg","type":"","width":"","height":""}],"twitter_card":"summary_large_image","twitter_misc":{"Escrito por":"","Est. tempo de leitura":"1 minuto"},"schema":{"@context":"https:\/\/schema.org","@graph":[{"@type":"Article","@id":"https:\/\/blogdofarnesio.com.br\/?p=144189#article","isPartOf":{"@id":"https:\/\/blogdofarnesio.com.br\/?p=144189"},"author":{"name":"","@id":""},"headline":"JATINHO E MORATO: SINPOL VAI QUESTIONAR INVESTIGA\u00c7\u00c3O","datePublished":"2016-06-27T15:03:12+00:00","mainEntityOfPage":{"@id":"https:\/\/blogdofarnesio.com.br\/?p=144189"},"wordCount":254,"commentCount":0,"publisher":{"@id":"https:\/\/blogdofarnesio.com.br\/#organization"},"image":{"@id":"https:\/\/blogdofarnesio.com.br\/?p=144189#primaryimage"},"thumbnailUrl":"http:\/\/www.quersaberpolitica.com.br\/2016\/wp-content\/uploads\/2016\/06\/blogqsp-foragido-dono-do-aviao-de-eduardo-campos.jpg","articleSection":["Pol\u00edtica"],"inLanguage":"pt-BR","potentialAction":[{"@type":"CommentAction","name":"Comment","target":["https:\/\/blogdofarnesio.com.br\/?p=144189#respond"]}]},{"@type":"WebPage","@id":"https:\/\/blogdofarnesio.com.br\/?p=144189","url":"https:\/\/blogdofarnesio.com.br\/?p=144189","name":"JATINHO E MORATO: SINPOL VAI QUESTIONAR INVESTIGA\u00c7\u00c3O - Blog do Farn\u00e9sio","isPartOf":{"@id":"https:\/\/blogdofarnesio.com.br\/#website"},"primaryImageOfPage":{"@id":"https:\/\/blogdofarnesio.com.br\/?p=144189#primaryimage"},"image":{"@id":"https:\/\/blogdofarnesio.com.br\/?p=144189#primaryimage"},"thumbnailUrl":"http:\/\/www.quersaberpolitica.com.br\/2016\/wp-content\/uploads\/2016\/06\/blogqsp-foragido-dono-do-aviao-de-eduardo-campos.jpg","datePublished":"2016-06-27T15:03:12+00:00","breadcrumb":{"@id":"https:\/\/blogdofarnesio.com.br\/?p=144189#breadcrumb"},"inLanguage":"pt-BR","potentialAction":[{"@type":"ReadAction","target":["https:\/\/blogdofarnesio.com.br\/?p=144189"]}]},{"@type":"ImageObject","inLanguage":"pt-BR","@id":"https:\/\/blogdofarnesio.com.br\/?p=144189#primaryimage","url":"http:\/\/www.quersaberpolitica.com.br\/2016\/wp-content\/uploads\/2016\/06\/blogqsp-foragido-dono-do-aviao-de-eduardo-campos.jpg","contentUrl":"http:\/\/www.quersaberpolitica.com.br\/2016\/wp-content\/uploads\/2016\/06\/blogqsp-foragido-dono-do-aviao-de-eduardo-campos.jpg"},{"@type":"BreadcrumbList","@id":"https:\/\/blogdofarnesio.com.br\/?p=144189#breadcrumb","itemListElement":[{"@type":"ListItem","position":1,"name":"In\u00edcio","item":"https:\/\/blogdofarnesio.com.br\/"},{"@type":"ListItem","position":2,"name":"JATINHO E MORATO: SINPOL VAI QUESTIONAR INVESTIGA\u00c7\u00c3O"}]},{"@type":"WebSite","@id":"https:\/\/blogdofarnesio.com.br\/#website","url":"https:\/\/blogdofarnesio.com.br\/","name":"Blog do Farn\u00e9sio","description":"Quer Saber Pol\u00edtica?","publisher":{"@id":"https:\/\/blogdofarnesio.com.br\/#organization"},"potentialAction":[{"@type":"SearchAction","target":{"@type":"EntryPoint","urlTemplate":"https:\/\/blogdofarnesio.com.br\/?s={search_term_string}"},"query-input":{"@type":"PropertyValueSpecification","valueRequired":true,"valueName":"search_term_string"}}],"inLanguage":"pt-BR"},{"@type":"Organization","@id":"https:\/\/blogdofarnesio.com.br\/#organization","name":"Blog do Farn\u00e9sio","url":"https:\/\/blogdofarnesio.com.br\/","logo":{"@type":"ImageObject","inLanguage":"pt-BR","@id":"https:\/\/blogdofarnesio.com.br\/#\/schema\/logo\/image\/","url":"https:\/\/blogdofarnesio.com.br\/wp-content\/uploads\/2026\/03\/cropped-logo_new-1.png","contentUrl":"https:\/\/blogdofarnesio.com.br\/wp-content\/uploads\/2026\/03\/cropped-logo_new-1.png","width":881,"height":685,"caption":"Blog do Farn\u00e9sio"},"image":{"@id":"https:\/\/blogdofarnesio.com.br\/#\/schema\/logo\/image\/"},"sameAs":["https:\/\/www.facebook.com\/BlogQuerSaberPolitica\/"]},{"@type":"Person","@id":"","url":"https:\/\/blogdofarnesio.com.br\/?author=7"}]}},"_links":{"self":[{"href":"https:\/\/blogdofarnesio.com.br\/index.php?rest_route=\/wp\/v2\/posts\/144189","targetHints":{"allow":["GET"]}}],"collection":[{"href":"https:\/\/blogdofarnesio.com.br\/index.php?rest_route=\/wp\/v2\/posts"}],"about":[{"href":"https:\/\/blogdofarnesio.com.br\/index.php?rest_route=\/wp\/v2\/types\/post"}],"author":[{"embeddable":true,"href":"https:\/\/blogdofarnesio.com.br\/index.php?rest_route=\/wp\/v2\/users\/7"}],"replies":[{"embeddable":true,"href":"https:\/\/blogdofarnesio.com.br\/index.php?rest_route=%2Fwp%2Fv2%2Fcomments&post=144189"}],"version-history":[{"count":0,"href":"https:\/\/blogdofarnesio.com.br\/index.php?rest_route=\/wp\/v2\/posts\/144189\/revisions"}],"wp:attachment":[{"href":"https:\/\/blogdofarnesio.com.br\/index.php?rest_route=%2Fwp%2Fv2%2Fmedia&parent=144189"}],"wp:term":[{"taxonomy":"category","embeddable":true,"href":"https:\/\/blogdofarnesio.com.br\/index.php?rest_route=%2Fwp%2Fv2%2Fcategories&post=144189"},{"taxonomy":"post_tag","embeddable":true,"href":"https:\/\/blogdofarnesio.com.br\/index.php?rest_route=%2Fwp%2Fv2%2Ftags&post=144189"}],"curies":[{"name":"wp","href":"https:\/\/api.w.org\/{rel}","templated":true}]}}