{"id":144186,"date":"2016-06-27T16:00:13","date_gmt":"2016-06-27T19:00:13","guid":{"rendered":"http:\/\/www.quersaberpolitica.com.br\/?p=144186"},"modified":"2016-06-27T14:45:10","modified_gmt":"2016-06-27T17:45:10","slug":"petrolina-tem-candidatos-ou-palhacos","status":"publish","type":"post","link":"https:\/\/blogdofarnesio.com.br\/?p=144186","title":{"rendered":"PETROLINA TEM CANDIDATOS OU PALHA\u00c7OS?"},"content":{"rendered":"<p style=\"text-align: justify\">Cauby Fernandes<\/p>\n<p style=\"text-align: justify\">\u00c0s vezes, \u00a0as elei\u00e7\u00f5es municipais s\u00e3o <img loading=\"lazy\" decoding=\"async\" class=\"  wp-image-144187 alignleft\" src=\"http:\/\/www.quersaberpolitica.com.br\/2016\/wp-content\/uploads\/2016\/06\/blogqsp-palha\u00e7o.jpg\" alt=\"blogqsp-palha\u00e7o\" width=\"158\" height=\"185\" \/>vistas como um grande momento humor\u00edstico. E, infelizmente, ela d\u00e1 realmente um tom \u00a0de que h\u00e1 muita gente que leva sem a menor seriedade \u00a0esse, que \u00e9 um processo de extrema \u00a0import\u00e2ncia para a vida salutar de\u00a0 um munic\u00edpio.<\/p>\n<p style=\"text-align: justify\">Centenas de candidatos se disp\u00f5em a aparecer\u00a0 para as pessoas com discursos bufos ou impratic\u00e1veis, e que nunca se tornar\u00e3o realidade. Sem exce\u00e7\u00e3o,candidatos ao cargo de Vereador \u00a0garantem \u2018proteger o povo\u2019 &#8211; \u00a0termo \u00a0que \u00e9 usado como bengala \u00a0na falta de um discurso s\u00f3lido e aceit\u00e1vel. Eles dizem\u00a0 vou \u2018lutar pela sa\u00fade, pela educa\u00e7\u00e3o e pela seguran\u00e7a\u2019 &#8211; como se a frase fosse um disparo de transforma\u00e7\u00e3o de \u00a0qualquer um em pol\u00edtico competente.<\/p>\n<p style=\"text-align: justify\">\u00a0Ao lado de pessoas \u00a0sem nenhuma consci\u00eancia pol\u00edtica, que apenas buscam estar junto ao p\u00fablico para sair do desterro , h\u00e1 quem ainda n\u00e3o entendeu \u00a0que pol\u00edtica \u00e9 coisa s\u00e9ria e cargo eletivo deve ser encarado como obriga\u00e7\u00e3o, trabalho em favor \u00a0dos habitante da cidade. Infelizmente, veremos que um n\u00famero muito grande de candidatos \u00a0que n\u00e3o confere qualquer seriedade ao que fala.<\/p>\n<p style=\"text-align: justify\">Centenas levam a situa\u00e7\u00e3o na brincadeira e h\u00e1 eleitores que, ainda sem a verdadeira no\u00e7\u00e3o do que seu voto pode determinar, acabam embarcando nessa tro\u00e7a.<\/p>\n<p style=\"text-align: justify\">Bem poucos dizem realmente o que o eleitor precisaria ouvir: propostas adequadas \u00a0e capazes de impedir que a elei\u00e7\u00e3o acabe descambando para a zombaria e o humor de quinta categoria. Embora o eleitor esteja a cada dia mais atento \u00e0s a\u00e7\u00f5es que afetam a sua vida diretamente &#8211; e eleger prefeitos e vereadores \u00e9 uma delas -, h\u00e1 ainda os milhares que se deixam seduzir pelas figuras folcl\u00f3ricas e que est\u00e3o buscando uma forma de se dar bem na vida.<\/p>\n<p style=\"text-align: justify\">O povo n\u00e3o merece continuar sendo v\u00edtima de aproveitadores que veem no mandato eletivo apenas uma fonte de renda. \u00c9 preciso levar com seriedade a elei\u00e7\u00e3o municipal. O povo merece representantes dignos e n\u00e3o histri\u00f5es.<\/p>\n<p style=\"text-align: justify\">Cauby Fernandes<\/p>\n","protected":false},"excerpt":{"rendered":"<p>Cauby Fernandes \u00c0s vezes, \u00a0as elei\u00e7\u00f5es municipais s\u00e3o vistas como um grande momento humor\u00edstico. E, infelizmente, ela d\u00e1 realmente um tom \u00a0de que h\u00e1 muita gente que leva sem a menor seriedade \u00a0esse, que \u00e9 um processo de extrema \u00a0import\u00e2ncia para a vida salutar de\u00a0 um munic\u00edpio. Centenas de candidatos se disp\u00f5em a aparecer\u00a0 para as pessoas com discursos bufos ou impratic\u00e1veis, e que nunca se tornar\u00e3o realidade. Sem exce\u00e7\u00e3o,candidatos ao cargo de Vereador \u00a0garantem \u2018proteger o povo\u2019 &#8211; \u00a0termo \u00a0que \u00e9 usado como bengala \u00a0na falta de um discurso s\u00f3lido e aceit\u00e1vel. Eles dizem\u00a0 vou \u2018lutar pela sa\u00fade, pela educa\u00e7\u00e3o e pela seguran\u00e7a\u2019 &#8211; como se a frase fosse um disparo de transforma\u00e7\u00e3o de \u00a0qualquer um em pol\u00edtico competente.&hellip; <\/p>\n","protected":false},"author":7,"featured_media":0,"comment_status":"open","ping_status":"open","sticky":false,"template":"","format":"standard","meta":{"_acf_changed":false,"footnotes":""},"categories":[30],"tags":[],"class_list":["post-144186","post","type-post","status-publish","format-standard","hentry","category-artigo"],"acf":[],"yoast_head":"<!-- This site is optimized with the Yoast SEO plugin v27.4 - https:\/\/yoast.com\/product\/yoast-seo-wordpress\/ -->\n<title>PETROLINA TEM CANDIDATOS OU PALHA\u00c7OS? - Blog do Farn\u00e9sio<\/title>\n<meta name=\"robots\" content=\"index, follow, max-snippet:-1, max-image-preview:large, max-video-preview:-1\" \/>\n<link rel=\"canonical\" href=\"https:\/\/blogdofarnesio.com.br\/?p=144186\" \/>\n<meta property=\"og:locale\" content=\"pt_BR\" \/>\n<meta property=\"og:type\" content=\"article\" \/>\n<meta property=\"og:title\" content=\"PETROLINA TEM CANDIDATOS OU PALHA\u00c7OS? - Blog do Farn\u00e9sio\" \/>\n<meta property=\"og:description\" content=\"Cauby Fernandes \u00c0s vezes, \u00a0as elei\u00e7\u00f5es municipais s\u00e3o vistas como um grande momento humor\u00edstico. E, infelizmente, ela d\u00e1 realmente um tom \u00a0de que h\u00e1 muita gente que leva sem a menor seriedade \u00a0esse, que \u00e9 um processo de extrema \u00a0import\u00e2ncia para a vida salutar de\u00a0 um munic\u00edpio. Centenas de candidatos se disp\u00f5em a aparecer\u00a0 para as pessoas com discursos bufos ou impratic\u00e1veis, e que nunca se tornar\u00e3o realidade. Sem exce\u00e7\u00e3o,candidatos ao cargo de Vereador \u00a0garantem \u2018proteger o povo\u2019 &#8211; \u00a0termo \u00a0que \u00e9 usado como bengala \u00a0na falta de um discurso s\u00f3lido e aceit\u00e1vel. Eles dizem\u00a0 vou \u2018lutar pela sa\u00fade, pela educa\u00e7\u00e3o e pela seguran\u00e7a\u2019 &#8211; como se a frase fosse um disparo de transforma\u00e7\u00e3o de \u00a0qualquer um em pol\u00edtico competente.&hellip;\" \/>\n<meta property=\"og:url\" content=\"https:\/\/blogdofarnesio.com.br\/?p=144186\" \/>\n<meta property=\"og:site_name\" content=\"Blog do Farn\u00e9sio\" \/>\n<meta property=\"article:publisher\" content=\"https:\/\/www.facebook.com\/BlogQuerSaberPolitica\/\" \/>\n<meta property=\"article:published_time\" content=\"2016-06-27T19:00:13+00:00\" \/>\n<meta name=\"twitter:card\" content=\"summary_large_image\" \/>\n<meta name=\"twitter:label1\" content=\"Escrito por\" \/>\n\t<meta name=\"twitter:data1\" content=\"\" \/>\n\t<meta name=\"twitter:label2\" content=\"Est. tempo de leitura\" \/>\n\t<meta name=\"twitter:data2\" content=\"2 minutos\" \/>\n<script type=\"application\/ld+json\" class=\"yoast-schema-graph\">{\"@context\":\"https:\\\/\\\/schema.org\",\"@graph\":[{\"@type\":\"Article\",\"@id\":\"https:\\\/\\\/blogdofarnesio.com.br\\\/?p=144186#article\",\"isPartOf\":{\"@id\":\"https:\\\/\\\/blogdofarnesio.com.br\\\/?p=144186\"},\"author\":{\"name\":\"\",\"@id\":\"\"},\"headline\":\"PETROLINA TEM CANDIDATOS OU PALHA\u00c7OS?\",\"datePublished\":\"2016-06-27T19:00:13+00:00\",\"mainEntityOfPage\":{\"@id\":\"https:\\\/\\\/blogdofarnesio.com.br\\\/?p=144186\"},\"wordCount\":362,\"commentCount\":0,\"publisher\":{\"@id\":\"https:\\\/\\\/blogdofarnesio.com.br\\\/#organization\"},\"articleSection\":[\"Artigo\"],\"inLanguage\":\"pt-BR\",\"potentialAction\":[{\"@type\":\"CommentAction\",\"name\":\"Comment\",\"target\":[\"https:\\\/\\\/blogdofarnesio.com.br\\\/?p=144186#respond\"]}]},{\"@type\":\"WebPage\",\"@id\":\"https:\\\/\\\/blogdofarnesio.com.br\\\/?p=144186\",\"url\":\"https:\\\/\\\/blogdofarnesio.com.br\\\/?p=144186\",\"name\":\"PETROLINA TEM CANDIDATOS OU PALHA\u00c7OS? - Blog do Farn\u00e9sio\",\"isPartOf\":{\"@id\":\"https:\\\/\\\/blogdofarnesio.com.br\\\/#website\"},\"datePublished\":\"2016-06-27T19:00:13+00:00\",\"breadcrumb\":{\"@id\":\"https:\\\/\\\/blogdofarnesio.com.br\\\/?p=144186#breadcrumb\"},\"inLanguage\":\"pt-BR\",\"potentialAction\":[{\"@type\":\"ReadAction\",\"target\":[\"https:\\\/\\\/blogdofarnesio.com.br\\\/?p=144186\"]}]},{\"@type\":\"BreadcrumbList\",\"@id\":\"https:\\\/\\\/blogdofarnesio.com.br\\\/?p=144186#breadcrumb\",\"itemListElement\":[{\"@type\":\"ListItem\",\"position\":1,\"name\":\"In\u00edcio\",\"item\":\"https:\\\/\\\/blogdofarnesio.com.br\\\/\"},{\"@type\":\"ListItem\",\"position\":2,\"name\":\"PETROLINA TEM CANDIDATOS OU PALHA\u00c7OS?\"}]},{\"@type\":\"WebSite\",\"@id\":\"https:\\\/\\\/blogdofarnesio.com.br\\\/#website\",\"url\":\"https:\\\/\\\/blogdofarnesio.com.br\\\/\",\"name\":\"Blog do Farn\u00e9sio\",\"description\":\"Quer Saber Pol\u00edtica?\",\"publisher\":{\"@id\":\"https:\\\/\\\/blogdofarnesio.com.br\\\/#organization\"},\"potentialAction\":[{\"@type\":\"SearchAction\",\"target\":{\"@type\":\"EntryPoint\",\"urlTemplate\":\"https:\\\/\\\/blogdofarnesio.com.br\\\/?s={search_term_string}\"},\"query-input\":{\"@type\":\"PropertyValueSpecification\",\"valueRequired\":true,\"valueName\":\"search_term_string\"}}],\"inLanguage\":\"pt-BR\"},{\"@type\":\"Organization\",\"@id\":\"https:\\\/\\\/blogdofarnesio.com.br\\\/#organization\",\"name\":\"Blog do Farn\u00e9sio\",\"url\":\"https:\\\/\\\/blogdofarnesio.com.br\\\/\",\"logo\":{\"@type\":\"ImageObject\",\"inLanguage\":\"pt-BR\",\"@id\":\"https:\\\/\\\/blogdofarnesio.com.br\\\/#\\\/schema\\\/logo\\\/image\\\/\",\"url\":\"https:\\\/\\\/blogdofarnesio.com.br\\\/wp-content\\\/uploads\\\/2026\\\/03\\\/cropped-logo_new-1.png\",\"contentUrl\":\"https:\\\/\\\/blogdofarnesio.com.br\\\/wp-content\\\/uploads\\\/2026\\\/03\\\/cropped-logo_new-1.png\",\"width\":881,\"height\":685,\"caption\":\"Blog do Farn\u00e9sio\"},\"image\":{\"@id\":\"https:\\\/\\\/blogdofarnesio.com.br\\\/#\\\/schema\\\/logo\\\/image\\\/\"},\"sameAs\":[\"https:\\\/\\\/www.facebook.com\\\/BlogQuerSaberPolitica\\\/\"]},{\"@type\":\"Person\",\"@id\":\"\",\"url\":\"https:\\\/\\\/blogdofarnesio.com.br\\\/?author=7\"}]}<\/script>\n<!-- \/ Yoast SEO plugin. -->","yoast_head_json":{"title":"PETROLINA TEM CANDIDATOS OU PALHA\u00c7OS? - Blog do Farn\u00e9sio","robots":{"index":"index","follow":"follow","max-snippet":"max-snippet:-1","max-image-preview":"max-image-preview:large","max-video-preview":"max-video-preview:-1"},"canonical":"https:\/\/blogdofarnesio.com.br\/?p=144186","og_locale":"pt_BR","og_type":"article","og_title":"PETROLINA TEM CANDIDATOS OU PALHA\u00c7OS? - Blog do Farn\u00e9sio","og_description":"Cauby Fernandes \u00c0s vezes, \u00a0as elei\u00e7\u00f5es municipais s\u00e3o vistas como um grande momento humor\u00edstico. E, infelizmente, ela d\u00e1 realmente um tom \u00a0de que h\u00e1 muita gente que leva sem a menor seriedade \u00a0esse, que \u00e9 um processo de extrema \u00a0import\u00e2ncia para a vida salutar de\u00a0 um munic\u00edpio. Centenas de candidatos se disp\u00f5em a aparecer\u00a0 para as pessoas com discursos bufos ou impratic\u00e1veis, e que nunca se tornar\u00e3o realidade. Sem exce\u00e7\u00e3o,candidatos ao cargo de Vereador \u00a0garantem \u2018proteger o povo\u2019 &#8211; \u00a0termo \u00a0que \u00e9 usado como bengala \u00a0na falta de um discurso s\u00f3lido e aceit\u00e1vel. Eles dizem\u00a0 vou \u2018lutar pela sa\u00fade, pela educa\u00e7\u00e3o e pela seguran\u00e7a\u2019 &#8211; como se a frase fosse um disparo de transforma\u00e7\u00e3o de \u00a0qualquer um em pol\u00edtico competente.&hellip;","og_url":"https:\/\/blogdofarnesio.com.br\/?p=144186","og_site_name":"Blog do Farn\u00e9sio","article_publisher":"https:\/\/www.facebook.com\/BlogQuerSaberPolitica\/","article_published_time":"2016-06-27T19:00:13+00:00","twitter_card":"summary_large_image","twitter_misc":{"Escrito por":"","Est. tempo de leitura":"2 minutos"},"schema":{"@context":"https:\/\/schema.org","@graph":[{"@type":"Article","@id":"https:\/\/blogdofarnesio.com.br\/?p=144186#article","isPartOf":{"@id":"https:\/\/blogdofarnesio.com.br\/?p=144186"},"author":{"name":"","@id":""},"headline":"PETROLINA TEM CANDIDATOS OU PALHA\u00c7OS?","datePublished":"2016-06-27T19:00:13+00:00","mainEntityOfPage":{"@id":"https:\/\/blogdofarnesio.com.br\/?p=144186"},"wordCount":362,"commentCount":0,"publisher":{"@id":"https:\/\/blogdofarnesio.com.br\/#organization"},"articleSection":["Artigo"],"inLanguage":"pt-BR","potentialAction":[{"@type":"CommentAction","name":"Comment","target":["https:\/\/blogdofarnesio.com.br\/?p=144186#respond"]}]},{"@type":"WebPage","@id":"https:\/\/blogdofarnesio.com.br\/?p=144186","url":"https:\/\/blogdofarnesio.com.br\/?p=144186","name":"PETROLINA TEM CANDIDATOS OU PALHA\u00c7OS? - Blog do Farn\u00e9sio","isPartOf":{"@id":"https:\/\/blogdofarnesio.com.br\/#website"},"datePublished":"2016-06-27T19:00:13+00:00","breadcrumb":{"@id":"https:\/\/blogdofarnesio.com.br\/?p=144186#breadcrumb"},"inLanguage":"pt-BR","potentialAction":[{"@type":"ReadAction","target":["https:\/\/blogdofarnesio.com.br\/?p=144186"]}]},{"@type":"BreadcrumbList","@id":"https:\/\/blogdofarnesio.com.br\/?p=144186#breadcrumb","itemListElement":[{"@type":"ListItem","position":1,"name":"In\u00edcio","item":"https:\/\/blogdofarnesio.com.br\/"},{"@type":"ListItem","position":2,"name":"PETROLINA TEM CANDIDATOS OU PALHA\u00c7OS?"}]},{"@type":"WebSite","@id":"https:\/\/blogdofarnesio.com.br\/#website","url":"https:\/\/blogdofarnesio.com.br\/","name":"Blog do Farn\u00e9sio","description":"Quer Saber Pol\u00edtica?","publisher":{"@id":"https:\/\/blogdofarnesio.com.br\/#organization"},"potentialAction":[{"@type":"SearchAction","target":{"@type":"EntryPoint","urlTemplate":"https:\/\/blogdofarnesio.com.br\/?s={search_term_string}"},"query-input":{"@type":"PropertyValueSpecification","valueRequired":true,"valueName":"search_term_string"}}],"inLanguage":"pt-BR"},{"@type":"Organization","@id":"https:\/\/blogdofarnesio.com.br\/#organization","name":"Blog do Farn\u00e9sio","url":"https:\/\/blogdofarnesio.com.br\/","logo":{"@type":"ImageObject","inLanguage":"pt-BR","@id":"https:\/\/blogdofarnesio.com.br\/#\/schema\/logo\/image\/","url":"https:\/\/blogdofarnesio.com.br\/wp-content\/uploads\/2026\/03\/cropped-logo_new-1.png","contentUrl":"https:\/\/blogdofarnesio.com.br\/wp-content\/uploads\/2026\/03\/cropped-logo_new-1.png","width":881,"height":685,"caption":"Blog do Farn\u00e9sio"},"image":{"@id":"https:\/\/blogdofarnesio.com.br\/#\/schema\/logo\/image\/"},"sameAs":["https:\/\/www.facebook.com\/BlogQuerSaberPolitica\/"]},{"@type":"Person","@id":"","url":"https:\/\/blogdofarnesio.com.br\/?author=7"}]}},"_links":{"self":[{"href":"https:\/\/blogdofarnesio.com.br\/index.php?rest_route=\/wp\/v2\/posts\/144186","targetHints":{"allow":["GET"]}}],"collection":[{"href":"https:\/\/blogdofarnesio.com.br\/index.php?rest_route=\/wp\/v2\/posts"}],"about":[{"href":"https:\/\/blogdofarnesio.com.br\/index.php?rest_route=\/wp\/v2\/types\/post"}],"author":[{"embeddable":true,"href":"https:\/\/blogdofarnesio.com.br\/index.php?rest_route=\/wp\/v2\/users\/7"}],"replies":[{"embeddable":true,"href":"https:\/\/blogdofarnesio.com.br\/index.php?rest_route=%2Fwp%2Fv2%2Fcomments&post=144186"}],"version-history":[{"count":0,"href":"https:\/\/blogdofarnesio.com.br\/index.php?rest_route=\/wp\/v2\/posts\/144186\/revisions"}],"wp:attachment":[{"href":"https:\/\/blogdofarnesio.com.br\/index.php?rest_route=%2Fwp%2Fv2%2Fmedia&parent=144186"}],"wp:term":[{"taxonomy":"category","embeddable":true,"href":"https:\/\/blogdofarnesio.com.br\/index.php?rest_route=%2Fwp%2Fv2%2Fcategories&post=144186"},{"taxonomy":"post_tag","embeddable":true,"href":"https:\/\/blogdofarnesio.com.br\/index.php?rest_route=%2Fwp%2Fv2%2Ftags&post=144186"}],"curies":[{"name":"wp","href":"https:\/\/api.w.org\/{rel}","templated":true}]}}