{"id":144169,"date":"2016-06-27T10:20:40","date_gmt":"2016-06-27T13:20:40","guid":{"rendered":"http:\/\/www.quersaberpolitica.com.br\/?p=144169"},"modified":"2016-06-27T09:39:01","modified_gmt":"2016-06-27T12:39:01","slug":"campanha-petrolina-educa-e-protege-foi-sucesso-no-sao-joao-do-vale-2016","status":"publish","type":"post","link":"https:\/\/blogdofarnesio.com.br\/?p=144169","title":{"rendered":"CAMPANHA \u201cPETROLINA EDUCA E PROTEGE\u201d FOI SUCESSO NO S\u00c3O JO\u00c3O DO VALE 2016"},"content":{"rendered":"<p style=\"text-align: justify\"><a href=\"http:\/\/www.quersaberpolitica.com.br\/2016\/wp-content\/uploads\/2016\/06\/blogqsp-petrolina-educa-protege.jpg\"><img loading=\"lazy\" decoding=\"async\" class=\" size-full wp-image-144170 aligncenter\" src=\"http:\/\/www.quersaberpolitica.com.br\/2016\/wp-content\/uploads\/2016\/06\/blogqsp-petrolina-educa-protege.jpg\" alt=\"blogqsp-petrolina-educa-protege\" width=\"445\" height=\"336\" srcset=\"https:\/\/blogdofarnesio.com.br\/wp-content\/uploads\/2016\/06\/blogqsp-petrolina-educa-protege.jpg 445w, https:\/\/blogdofarnesio.com.br\/wp-content\/uploads\/2016\/06\/blogqsp-petrolina-educa-protege-300x227.jpg 300w, https:\/\/blogdofarnesio.com.br\/wp-content\/uploads\/2016\/06\/blogqsp-petrolina-educa-protege-397x300.jpg 397w\" sizes=\"auto, (max-width: 445px) 100vw, 445px\" \/><\/a><\/p>\n<p style=\"text-align: justify\">A Prefeitura de Petrolina, atrav\u00e9s da Secretaria de Cidadania, realizou a campanha \u201cPetrolina Educa e Protege\u201d no S\u00e3o Jo\u00e3o do Vale.\u00a0 A finalidade da campanha foi de mobilizar a popula\u00e7\u00e3o contra o trabalho infantil.<\/p>\n<p>A campanha chamou a aten\u00e7\u00e3o da sociedade para os casos de trabalho infantil, um dos maiores problemas sociais existentes no Brasil. Equipes da Secretaria de Cidadania e agentes do Poder Judici\u00e1rio se revezaram e atuaram durante os festejos que foram realizados entre os dias 17 e 25 de junho no P\u00e1tio de Eventos Ana das Carrancas.\u00a0 Nas abordagens as equipes conseguiram\u00a0 retirar diversas \u00a0crian\u00e7as do P\u00e1tio Ana das Carrancas, que trabalhavam nas barracas , notificando os respons\u00e1veis pelos menores.<\/p>\n<p>Foram realizadas panfletagem, instru\u00e7\u00e3o para os gar\u00e7ons, donos de bares e barraca, como tamb\u00e9m orienta\u00e7\u00e3o para o p\u00fablico presente no evento. \u201cO trabalho infantil \u00e9 um problema dif\u00edcil de combater e costumeiramente aumentam em per\u00edodos festivos. A nossa inquieta\u00e7\u00e3o \u00e9 trabalhar para oferecemos ajuda necess\u00e1ria para essas crian\u00e7as e adolescentes que s\u00e3o for\u00e7adas a trabalhar\u201d, destacou a Secret\u00e1ria de Cidadania Adinair Viana.<\/p>\n<p>O Prefeito Julio L\u00f3ssio disse estar muito satisfeito com a a\u00e7\u00e3o. \u201cO compromisso com a sociedade petrolinense tem sido a marca da nossa gest\u00e3o. Campanhas que enfocam essa realidade do trabalho infantil tem que ser abra\u00e7adas por todos. \u201cPetrolina Educa e Protege\u201d \u00e9 uma \u00f3tima maneira de fomentar o fortalecimento de iniciativas de responsabilidade social na garantia dos direitos de crian\u00e7as e adolescentes\u201d, pontuou.<\/p>\n<p>Cauby Fernandes<\/p>\n","protected":false},"excerpt":{"rendered":"<p>A Prefeitura de Petrolina, atrav\u00e9s da Secretaria de Cidadania, realizou a campanha \u201cPetrolina Educa e Protege\u201d no S\u00e3o Jo\u00e3o do Vale.\u00a0 A finalidade da campanha foi de mobilizar a popula\u00e7\u00e3o contra o trabalho infantil. A campanha chamou a aten\u00e7\u00e3o da sociedade para os casos de trabalho infantil, um dos maiores problemas sociais existentes no Brasil. Equipes da Secretaria de Cidadania e agentes do Poder Judici\u00e1rio se revezaram e atuaram durante os festejos que foram realizados entre os dias 17 e 25 de junho no P\u00e1tio de Eventos Ana das Carrancas.\u00a0 Nas abordagens as equipes conseguiram\u00a0 retirar diversas \u00a0crian\u00e7as do P\u00e1tio Ana das Carrancas, que trabalhavam nas barracas , notificando os respons\u00e1veis pelos menores. Foram realizadas panfletagem, instru\u00e7\u00e3o para os gar\u00e7ons,&hellip; <\/p>\n","protected":false},"author":7,"featured_media":0,"comment_status":"open","ping_status":"open","sticky":false,"template":"","format":"standard","meta":{"_acf_changed":false,"footnotes":""},"categories":[44],"tags":[],"class_list":["post-144169","post","type-post","status-publish","format-standard","hentry","category-administracao"],"acf":[],"yoast_head":"<!-- This site is optimized with the Yoast SEO plugin v27.4 - https:\/\/yoast.com\/product\/yoast-seo-wordpress\/ -->\n<title>CAMPANHA \u201cPETROLINA EDUCA E PROTEGE\u201d FOI SUCESSO NO S\u00c3O JO\u00c3O DO VALE 2016 - Blog do Farn\u00e9sio<\/title>\n<meta name=\"robots\" content=\"index, follow, max-snippet:-1, max-image-preview:large, max-video-preview:-1\" \/>\n<link rel=\"canonical\" href=\"https:\/\/blogdofarnesio.com.br\/?p=144169\" \/>\n<meta property=\"og:locale\" content=\"pt_BR\" \/>\n<meta property=\"og:type\" content=\"article\" \/>\n<meta property=\"og:title\" content=\"CAMPANHA \u201cPETROLINA EDUCA E PROTEGE\u201d FOI SUCESSO NO S\u00c3O JO\u00c3O DO VALE 2016 - Blog do Farn\u00e9sio\" \/>\n<meta property=\"og:description\" content=\"A Prefeitura de Petrolina, atrav\u00e9s da Secretaria de Cidadania, realizou a campanha \u201cPetrolina Educa e Protege\u201d no S\u00e3o Jo\u00e3o do Vale.\u00a0 A finalidade da campanha foi de mobilizar a popula\u00e7\u00e3o contra o trabalho infantil. A campanha chamou a aten\u00e7\u00e3o da sociedade para os casos de trabalho infantil, um dos maiores problemas sociais existentes no Brasil. Equipes da Secretaria de Cidadania e agentes do Poder Judici\u00e1rio se revezaram e atuaram durante os festejos que foram realizados entre os dias 17 e 25 de junho no P\u00e1tio de Eventos Ana das Carrancas.\u00a0 Nas abordagens as equipes conseguiram\u00a0 retirar diversas \u00a0crian\u00e7as do P\u00e1tio Ana das Carrancas, que trabalhavam nas barracas , notificando os respons\u00e1veis pelos menores. Foram realizadas panfletagem, instru\u00e7\u00e3o para os gar\u00e7ons,&hellip;\" \/>\n<meta property=\"og:url\" content=\"https:\/\/blogdofarnesio.com.br\/?p=144169\" \/>\n<meta property=\"og:site_name\" content=\"Blog do Farn\u00e9sio\" \/>\n<meta property=\"article:publisher\" content=\"https:\/\/www.facebook.com\/BlogQuerSaberPolitica\/\" \/>\n<meta property=\"article:published_time\" content=\"2016-06-27T13:20:40+00:00\" \/>\n<meta property=\"og:image\" content=\"http:\/\/www.quersaberpolitica.com.br\/2016\/wp-content\/uploads\/2016\/06\/blogqsp-petrolina-educa-protege.jpg\" \/>\n<meta name=\"twitter:card\" content=\"summary_large_image\" \/>\n<meta name=\"twitter:label1\" content=\"Escrito por\" \/>\n\t<meta name=\"twitter:data1\" content=\"\" \/>\n\t<meta name=\"twitter:label2\" content=\"Est. tempo de leitura\" \/>\n\t<meta name=\"twitter:data2\" content=\"1 minuto\" \/>\n<script type=\"application\/ld+json\" class=\"yoast-schema-graph\">{\"@context\":\"https:\\\/\\\/schema.org\",\"@graph\":[{\"@type\":\"Article\",\"@id\":\"https:\\\/\\\/blogdofarnesio.com.br\\\/?p=144169#article\",\"isPartOf\":{\"@id\":\"https:\\\/\\\/blogdofarnesio.com.br\\\/?p=144169\"},\"author\":{\"name\":\"\",\"@id\":\"\"},\"headline\":\"CAMPANHA \u201cPETROLINA EDUCA E PROTEGE\u201d FOI SUCESSO NO S\u00c3O JO\u00c3O DO VALE 2016\",\"datePublished\":\"2016-06-27T13:20:40+00:00\",\"mainEntityOfPage\":{\"@id\":\"https:\\\/\\\/blogdofarnesio.com.br\\\/?p=144169\"},\"wordCount\":277,\"commentCount\":0,\"publisher\":{\"@id\":\"https:\\\/\\\/blogdofarnesio.com.br\\\/#organization\"},\"image\":{\"@id\":\"https:\\\/\\\/blogdofarnesio.com.br\\\/?p=144169#primaryimage\"},\"thumbnailUrl\":\"http:\\\/\\\/www.quersaberpolitica.com.br\\\/2016\\\/wp-content\\\/uploads\\\/2016\\\/06\\\/blogqsp-petrolina-educa-protege.jpg\",\"articleSection\":[\"Administra\u00e7\u00e3o\"],\"inLanguage\":\"pt-BR\",\"potentialAction\":[{\"@type\":\"CommentAction\",\"name\":\"Comment\",\"target\":[\"https:\\\/\\\/blogdofarnesio.com.br\\\/?p=144169#respond\"]}]},{\"@type\":\"WebPage\",\"@id\":\"https:\\\/\\\/blogdofarnesio.com.br\\\/?p=144169\",\"url\":\"https:\\\/\\\/blogdofarnesio.com.br\\\/?p=144169\",\"name\":\"CAMPANHA \u201cPETROLINA EDUCA E PROTEGE\u201d FOI SUCESSO NO S\u00c3O JO\u00c3O DO VALE 2016 - Blog do Farn\u00e9sio\",\"isPartOf\":{\"@id\":\"https:\\\/\\\/blogdofarnesio.com.br\\\/#website\"},\"primaryImageOfPage\":{\"@id\":\"https:\\\/\\\/blogdofarnesio.com.br\\\/?p=144169#primaryimage\"},\"image\":{\"@id\":\"https:\\\/\\\/blogdofarnesio.com.br\\\/?p=144169#primaryimage\"},\"thumbnailUrl\":\"http:\\\/\\\/www.quersaberpolitica.com.br\\\/2016\\\/wp-content\\\/uploads\\\/2016\\\/06\\\/blogqsp-petrolina-educa-protege.jpg\",\"datePublished\":\"2016-06-27T13:20:40+00:00\",\"breadcrumb\":{\"@id\":\"https:\\\/\\\/blogdofarnesio.com.br\\\/?p=144169#breadcrumb\"},\"inLanguage\":\"pt-BR\",\"potentialAction\":[{\"@type\":\"ReadAction\",\"target\":[\"https:\\\/\\\/blogdofarnesio.com.br\\\/?p=144169\"]}]},{\"@type\":\"ImageObject\",\"inLanguage\":\"pt-BR\",\"@id\":\"https:\\\/\\\/blogdofarnesio.com.br\\\/?p=144169#primaryimage\",\"url\":\"http:\\\/\\\/www.quersaberpolitica.com.br\\\/2016\\\/wp-content\\\/uploads\\\/2016\\\/06\\\/blogqsp-petrolina-educa-protege.jpg\",\"contentUrl\":\"http:\\\/\\\/www.quersaberpolitica.com.br\\\/2016\\\/wp-content\\\/uploads\\\/2016\\\/06\\\/blogqsp-petrolina-educa-protege.jpg\"},{\"@type\":\"BreadcrumbList\",\"@id\":\"https:\\\/\\\/blogdofarnesio.com.br\\\/?p=144169#breadcrumb\",\"itemListElement\":[{\"@type\":\"ListItem\",\"position\":1,\"name\":\"In\u00edcio\",\"item\":\"https:\\\/\\\/blogdofarnesio.com.br\\\/\"},{\"@type\":\"ListItem\",\"position\":2,\"name\":\"CAMPANHA \u201cPETROLINA EDUCA E PROTEGE\u201d FOI SUCESSO NO S\u00c3O JO\u00c3O DO VALE 2016\"}]},{\"@type\":\"WebSite\",\"@id\":\"https:\\\/\\\/blogdofarnesio.com.br\\\/#website\",\"url\":\"https:\\\/\\\/blogdofarnesio.com.br\\\/\",\"name\":\"Blog do Farn\u00e9sio\",\"description\":\"Quer Saber Pol\u00edtica?\",\"publisher\":{\"@id\":\"https:\\\/\\\/blogdofarnesio.com.br\\\/#organization\"},\"potentialAction\":[{\"@type\":\"SearchAction\",\"target\":{\"@type\":\"EntryPoint\",\"urlTemplate\":\"https:\\\/\\\/blogdofarnesio.com.br\\\/?s={search_term_string}\"},\"query-input\":{\"@type\":\"PropertyValueSpecification\",\"valueRequired\":true,\"valueName\":\"search_term_string\"}}],\"inLanguage\":\"pt-BR\"},{\"@type\":\"Organization\",\"@id\":\"https:\\\/\\\/blogdofarnesio.com.br\\\/#organization\",\"name\":\"Blog do Farn\u00e9sio\",\"url\":\"https:\\\/\\\/blogdofarnesio.com.br\\\/\",\"logo\":{\"@type\":\"ImageObject\",\"inLanguage\":\"pt-BR\",\"@id\":\"https:\\\/\\\/blogdofarnesio.com.br\\\/#\\\/schema\\\/logo\\\/image\\\/\",\"url\":\"https:\\\/\\\/blogdofarnesio.com.br\\\/wp-content\\\/uploads\\\/2026\\\/03\\\/cropped-logo_new-1.png\",\"contentUrl\":\"https:\\\/\\\/blogdofarnesio.com.br\\\/wp-content\\\/uploads\\\/2026\\\/03\\\/cropped-logo_new-1.png\",\"width\":881,\"height\":685,\"caption\":\"Blog do Farn\u00e9sio\"},\"image\":{\"@id\":\"https:\\\/\\\/blogdofarnesio.com.br\\\/#\\\/schema\\\/logo\\\/image\\\/\"},\"sameAs\":[\"https:\\\/\\\/www.facebook.com\\\/BlogQuerSaberPolitica\\\/\"]},{\"@type\":\"Person\",\"@id\":\"\",\"url\":\"https:\\\/\\\/blogdofarnesio.com.br\\\/?author=7\"}]}<\/script>\n<!-- \/ Yoast SEO plugin. -->","yoast_head_json":{"title":"CAMPANHA \u201cPETROLINA EDUCA E PROTEGE\u201d FOI SUCESSO NO S\u00c3O JO\u00c3O DO VALE 2016 - Blog do Farn\u00e9sio","robots":{"index":"index","follow":"follow","max-snippet":"max-snippet:-1","max-image-preview":"max-image-preview:large","max-video-preview":"max-video-preview:-1"},"canonical":"https:\/\/blogdofarnesio.com.br\/?p=144169","og_locale":"pt_BR","og_type":"article","og_title":"CAMPANHA \u201cPETROLINA EDUCA E PROTEGE\u201d FOI SUCESSO NO S\u00c3O JO\u00c3O DO VALE 2016 - Blog do Farn\u00e9sio","og_description":"A Prefeitura de Petrolina, atrav\u00e9s da Secretaria de Cidadania, realizou a campanha \u201cPetrolina Educa e Protege\u201d no S\u00e3o Jo\u00e3o do Vale.\u00a0 A finalidade da campanha foi de mobilizar a popula\u00e7\u00e3o contra o trabalho infantil. A campanha chamou a aten\u00e7\u00e3o da sociedade para os casos de trabalho infantil, um dos maiores problemas sociais existentes no Brasil. Equipes da Secretaria de Cidadania e agentes do Poder Judici\u00e1rio se revezaram e atuaram durante os festejos que foram realizados entre os dias 17 e 25 de junho no P\u00e1tio de Eventos Ana das Carrancas.\u00a0 Nas abordagens as equipes conseguiram\u00a0 retirar diversas \u00a0crian\u00e7as do P\u00e1tio Ana das Carrancas, que trabalhavam nas barracas , notificando os respons\u00e1veis pelos menores. Foram realizadas panfletagem, instru\u00e7\u00e3o para os gar\u00e7ons,&hellip;","og_url":"https:\/\/blogdofarnesio.com.br\/?p=144169","og_site_name":"Blog do Farn\u00e9sio","article_publisher":"https:\/\/www.facebook.com\/BlogQuerSaberPolitica\/","article_published_time":"2016-06-27T13:20:40+00:00","og_image":[{"url":"http:\/\/www.quersaberpolitica.com.br\/2016\/wp-content\/uploads\/2016\/06\/blogqsp-petrolina-educa-protege.jpg","type":"","width":"","height":""}],"twitter_card":"summary_large_image","twitter_misc":{"Escrito por":"","Est. tempo de leitura":"1 minuto"},"schema":{"@context":"https:\/\/schema.org","@graph":[{"@type":"Article","@id":"https:\/\/blogdofarnesio.com.br\/?p=144169#article","isPartOf":{"@id":"https:\/\/blogdofarnesio.com.br\/?p=144169"},"author":{"name":"","@id":""},"headline":"CAMPANHA \u201cPETROLINA EDUCA E PROTEGE\u201d FOI SUCESSO NO S\u00c3O JO\u00c3O DO VALE 2016","datePublished":"2016-06-27T13:20:40+00:00","mainEntityOfPage":{"@id":"https:\/\/blogdofarnesio.com.br\/?p=144169"},"wordCount":277,"commentCount":0,"publisher":{"@id":"https:\/\/blogdofarnesio.com.br\/#organization"},"image":{"@id":"https:\/\/blogdofarnesio.com.br\/?p=144169#primaryimage"},"thumbnailUrl":"http:\/\/www.quersaberpolitica.com.br\/2016\/wp-content\/uploads\/2016\/06\/blogqsp-petrolina-educa-protege.jpg","articleSection":["Administra\u00e7\u00e3o"],"inLanguage":"pt-BR","potentialAction":[{"@type":"CommentAction","name":"Comment","target":["https:\/\/blogdofarnesio.com.br\/?p=144169#respond"]}]},{"@type":"WebPage","@id":"https:\/\/blogdofarnesio.com.br\/?p=144169","url":"https:\/\/blogdofarnesio.com.br\/?p=144169","name":"CAMPANHA \u201cPETROLINA EDUCA E PROTEGE\u201d FOI SUCESSO NO S\u00c3O JO\u00c3O DO VALE 2016 - Blog do Farn\u00e9sio","isPartOf":{"@id":"https:\/\/blogdofarnesio.com.br\/#website"},"primaryImageOfPage":{"@id":"https:\/\/blogdofarnesio.com.br\/?p=144169#primaryimage"},"image":{"@id":"https:\/\/blogdofarnesio.com.br\/?p=144169#primaryimage"},"thumbnailUrl":"http:\/\/www.quersaberpolitica.com.br\/2016\/wp-content\/uploads\/2016\/06\/blogqsp-petrolina-educa-protege.jpg","datePublished":"2016-06-27T13:20:40+00:00","breadcrumb":{"@id":"https:\/\/blogdofarnesio.com.br\/?p=144169#breadcrumb"},"inLanguage":"pt-BR","potentialAction":[{"@type":"ReadAction","target":["https:\/\/blogdofarnesio.com.br\/?p=144169"]}]},{"@type":"ImageObject","inLanguage":"pt-BR","@id":"https:\/\/blogdofarnesio.com.br\/?p=144169#primaryimage","url":"http:\/\/www.quersaberpolitica.com.br\/2016\/wp-content\/uploads\/2016\/06\/blogqsp-petrolina-educa-protege.jpg","contentUrl":"http:\/\/www.quersaberpolitica.com.br\/2016\/wp-content\/uploads\/2016\/06\/blogqsp-petrolina-educa-protege.jpg"},{"@type":"BreadcrumbList","@id":"https:\/\/blogdofarnesio.com.br\/?p=144169#breadcrumb","itemListElement":[{"@type":"ListItem","position":1,"name":"In\u00edcio","item":"https:\/\/blogdofarnesio.com.br\/"},{"@type":"ListItem","position":2,"name":"CAMPANHA \u201cPETROLINA EDUCA E PROTEGE\u201d FOI SUCESSO NO S\u00c3O JO\u00c3O DO VALE 2016"}]},{"@type":"WebSite","@id":"https:\/\/blogdofarnesio.com.br\/#website","url":"https:\/\/blogdofarnesio.com.br\/","name":"Blog do Farn\u00e9sio","description":"Quer Saber Pol\u00edtica?","publisher":{"@id":"https:\/\/blogdofarnesio.com.br\/#organization"},"potentialAction":[{"@type":"SearchAction","target":{"@type":"EntryPoint","urlTemplate":"https:\/\/blogdofarnesio.com.br\/?s={search_term_string}"},"query-input":{"@type":"PropertyValueSpecification","valueRequired":true,"valueName":"search_term_string"}}],"inLanguage":"pt-BR"},{"@type":"Organization","@id":"https:\/\/blogdofarnesio.com.br\/#organization","name":"Blog do Farn\u00e9sio","url":"https:\/\/blogdofarnesio.com.br\/","logo":{"@type":"ImageObject","inLanguage":"pt-BR","@id":"https:\/\/blogdofarnesio.com.br\/#\/schema\/logo\/image\/","url":"https:\/\/blogdofarnesio.com.br\/wp-content\/uploads\/2026\/03\/cropped-logo_new-1.png","contentUrl":"https:\/\/blogdofarnesio.com.br\/wp-content\/uploads\/2026\/03\/cropped-logo_new-1.png","width":881,"height":685,"caption":"Blog do Farn\u00e9sio"},"image":{"@id":"https:\/\/blogdofarnesio.com.br\/#\/schema\/logo\/image\/"},"sameAs":["https:\/\/www.facebook.com\/BlogQuerSaberPolitica\/"]},{"@type":"Person","@id":"","url":"https:\/\/blogdofarnesio.com.br\/?author=7"}]}},"_links":{"self":[{"href":"https:\/\/blogdofarnesio.com.br\/index.php?rest_route=\/wp\/v2\/posts\/144169","targetHints":{"allow":["GET"]}}],"collection":[{"href":"https:\/\/blogdofarnesio.com.br\/index.php?rest_route=\/wp\/v2\/posts"}],"about":[{"href":"https:\/\/blogdofarnesio.com.br\/index.php?rest_route=\/wp\/v2\/types\/post"}],"author":[{"embeddable":true,"href":"https:\/\/blogdofarnesio.com.br\/index.php?rest_route=\/wp\/v2\/users\/7"}],"replies":[{"embeddable":true,"href":"https:\/\/blogdofarnesio.com.br\/index.php?rest_route=%2Fwp%2Fv2%2Fcomments&post=144169"}],"version-history":[{"count":0,"href":"https:\/\/blogdofarnesio.com.br\/index.php?rest_route=\/wp\/v2\/posts\/144169\/revisions"}],"wp:attachment":[{"href":"https:\/\/blogdofarnesio.com.br\/index.php?rest_route=%2Fwp%2Fv2%2Fmedia&parent=144169"}],"wp:term":[{"taxonomy":"category","embeddable":true,"href":"https:\/\/blogdofarnesio.com.br\/index.php?rest_route=%2Fwp%2Fv2%2Fcategories&post=144169"},{"taxonomy":"post_tag","embeddable":true,"href":"https:\/\/blogdofarnesio.com.br\/index.php?rest_route=%2Fwp%2Fv2%2Ftags&post=144169"}],"curies":[{"name":"wp","href":"https:\/\/api.w.org\/{rel}","templated":true}]}}