{"id":144157,"date":"2016-06-27T10:02:13","date_gmt":"2016-06-27T13:02:13","guid":{"rendered":"http:\/\/www.quersaberpolitica.com.br\/?p=144157"},"modified":"2016-06-26T19:58:43","modified_gmt":"2016-06-26T22:58:43","slug":"abertura-cultural-realizara-nesta-quinta-seu-ultimo-programa","status":"publish","type":"post","link":"https:\/\/blogdofarnesio.com.br\/?p=144157","title":{"rendered":"ABERTURA CULTURAL REALIZAR\u00c1 NESTA QUINTA, SEU \u00daLTIMO PROGRAMA"},"content":{"rendered":"<p style=\"text-align: justify\"><a href=\"http:\/\/www.quersaberpolitica.com.br\/2016\/wp-content\/uploads\/2016\/06\/blogqsp-aberturacultural2.jpg\"><img loading=\"lazy\" decoding=\"async\" class=\"  wp-image-144159 aligncenter\" src=\"http:\/\/www.quersaberpolitica.com.br\/2016\/wp-content\/uploads\/2016\/06\/blogqsp-aberturacultural2.jpg\" alt=\"blogqsp-aberturacultural\" width=\"426\" height=\"427\" srcset=\"https:\/\/blogdofarnesio.com.br\/wp-content\/uploads\/2016\/06\/blogqsp-aberturacultural2.jpg 510w, https:\/\/blogdofarnesio.com.br\/wp-content\/uploads\/2016\/06\/blogqsp-aberturacultural2-150x150.jpg 150w, https:\/\/blogdofarnesio.com.br\/wp-content\/uploads\/2016\/06\/blogqsp-aberturacultural2-300x300.jpg 300w, https:\/\/blogdofarnesio.com.br\/wp-content\/uploads\/2016\/06\/blogqsp-aberturacultural2-299x300.jpg 299w\" sizes=\"auto, (max-width: 426px) 100vw, 426px\" \/><\/a><\/p>\n<p style=\"text-align: justify\">O\u00a0 Projeto \u00a0Abertura\u00a0 Cultural \u00a0 que acontece todas as quintas-feiras no Centro de Cultura Jo\u00e3o Gilberto desde fevereiro de 2016 , vai deixar saudade. Nesta quinta-feira(30) acontece \u00a0o \u00faltimo evento,fechando assim \u00a0uma s\u00e9rie de\u00a0 20 programas com os convidados : Wilson Duarte o Z\u00e9 Brocoi\u00f3, \u00a0radialista , humorista e compositor, Maviael Melo poeta e\u00a0 cantor e Bi\u00e3o de Canudos, s\u00e3o esses\u00a0 que\u00a0 ser\u00e3o entrevistados \u00a0e v\u00e3o mostrar\u00a0 seus trabalhos.<\/p>\n<p style=\"text-align: justify\">Durantes esses meses\u00a0 60 convidados foram entrevistados , artistas\u00a0 das mais\u00a0 diversas \u00e1reas \u00a0e gestores culturais de Juazeiro e\u00a0 de \u00a0mais \u00a0de 10 territ\u00f3rios do S\u00e3o Francisco\u00a0 \u00a0falaram sobre suas vidas , trabalhos , facilidades e dificuldades com a carreira. Para esta noite de encerramento\u00a0 ser\u00e3o reservadas muitas surpresas e muita m\u00fasica boa .<\/p>\n<p style=\"text-align: justify\">O programa Abertura Cultura \u00a0tem a apresenta\u00e7\u00e3o de Gisa Ramos\u00a0 a dire\u00e7\u00e3o do artista visual Alex Moreira, a entrada \u00e9 gr\u00e1tis.<\/p>\n<p>Ascom<\/p>\n","protected":false},"excerpt":{"rendered":"<p>O\u00a0 Projeto \u00a0Abertura\u00a0 Cultural \u00a0 que acontece todas as quintas-feiras no Centro de Cultura Jo\u00e3o Gilberto desde fevereiro de 2016 , vai deixar saudade. Nesta quinta-feira(30) acontece \u00a0o \u00faltimo evento,fechando assim \u00a0uma s\u00e9rie de\u00a0 20 programas com os convidados : Wilson Duarte o Z\u00e9 Brocoi\u00f3, \u00a0radialista , humorista e compositor, Maviael Melo poeta e\u00a0 cantor e Bi\u00e3o de Canudos, s\u00e3o esses\u00a0 que\u00a0 ser\u00e3o entrevistados \u00a0e v\u00e3o mostrar\u00a0 seus trabalhos. Durantes esses meses\u00a0 60 convidados foram entrevistados , artistas\u00a0 das mais\u00a0 diversas \u00e1reas \u00a0e gestores culturais de Juazeiro e\u00a0 de \u00a0mais \u00a0de 10 territ\u00f3rios do S\u00e3o Francisco\u00a0 \u00a0falaram sobre suas vidas , trabalhos , facilidades e dificuldades com a carreira. Para esta noite de encerramento\u00a0 ser\u00e3o reservadas muitas surpresas e muita&hellip; <\/p>\n","protected":false},"author":7,"featured_media":0,"comment_status":"open","ping_status":"open","sticky":false,"template":"","format":"standard","meta":{"_acf_changed":false,"footnotes":""},"categories":[10],"tags":[],"class_list":["post-144157","post","type-post","status-publish","format-standard","hentry","category-cultura"],"acf":[],"yoast_head":"<!-- This site is optimized with the Yoast SEO plugin v27.4 - https:\/\/yoast.com\/product\/yoast-seo-wordpress\/ -->\n<title>ABERTURA CULTURAL REALIZAR\u00c1 NESTA QUINTA, SEU \u00daLTIMO PROGRAMA - Blog do Farn\u00e9sio<\/title>\n<meta name=\"robots\" content=\"index, follow, max-snippet:-1, max-image-preview:large, max-video-preview:-1\" \/>\n<link rel=\"canonical\" href=\"https:\/\/blogdofarnesio.com.br\/?p=144157\" \/>\n<meta property=\"og:locale\" content=\"pt_BR\" \/>\n<meta property=\"og:type\" content=\"article\" \/>\n<meta property=\"og:title\" content=\"ABERTURA CULTURAL REALIZAR\u00c1 NESTA QUINTA, SEU \u00daLTIMO PROGRAMA - Blog do Farn\u00e9sio\" \/>\n<meta property=\"og:description\" content=\"O\u00a0 Projeto \u00a0Abertura\u00a0 Cultural \u00a0 que acontece todas as quintas-feiras no Centro de Cultura Jo\u00e3o Gilberto desde fevereiro de 2016 , vai deixar saudade. Nesta quinta-feira(30) acontece \u00a0o \u00faltimo evento,fechando assim \u00a0uma s\u00e9rie de\u00a0 20 programas com os convidados : Wilson Duarte o Z\u00e9 Brocoi\u00f3, \u00a0radialista , humorista e compositor, Maviael Melo poeta e\u00a0 cantor e Bi\u00e3o de Canudos, s\u00e3o esses\u00a0 que\u00a0 ser\u00e3o entrevistados \u00a0e v\u00e3o mostrar\u00a0 seus trabalhos. Durantes esses meses\u00a0 60 convidados foram entrevistados , artistas\u00a0 das mais\u00a0 diversas \u00e1reas \u00a0e gestores culturais de Juazeiro e\u00a0 de \u00a0mais \u00a0de 10 territ\u00f3rios do S\u00e3o Francisco\u00a0 \u00a0falaram sobre suas vidas , trabalhos , facilidades e dificuldades com a carreira. Para esta noite de encerramento\u00a0 ser\u00e3o reservadas muitas surpresas e muita&hellip;\" \/>\n<meta property=\"og:url\" content=\"https:\/\/blogdofarnesio.com.br\/?p=144157\" \/>\n<meta property=\"og:site_name\" content=\"Blog do Farn\u00e9sio\" \/>\n<meta property=\"article:publisher\" content=\"https:\/\/www.facebook.com\/BlogQuerSaberPolitica\/\" \/>\n<meta property=\"article:published_time\" content=\"2016-06-27T13:02:13+00:00\" \/>\n<meta property=\"og:image\" content=\"http:\/\/www.quersaberpolitica.com.br\/2016\/wp-content\/uploads\/2016\/06\/blogqsp-aberturacultural2.jpg\" \/>\n<meta name=\"twitter:card\" content=\"summary_large_image\" \/>\n<meta name=\"twitter:label1\" content=\"Escrito por\" \/>\n\t<meta name=\"twitter:data1\" content=\"\" \/>\n\t<meta name=\"twitter:label2\" content=\"Est. tempo de leitura\" \/>\n\t<meta name=\"twitter:data2\" content=\"1 minuto\" \/>\n<script type=\"application\/ld+json\" class=\"yoast-schema-graph\">{\"@context\":\"https:\\\/\\\/schema.org\",\"@graph\":[{\"@type\":\"Article\",\"@id\":\"https:\\\/\\\/blogdofarnesio.com.br\\\/?p=144157#article\",\"isPartOf\":{\"@id\":\"https:\\\/\\\/blogdofarnesio.com.br\\\/?p=144157\"},\"author\":{\"name\":\"\",\"@id\":\"\"},\"headline\":\"ABERTURA CULTURAL REALIZAR\u00c1 NESTA QUINTA, SEU \u00daLTIMO PROGRAMA\",\"datePublished\":\"2016-06-27T13:02:13+00:00\",\"mainEntityOfPage\":{\"@id\":\"https:\\\/\\\/blogdofarnesio.com.br\\\/?p=144157\"},\"wordCount\":154,\"commentCount\":0,\"publisher\":{\"@id\":\"https:\\\/\\\/blogdofarnesio.com.br\\\/#organization\"},\"image\":{\"@id\":\"https:\\\/\\\/blogdofarnesio.com.br\\\/?p=144157#primaryimage\"},\"thumbnailUrl\":\"http:\\\/\\\/www.quersaberpolitica.com.br\\\/2016\\\/wp-content\\\/uploads\\\/2016\\\/06\\\/blogqsp-aberturacultural2.jpg\",\"articleSection\":[\"Cultura\"],\"inLanguage\":\"pt-BR\",\"potentialAction\":[{\"@type\":\"CommentAction\",\"name\":\"Comment\",\"target\":[\"https:\\\/\\\/blogdofarnesio.com.br\\\/?p=144157#respond\"]}]},{\"@type\":\"WebPage\",\"@id\":\"https:\\\/\\\/blogdofarnesio.com.br\\\/?p=144157\",\"url\":\"https:\\\/\\\/blogdofarnesio.com.br\\\/?p=144157\",\"name\":\"ABERTURA CULTURAL REALIZAR\u00c1 NESTA QUINTA, SEU \u00daLTIMO PROGRAMA - Blog do Farn\u00e9sio\",\"isPartOf\":{\"@id\":\"https:\\\/\\\/blogdofarnesio.com.br\\\/#website\"},\"primaryImageOfPage\":{\"@id\":\"https:\\\/\\\/blogdofarnesio.com.br\\\/?p=144157#primaryimage\"},\"image\":{\"@id\":\"https:\\\/\\\/blogdofarnesio.com.br\\\/?p=144157#primaryimage\"},\"thumbnailUrl\":\"http:\\\/\\\/www.quersaberpolitica.com.br\\\/2016\\\/wp-content\\\/uploads\\\/2016\\\/06\\\/blogqsp-aberturacultural2.jpg\",\"datePublished\":\"2016-06-27T13:02:13+00:00\",\"breadcrumb\":{\"@id\":\"https:\\\/\\\/blogdofarnesio.com.br\\\/?p=144157#breadcrumb\"},\"inLanguage\":\"pt-BR\",\"potentialAction\":[{\"@type\":\"ReadAction\",\"target\":[\"https:\\\/\\\/blogdofarnesio.com.br\\\/?p=144157\"]}]},{\"@type\":\"ImageObject\",\"inLanguage\":\"pt-BR\",\"@id\":\"https:\\\/\\\/blogdofarnesio.com.br\\\/?p=144157#primaryimage\",\"url\":\"http:\\\/\\\/www.quersaberpolitica.com.br\\\/2016\\\/wp-content\\\/uploads\\\/2016\\\/06\\\/blogqsp-aberturacultural2.jpg\",\"contentUrl\":\"http:\\\/\\\/www.quersaberpolitica.com.br\\\/2016\\\/wp-content\\\/uploads\\\/2016\\\/06\\\/blogqsp-aberturacultural2.jpg\"},{\"@type\":\"BreadcrumbList\",\"@id\":\"https:\\\/\\\/blogdofarnesio.com.br\\\/?p=144157#breadcrumb\",\"itemListElement\":[{\"@type\":\"ListItem\",\"position\":1,\"name\":\"In\u00edcio\",\"item\":\"https:\\\/\\\/blogdofarnesio.com.br\\\/\"},{\"@type\":\"ListItem\",\"position\":2,\"name\":\"ABERTURA CULTURAL REALIZAR\u00c1 NESTA QUINTA, SEU \u00daLTIMO PROGRAMA\"}]},{\"@type\":\"WebSite\",\"@id\":\"https:\\\/\\\/blogdofarnesio.com.br\\\/#website\",\"url\":\"https:\\\/\\\/blogdofarnesio.com.br\\\/\",\"name\":\"Blog do Farn\u00e9sio\",\"description\":\"Quer Saber Pol\u00edtica?\",\"publisher\":{\"@id\":\"https:\\\/\\\/blogdofarnesio.com.br\\\/#organization\"},\"potentialAction\":[{\"@type\":\"SearchAction\",\"target\":{\"@type\":\"EntryPoint\",\"urlTemplate\":\"https:\\\/\\\/blogdofarnesio.com.br\\\/?s={search_term_string}\"},\"query-input\":{\"@type\":\"PropertyValueSpecification\",\"valueRequired\":true,\"valueName\":\"search_term_string\"}}],\"inLanguage\":\"pt-BR\"},{\"@type\":\"Organization\",\"@id\":\"https:\\\/\\\/blogdofarnesio.com.br\\\/#organization\",\"name\":\"Blog do Farn\u00e9sio\",\"url\":\"https:\\\/\\\/blogdofarnesio.com.br\\\/\",\"logo\":{\"@type\":\"ImageObject\",\"inLanguage\":\"pt-BR\",\"@id\":\"https:\\\/\\\/blogdofarnesio.com.br\\\/#\\\/schema\\\/logo\\\/image\\\/\",\"url\":\"https:\\\/\\\/blogdofarnesio.com.br\\\/wp-content\\\/uploads\\\/2026\\\/03\\\/cropped-logo_new-1.png\",\"contentUrl\":\"https:\\\/\\\/blogdofarnesio.com.br\\\/wp-content\\\/uploads\\\/2026\\\/03\\\/cropped-logo_new-1.png\",\"width\":881,\"height\":685,\"caption\":\"Blog do Farn\u00e9sio\"},\"image\":{\"@id\":\"https:\\\/\\\/blogdofarnesio.com.br\\\/#\\\/schema\\\/logo\\\/image\\\/\"},\"sameAs\":[\"https:\\\/\\\/www.facebook.com\\\/BlogQuerSaberPolitica\\\/\"]},{\"@type\":\"Person\",\"@id\":\"\",\"url\":\"https:\\\/\\\/blogdofarnesio.com.br\\\/?author=7\"}]}<\/script>\n<!-- \/ Yoast SEO plugin. -->","yoast_head_json":{"title":"ABERTURA CULTURAL REALIZAR\u00c1 NESTA QUINTA, SEU \u00daLTIMO PROGRAMA - Blog do Farn\u00e9sio","robots":{"index":"index","follow":"follow","max-snippet":"max-snippet:-1","max-image-preview":"max-image-preview:large","max-video-preview":"max-video-preview:-1"},"canonical":"https:\/\/blogdofarnesio.com.br\/?p=144157","og_locale":"pt_BR","og_type":"article","og_title":"ABERTURA CULTURAL REALIZAR\u00c1 NESTA QUINTA, SEU \u00daLTIMO PROGRAMA - Blog do Farn\u00e9sio","og_description":"O\u00a0 Projeto \u00a0Abertura\u00a0 Cultural \u00a0 que acontece todas as quintas-feiras no Centro de Cultura Jo\u00e3o Gilberto desde fevereiro de 2016 , vai deixar saudade. Nesta quinta-feira(30) acontece \u00a0o \u00faltimo evento,fechando assim \u00a0uma s\u00e9rie de\u00a0 20 programas com os convidados : Wilson Duarte o Z\u00e9 Brocoi\u00f3, \u00a0radialista , humorista e compositor, Maviael Melo poeta e\u00a0 cantor e Bi\u00e3o de Canudos, s\u00e3o esses\u00a0 que\u00a0 ser\u00e3o entrevistados \u00a0e v\u00e3o mostrar\u00a0 seus trabalhos. Durantes esses meses\u00a0 60 convidados foram entrevistados , artistas\u00a0 das mais\u00a0 diversas \u00e1reas \u00a0e gestores culturais de Juazeiro e\u00a0 de \u00a0mais \u00a0de 10 territ\u00f3rios do S\u00e3o Francisco\u00a0 \u00a0falaram sobre suas vidas , trabalhos , facilidades e dificuldades com a carreira. Para esta noite de encerramento\u00a0 ser\u00e3o reservadas muitas surpresas e muita&hellip;","og_url":"https:\/\/blogdofarnesio.com.br\/?p=144157","og_site_name":"Blog do Farn\u00e9sio","article_publisher":"https:\/\/www.facebook.com\/BlogQuerSaberPolitica\/","article_published_time":"2016-06-27T13:02:13+00:00","og_image":[{"url":"http:\/\/www.quersaberpolitica.com.br\/2016\/wp-content\/uploads\/2016\/06\/blogqsp-aberturacultural2.jpg","type":"","width":"","height":""}],"twitter_card":"summary_large_image","twitter_misc":{"Escrito por":"","Est. tempo de leitura":"1 minuto"},"schema":{"@context":"https:\/\/schema.org","@graph":[{"@type":"Article","@id":"https:\/\/blogdofarnesio.com.br\/?p=144157#article","isPartOf":{"@id":"https:\/\/blogdofarnesio.com.br\/?p=144157"},"author":{"name":"","@id":""},"headline":"ABERTURA CULTURAL REALIZAR\u00c1 NESTA QUINTA, SEU \u00daLTIMO PROGRAMA","datePublished":"2016-06-27T13:02:13+00:00","mainEntityOfPage":{"@id":"https:\/\/blogdofarnesio.com.br\/?p=144157"},"wordCount":154,"commentCount":0,"publisher":{"@id":"https:\/\/blogdofarnesio.com.br\/#organization"},"image":{"@id":"https:\/\/blogdofarnesio.com.br\/?p=144157#primaryimage"},"thumbnailUrl":"http:\/\/www.quersaberpolitica.com.br\/2016\/wp-content\/uploads\/2016\/06\/blogqsp-aberturacultural2.jpg","articleSection":["Cultura"],"inLanguage":"pt-BR","potentialAction":[{"@type":"CommentAction","name":"Comment","target":["https:\/\/blogdofarnesio.com.br\/?p=144157#respond"]}]},{"@type":"WebPage","@id":"https:\/\/blogdofarnesio.com.br\/?p=144157","url":"https:\/\/blogdofarnesio.com.br\/?p=144157","name":"ABERTURA CULTURAL REALIZAR\u00c1 NESTA QUINTA, SEU \u00daLTIMO PROGRAMA - Blog do Farn\u00e9sio","isPartOf":{"@id":"https:\/\/blogdofarnesio.com.br\/#website"},"primaryImageOfPage":{"@id":"https:\/\/blogdofarnesio.com.br\/?p=144157#primaryimage"},"image":{"@id":"https:\/\/blogdofarnesio.com.br\/?p=144157#primaryimage"},"thumbnailUrl":"http:\/\/www.quersaberpolitica.com.br\/2016\/wp-content\/uploads\/2016\/06\/blogqsp-aberturacultural2.jpg","datePublished":"2016-06-27T13:02:13+00:00","breadcrumb":{"@id":"https:\/\/blogdofarnesio.com.br\/?p=144157#breadcrumb"},"inLanguage":"pt-BR","potentialAction":[{"@type":"ReadAction","target":["https:\/\/blogdofarnesio.com.br\/?p=144157"]}]},{"@type":"ImageObject","inLanguage":"pt-BR","@id":"https:\/\/blogdofarnesio.com.br\/?p=144157#primaryimage","url":"http:\/\/www.quersaberpolitica.com.br\/2016\/wp-content\/uploads\/2016\/06\/blogqsp-aberturacultural2.jpg","contentUrl":"http:\/\/www.quersaberpolitica.com.br\/2016\/wp-content\/uploads\/2016\/06\/blogqsp-aberturacultural2.jpg"},{"@type":"BreadcrumbList","@id":"https:\/\/blogdofarnesio.com.br\/?p=144157#breadcrumb","itemListElement":[{"@type":"ListItem","position":1,"name":"In\u00edcio","item":"https:\/\/blogdofarnesio.com.br\/"},{"@type":"ListItem","position":2,"name":"ABERTURA CULTURAL REALIZAR\u00c1 NESTA QUINTA, SEU \u00daLTIMO PROGRAMA"}]},{"@type":"WebSite","@id":"https:\/\/blogdofarnesio.com.br\/#website","url":"https:\/\/blogdofarnesio.com.br\/","name":"Blog do Farn\u00e9sio","description":"Quer Saber Pol\u00edtica?","publisher":{"@id":"https:\/\/blogdofarnesio.com.br\/#organization"},"potentialAction":[{"@type":"SearchAction","target":{"@type":"EntryPoint","urlTemplate":"https:\/\/blogdofarnesio.com.br\/?s={search_term_string}"},"query-input":{"@type":"PropertyValueSpecification","valueRequired":true,"valueName":"search_term_string"}}],"inLanguage":"pt-BR"},{"@type":"Organization","@id":"https:\/\/blogdofarnesio.com.br\/#organization","name":"Blog do Farn\u00e9sio","url":"https:\/\/blogdofarnesio.com.br\/","logo":{"@type":"ImageObject","inLanguage":"pt-BR","@id":"https:\/\/blogdofarnesio.com.br\/#\/schema\/logo\/image\/","url":"https:\/\/blogdofarnesio.com.br\/wp-content\/uploads\/2026\/03\/cropped-logo_new-1.png","contentUrl":"https:\/\/blogdofarnesio.com.br\/wp-content\/uploads\/2026\/03\/cropped-logo_new-1.png","width":881,"height":685,"caption":"Blog do Farn\u00e9sio"},"image":{"@id":"https:\/\/blogdofarnesio.com.br\/#\/schema\/logo\/image\/"},"sameAs":["https:\/\/www.facebook.com\/BlogQuerSaberPolitica\/"]},{"@type":"Person","@id":"","url":"https:\/\/blogdofarnesio.com.br\/?author=7"}]}},"_links":{"self":[{"href":"https:\/\/blogdofarnesio.com.br\/index.php?rest_route=\/wp\/v2\/posts\/144157","targetHints":{"allow":["GET"]}}],"collection":[{"href":"https:\/\/blogdofarnesio.com.br\/index.php?rest_route=\/wp\/v2\/posts"}],"about":[{"href":"https:\/\/blogdofarnesio.com.br\/index.php?rest_route=\/wp\/v2\/types\/post"}],"author":[{"embeddable":true,"href":"https:\/\/blogdofarnesio.com.br\/index.php?rest_route=\/wp\/v2\/users\/7"}],"replies":[{"embeddable":true,"href":"https:\/\/blogdofarnesio.com.br\/index.php?rest_route=%2Fwp%2Fv2%2Fcomments&post=144157"}],"version-history":[{"count":0,"href":"https:\/\/blogdofarnesio.com.br\/index.php?rest_route=\/wp\/v2\/posts\/144157\/revisions"}],"wp:attachment":[{"href":"https:\/\/blogdofarnesio.com.br\/index.php?rest_route=%2Fwp%2Fv2%2Fmedia&parent=144157"}],"wp:term":[{"taxonomy":"category","embeddable":true,"href":"https:\/\/blogdofarnesio.com.br\/index.php?rest_route=%2Fwp%2Fv2%2Fcategories&post=144157"},{"taxonomy":"post_tag","embeddable":true,"href":"https:\/\/blogdofarnesio.com.br\/index.php?rest_route=%2Fwp%2Fv2%2Ftags&post=144157"}],"curies":[{"name":"wp","href":"https:\/\/api.w.org\/{rel}","templated":true}]}}