{"id":144119,"date":"2016-06-27T07:41:18","date_gmt":"2016-06-27T10:41:18","guid":{"rendered":"http:\/\/www.quersaberpolitica.com.br\/?p=144119"},"modified":"2016-06-26T18:44:15","modified_gmt":"2016-06-26T21:44:15","slug":"equipe-ainda-comemorar-o-primeiro-transporte-pela-fab-de-coracao-de-doador-de-petrolina-pe-apos-decreto-presidencial","status":"publish","type":"post","link":"https:\/\/blogdofarnesio.com.br\/?p=144119","title":{"rendered":"EQUIPE AINDA COMEMORA O PRIMEIRO TRANSPORTE PELA FAB, DE CORA\u00c7\u00c3O DOADO EM PETROLINA (PE), AP\u00d3S DECRETO PRESIDENCIAL"},"content":{"rendered":"<div id=\"post-body-6416518420054294997\" class=\"post-body entry-content\">\n<div class=\"separator\" style=\"text-align: center\">O CORA\u00c7\u00c3O TRANSPLANTADO ERA DE MOTOCICLISTA QUE MORREU EM PETROLINA<\/div>\n<div style=\"text-align: justify\"><img loading=\"lazy\" decoding=\"async\" class=\" aligncenter\" src=\"https:\/\/4.bp.blogspot.com\/-Sggk1ScdsGg\/V23Hqyl8UbI\/AAAAAAAAj84\/HDltmgiQvj49tOCeNBtGADo7sC_rjnbSACLcB\/s640\/AVIAOFAB.jpg\" alt=\"\" width=\"434\" height=\"326\" border=\"0\" \/>Pernambuco teve o primeiro transplante concretizado ap\u00f3s decreto presidencial que disponibiliza um avi\u00e3o da For\u00e7a A\u00e9rea Brasileira (FAB) para fazer o transporte de \u00f3rg\u00e3os. A doa\u00e7\u00e3o de um cora\u00e7\u00e3o, vindo de Petrolina, no Sert\u00e3o, foi realizada com sucesso no in\u00edcio da manh\u00e3 de quarta-feira (22), no Instituto de Medicina Integral Professor Fernando Figueira (Imip), no bairro dos Coelhos, \u00e1rea central do Recife.<\/div>\n<div style=\"text-align: justify\"><\/div>\n<div style=\"text-align: justify\">A primeira opera\u00e7\u00e3o coordenada pela Aeron\u00e1utica depois da assinatura do decreto pelo presidente em exerc\u00edcio, Michel Temer, foi executada no estado, no dia 9 de junho. Um paciente do Real Hospital Portugu\u00eas, na Ilha do Leite, \u00e1rea central, ia receber um f\u00edgado de Salvador, mas o procedimento n\u00e3o p\u00f4de ser feito. Isso porque a equipe m\u00e9dica avaliou que o \u00f3rg\u00e3o n\u00e3o estava em condi\u00e7\u00f5es vi\u00e1veis para a realiza\u00e7\u00e3o do transplante.<\/div>\n<div style=\"text-align: justify\"><\/div>\n<div style=\"text-align: justify\">Desta vez, por\u00e9m, o desfecho foi positivo. A paciente, uma adolescente de 15 anos, sofria de miocardiopatia dilatada, doen\u00e7a que faz o cora\u00e7\u00e3o inchar e perder a for\u00e7a adequada para bombear o sangue corretamente. \u201cIsso levou a um quadro de insufici\u00eancia card\u00edaca grave, e a menina j\u00e1 n\u00e3o tinha como sair da UTI (Unidade de Terapia Intensiva)\u201d, conta o cirurgi\u00e3o respons\u00e1vel pela interven\u00e7\u00e3o, Fernando Augusto.<\/div>\n<div style=\"text-align: justify\"><\/div>\n<div style=\"text-align: justify\">O doador, um homem de 28 anos, morreu em um acidente de moto, em Petrolina. Confirmada a morte cerebral, a fam\u00edlia autorizou a doa\u00e7\u00e3o de todos os \u00f3rg\u00e3os que estivessem em boas condi\u00e7\u00f5es. \u201cO cora\u00e7\u00e3o, n\u00f3s trouxemos para o Recife na madrugada de hoje [quarta-feira, 22]. A equipe do Imip foi para Petrolina e voltou com o \u00f3rg\u00e3o no avi\u00e3o da FAB. A cirurgia deu certo, e a paciente est\u00e1 se recuperando bem\u201d, diz o m\u00e9dico.<\/div>\n<div style=\"text-align: justify\"><\/div>\n<div style=\"text-align: justify\"><b>Do G1\/Pernambuco<\/b><\/div>\n<\/div>\n","protected":false},"excerpt":{"rendered":"<p>O CORA\u00c7\u00c3O TRANSPLANTADO ERA DE MOTOCICLISTA QUE MORREU EM PETROLINA Pernambuco teve o primeiro transplante concretizado ap\u00f3s decreto presidencial que disponibiliza um avi\u00e3o da For\u00e7a A\u00e9rea Brasileira (FAB) para fazer o transporte de \u00f3rg\u00e3os. A doa\u00e7\u00e3o de um cora\u00e7\u00e3o, vindo de Petrolina, no Sert\u00e3o, foi realizada com sucesso no in\u00edcio da manh\u00e3 de quarta-feira (22), no Instituto de Medicina Integral Professor Fernando Figueira (Imip), no bairro dos Coelhos, \u00e1rea central do Recife. A primeira opera\u00e7\u00e3o coordenada pela Aeron\u00e1utica depois da assinatura do decreto pelo presidente em exerc\u00edcio, Michel Temer, foi executada no estado, no dia 9 de junho. Um paciente do Real Hospital Portugu\u00eas, na Ilha do Leite, \u00e1rea central, ia receber um f\u00edgado de Salvador, mas o procedimento n\u00e3o&hellip; <\/p>\n","protected":false},"author":3,"featured_media":0,"comment_status":"open","ping_status":"open","sticky":false,"template":"","format":"standard","meta":{"_acf_changed":false,"footnotes":""},"categories":[22,4],"tags":[],"class_list":["post-144119","post","type-post","status-publish","format-standard","hentry","category-acao-social","category-saude"],"acf":[],"yoast_head":"<!-- This site is optimized with the Yoast SEO plugin v27.4 - https:\/\/yoast.com\/product\/yoast-seo-wordpress\/ -->\n<title>EQUIPE AINDA COMEMORA O PRIMEIRO TRANSPORTE PELA FAB, DE CORA\u00c7\u00c3O DOADO EM PETROLINA (PE), AP\u00d3S DECRETO PRESIDENCIAL - Blog do Farn\u00e9sio<\/title>\n<meta name=\"robots\" content=\"index, follow, max-snippet:-1, max-image-preview:large, max-video-preview:-1\" \/>\n<link rel=\"canonical\" href=\"https:\/\/blogdofarnesio.com.br\/?p=144119\" \/>\n<meta property=\"og:locale\" content=\"pt_BR\" \/>\n<meta property=\"og:type\" content=\"article\" \/>\n<meta property=\"og:title\" content=\"EQUIPE AINDA COMEMORA O PRIMEIRO TRANSPORTE PELA FAB, DE CORA\u00c7\u00c3O DOADO EM PETROLINA (PE), AP\u00d3S DECRETO PRESIDENCIAL - Blog do Farn\u00e9sio\" \/>\n<meta property=\"og:description\" content=\"O CORA\u00c7\u00c3O TRANSPLANTADO ERA DE MOTOCICLISTA QUE MORREU EM PETROLINA Pernambuco teve o primeiro transplante concretizado ap\u00f3s decreto presidencial que disponibiliza um avi\u00e3o da For\u00e7a A\u00e9rea Brasileira (FAB) para fazer o transporte de \u00f3rg\u00e3os. A doa\u00e7\u00e3o de um cora\u00e7\u00e3o, vindo de Petrolina, no Sert\u00e3o, foi realizada com sucesso no in\u00edcio da manh\u00e3 de quarta-feira (22), no Instituto de Medicina Integral Professor Fernando Figueira (Imip), no bairro dos Coelhos, \u00e1rea central do Recife. A primeira opera\u00e7\u00e3o coordenada pela Aeron\u00e1utica depois da assinatura do decreto pelo presidente em exerc\u00edcio, Michel Temer, foi executada no estado, no dia 9 de junho. Um paciente do Real Hospital Portugu\u00eas, na Ilha do Leite, \u00e1rea central, ia receber um f\u00edgado de Salvador, mas o procedimento n\u00e3o&hellip;\" \/>\n<meta property=\"og:url\" content=\"https:\/\/blogdofarnesio.com.br\/?p=144119\" \/>\n<meta property=\"og:site_name\" content=\"Blog do Farn\u00e9sio\" \/>\n<meta property=\"article:publisher\" content=\"https:\/\/www.facebook.com\/BlogQuerSaberPolitica\/\" \/>\n<meta property=\"article:published_time\" content=\"2016-06-27T10:41:18+00:00\" \/>\n<meta property=\"og:image\" content=\"https:\/\/4.bp.blogspot.com\/-Sggk1ScdsGg\/V23Hqyl8UbI\/AAAAAAAAj84\/HDltmgiQvj49tOCeNBtGADo7sC_rjnbSACLcB\/s640\/AVIAOFAB.jpg\" \/>\n<meta name=\"author\" content=\"teste\" \/>\n<meta name=\"twitter:card\" content=\"summary_large_image\" \/>\n<meta name=\"twitter:label1\" content=\"Escrito por\" \/>\n\t<meta name=\"twitter:data1\" content=\"teste\" \/>\n\t<meta name=\"twitter:label2\" content=\"Est. tempo de leitura\" \/>\n\t<meta name=\"twitter:data2\" content=\"2 minutos\" \/>\n<script type=\"application\/ld+json\" class=\"yoast-schema-graph\">{\"@context\":\"https:\\\/\\\/schema.org\",\"@graph\":[{\"@type\":\"Article\",\"@id\":\"https:\\\/\\\/blogdofarnesio.com.br\\\/?p=144119#article\",\"isPartOf\":{\"@id\":\"https:\\\/\\\/blogdofarnesio.com.br\\\/?p=144119\"},\"author\":{\"name\":\"teste\",\"@id\":\"https:\\\/\\\/blogdofarnesio.com.br\\\/#\\\/schema\\\/person\\\/dd1bf5eba40b687199ba45ca6b97dff9\"},\"headline\":\"EQUIPE AINDA COMEMORA O PRIMEIRO TRANSPORTE PELA FAB, DE CORA\u00c7\u00c3O DOADO EM PETROLINA (PE), AP\u00d3S DECRETO PRESIDENCIAL\",\"datePublished\":\"2016-06-27T10:41:18+00:00\",\"mainEntityOfPage\":{\"@id\":\"https:\\\/\\\/blogdofarnesio.com.br\\\/?p=144119\"},\"wordCount\":342,\"commentCount\":0,\"publisher\":{\"@id\":\"https:\\\/\\\/blogdofarnesio.com.br\\\/#organization\"},\"image\":{\"@id\":\"https:\\\/\\\/blogdofarnesio.com.br\\\/?p=144119#primaryimage\"},\"thumbnailUrl\":\"https:\\\/\\\/4.bp.blogspot.com\\\/-Sggk1ScdsGg\\\/V23Hqyl8UbI\\\/AAAAAAAAj84\\\/HDltmgiQvj49tOCeNBtGADo7sC_rjnbSACLcB\\\/s640\\\/AVIAOFAB.jpg\",\"articleSection\":[\"A\u00e7\u00e3o Social\",\"Sa\u00fade\"],\"inLanguage\":\"pt-BR\",\"potentialAction\":[{\"@type\":\"CommentAction\",\"name\":\"Comment\",\"target\":[\"https:\\\/\\\/blogdofarnesio.com.br\\\/?p=144119#respond\"]}]},{\"@type\":\"WebPage\",\"@id\":\"https:\\\/\\\/blogdofarnesio.com.br\\\/?p=144119\",\"url\":\"https:\\\/\\\/blogdofarnesio.com.br\\\/?p=144119\",\"name\":\"EQUIPE AINDA COMEMORA O PRIMEIRO TRANSPORTE PELA FAB, DE CORA\u00c7\u00c3O DOADO EM PETROLINA (PE), AP\u00d3S DECRETO PRESIDENCIAL - Blog do Farn\u00e9sio\",\"isPartOf\":{\"@id\":\"https:\\\/\\\/blogdofarnesio.com.br\\\/#website\"},\"primaryImageOfPage\":{\"@id\":\"https:\\\/\\\/blogdofarnesio.com.br\\\/?p=144119#primaryimage\"},\"image\":{\"@id\":\"https:\\\/\\\/blogdofarnesio.com.br\\\/?p=144119#primaryimage\"},\"thumbnailUrl\":\"https:\\\/\\\/4.bp.blogspot.com\\\/-Sggk1ScdsGg\\\/V23Hqyl8UbI\\\/AAAAAAAAj84\\\/HDltmgiQvj49tOCeNBtGADo7sC_rjnbSACLcB\\\/s640\\\/AVIAOFAB.jpg\",\"datePublished\":\"2016-06-27T10:41:18+00:00\",\"breadcrumb\":{\"@id\":\"https:\\\/\\\/blogdofarnesio.com.br\\\/?p=144119#breadcrumb\"},\"inLanguage\":\"pt-BR\",\"potentialAction\":[{\"@type\":\"ReadAction\",\"target\":[\"https:\\\/\\\/blogdofarnesio.com.br\\\/?p=144119\"]}]},{\"@type\":\"ImageObject\",\"inLanguage\":\"pt-BR\",\"@id\":\"https:\\\/\\\/blogdofarnesio.com.br\\\/?p=144119#primaryimage\",\"url\":\"https:\\\/\\\/4.bp.blogspot.com\\\/-Sggk1ScdsGg\\\/V23Hqyl8UbI\\\/AAAAAAAAj84\\\/HDltmgiQvj49tOCeNBtGADo7sC_rjnbSACLcB\\\/s640\\\/AVIAOFAB.jpg\",\"contentUrl\":\"https:\\\/\\\/4.bp.blogspot.com\\\/-Sggk1ScdsGg\\\/V23Hqyl8UbI\\\/AAAAAAAAj84\\\/HDltmgiQvj49tOCeNBtGADo7sC_rjnbSACLcB\\\/s640\\\/AVIAOFAB.jpg\"},{\"@type\":\"BreadcrumbList\",\"@id\":\"https:\\\/\\\/blogdofarnesio.com.br\\\/?p=144119#breadcrumb\",\"itemListElement\":[{\"@type\":\"ListItem\",\"position\":1,\"name\":\"In\u00edcio\",\"item\":\"https:\\\/\\\/blogdofarnesio.com.br\\\/\"},{\"@type\":\"ListItem\",\"position\":2,\"name\":\"EQUIPE AINDA COMEMORA O PRIMEIRO TRANSPORTE PELA FAB, DE CORA\u00c7\u00c3O DOADO EM PETROLINA (PE), AP\u00d3S DECRETO PRESIDENCIAL\"}]},{\"@type\":\"WebSite\",\"@id\":\"https:\\\/\\\/blogdofarnesio.com.br\\\/#website\",\"url\":\"https:\\\/\\\/blogdofarnesio.com.br\\\/\",\"name\":\"Blog do Farn\u00e9sio\",\"description\":\"Quer Saber Pol\u00edtica?\",\"publisher\":{\"@id\":\"https:\\\/\\\/blogdofarnesio.com.br\\\/#organization\"},\"potentialAction\":[{\"@type\":\"SearchAction\",\"target\":{\"@type\":\"EntryPoint\",\"urlTemplate\":\"https:\\\/\\\/blogdofarnesio.com.br\\\/?s={search_term_string}\"},\"query-input\":{\"@type\":\"PropertyValueSpecification\",\"valueRequired\":true,\"valueName\":\"search_term_string\"}}],\"inLanguage\":\"pt-BR\"},{\"@type\":\"Organization\",\"@id\":\"https:\\\/\\\/blogdofarnesio.com.br\\\/#organization\",\"name\":\"Blog do Farn\u00e9sio\",\"url\":\"https:\\\/\\\/blogdofarnesio.com.br\\\/\",\"logo\":{\"@type\":\"ImageObject\",\"inLanguage\":\"pt-BR\",\"@id\":\"https:\\\/\\\/blogdofarnesio.com.br\\\/#\\\/schema\\\/logo\\\/image\\\/\",\"url\":\"https:\\\/\\\/blogdofarnesio.com.br\\\/wp-content\\\/uploads\\\/2026\\\/03\\\/cropped-logo_new-1.png\",\"contentUrl\":\"https:\\\/\\\/blogdofarnesio.com.br\\\/wp-content\\\/uploads\\\/2026\\\/03\\\/cropped-logo_new-1.png\",\"width\":881,\"height\":685,\"caption\":\"Blog do Farn\u00e9sio\"},\"image\":{\"@id\":\"https:\\\/\\\/blogdofarnesio.com.br\\\/#\\\/schema\\\/logo\\\/image\\\/\"},\"sameAs\":[\"https:\\\/\\\/www.facebook.com\\\/BlogQuerSaberPolitica\\\/\"]},{\"@type\":\"Person\",\"@id\":\"https:\\\/\\\/blogdofarnesio.com.br\\\/#\\\/schema\\\/person\\\/dd1bf5eba40b687199ba45ca6b97dff9\",\"name\":\"teste\",\"image\":{\"@type\":\"ImageObject\",\"inLanguage\":\"pt-BR\",\"@id\":\"https:\\\/\\\/secure.gravatar.com\\\/avatar\\\/2172498d4914b51e1d89a0f97957b035ac4938723a5cac208135d389b6972a6d?s=96&d=mm&r=g\",\"url\":\"https:\\\/\\\/secure.gravatar.com\\\/avatar\\\/2172498d4914b51e1d89a0f97957b035ac4938723a5cac208135d389b6972a6d?s=96&d=mm&r=g\",\"contentUrl\":\"https:\\\/\\\/secure.gravatar.com\\\/avatar\\\/2172498d4914b51e1d89a0f97957b035ac4938723a5cac208135d389b6972a6d?s=96&d=mm&r=g\",\"caption\":\"teste\"},\"url\":\"https:\\\/\\\/blogdofarnesio.com.br\\\/?author=3\"}]}<\/script>\n<!-- \/ Yoast SEO plugin. -->","yoast_head_json":{"title":"EQUIPE AINDA COMEMORA O PRIMEIRO TRANSPORTE PELA FAB, DE CORA\u00c7\u00c3O DOADO EM PETROLINA (PE), AP\u00d3S DECRETO PRESIDENCIAL - Blog do Farn\u00e9sio","robots":{"index":"index","follow":"follow","max-snippet":"max-snippet:-1","max-image-preview":"max-image-preview:large","max-video-preview":"max-video-preview:-1"},"canonical":"https:\/\/blogdofarnesio.com.br\/?p=144119","og_locale":"pt_BR","og_type":"article","og_title":"EQUIPE AINDA COMEMORA O PRIMEIRO TRANSPORTE PELA FAB, DE CORA\u00c7\u00c3O DOADO EM PETROLINA (PE), AP\u00d3S DECRETO PRESIDENCIAL - Blog do Farn\u00e9sio","og_description":"O CORA\u00c7\u00c3O TRANSPLANTADO ERA DE MOTOCICLISTA QUE MORREU EM PETROLINA Pernambuco teve o primeiro transplante concretizado ap\u00f3s decreto presidencial que disponibiliza um avi\u00e3o da For\u00e7a A\u00e9rea Brasileira (FAB) para fazer o transporte de \u00f3rg\u00e3os. A doa\u00e7\u00e3o de um cora\u00e7\u00e3o, vindo de Petrolina, no Sert\u00e3o, foi realizada com sucesso no in\u00edcio da manh\u00e3 de quarta-feira (22), no Instituto de Medicina Integral Professor Fernando Figueira (Imip), no bairro dos Coelhos, \u00e1rea central do Recife. A primeira opera\u00e7\u00e3o coordenada pela Aeron\u00e1utica depois da assinatura do decreto pelo presidente em exerc\u00edcio, Michel Temer, foi executada no estado, no dia 9 de junho. Um paciente do Real Hospital Portugu\u00eas, na Ilha do Leite, \u00e1rea central, ia receber um f\u00edgado de Salvador, mas o procedimento n\u00e3o&hellip;","og_url":"https:\/\/blogdofarnesio.com.br\/?p=144119","og_site_name":"Blog do Farn\u00e9sio","article_publisher":"https:\/\/www.facebook.com\/BlogQuerSaberPolitica\/","article_published_time":"2016-06-27T10:41:18+00:00","og_image":[{"url":"https:\/\/4.bp.blogspot.com\/-Sggk1ScdsGg\/V23Hqyl8UbI\/AAAAAAAAj84\/HDltmgiQvj49tOCeNBtGADo7sC_rjnbSACLcB\/s640\/AVIAOFAB.jpg","type":"","width":"","height":""}],"author":"teste","twitter_card":"summary_large_image","twitter_misc":{"Escrito por":"teste","Est. tempo de leitura":"2 minutos"},"schema":{"@context":"https:\/\/schema.org","@graph":[{"@type":"Article","@id":"https:\/\/blogdofarnesio.com.br\/?p=144119#article","isPartOf":{"@id":"https:\/\/blogdofarnesio.com.br\/?p=144119"},"author":{"name":"teste","@id":"https:\/\/blogdofarnesio.com.br\/#\/schema\/person\/dd1bf5eba40b687199ba45ca6b97dff9"},"headline":"EQUIPE AINDA COMEMORA O PRIMEIRO TRANSPORTE PELA FAB, DE CORA\u00c7\u00c3O DOADO EM PETROLINA (PE), AP\u00d3S DECRETO PRESIDENCIAL","datePublished":"2016-06-27T10:41:18+00:00","mainEntityOfPage":{"@id":"https:\/\/blogdofarnesio.com.br\/?p=144119"},"wordCount":342,"commentCount":0,"publisher":{"@id":"https:\/\/blogdofarnesio.com.br\/#organization"},"image":{"@id":"https:\/\/blogdofarnesio.com.br\/?p=144119#primaryimage"},"thumbnailUrl":"https:\/\/4.bp.blogspot.com\/-Sggk1ScdsGg\/V23Hqyl8UbI\/AAAAAAAAj84\/HDltmgiQvj49tOCeNBtGADo7sC_rjnbSACLcB\/s640\/AVIAOFAB.jpg","articleSection":["A\u00e7\u00e3o Social","Sa\u00fade"],"inLanguage":"pt-BR","potentialAction":[{"@type":"CommentAction","name":"Comment","target":["https:\/\/blogdofarnesio.com.br\/?p=144119#respond"]}]},{"@type":"WebPage","@id":"https:\/\/blogdofarnesio.com.br\/?p=144119","url":"https:\/\/blogdofarnesio.com.br\/?p=144119","name":"EQUIPE AINDA COMEMORA O PRIMEIRO TRANSPORTE PELA FAB, DE CORA\u00c7\u00c3O DOADO EM PETROLINA (PE), AP\u00d3S DECRETO PRESIDENCIAL - Blog do Farn\u00e9sio","isPartOf":{"@id":"https:\/\/blogdofarnesio.com.br\/#website"},"primaryImageOfPage":{"@id":"https:\/\/blogdofarnesio.com.br\/?p=144119#primaryimage"},"image":{"@id":"https:\/\/blogdofarnesio.com.br\/?p=144119#primaryimage"},"thumbnailUrl":"https:\/\/4.bp.blogspot.com\/-Sggk1ScdsGg\/V23Hqyl8UbI\/AAAAAAAAj84\/HDltmgiQvj49tOCeNBtGADo7sC_rjnbSACLcB\/s640\/AVIAOFAB.jpg","datePublished":"2016-06-27T10:41:18+00:00","breadcrumb":{"@id":"https:\/\/blogdofarnesio.com.br\/?p=144119#breadcrumb"},"inLanguage":"pt-BR","potentialAction":[{"@type":"ReadAction","target":["https:\/\/blogdofarnesio.com.br\/?p=144119"]}]},{"@type":"ImageObject","inLanguage":"pt-BR","@id":"https:\/\/blogdofarnesio.com.br\/?p=144119#primaryimage","url":"https:\/\/4.bp.blogspot.com\/-Sggk1ScdsGg\/V23Hqyl8UbI\/AAAAAAAAj84\/HDltmgiQvj49tOCeNBtGADo7sC_rjnbSACLcB\/s640\/AVIAOFAB.jpg","contentUrl":"https:\/\/4.bp.blogspot.com\/-Sggk1ScdsGg\/V23Hqyl8UbI\/AAAAAAAAj84\/HDltmgiQvj49tOCeNBtGADo7sC_rjnbSACLcB\/s640\/AVIAOFAB.jpg"},{"@type":"BreadcrumbList","@id":"https:\/\/blogdofarnesio.com.br\/?p=144119#breadcrumb","itemListElement":[{"@type":"ListItem","position":1,"name":"In\u00edcio","item":"https:\/\/blogdofarnesio.com.br\/"},{"@type":"ListItem","position":2,"name":"EQUIPE AINDA COMEMORA O PRIMEIRO TRANSPORTE PELA FAB, DE CORA\u00c7\u00c3O DOADO EM PETROLINA (PE), AP\u00d3S DECRETO PRESIDENCIAL"}]},{"@type":"WebSite","@id":"https:\/\/blogdofarnesio.com.br\/#website","url":"https:\/\/blogdofarnesio.com.br\/","name":"Blog do Farn\u00e9sio","description":"Quer Saber Pol\u00edtica?","publisher":{"@id":"https:\/\/blogdofarnesio.com.br\/#organization"},"potentialAction":[{"@type":"SearchAction","target":{"@type":"EntryPoint","urlTemplate":"https:\/\/blogdofarnesio.com.br\/?s={search_term_string}"},"query-input":{"@type":"PropertyValueSpecification","valueRequired":true,"valueName":"search_term_string"}}],"inLanguage":"pt-BR"},{"@type":"Organization","@id":"https:\/\/blogdofarnesio.com.br\/#organization","name":"Blog do Farn\u00e9sio","url":"https:\/\/blogdofarnesio.com.br\/","logo":{"@type":"ImageObject","inLanguage":"pt-BR","@id":"https:\/\/blogdofarnesio.com.br\/#\/schema\/logo\/image\/","url":"https:\/\/blogdofarnesio.com.br\/wp-content\/uploads\/2026\/03\/cropped-logo_new-1.png","contentUrl":"https:\/\/blogdofarnesio.com.br\/wp-content\/uploads\/2026\/03\/cropped-logo_new-1.png","width":881,"height":685,"caption":"Blog do Farn\u00e9sio"},"image":{"@id":"https:\/\/blogdofarnesio.com.br\/#\/schema\/logo\/image\/"},"sameAs":["https:\/\/www.facebook.com\/BlogQuerSaberPolitica\/"]},{"@type":"Person","@id":"https:\/\/blogdofarnesio.com.br\/#\/schema\/person\/dd1bf5eba40b687199ba45ca6b97dff9","name":"teste","image":{"@type":"ImageObject","inLanguage":"pt-BR","@id":"https:\/\/secure.gravatar.com\/avatar\/2172498d4914b51e1d89a0f97957b035ac4938723a5cac208135d389b6972a6d?s=96&d=mm&r=g","url":"https:\/\/secure.gravatar.com\/avatar\/2172498d4914b51e1d89a0f97957b035ac4938723a5cac208135d389b6972a6d?s=96&d=mm&r=g","contentUrl":"https:\/\/secure.gravatar.com\/avatar\/2172498d4914b51e1d89a0f97957b035ac4938723a5cac208135d389b6972a6d?s=96&d=mm&r=g","caption":"teste"},"url":"https:\/\/blogdofarnesio.com.br\/?author=3"}]}},"_links":{"self":[{"href":"https:\/\/blogdofarnesio.com.br\/index.php?rest_route=\/wp\/v2\/posts\/144119","targetHints":{"allow":["GET"]}}],"collection":[{"href":"https:\/\/blogdofarnesio.com.br\/index.php?rest_route=\/wp\/v2\/posts"}],"about":[{"href":"https:\/\/blogdofarnesio.com.br\/index.php?rest_route=\/wp\/v2\/types\/post"}],"author":[{"embeddable":true,"href":"https:\/\/blogdofarnesio.com.br\/index.php?rest_route=\/wp\/v2\/users\/3"}],"replies":[{"embeddable":true,"href":"https:\/\/blogdofarnesio.com.br\/index.php?rest_route=%2Fwp%2Fv2%2Fcomments&post=144119"}],"version-history":[{"count":0,"href":"https:\/\/blogdofarnesio.com.br\/index.php?rest_route=\/wp\/v2\/posts\/144119\/revisions"}],"wp:attachment":[{"href":"https:\/\/blogdofarnesio.com.br\/index.php?rest_route=%2Fwp%2Fv2%2Fmedia&parent=144119"}],"wp:term":[{"taxonomy":"category","embeddable":true,"href":"https:\/\/blogdofarnesio.com.br\/index.php?rest_route=%2Fwp%2Fv2%2Fcategories&post=144119"},{"taxonomy":"post_tag","embeddable":true,"href":"https:\/\/blogdofarnesio.com.br\/index.php?rest_route=%2Fwp%2Fv2%2Ftags&post=144119"}],"curies":[{"name":"wp","href":"https:\/\/api.w.org\/{rel}","templated":true}]}}