{"id":144051,"date":"2016-06-23T12:00:12","date_gmt":"2016-06-23T15:00:12","guid":{"rendered":"http:\/\/www.quersaberpolitica.com.br\/?p=144051"},"modified":"2016-06-23T11:27:40","modified_gmt":"2016-06-23T14:27:40","slug":"bahia-notifica-19-casos-de-microcefalia-em-uma-semana-com-total-de-32-mortes","status":"publish","type":"post","link":"https:\/\/blogdofarnesio.com.br\/?p=144051","title":{"rendered":"BAHIA NOTIFICA 19 CASOS DE MICROCEFALIA EM UMA SEMANA, COM TOTAL DE 32 MORTES"},"content":{"rendered":"<div class=\"box-body\">\n<div class=\"text-center\">\n<div class=\"box-img\"><img decoding=\"async\" class=\"img-center img-responsive aligncenter\" src=\"http:\/\/imagem.bahianoticias.com.br\/fotos\/saude_noticias\/17330\/IMAGEM_NOTICIA_5.jpg?checksum=1466686338\" alt=\"Bahia notifica 19 novos casos de microcefalia em uma semana, com total de 32 mortes\" \/><\/p>\n<div class=\"img-legenda\">Foto: Getty Images<\/div>\n<\/div>\n<\/div>\n<div class=\"text-descricao\" style=\"text-align: justify\">O boletim divulgado pelo Minist\u00e9rio da Sa\u00fade nesta quarta-feira (22) registrou 1.154 casos notificados de microcefalia na Bahia at\u00e9 o dia 18 de junho. No \u00faltimo relat\u00f3rio, apresentado uma semana antes, havia 19 casos a menos.<\/div>\n<div class=\"text-descricao\" style=\"text-align: justify\"><\/div>\n<div class=\"text-descricao\" style=\"text-align: justify\">O estado \u00e9 o segundo com maior n\u00famero no Brasil, atr\u00e1s apenas de Pernambuco, com 2.008 casos. De outubro de 2015 at\u00e9 maio deste ano, a Secretaria da Sa\u00fade da Bahia (Sesab) registrou 32 mortes por microcefalia no estado nos munic\u00edpios de Alagoinhas (1), Anguera (1), Cama\u00e7ari (3), Concei\u00e7\u00e3o do Jacu\u00edpe (1), Cravol\u00e2ndia (1), Cris\u00f3polis (1), Jaguaripe (1), Jequi\u00e9 (1).<\/div>\n<div class=\"text-descricao\" style=\"text-align: justify\"><\/div>\n<div class=\"text-descricao\" style=\"text-align: justify\">Tamb\u00e9m foram notificados casos em \u00a0<strong>Monte Santo<\/strong> (1), Barro Preto (1), <strong>Campo Formoso<\/strong> (1), Itabuna (2), Itapetinga (1), Olindina (1), Salvador (6), Tanha\u00e7u (1), Esplanada (1), Feira de Santana (1), Presidente Tancredo Neves (1), Santo Ant\u00f4nio de Jesus (1), Sim\u00f5es Filho (1), <strong>Senhor do Bonfim<\/strong> (1), Ilh\u00e9us (1), Lauro de Freitas (1)<\/div>\n<\/div>\n","protected":false},"excerpt":{"rendered":"<p>Foto: Getty Images O boletim divulgado pelo Minist\u00e9rio da Sa\u00fade nesta quarta-feira (22) registrou 1.154 casos notificados de microcefalia na Bahia at\u00e9 o dia 18 de junho. No \u00faltimo relat\u00f3rio, apresentado uma semana antes, havia 19 casos a menos. O estado \u00e9 o segundo com maior n\u00famero no Brasil, atr\u00e1s apenas de Pernambuco, com 2.008 casos. De outubro de 2015 at\u00e9 maio deste ano, a Secretaria da Sa\u00fade da Bahia (Sesab) registrou 32 mortes por microcefalia no estado nos munic\u00edpios de Alagoinhas (1), Anguera (1), Cama\u00e7ari (3), Concei\u00e7\u00e3o do Jacu\u00edpe (1), Cravol\u00e2ndia (1), Cris\u00f3polis (1), Jaguaripe (1), Jequi\u00e9 (1). Tamb\u00e9m foram notificados casos em \u00a0Monte Santo (1), Barro Preto (1), Campo Formoso (1), Itabuna (2), Itapetinga (1), Olindina (1), Salvador&hellip; <\/p>\n","protected":false},"author":3,"featured_media":0,"comment_status":"open","ping_status":"open","sticky":false,"template":"","format":"standard","meta":{"_acf_changed":false,"footnotes":""},"categories":[4],"tags":[],"class_list":["post-144051","post","type-post","status-publish","format-standard","hentry","category-saude"],"acf":[],"yoast_head":"<!-- This site is optimized with the Yoast SEO plugin v27.4 - https:\/\/yoast.com\/product\/yoast-seo-wordpress\/ -->\n<title>BAHIA NOTIFICA 19 CASOS DE MICROCEFALIA EM UMA SEMANA, COM TOTAL DE 32 MORTES - Blog do Farn\u00e9sio<\/title>\n<meta name=\"robots\" content=\"index, follow, max-snippet:-1, max-image-preview:large, max-video-preview:-1\" \/>\n<link rel=\"canonical\" href=\"https:\/\/blogdofarnesio.com.br\/?p=144051\" \/>\n<meta property=\"og:locale\" content=\"pt_BR\" \/>\n<meta property=\"og:type\" content=\"article\" \/>\n<meta property=\"og:title\" content=\"BAHIA NOTIFICA 19 CASOS DE MICROCEFALIA EM UMA SEMANA, COM TOTAL DE 32 MORTES - Blog do Farn\u00e9sio\" \/>\n<meta property=\"og:description\" content=\"Foto: Getty Images O boletim divulgado pelo Minist\u00e9rio da Sa\u00fade nesta quarta-feira (22) registrou 1.154 casos notificados de microcefalia na Bahia at\u00e9 o dia 18 de junho. No \u00faltimo relat\u00f3rio, apresentado uma semana antes, havia 19 casos a menos. O estado \u00e9 o segundo com maior n\u00famero no Brasil, atr\u00e1s apenas de Pernambuco, com 2.008 casos. De outubro de 2015 at\u00e9 maio deste ano, a Secretaria da Sa\u00fade da Bahia (Sesab) registrou 32 mortes por microcefalia no estado nos munic\u00edpios de Alagoinhas (1), Anguera (1), Cama\u00e7ari (3), Concei\u00e7\u00e3o do Jacu\u00edpe (1), Cravol\u00e2ndia (1), Cris\u00f3polis (1), Jaguaripe (1), Jequi\u00e9 (1). Tamb\u00e9m foram notificados casos em \u00a0Monte Santo (1), Barro Preto (1), Campo Formoso (1), Itabuna (2), Itapetinga (1), Olindina (1), Salvador&hellip;\" \/>\n<meta property=\"og:url\" content=\"https:\/\/blogdofarnesio.com.br\/?p=144051\" \/>\n<meta property=\"og:site_name\" content=\"Blog do Farn\u00e9sio\" \/>\n<meta property=\"article:publisher\" content=\"https:\/\/www.facebook.com\/BlogQuerSaberPolitica\/\" \/>\n<meta property=\"article:published_time\" content=\"2016-06-23T15:00:12+00:00\" \/>\n<meta property=\"og:image\" content=\"http:\/\/imagem.bahianoticias.com.br\/fotos\/saude_noticias\/17330\/IMAGEM_NOTICIA_5.jpg?checksum=1466686338\" \/>\n<meta name=\"author\" content=\"teste\" \/>\n<meta name=\"twitter:card\" content=\"summary_large_image\" \/>\n<meta name=\"twitter:label1\" content=\"Escrito por\" \/>\n\t<meta name=\"twitter:data1\" content=\"teste\" \/>\n\t<meta name=\"twitter:label2\" content=\"Est. tempo de leitura\" \/>\n\t<meta name=\"twitter:data2\" content=\"1 minuto\" \/>\n<script type=\"application\/ld+json\" class=\"yoast-schema-graph\">{\"@context\":\"https:\\\/\\\/schema.org\",\"@graph\":[{\"@type\":\"Article\",\"@id\":\"https:\\\/\\\/blogdofarnesio.com.br\\\/?p=144051#article\",\"isPartOf\":{\"@id\":\"https:\\\/\\\/blogdofarnesio.com.br\\\/?p=144051\"},\"author\":{\"name\":\"teste\",\"@id\":\"https:\\\/\\\/blogdofarnesio.com.br\\\/#\\\/schema\\\/person\\\/dd1bf5eba40b687199ba45ca6b97dff9\"},\"headline\":\"BAHIA NOTIFICA 19 CASOS DE MICROCEFALIA EM UMA SEMANA, COM TOTAL DE 32 MORTES\",\"datePublished\":\"2016-06-23T15:00:12+00:00\",\"mainEntityOfPage\":{\"@id\":\"https:\\\/\\\/blogdofarnesio.com.br\\\/?p=144051\"},\"wordCount\":148,\"commentCount\":0,\"publisher\":{\"@id\":\"https:\\\/\\\/blogdofarnesio.com.br\\\/#organization\"},\"image\":{\"@id\":\"https:\\\/\\\/blogdofarnesio.com.br\\\/?p=144051#primaryimage\"},\"thumbnailUrl\":\"http:\\\/\\\/imagem.bahianoticias.com.br\\\/fotos\\\/saude_noticias\\\/17330\\\/IMAGEM_NOTICIA_5.jpg?checksum=1466686338\",\"articleSection\":[\"Sa\u00fade\"],\"inLanguage\":\"pt-BR\",\"potentialAction\":[{\"@type\":\"CommentAction\",\"name\":\"Comment\",\"target\":[\"https:\\\/\\\/blogdofarnesio.com.br\\\/?p=144051#respond\"]}]},{\"@type\":\"WebPage\",\"@id\":\"https:\\\/\\\/blogdofarnesio.com.br\\\/?p=144051\",\"url\":\"https:\\\/\\\/blogdofarnesio.com.br\\\/?p=144051\",\"name\":\"BAHIA NOTIFICA 19 CASOS DE MICROCEFALIA EM UMA SEMANA, COM TOTAL DE 32 MORTES - Blog do Farn\u00e9sio\",\"isPartOf\":{\"@id\":\"https:\\\/\\\/blogdofarnesio.com.br\\\/#website\"},\"primaryImageOfPage\":{\"@id\":\"https:\\\/\\\/blogdofarnesio.com.br\\\/?p=144051#primaryimage\"},\"image\":{\"@id\":\"https:\\\/\\\/blogdofarnesio.com.br\\\/?p=144051#primaryimage\"},\"thumbnailUrl\":\"http:\\\/\\\/imagem.bahianoticias.com.br\\\/fotos\\\/saude_noticias\\\/17330\\\/IMAGEM_NOTICIA_5.jpg?checksum=1466686338\",\"datePublished\":\"2016-06-23T15:00:12+00:00\",\"breadcrumb\":{\"@id\":\"https:\\\/\\\/blogdofarnesio.com.br\\\/?p=144051#breadcrumb\"},\"inLanguage\":\"pt-BR\",\"potentialAction\":[{\"@type\":\"ReadAction\",\"target\":[\"https:\\\/\\\/blogdofarnesio.com.br\\\/?p=144051\"]}]},{\"@type\":\"ImageObject\",\"inLanguage\":\"pt-BR\",\"@id\":\"https:\\\/\\\/blogdofarnesio.com.br\\\/?p=144051#primaryimage\",\"url\":\"http:\\\/\\\/imagem.bahianoticias.com.br\\\/fotos\\\/saude_noticias\\\/17330\\\/IMAGEM_NOTICIA_5.jpg?checksum=1466686338\",\"contentUrl\":\"http:\\\/\\\/imagem.bahianoticias.com.br\\\/fotos\\\/saude_noticias\\\/17330\\\/IMAGEM_NOTICIA_5.jpg?checksum=1466686338\"},{\"@type\":\"BreadcrumbList\",\"@id\":\"https:\\\/\\\/blogdofarnesio.com.br\\\/?p=144051#breadcrumb\",\"itemListElement\":[{\"@type\":\"ListItem\",\"position\":1,\"name\":\"In\u00edcio\",\"item\":\"https:\\\/\\\/blogdofarnesio.com.br\\\/\"},{\"@type\":\"ListItem\",\"position\":2,\"name\":\"BAHIA NOTIFICA 19 CASOS DE MICROCEFALIA EM UMA SEMANA, COM TOTAL DE 32 MORTES\"}]},{\"@type\":\"WebSite\",\"@id\":\"https:\\\/\\\/blogdofarnesio.com.br\\\/#website\",\"url\":\"https:\\\/\\\/blogdofarnesio.com.br\\\/\",\"name\":\"Blog do Farn\u00e9sio\",\"description\":\"Quer Saber Pol\u00edtica?\",\"publisher\":{\"@id\":\"https:\\\/\\\/blogdofarnesio.com.br\\\/#organization\"},\"potentialAction\":[{\"@type\":\"SearchAction\",\"target\":{\"@type\":\"EntryPoint\",\"urlTemplate\":\"https:\\\/\\\/blogdofarnesio.com.br\\\/?s={search_term_string}\"},\"query-input\":{\"@type\":\"PropertyValueSpecification\",\"valueRequired\":true,\"valueName\":\"search_term_string\"}}],\"inLanguage\":\"pt-BR\"},{\"@type\":\"Organization\",\"@id\":\"https:\\\/\\\/blogdofarnesio.com.br\\\/#organization\",\"name\":\"Blog do Farn\u00e9sio\",\"url\":\"https:\\\/\\\/blogdofarnesio.com.br\\\/\",\"logo\":{\"@type\":\"ImageObject\",\"inLanguage\":\"pt-BR\",\"@id\":\"https:\\\/\\\/blogdofarnesio.com.br\\\/#\\\/schema\\\/logo\\\/image\\\/\",\"url\":\"https:\\\/\\\/blogdofarnesio.com.br\\\/wp-content\\\/uploads\\\/2026\\\/03\\\/cropped-logo_new-1.png\",\"contentUrl\":\"https:\\\/\\\/blogdofarnesio.com.br\\\/wp-content\\\/uploads\\\/2026\\\/03\\\/cropped-logo_new-1.png\",\"width\":881,\"height\":685,\"caption\":\"Blog do Farn\u00e9sio\"},\"image\":{\"@id\":\"https:\\\/\\\/blogdofarnesio.com.br\\\/#\\\/schema\\\/logo\\\/image\\\/\"},\"sameAs\":[\"https:\\\/\\\/www.facebook.com\\\/BlogQuerSaberPolitica\\\/\"]},{\"@type\":\"Person\",\"@id\":\"https:\\\/\\\/blogdofarnesio.com.br\\\/#\\\/schema\\\/person\\\/dd1bf5eba40b687199ba45ca6b97dff9\",\"name\":\"teste\",\"image\":{\"@type\":\"ImageObject\",\"inLanguage\":\"pt-BR\",\"@id\":\"https:\\\/\\\/secure.gravatar.com\\\/avatar\\\/2172498d4914b51e1d89a0f97957b035ac4938723a5cac208135d389b6972a6d?s=96&d=mm&r=g\",\"url\":\"https:\\\/\\\/secure.gravatar.com\\\/avatar\\\/2172498d4914b51e1d89a0f97957b035ac4938723a5cac208135d389b6972a6d?s=96&d=mm&r=g\",\"contentUrl\":\"https:\\\/\\\/secure.gravatar.com\\\/avatar\\\/2172498d4914b51e1d89a0f97957b035ac4938723a5cac208135d389b6972a6d?s=96&d=mm&r=g\",\"caption\":\"teste\"},\"url\":\"https:\\\/\\\/blogdofarnesio.com.br\\\/?author=3\"}]}<\/script>\n<!-- \/ Yoast SEO plugin. -->","yoast_head_json":{"title":"BAHIA NOTIFICA 19 CASOS DE MICROCEFALIA EM UMA SEMANA, COM TOTAL DE 32 MORTES - Blog do Farn\u00e9sio","robots":{"index":"index","follow":"follow","max-snippet":"max-snippet:-1","max-image-preview":"max-image-preview:large","max-video-preview":"max-video-preview:-1"},"canonical":"https:\/\/blogdofarnesio.com.br\/?p=144051","og_locale":"pt_BR","og_type":"article","og_title":"BAHIA NOTIFICA 19 CASOS DE MICROCEFALIA EM UMA SEMANA, COM TOTAL DE 32 MORTES - Blog do Farn\u00e9sio","og_description":"Foto: Getty Images O boletim divulgado pelo Minist\u00e9rio da Sa\u00fade nesta quarta-feira (22) registrou 1.154 casos notificados de microcefalia na Bahia at\u00e9 o dia 18 de junho. No \u00faltimo relat\u00f3rio, apresentado uma semana antes, havia 19 casos a menos. O estado \u00e9 o segundo com maior n\u00famero no Brasil, atr\u00e1s apenas de Pernambuco, com 2.008 casos. De outubro de 2015 at\u00e9 maio deste ano, a Secretaria da Sa\u00fade da Bahia (Sesab) registrou 32 mortes por microcefalia no estado nos munic\u00edpios de Alagoinhas (1), Anguera (1), Cama\u00e7ari (3), Concei\u00e7\u00e3o do Jacu\u00edpe (1), Cravol\u00e2ndia (1), Cris\u00f3polis (1), Jaguaripe (1), Jequi\u00e9 (1). Tamb\u00e9m foram notificados casos em \u00a0Monte Santo (1), Barro Preto (1), Campo Formoso (1), Itabuna (2), Itapetinga (1), Olindina (1), Salvador&hellip;","og_url":"https:\/\/blogdofarnesio.com.br\/?p=144051","og_site_name":"Blog do Farn\u00e9sio","article_publisher":"https:\/\/www.facebook.com\/BlogQuerSaberPolitica\/","article_published_time":"2016-06-23T15:00:12+00:00","og_image":[{"url":"http:\/\/imagem.bahianoticias.com.br\/fotos\/saude_noticias\/17330\/IMAGEM_NOTICIA_5.jpg?checksum=1466686338","type":"","width":"","height":""}],"author":"teste","twitter_card":"summary_large_image","twitter_misc":{"Escrito por":"teste","Est. tempo de leitura":"1 minuto"},"schema":{"@context":"https:\/\/schema.org","@graph":[{"@type":"Article","@id":"https:\/\/blogdofarnesio.com.br\/?p=144051#article","isPartOf":{"@id":"https:\/\/blogdofarnesio.com.br\/?p=144051"},"author":{"name":"teste","@id":"https:\/\/blogdofarnesio.com.br\/#\/schema\/person\/dd1bf5eba40b687199ba45ca6b97dff9"},"headline":"BAHIA NOTIFICA 19 CASOS DE MICROCEFALIA EM UMA SEMANA, COM TOTAL DE 32 MORTES","datePublished":"2016-06-23T15:00:12+00:00","mainEntityOfPage":{"@id":"https:\/\/blogdofarnesio.com.br\/?p=144051"},"wordCount":148,"commentCount":0,"publisher":{"@id":"https:\/\/blogdofarnesio.com.br\/#organization"},"image":{"@id":"https:\/\/blogdofarnesio.com.br\/?p=144051#primaryimage"},"thumbnailUrl":"http:\/\/imagem.bahianoticias.com.br\/fotos\/saude_noticias\/17330\/IMAGEM_NOTICIA_5.jpg?checksum=1466686338","articleSection":["Sa\u00fade"],"inLanguage":"pt-BR","potentialAction":[{"@type":"CommentAction","name":"Comment","target":["https:\/\/blogdofarnesio.com.br\/?p=144051#respond"]}]},{"@type":"WebPage","@id":"https:\/\/blogdofarnesio.com.br\/?p=144051","url":"https:\/\/blogdofarnesio.com.br\/?p=144051","name":"BAHIA NOTIFICA 19 CASOS DE MICROCEFALIA EM UMA SEMANA, COM TOTAL DE 32 MORTES - Blog do Farn\u00e9sio","isPartOf":{"@id":"https:\/\/blogdofarnesio.com.br\/#website"},"primaryImageOfPage":{"@id":"https:\/\/blogdofarnesio.com.br\/?p=144051#primaryimage"},"image":{"@id":"https:\/\/blogdofarnesio.com.br\/?p=144051#primaryimage"},"thumbnailUrl":"http:\/\/imagem.bahianoticias.com.br\/fotos\/saude_noticias\/17330\/IMAGEM_NOTICIA_5.jpg?checksum=1466686338","datePublished":"2016-06-23T15:00:12+00:00","breadcrumb":{"@id":"https:\/\/blogdofarnesio.com.br\/?p=144051#breadcrumb"},"inLanguage":"pt-BR","potentialAction":[{"@type":"ReadAction","target":["https:\/\/blogdofarnesio.com.br\/?p=144051"]}]},{"@type":"ImageObject","inLanguage":"pt-BR","@id":"https:\/\/blogdofarnesio.com.br\/?p=144051#primaryimage","url":"http:\/\/imagem.bahianoticias.com.br\/fotos\/saude_noticias\/17330\/IMAGEM_NOTICIA_5.jpg?checksum=1466686338","contentUrl":"http:\/\/imagem.bahianoticias.com.br\/fotos\/saude_noticias\/17330\/IMAGEM_NOTICIA_5.jpg?checksum=1466686338"},{"@type":"BreadcrumbList","@id":"https:\/\/blogdofarnesio.com.br\/?p=144051#breadcrumb","itemListElement":[{"@type":"ListItem","position":1,"name":"In\u00edcio","item":"https:\/\/blogdofarnesio.com.br\/"},{"@type":"ListItem","position":2,"name":"BAHIA NOTIFICA 19 CASOS DE MICROCEFALIA EM UMA SEMANA, COM TOTAL DE 32 MORTES"}]},{"@type":"WebSite","@id":"https:\/\/blogdofarnesio.com.br\/#website","url":"https:\/\/blogdofarnesio.com.br\/","name":"Blog do Farn\u00e9sio","description":"Quer Saber Pol\u00edtica?","publisher":{"@id":"https:\/\/blogdofarnesio.com.br\/#organization"},"potentialAction":[{"@type":"SearchAction","target":{"@type":"EntryPoint","urlTemplate":"https:\/\/blogdofarnesio.com.br\/?s={search_term_string}"},"query-input":{"@type":"PropertyValueSpecification","valueRequired":true,"valueName":"search_term_string"}}],"inLanguage":"pt-BR"},{"@type":"Organization","@id":"https:\/\/blogdofarnesio.com.br\/#organization","name":"Blog do Farn\u00e9sio","url":"https:\/\/blogdofarnesio.com.br\/","logo":{"@type":"ImageObject","inLanguage":"pt-BR","@id":"https:\/\/blogdofarnesio.com.br\/#\/schema\/logo\/image\/","url":"https:\/\/blogdofarnesio.com.br\/wp-content\/uploads\/2026\/03\/cropped-logo_new-1.png","contentUrl":"https:\/\/blogdofarnesio.com.br\/wp-content\/uploads\/2026\/03\/cropped-logo_new-1.png","width":881,"height":685,"caption":"Blog do Farn\u00e9sio"},"image":{"@id":"https:\/\/blogdofarnesio.com.br\/#\/schema\/logo\/image\/"},"sameAs":["https:\/\/www.facebook.com\/BlogQuerSaberPolitica\/"]},{"@type":"Person","@id":"https:\/\/blogdofarnesio.com.br\/#\/schema\/person\/dd1bf5eba40b687199ba45ca6b97dff9","name":"teste","image":{"@type":"ImageObject","inLanguage":"pt-BR","@id":"https:\/\/secure.gravatar.com\/avatar\/2172498d4914b51e1d89a0f97957b035ac4938723a5cac208135d389b6972a6d?s=96&d=mm&r=g","url":"https:\/\/secure.gravatar.com\/avatar\/2172498d4914b51e1d89a0f97957b035ac4938723a5cac208135d389b6972a6d?s=96&d=mm&r=g","contentUrl":"https:\/\/secure.gravatar.com\/avatar\/2172498d4914b51e1d89a0f97957b035ac4938723a5cac208135d389b6972a6d?s=96&d=mm&r=g","caption":"teste"},"url":"https:\/\/blogdofarnesio.com.br\/?author=3"}]}},"_links":{"self":[{"href":"https:\/\/blogdofarnesio.com.br\/index.php?rest_route=\/wp\/v2\/posts\/144051","targetHints":{"allow":["GET"]}}],"collection":[{"href":"https:\/\/blogdofarnesio.com.br\/index.php?rest_route=\/wp\/v2\/posts"}],"about":[{"href":"https:\/\/blogdofarnesio.com.br\/index.php?rest_route=\/wp\/v2\/types\/post"}],"author":[{"embeddable":true,"href":"https:\/\/blogdofarnesio.com.br\/index.php?rest_route=\/wp\/v2\/users\/3"}],"replies":[{"embeddable":true,"href":"https:\/\/blogdofarnesio.com.br\/index.php?rest_route=%2Fwp%2Fv2%2Fcomments&post=144051"}],"version-history":[{"count":0,"href":"https:\/\/blogdofarnesio.com.br\/index.php?rest_route=\/wp\/v2\/posts\/144051\/revisions"}],"wp:attachment":[{"href":"https:\/\/blogdofarnesio.com.br\/index.php?rest_route=%2Fwp%2Fv2%2Fmedia&parent=144051"}],"wp:term":[{"taxonomy":"category","embeddable":true,"href":"https:\/\/blogdofarnesio.com.br\/index.php?rest_route=%2Fwp%2Fv2%2Fcategories&post=144051"},{"taxonomy":"post_tag","embeddable":true,"href":"https:\/\/blogdofarnesio.com.br\/index.php?rest_route=%2Fwp%2Fv2%2Ftags&post=144051"}],"curies":[{"name":"wp","href":"https:\/\/api.w.org\/{rel}","templated":true}]}}