{"id":143984,"date":"2016-06-22T11:30:55","date_gmt":"2016-06-22T14:30:55","guid":{"rendered":"http:\/\/www.quersaberpolitica.com.br\/?p=143984"},"modified":"2016-06-22T10:49:50","modified_gmt":"2016-06-22T13:49:50","slug":"festejos-juninos-tomam-conta-do-arraia-do-jua-garden-shopping","status":"publish","type":"post","link":"https:\/\/blogdofarnesio.com.br\/?p=143984","title":{"rendered":"FESTEJOS JUNINOS TOMAM CONTA DO ARRAI\u00c1 DO JU\u00c1 GARDEN SHOPPING"},"content":{"rendered":"<p style=\"text-align: justify\"><a href=\"http:\/\/www.quersaberpolitica.com.br\/2016\/wp-content\/uploads\/2016\/03\/blogqsp-juagardenshopping-1.jpg\"><img loading=\"lazy\" decoding=\"async\" class=\"aligncenter  wp-image-139560\" src=\"http:\/\/www.quersaberpolitica.com.br\/2016\/wp-content\/uploads\/2016\/03\/blogqsp-juagardenshopping-1.jpg\" alt=\"blogqsp-juagardenshopping (1)\" width=\"441\" height=\"333\" \/><\/a><\/p>\n<p style=\"text-align: justify\">O Ju\u00e1 Garden Shopping entrou de vez no clima dos festejos juninos e preparou para seus visitantes uma programa\u00e7\u00e3o bem especial. Comidas t\u00edpicas, muito forr\u00f3, a anima\u00e7\u00e3o de quadrilhas e muitas outras formas de divers\u00e3o prometem animar clientes e funcion\u00e1rios durante este m\u00eas.<\/p>\n<p style=\"text-align: justify\">Para quem gosta da alegria e do sincronismo dos passos de dan\u00e7a, hoje, \u00e0s 19h, o estacionamento do Ju\u00e1 Garden vai se transformar em um verdadeiro Arrai\u00e1 com apresenta\u00e7\u00f5es de quadrilhas juninas.<\/p>\n<p style=\"text-align: justify\">Amanh\u00e3, 23\/06, a grande atra\u00e7\u00e3o ser\u00e1 o cantor Alan Cleber, com o Pocket Show \u201cBrilham estrelas de S\u00e3o Jo\u00e3o\u201d. O show come\u00e7a \u00e0s 20h, na Pra\u00e7a de Eventos. E ainda falando de m\u00fasica, os shows musicais ao vivo, que acontecem todas as quintas e sextas-feiras, continuam, mas neste per\u00edodo as apresenta\u00e7\u00f5es ser\u00e3o com repert\u00f3rios juninos, dia 23\/06 a atra\u00e7\u00e3o ser\u00e1 Cowboy da Balada e no dia 24\/06 Zez\u00e3o do Acordeon. Os shows ocorrem sempre das 18h \u00e0s 21h, na Pra\u00e7a de Alimenta\u00e7\u00e3o. Na sexta-feira, feriado de S\u00e3o Jo\u00e3o, as lojas, quiosques e a pra\u00e7a de alimenta\u00e7\u00e3o funcionam normalmente, das 10h \u00e0s 22h.<\/p>\n<p style=\"text-align: justify\">Al\u00e9m de todas estas atra\u00e7\u00f5es, at\u00e9 o dia 30 de junho os visitantes tamb\u00e9m poder\u00e3o experimentar das variedades de comidas t\u00edpicas numa barraca na Pra\u00e7a de Eventos. Um espa\u00e7o repleto de guloseimas para as pessoas se deliciarem enquanto passeiam e curtem toda a qualidade dos servi\u00e7os e da estrutura do melhor shopping da regi\u00e3o.<\/p>\n<p style=\"text-align: justify\"><em>Ascom<\/em><\/p>\n","protected":false},"excerpt":{"rendered":"<p>O Ju\u00e1 Garden Shopping entrou de vez no clima dos festejos juninos e preparou para seus visitantes uma programa\u00e7\u00e3o bem especial. Comidas t\u00edpicas, muito forr\u00f3, a anima\u00e7\u00e3o de quadrilhas e muitas outras formas de divers\u00e3o prometem animar clientes e funcion\u00e1rios durante este m\u00eas. Para quem gosta da alegria e do sincronismo dos passos de dan\u00e7a, hoje, \u00e0s 19h, o estacionamento do Ju\u00e1 Garden vai se transformar em um verdadeiro Arrai\u00e1 com apresenta\u00e7\u00f5es de quadrilhas juninas. Amanh\u00e3, 23\/06, a grande atra\u00e7\u00e3o ser\u00e1 o cantor Alan Cleber, com o Pocket Show \u201cBrilham estrelas de S\u00e3o Jo\u00e3o\u201d. O show come\u00e7a \u00e0s 20h, na Pra\u00e7a de Eventos. E ainda falando de m\u00fasica, os shows musicais ao vivo, que acontecem todas as quintas e sextas-feiras,&hellip; <\/p>\n","protected":false},"author":3,"featured_media":0,"comment_status":"open","ping_status":"open","sticky":false,"template":"","format":"standard","meta":{"_acf_changed":false,"footnotes":""},"categories":[44],"tags":[],"class_list":["post-143984","post","type-post","status-publish","format-standard","hentry","category-administracao"],"acf":[],"yoast_head":"<!-- This site is optimized with the Yoast SEO plugin v27.4 - https:\/\/yoast.com\/product\/yoast-seo-wordpress\/ -->\n<title>FESTEJOS JUNINOS TOMAM CONTA DO ARRAI\u00c1 DO JU\u00c1 GARDEN SHOPPING - Blog do Farn\u00e9sio<\/title>\n<meta name=\"robots\" content=\"index, follow, max-snippet:-1, max-image-preview:large, max-video-preview:-1\" \/>\n<link rel=\"canonical\" href=\"https:\/\/blogdofarnesio.com.br\/?p=143984\" \/>\n<meta property=\"og:locale\" content=\"pt_BR\" \/>\n<meta property=\"og:type\" content=\"article\" \/>\n<meta property=\"og:title\" content=\"FESTEJOS JUNINOS TOMAM CONTA DO ARRAI\u00c1 DO JU\u00c1 GARDEN SHOPPING - Blog do Farn\u00e9sio\" \/>\n<meta property=\"og:description\" content=\"O Ju\u00e1 Garden Shopping entrou de vez no clima dos festejos juninos e preparou para seus visitantes uma programa\u00e7\u00e3o bem especial. Comidas t\u00edpicas, muito forr\u00f3, a anima\u00e7\u00e3o de quadrilhas e muitas outras formas de divers\u00e3o prometem animar clientes e funcion\u00e1rios durante este m\u00eas. Para quem gosta da alegria e do sincronismo dos passos de dan\u00e7a, hoje, \u00e0s 19h, o estacionamento do Ju\u00e1 Garden vai se transformar em um verdadeiro Arrai\u00e1 com apresenta\u00e7\u00f5es de quadrilhas juninas. Amanh\u00e3, 23\/06, a grande atra\u00e7\u00e3o ser\u00e1 o cantor Alan Cleber, com o Pocket Show \u201cBrilham estrelas de S\u00e3o Jo\u00e3o\u201d. O show come\u00e7a \u00e0s 20h, na Pra\u00e7a de Eventos. E ainda falando de m\u00fasica, os shows musicais ao vivo, que acontecem todas as quintas e sextas-feiras,&hellip;\" \/>\n<meta property=\"og:url\" content=\"https:\/\/blogdofarnesio.com.br\/?p=143984\" \/>\n<meta property=\"og:site_name\" content=\"Blog do Farn\u00e9sio\" \/>\n<meta property=\"article:publisher\" content=\"https:\/\/www.facebook.com\/BlogQuerSaberPolitica\/\" \/>\n<meta property=\"article:published_time\" content=\"2016-06-22T14:30:55+00:00\" \/>\n<meta property=\"og:image\" content=\"http:\/\/www.quersaberpolitica.com.br\/2016\/wp-content\/uploads\/2016\/03\/blogqsp-juagardenshopping-1.jpg\" \/>\n<meta name=\"author\" content=\"teste\" \/>\n<meta name=\"twitter:card\" content=\"summary_large_image\" \/>\n<meta name=\"twitter:label1\" content=\"Escrito por\" \/>\n\t<meta name=\"twitter:data1\" content=\"teste\" \/>\n\t<meta name=\"twitter:label2\" content=\"Est. tempo de leitura\" \/>\n\t<meta name=\"twitter:data2\" content=\"1 minuto\" \/>\n<script type=\"application\/ld+json\" class=\"yoast-schema-graph\">{\"@context\":\"https:\\\/\\\/schema.org\",\"@graph\":[{\"@type\":\"Article\",\"@id\":\"https:\\\/\\\/blogdofarnesio.com.br\\\/?p=143984#article\",\"isPartOf\":{\"@id\":\"https:\\\/\\\/blogdofarnesio.com.br\\\/?p=143984\"},\"author\":{\"name\":\"teste\",\"@id\":\"https:\\\/\\\/blogdofarnesio.com.br\\\/#\\\/schema\\\/person\\\/dd1bf5eba40b687199ba45ca6b97dff9\"},\"headline\":\"FESTEJOS JUNINOS TOMAM CONTA DO ARRAI\u00c1 DO JU\u00c1 GARDEN SHOPPING\",\"datePublished\":\"2016-06-22T14:30:55+00:00\",\"mainEntityOfPage\":{\"@id\":\"https:\\\/\\\/blogdofarnesio.com.br\\\/?p=143984\"},\"wordCount\":273,\"commentCount\":0,\"publisher\":{\"@id\":\"https:\\\/\\\/blogdofarnesio.com.br\\\/#organization\"},\"image\":{\"@id\":\"https:\\\/\\\/blogdofarnesio.com.br\\\/?p=143984#primaryimage\"},\"thumbnailUrl\":\"http:\\\/\\\/www.quersaberpolitica.com.br\\\/2016\\\/wp-content\\\/uploads\\\/2016\\\/03\\\/blogqsp-juagardenshopping-1.jpg\",\"articleSection\":[\"Administra\u00e7\u00e3o\"],\"inLanguage\":\"pt-BR\",\"potentialAction\":[{\"@type\":\"CommentAction\",\"name\":\"Comment\",\"target\":[\"https:\\\/\\\/blogdofarnesio.com.br\\\/?p=143984#respond\"]}]},{\"@type\":\"WebPage\",\"@id\":\"https:\\\/\\\/blogdofarnesio.com.br\\\/?p=143984\",\"url\":\"https:\\\/\\\/blogdofarnesio.com.br\\\/?p=143984\",\"name\":\"FESTEJOS JUNINOS TOMAM CONTA DO ARRAI\u00c1 DO JU\u00c1 GARDEN SHOPPING - Blog do Farn\u00e9sio\",\"isPartOf\":{\"@id\":\"https:\\\/\\\/blogdofarnesio.com.br\\\/#website\"},\"primaryImageOfPage\":{\"@id\":\"https:\\\/\\\/blogdofarnesio.com.br\\\/?p=143984#primaryimage\"},\"image\":{\"@id\":\"https:\\\/\\\/blogdofarnesio.com.br\\\/?p=143984#primaryimage\"},\"thumbnailUrl\":\"http:\\\/\\\/www.quersaberpolitica.com.br\\\/2016\\\/wp-content\\\/uploads\\\/2016\\\/03\\\/blogqsp-juagardenshopping-1.jpg\",\"datePublished\":\"2016-06-22T14:30:55+00:00\",\"breadcrumb\":{\"@id\":\"https:\\\/\\\/blogdofarnesio.com.br\\\/?p=143984#breadcrumb\"},\"inLanguage\":\"pt-BR\",\"potentialAction\":[{\"@type\":\"ReadAction\",\"target\":[\"https:\\\/\\\/blogdofarnesio.com.br\\\/?p=143984\"]}]},{\"@type\":\"ImageObject\",\"inLanguage\":\"pt-BR\",\"@id\":\"https:\\\/\\\/blogdofarnesio.com.br\\\/?p=143984#primaryimage\",\"url\":\"http:\\\/\\\/www.quersaberpolitica.com.br\\\/2016\\\/wp-content\\\/uploads\\\/2016\\\/03\\\/blogqsp-juagardenshopping-1.jpg\",\"contentUrl\":\"http:\\\/\\\/www.quersaberpolitica.com.br\\\/2016\\\/wp-content\\\/uploads\\\/2016\\\/03\\\/blogqsp-juagardenshopping-1.jpg\"},{\"@type\":\"BreadcrumbList\",\"@id\":\"https:\\\/\\\/blogdofarnesio.com.br\\\/?p=143984#breadcrumb\",\"itemListElement\":[{\"@type\":\"ListItem\",\"position\":1,\"name\":\"In\u00edcio\",\"item\":\"https:\\\/\\\/blogdofarnesio.com.br\\\/\"},{\"@type\":\"ListItem\",\"position\":2,\"name\":\"FESTEJOS JUNINOS TOMAM CONTA DO ARRAI\u00c1 DO JU\u00c1 GARDEN SHOPPING\"}]},{\"@type\":\"WebSite\",\"@id\":\"https:\\\/\\\/blogdofarnesio.com.br\\\/#website\",\"url\":\"https:\\\/\\\/blogdofarnesio.com.br\\\/\",\"name\":\"Blog do Farn\u00e9sio\",\"description\":\"Quer Saber Pol\u00edtica?\",\"publisher\":{\"@id\":\"https:\\\/\\\/blogdofarnesio.com.br\\\/#organization\"},\"potentialAction\":[{\"@type\":\"SearchAction\",\"target\":{\"@type\":\"EntryPoint\",\"urlTemplate\":\"https:\\\/\\\/blogdofarnesio.com.br\\\/?s={search_term_string}\"},\"query-input\":{\"@type\":\"PropertyValueSpecification\",\"valueRequired\":true,\"valueName\":\"search_term_string\"}}],\"inLanguage\":\"pt-BR\"},{\"@type\":\"Organization\",\"@id\":\"https:\\\/\\\/blogdofarnesio.com.br\\\/#organization\",\"name\":\"Blog do Farn\u00e9sio\",\"url\":\"https:\\\/\\\/blogdofarnesio.com.br\\\/\",\"logo\":{\"@type\":\"ImageObject\",\"inLanguage\":\"pt-BR\",\"@id\":\"https:\\\/\\\/blogdofarnesio.com.br\\\/#\\\/schema\\\/logo\\\/image\\\/\",\"url\":\"https:\\\/\\\/blogdofarnesio.com.br\\\/wp-content\\\/uploads\\\/2026\\\/03\\\/cropped-logo_new-1.png\",\"contentUrl\":\"https:\\\/\\\/blogdofarnesio.com.br\\\/wp-content\\\/uploads\\\/2026\\\/03\\\/cropped-logo_new-1.png\",\"width\":881,\"height\":685,\"caption\":\"Blog do Farn\u00e9sio\"},\"image\":{\"@id\":\"https:\\\/\\\/blogdofarnesio.com.br\\\/#\\\/schema\\\/logo\\\/image\\\/\"},\"sameAs\":[\"https:\\\/\\\/www.facebook.com\\\/BlogQuerSaberPolitica\\\/\"]},{\"@type\":\"Person\",\"@id\":\"https:\\\/\\\/blogdofarnesio.com.br\\\/#\\\/schema\\\/person\\\/dd1bf5eba40b687199ba45ca6b97dff9\",\"name\":\"teste\",\"image\":{\"@type\":\"ImageObject\",\"inLanguage\":\"pt-BR\",\"@id\":\"https:\\\/\\\/secure.gravatar.com\\\/avatar\\\/2172498d4914b51e1d89a0f97957b035ac4938723a5cac208135d389b6972a6d?s=96&d=mm&r=g\",\"url\":\"https:\\\/\\\/secure.gravatar.com\\\/avatar\\\/2172498d4914b51e1d89a0f97957b035ac4938723a5cac208135d389b6972a6d?s=96&d=mm&r=g\",\"contentUrl\":\"https:\\\/\\\/secure.gravatar.com\\\/avatar\\\/2172498d4914b51e1d89a0f97957b035ac4938723a5cac208135d389b6972a6d?s=96&d=mm&r=g\",\"caption\":\"teste\"},\"url\":\"https:\\\/\\\/blogdofarnesio.com.br\\\/?author=3\"}]}<\/script>\n<!-- \/ Yoast SEO plugin. -->","yoast_head_json":{"title":"FESTEJOS JUNINOS TOMAM CONTA DO ARRAI\u00c1 DO JU\u00c1 GARDEN SHOPPING - Blog do Farn\u00e9sio","robots":{"index":"index","follow":"follow","max-snippet":"max-snippet:-1","max-image-preview":"max-image-preview:large","max-video-preview":"max-video-preview:-1"},"canonical":"https:\/\/blogdofarnesio.com.br\/?p=143984","og_locale":"pt_BR","og_type":"article","og_title":"FESTEJOS JUNINOS TOMAM CONTA DO ARRAI\u00c1 DO JU\u00c1 GARDEN SHOPPING - Blog do Farn\u00e9sio","og_description":"O Ju\u00e1 Garden Shopping entrou de vez no clima dos festejos juninos e preparou para seus visitantes uma programa\u00e7\u00e3o bem especial. Comidas t\u00edpicas, muito forr\u00f3, a anima\u00e7\u00e3o de quadrilhas e muitas outras formas de divers\u00e3o prometem animar clientes e funcion\u00e1rios durante este m\u00eas. Para quem gosta da alegria e do sincronismo dos passos de dan\u00e7a, hoje, \u00e0s 19h, o estacionamento do Ju\u00e1 Garden vai se transformar em um verdadeiro Arrai\u00e1 com apresenta\u00e7\u00f5es de quadrilhas juninas. Amanh\u00e3, 23\/06, a grande atra\u00e7\u00e3o ser\u00e1 o cantor Alan Cleber, com o Pocket Show \u201cBrilham estrelas de S\u00e3o Jo\u00e3o\u201d. O show come\u00e7a \u00e0s 20h, na Pra\u00e7a de Eventos. E ainda falando de m\u00fasica, os shows musicais ao vivo, que acontecem todas as quintas e sextas-feiras,&hellip;","og_url":"https:\/\/blogdofarnesio.com.br\/?p=143984","og_site_name":"Blog do Farn\u00e9sio","article_publisher":"https:\/\/www.facebook.com\/BlogQuerSaberPolitica\/","article_published_time":"2016-06-22T14:30:55+00:00","og_image":[{"url":"http:\/\/www.quersaberpolitica.com.br\/2016\/wp-content\/uploads\/2016\/03\/blogqsp-juagardenshopping-1.jpg","type":"","width":"","height":""}],"author":"teste","twitter_card":"summary_large_image","twitter_misc":{"Escrito por":"teste","Est. tempo de leitura":"1 minuto"},"schema":{"@context":"https:\/\/schema.org","@graph":[{"@type":"Article","@id":"https:\/\/blogdofarnesio.com.br\/?p=143984#article","isPartOf":{"@id":"https:\/\/blogdofarnesio.com.br\/?p=143984"},"author":{"name":"teste","@id":"https:\/\/blogdofarnesio.com.br\/#\/schema\/person\/dd1bf5eba40b687199ba45ca6b97dff9"},"headline":"FESTEJOS JUNINOS TOMAM CONTA DO ARRAI\u00c1 DO JU\u00c1 GARDEN SHOPPING","datePublished":"2016-06-22T14:30:55+00:00","mainEntityOfPage":{"@id":"https:\/\/blogdofarnesio.com.br\/?p=143984"},"wordCount":273,"commentCount":0,"publisher":{"@id":"https:\/\/blogdofarnesio.com.br\/#organization"},"image":{"@id":"https:\/\/blogdofarnesio.com.br\/?p=143984#primaryimage"},"thumbnailUrl":"http:\/\/www.quersaberpolitica.com.br\/2016\/wp-content\/uploads\/2016\/03\/blogqsp-juagardenshopping-1.jpg","articleSection":["Administra\u00e7\u00e3o"],"inLanguage":"pt-BR","potentialAction":[{"@type":"CommentAction","name":"Comment","target":["https:\/\/blogdofarnesio.com.br\/?p=143984#respond"]}]},{"@type":"WebPage","@id":"https:\/\/blogdofarnesio.com.br\/?p=143984","url":"https:\/\/blogdofarnesio.com.br\/?p=143984","name":"FESTEJOS JUNINOS TOMAM CONTA DO ARRAI\u00c1 DO JU\u00c1 GARDEN SHOPPING - Blog do Farn\u00e9sio","isPartOf":{"@id":"https:\/\/blogdofarnesio.com.br\/#website"},"primaryImageOfPage":{"@id":"https:\/\/blogdofarnesio.com.br\/?p=143984#primaryimage"},"image":{"@id":"https:\/\/blogdofarnesio.com.br\/?p=143984#primaryimage"},"thumbnailUrl":"http:\/\/www.quersaberpolitica.com.br\/2016\/wp-content\/uploads\/2016\/03\/blogqsp-juagardenshopping-1.jpg","datePublished":"2016-06-22T14:30:55+00:00","breadcrumb":{"@id":"https:\/\/blogdofarnesio.com.br\/?p=143984#breadcrumb"},"inLanguage":"pt-BR","potentialAction":[{"@type":"ReadAction","target":["https:\/\/blogdofarnesio.com.br\/?p=143984"]}]},{"@type":"ImageObject","inLanguage":"pt-BR","@id":"https:\/\/blogdofarnesio.com.br\/?p=143984#primaryimage","url":"http:\/\/www.quersaberpolitica.com.br\/2016\/wp-content\/uploads\/2016\/03\/blogqsp-juagardenshopping-1.jpg","contentUrl":"http:\/\/www.quersaberpolitica.com.br\/2016\/wp-content\/uploads\/2016\/03\/blogqsp-juagardenshopping-1.jpg"},{"@type":"BreadcrumbList","@id":"https:\/\/blogdofarnesio.com.br\/?p=143984#breadcrumb","itemListElement":[{"@type":"ListItem","position":1,"name":"In\u00edcio","item":"https:\/\/blogdofarnesio.com.br\/"},{"@type":"ListItem","position":2,"name":"FESTEJOS JUNINOS TOMAM CONTA DO ARRAI\u00c1 DO JU\u00c1 GARDEN SHOPPING"}]},{"@type":"WebSite","@id":"https:\/\/blogdofarnesio.com.br\/#website","url":"https:\/\/blogdofarnesio.com.br\/","name":"Blog do Farn\u00e9sio","description":"Quer Saber Pol\u00edtica?","publisher":{"@id":"https:\/\/blogdofarnesio.com.br\/#organization"},"potentialAction":[{"@type":"SearchAction","target":{"@type":"EntryPoint","urlTemplate":"https:\/\/blogdofarnesio.com.br\/?s={search_term_string}"},"query-input":{"@type":"PropertyValueSpecification","valueRequired":true,"valueName":"search_term_string"}}],"inLanguage":"pt-BR"},{"@type":"Organization","@id":"https:\/\/blogdofarnesio.com.br\/#organization","name":"Blog do Farn\u00e9sio","url":"https:\/\/blogdofarnesio.com.br\/","logo":{"@type":"ImageObject","inLanguage":"pt-BR","@id":"https:\/\/blogdofarnesio.com.br\/#\/schema\/logo\/image\/","url":"https:\/\/blogdofarnesio.com.br\/wp-content\/uploads\/2026\/03\/cropped-logo_new-1.png","contentUrl":"https:\/\/blogdofarnesio.com.br\/wp-content\/uploads\/2026\/03\/cropped-logo_new-1.png","width":881,"height":685,"caption":"Blog do Farn\u00e9sio"},"image":{"@id":"https:\/\/blogdofarnesio.com.br\/#\/schema\/logo\/image\/"},"sameAs":["https:\/\/www.facebook.com\/BlogQuerSaberPolitica\/"]},{"@type":"Person","@id":"https:\/\/blogdofarnesio.com.br\/#\/schema\/person\/dd1bf5eba40b687199ba45ca6b97dff9","name":"teste","image":{"@type":"ImageObject","inLanguage":"pt-BR","@id":"https:\/\/secure.gravatar.com\/avatar\/2172498d4914b51e1d89a0f97957b035ac4938723a5cac208135d389b6972a6d?s=96&d=mm&r=g","url":"https:\/\/secure.gravatar.com\/avatar\/2172498d4914b51e1d89a0f97957b035ac4938723a5cac208135d389b6972a6d?s=96&d=mm&r=g","contentUrl":"https:\/\/secure.gravatar.com\/avatar\/2172498d4914b51e1d89a0f97957b035ac4938723a5cac208135d389b6972a6d?s=96&d=mm&r=g","caption":"teste"},"url":"https:\/\/blogdofarnesio.com.br\/?author=3"}]}},"_links":{"self":[{"href":"https:\/\/blogdofarnesio.com.br\/index.php?rest_route=\/wp\/v2\/posts\/143984","targetHints":{"allow":["GET"]}}],"collection":[{"href":"https:\/\/blogdofarnesio.com.br\/index.php?rest_route=\/wp\/v2\/posts"}],"about":[{"href":"https:\/\/blogdofarnesio.com.br\/index.php?rest_route=\/wp\/v2\/types\/post"}],"author":[{"embeddable":true,"href":"https:\/\/blogdofarnesio.com.br\/index.php?rest_route=\/wp\/v2\/users\/3"}],"replies":[{"embeddable":true,"href":"https:\/\/blogdofarnesio.com.br\/index.php?rest_route=%2Fwp%2Fv2%2Fcomments&post=143984"}],"version-history":[{"count":0,"href":"https:\/\/blogdofarnesio.com.br\/index.php?rest_route=\/wp\/v2\/posts\/143984\/revisions"}],"wp:attachment":[{"href":"https:\/\/blogdofarnesio.com.br\/index.php?rest_route=%2Fwp%2Fv2%2Fmedia&parent=143984"}],"wp:term":[{"taxonomy":"category","embeddable":true,"href":"https:\/\/blogdofarnesio.com.br\/index.php?rest_route=%2Fwp%2Fv2%2Fcategories&post=143984"},{"taxonomy":"post_tag","embeddable":true,"href":"https:\/\/blogdofarnesio.com.br\/index.php?rest_route=%2Fwp%2Fv2%2Ftags&post=143984"}],"curies":[{"name":"wp","href":"https:\/\/api.w.org\/{rel}","templated":true}]}}