{"id":143923,"date":"2016-06-21T11:04:51","date_gmt":"2016-06-21T14:04:51","guid":{"rendered":"http:\/\/www.quersaberpolitica.com.br\/?p=143923"},"modified":"2016-06-21T11:14:01","modified_gmt":"2016-06-21T14:14:01","slug":"pre-candidato-do-pp-em-de-juazeiro-diz-que-o-vereador-anderson-da-iluminacao-nao-e-mais-lider-do-partido","status":"publish","type":"post","link":"https:\/\/blogdofarnesio.com.br\/?p=143923","title":{"rendered":"PR\u00c9-CANDIDATO DO PP EM JUAZEIRO DIZ QUE O VEREADOR ANDERSON DA ILUMINA\u00c7\u00c3O N\u00c3O \u00c9 MAIS L\u00cdDER DO PARTIDO"},"content":{"rendered":"<figure id=\"attachment_120800\" aria-describedby=\"caption-attachment-120800\" style=\"width: 448px\" class=\"wp-caption aligncenter\"><a href=\"http:\/\/www.quersaberpolitica.com.br\/2016\/wp-content\/uploads\/2015\/03\/blogqspverdalmir-Foto-Farn\u00e9sio-Silva.jpg\"><img loading=\"lazy\" decoding=\"async\" class=\"wp-image-120800 size-full\" src=\"http:\/\/www.quersaberpolitica.com.br\/2016\/wp-content\/uploads\/2015\/03\/blogqspverdalmir-Foto-Farn\u00e9sio-Silva.jpg\" alt=\"blogqspverdalmir   Foto Farn\u00e9sio Silva\" width=\"448\" height=\"252\" srcset=\"https:\/\/blogdofarnesio.com.br\/wp-content\/uploads\/2015\/03\/blogqspverdalmir-Foto-Farn\u00e9sio-Silva.jpg 448w, https:\/\/blogdofarnesio.com.br\/wp-content\/uploads\/2015\/03\/blogqspverdalmir-Foto-Farn\u00e9sio-Silva-300x168.jpg 300w\" sizes=\"auto, (max-width: 448px) 100vw, 448px\" \/><\/a><figcaption id=\"caption-attachment-120800\" class=\"wp-caption-text\">PRESIDENTE E PR\u00c9-CANDIDATO DO PP DALMIR PEDRA<\/figcaption><\/figure>\n<p style=\"text-align: justify\">O presidente do Diret\u00f3rio Municipal do PP e pr\u00e9-candidato a prefeito Dalmir Pedra (PP), durante a sua participa\u00e7\u00e3o nesta manh\u00e3 (21) <em>ao Programa Bastidores da Not\u00edcia<\/em>, falou sobre a sua pr\u00e9-campanha e afirmou que n\u00e3o faz mais parte da base aliada do grupo pol\u00edtico do Prefeito Isaac Carvalho (PCdoB).<\/p>\n<p style=\"text-align: justify\">\u201cEstou motivado para encarar essa pr\u00e9-candidatura a prefeito e tenho o apoio de todo o PP a n\u00edvel nacional e dos deputados. Juazeiro precisa de um grupo pol\u00edtico forte e j\u00e1 estamos conversando tamb\u00e9m com os pr\u00e9-candidatos Carlos Luciano, Wank Medrado, o deputado Roberto Carlos, entre outros\u201d.<\/p>\n<p style=\"text-align: justify\">\u201cVamos tentar levar a nossa fala e ideias do que a gente tem feito. Quando participei da atual gest\u00e3o todas as miss\u00f5es que foram dadas dentro das minhas limita\u00e7\u00f5es conseguir dar a resposta, prova tal, foi quando assumir a secret\u00e1ria de sa\u00fade de Juazeiro, onde conseguimos reequilibra as contas e melhorar os servi\u00e7os da sa\u00fade\u201d, acrescentou.<\/p>\n<p style=\"text-align: justify\"><!--more--><\/p>\n<p style=\"text-align: justify\">Sobre a sua sa\u00edda do governo Isaac, ele explicou. \u201cQuando fomos convidados para assumir a Secretaria de Sa\u00fade o prefeito firmou um compromisso com este vereador e eu disse que n\u00e3o seria mais candidato a vereador e a minha palavra ser\u00e1 mantida. Em outra oportunidade o prefeito disse que eu seria um dos seus pr\u00e9-candidatos e n\u00e3o foi em dado esta oportunidade, realmente eu n\u00e3o sou um boneco. Nossa pr\u00e9-candidatura ser\u00e1 posta em Juazeiro e todos os filiados ter\u00e3o que seguir as nossas diretrizes\u201d, disse.<\/p>\n<p style=\"text-align: justify\">Com rela\u00e7\u00e3o \u00e0 possibilidade do PP tomar a lideran\u00e7a do Vereador Anderson da Ilumina\u00e7\u00e3o, onde o mesmo assume o cargo de lider do Governo Isaac na C\u00e2mara de Juazeiro, Dalmir disse que a informa\u00e7\u00e3o procede. \u201cCertamente hoje o vereador Anderson estar\u00e1 recebendo um documento dizendo que ele n\u00e3o \u00e9 mais lider do governo pelo PP\u201d.<\/p>\n<p style=\"text-align: justify\">Por outro lado, ele atacou a administra\u00e7\u00e3o do prefeito Isaac. \u201cEu sair da secretaria de sa\u00fade e tentaram tirar meu brilho e colocaram Pl\u00ednio Amorim que \u00e9 da \u00e1rea de educa\u00e7\u00e3o, ele deve est\u00e1 totalmente perdido. Se hoje a sa\u00fade melhorou foi porque estive a frente, se eu n\u00e3o estivesse n\u00e3o tinha condi\u00e7\u00f5es de pagar a folha\u201d, disparou.<\/p>\n<p style=\"text-align: justify\">O pr\u00e9-candidato afirmou ainda que precisa investir nas politicas de neg\u00f3cios, que para ele ainda s\u00e3o muitos falhas. \u201cO Ju\u00e1 Garden Shopping veio para Juazeiro, mas n\u00e3o houve interesse do munic\u00edpio em colocar servi\u00e7os que levem a clientela e por conta disso tem duas lojas que j\u00e1 fecharam. O poder p\u00fablico tinha que oferecer servi\u00e7os da Secretaria da Fazenda, do SAC, entre outros. Isso que \u00e9 gest\u00e3o\u201d.<\/p>\n<p style=\"text-align: justify\">Outra falha da atual gest\u00e3o, segundo Dalmir, foi \u00e0 falta de investimentos na \u00e1rea do Mercado do Produtor. \u201cO munic\u00edpio teria que dar incetivo e implantar uma balan\u00e7a organizada no Mercado do Produtor e criar um aeroporto cargueiro, \u00e9 inadmiss\u00edvel tudo que se produz em Juazeiro tem que sair de Petrolina, a gente perde muito com isso. Quando eu estava no governo conversei com o vice-governador Jo\u00e3o Le\u00e3o para melhorar a situa\u00e7\u00e3o do mercado e disse ao prefeito tamb\u00e9m\u201d, concluiu.<\/p>\n<p><em>Da Reda\u00e7\u00e3o\/BlogQSP<\/em><\/p>\n","protected":false},"excerpt":{"rendered":"<p>O presidente do Diret\u00f3rio Municipal do PP e pr\u00e9-candidato a prefeito Dalmir Pedra (PP), durante a sua participa\u00e7\u00e3o nesta manh\u00e3 (21) ao Programa Bastidores da Not\u00edcia, falou sobre a sua pr\u00e9-campanha e afirmou que n\u00e3o faz mais parte da base aliada do grupo pol\u00edtico do Prefeito Isaac Carvalho (PCdoB). \u201cEstou motivado para encarar essa pr\u00e9-candidatura a prefeito e tenho o apoio de todo o PP a n\u00edvel nacional e dos deputados. Juazeiro precisa de um grupo pol\u00edtico forte e j\u00e1 estamos conversando tamb\u00e9m com os pr\u00e9-candidatos Carlos Luciano, Wank Medrado, o deputado Roberto Carlos, entre outros\u201d. \u201cVamos tentar levar a nossa fala e ideias do que a gente tem feito. Quando participei da atual gest\u00e3o todas as miss\u00f5es que foram&hellip; <\/p>\n","protected":false},"author":7,"featured_media":0,"comment_status":"open","ping_status":"open","sticky":false,"template":"","format":"standard","meta":{"_acf_changed":false,"footnotes":""},"categories":[1],"tags":[],"class_list":["post-143923","post","type-post","status-publish","format-standard","hentry","category-politica"],"acf":[],"yoast_head":"<!-- This site is optimized with the Yoast SEO plugin v27.4 - https:\/\/yoast.com\/product\/yoast-seo-wordpress\/ -->\n<title>PR\u00c9-CANDIDATO DO PP EM JUAZEIRO DIZ QUE O VEREADOR ANDERSON DA ILUMINA\u00c7\u00c3O N\u00c3O \u00c9 MAIS L\u00cdDER DO PARTIDO - Blog do Farn\u00e9sio<\/title>\n<meta name=\"robots\" content=\"index, follow, max-snippet:-1, max-image-preview:large, max-video-preview:-1\" \/>\n<link rel=\"canonical\" href=\"https:\/\/blogdofarnesio.com.br\/?p=143923\" \/>\n<meta property=\"og:locale\" content=\"pt_BR\" \/>\n<meta property=\"og:type\" content=\"article\" \/>\n<meta property=\"og:title\" content=\"PR\u00c9-CANDIDATO DO PP EM JUAZEIRO DIZ QUE O VEREADOR ANDERSON DA ILUMINA\u00c7\u00c3O N\u00c3O \u00c9 MAIS L\u00cdDER DO PARTIDO - Blog do Farn\u00e9sio\" \/>\n<meta property=\"og:description\" content=\"O presidente do Diret\u00f3rio Municipal do PP e pr\u00e9-candidato a prefeito Dalmir Pedra (PP), durante a sua participa\u00e7\u00e3o nesta manh\u00e3 (21) ao Programa Bastidores da Not\u00edcia, falou sobre a sua pr\u00e9-campanha e afirmou que n\u00e3o faz mais parte da base aliada do grupo pol\u00edtico do Prefeito Isaac Carvalho (PCdoB). \u201cEstou motivado para encarar essa pr\u00e9-candidatura a prefeito e tenho o apoio de todo o PP a n\u00edvel nacional e dos deputados. Juazeiro precisa de um grupo pol\u00edtico forte e j\u00e1 estamos conversando tamb\u00e9m com os pr\u00e9-candidatos Carlos Luciano, Wank Medrado, o deputado Roberto Carlos, entre outros\u201d. \u201cVamos tentar levar a nossa fala e ideias do que a gente tem feito. Quando participei da atual gest\u00e3o todas as miss\u00f5es que foram&hellip;\" \/>\n<meta property=\"og:url\" content=\"https:\/\/blogdofarnesio.com.br\/?p=143923\" \/>\n<meta property=\"og:site_name\" content=\"Blog do Farn\u00e9sio\" \/>\n<meta property=\"article:publisher\" content=\"https:\/\/www.facebook.com\/BlogQuerSaberPolitica\/\" \/>\n<meta property=\"article:published_time\" content=\"2016-06-21T14:04:51+00:00\" \/>\n<meta property=\"article:modified_time\" content=\"2016-06-21T14:14:01+00:00\" \/>\n<meta name=\"twitter:card\" content=\"summary_large_image\" \/>\n<meta name=\"twitter:label1\" content=\"Escrito por\" \/>\n\t<meta name=\"twitter:data1\" content=\"\" \/>\n\t<meta name=\"twitter:label2\" content=\"Est. tempo de leitura\" \/>\n\t<meta name=\"twitter:data2\" content=\"3 minutos\" \/>\n<script type=\"application\/ld+json\" class=\"yoast-schema-graph\">{\"@context\":\"https:\\\/\\\/schema.org\",\"@graph\":[{\"@type\":\"Article\",\"@id\":\"https:\\\/\\\/blogdofarnesio.com.br\\\/?p=143923#article\",\"isPartOf\":{\"@id\":\"https:\\\/\\\/blogdofarnesio.com.br\\\/?p=143923\"},\"author\":{\"name\":\"\",\"@id\":\"\"},\"headline\":\"PR\u00c9-CANDIDATO DO PP EM JUAZEIRO DIZ QUE O VEREADOR ANDERSON DA ILUMINA\u00c7\u00c3O N\u00c3O \u00c9 MAIS L\u00cdDER DO PARTIDO\",\"datePublished\":\"2016-06-21T14:04:51+00:00\",\"dateModified\":\"2016-06-21T14:14:01+00:00\",\"mainEntityOfPage\":{\"@id\":\"https:\\\/\\\/blogdofarnesio.com.br\\\/?p=143923\"},\"wordCount\":588,\"commentCount\":0,\"publisher\":{\"@id\":\"https:\\\/\\\/blogdofarnesio.com.br\\\/#organization\"},\"articleSection\":[\"Pol\u00edtica\"],\"inLanguage\":\"pt-BR\",\"potentialAction\":[{\"@type\":\"CommentAction\",\"name\":\"Comment\",\"target\":[\"https:\\\/\\\/blogdofarnesio.com.br\\\/?p=143923#respond\"]}]},{\"@type\":\"WebPage\",\"@id\":\"https:\\\/\\\/blogdofarnesio.com.br\\\/?p=143923\",\"url\":\"https:\\\/\\\/blogdofarnesio.com.br\\\/?p=143923\",\"name\":\"PR\u00c9-CANDIDATO DO PP EM JUAZEIRO DIZ QUE O VEREADOR ANDERSON DA ILUMINA\u00c7\u00c3O N\u00c3O \u00c9 MAIS L\u00cdDER DO PARTIDO - Blog do Farn\u00e9sio\",\"isPartOf\":{\"@id\":\"https:\\\/\\\/blogdofarnesio.com.br\\\/#website\"},\"datePublished\":\"2016-06-21T14:04:51+00:00\",\"dateModified\":\"2016-06-21T14:14:01+00:00\",\"breadcrumb\":{\"@id\":\"https:\\\/\\\/blogdofarnesio.com.br\\\/?p=143923#breadcrumb\"},\"inLanguage\":\"pt-BR\",\"potentialAction\":[{\"@type\":\"ReadAction\",\"target\":[\"https:\\\/\\\/blogdofarnesio.com.br\\\/?p=143923\"]}]},{\"@type\":\"BreadcrumbList\",\"@id\":\"https:\\\/\\\/blogdofarnesio.com.br\\\/?p=143923#breadcrumb\",\"itemListElement\":[{\"@type\":\"ListItem\",\"position\":1,\"name\":\"In\u00edcio\",\"item\":\"https:\\\/\\\/blogdofarnesio.com.br\\\/\"},{\"@type\":\"ListItem\",\"position\":2,\"name\":\"PR\u00c9-CANDIDATO DO PP EM JUAZEIRO DIZ QUE O VEREADOR ANDERSON DA ILUMINA\u00c7\u00c3O N\u00c3O \u00c9 MAIS L\u00cdDER DO PARTIDO\"}]},{\"@type\":\"WebSite\",\"@id\":\"https:\\\/\\\/blogdofarnesio.com.br\\\/#website\",\"url\":\"https:\\\/\\\/blogdofarnesio.com.br\\\/\",\"name\":\"Blog do Farn\u00e9sio\",\"description\":\"Quer Saber Pol\u00edtica?\",\"publisher\":{\"@id\":\"https:\\\/\\\/blogdofarnesio.com.br\\\/#organization\"},\"potentialAction\":[{\"@type\":\"SearchAction\",\"target\":{\"@type\":\"EntryPoint\",\"urlTemplate\":\"https:\\\/\\\/blogdofarnesio.com.br\\\/?s={search_term_string}\"},\"query-input\":{\"@type\":\"PropertyValueSpecification\",\"valueRequired\":true,\"valueName\":\"search_term_string\"}}],\"inLanguage\":\"pt-BR\"},{\"@type\":\"Organization\",\"@id\":\"https:\\\/\\\/blogdofarnesio.com.br\\\/#organization\",\"name\":\"Blog do Farn\u00e9sio\",\"url\":\"https:\\\/\\\/blogdofarnesio.com.br\\\/\",\"logo\":{\"@type\":\"ImageObject\",\"inLanguage\":\"pt-BR\",\"@id\":\"https:\\\/\\\/blogdofarnesio.com.br\\\/#\\\/schema\\\/logo\\\/image\\\/\",\"url\":\"https:\\\/\\\/blogdofarnesio.com.br\\\/wp-content\\\/uploads\\\/2026\\\/03\\\/cropped-logo_new-1.png\",\"contentUrl\":\"https:\\\/\\\/blogdofarnesio.com.br\\\/wp-content\\\/uploads\\\/2026\\\/03\\\/cropped-logo_new-1.png\",\"width\":881,\"height\":685,\"caption\":\"Blog do Farn\u00e9sio\"},\"image\":{\"@id\":\"https:\\\/\\\/blogdofarnesio.com.br\\\/#\\\/schema\\\/logo\\\/image\\\/\"},\"sameAs\":[\"https:\\\/\\\/www.facebook.com\\\/BlogQuerSaberPolitica\\\/\"]},{\"@type\":\"Person\",\"@id\":\"\",\"url\":\"https:\\\/\\\/blogdofarnesio.com.br\\\/?author=7\"}]}<\/script>\n<!-- \/ Yoast SEO plugin. -->","yoast_head_json":{"title":"PR\u00c9-CANDIDATO DO PP EM JUAZEIRO DIZ QUE O VEREADOR ANDERSON DA ILUMINA\u00c7\u00c3O N\u00c3O \u00c9 MAIS L\u00cdDER DO PARTIDO - Blog do Farn\u00e9sio","robots":{"index":"index","follow":"follow","max-snippet":"max-snippet:-1","max-image-preview":"max-image-preview:large","max-video-preview":"max-video-preview:-1"},"canonical":"https:\/\/blogdofarnesio.com.br\/?p=143923","og_locale":"pt_BR","og_type":"article","og_title":"PR\u00c9-CANDIDATO DO PP EM JUAZEIRO DIZ QUE O VEREADOR ANDERSON DA ILUMINA\u00c7\u00c3O N\u00c3O \u00c9 MAIS L\u00cdDER DO PARTIDO - Blog do Farn\u00e9sio","og_description":"O presidente do Diret\u00f3rio Municipal do PP e pr\u00e9-candidato a prefeito Dalmir Pedra (PP), durante a sua participa\u00e7\u00e3o nesta manh\u00e3 (21) ao Programa Bastidores da Not\u00edcia, falou sobre a sua pr\u00e9-campanha e afirmou que n\u00e3o faz mais parte da base aliada do grupo pol\u00edtico do Prefeito Isaac Carvalho (PCdoB). \u201cEstou motivado para encarar essa pr\u00e9-candidatura a prefeito e tenho o apoio de todo o PP a n\u00edvel nacional e dos deputados. Juazeiro precisa de um grupo pol\u00edtico forte e j\u00e1 estamos conversando tamb\u00e9m com os pr\u00e9-candidatos Carlos Luciano, Wank Medrado, o deputado Roberto Carlos, entre outros\u201d. \u201cVamos tentar levar a nossa fala e ideias do que a gente tem feito. Quando participei da atual gest\u00e3o todas as miss\u00f5es que foram&hellip;","og_url":"https:\/\/blogdofarnesio.com.br\/?p=143923","og_site_name":"Blog do Farn\u00e9sio","article_publisher":"https:\/\/www.facebook.com\/BlogQuerSaberPolitica\/","article_published_time":"2016-06-21T14:04:51+00:00","article_modified_time":"2016-06-21T14:14:01+00:00","twitter_card":"summary_large_image","twitter_misc":{"Escrito por":"","Est. tempo de leitura":"3 minutos"},"schema":{"@context":"https:\/\/schema.org","@graph":[{"@type":"Article","@id":"https:\/\/blogdofarnesio.com.br\/?p=143923#article","isPartOf":{"@id":"https:\/\/blogdofarnesio.com.br\/?p=143923"},"author":{"name":"","@id":""},"headline":"PR\u00c9-CANDIDATO DO PP EM JUAZEIRO DIZ QUE O VEREADOR ANDERSON DA ILUMINA\u00c7\u00c3O N\u00c3O \u00c9 MAIS L\u00cdDER DO PARTIDO","datePublished":"2016-06-21T14:04:51+00:00","dateModified":"2016-06-21T14:14:01+00:00","mainEntityOfPage":{"@id":"https:\/\/blogdofarnesio.com.br\/?p=143923"},"wordCount":588,"commentCount":0,"publisher":{"@id":"https:\/\/blogdofarnesio.com.br\/#organization"},"articleSection":["Pol\u00edtica"],"inLanguage":"pt-BR","potentialAction":[{"@type":"CommentAction","name":"Comment","target":["https:\/\/blogdofarnesio.com.br\/?p=143923#respond"]}]},{"@type":"WebPage","@id":"https:\/\/blogdofarnesio.com.br\/?p=143923","url":"https:\/\/blogdofarnesio.com.br\/?p=143923","name":"PR\u00c9-CANDIDATO DO PP EM JUAZEIRO DIZ QUE O VEREADOR ANDERSON DA ILUMINA\u00c7\u00c3O N\u00c3O \u00c9 MAIS L\u00cdDER DO PARTIDO - Blog do Farn\u00e9sio","isPartOf":{"@id":"https:\/\/blogdofarnesio.com.br\/#website"},"datePublished":"2016-06-21T14:04:51+00:00","dateModified":"2016-06-21T14:14:01+00:00","breadcrumb":{"@id":"https:\/\/blogdofarnesio.com.br\/?p=143923#breadcrumb"},"inLanguage":"pt-BR","potentialAction":[{"@type":"ReadAction","target":["https:\/\/blogdofarnesio.com.br\/?p=143923"]}]},{"@type":"BreadcrumbList","@id":"https:\/\/blogdofarnesio.com.br\/?p=143923#breadcrumb","itemListElement":[{"@type":"ListItem","position":1,"name":"In\u00edcio","item":"https:\/\/blogdofarnesio.com.br\/"},{"@type":"ListItem","position":2,"name":"PR\u00c9-CANDIDATO DO PP EM JUAZEIRO DIZ QUE O VEREADOR ANDERSON DA ILUMINA\u00c7\u00c3O N\u00c3O \u00c9 MAIS L\u00cdDER DO PARTIDO"}]},{"@type":"WebSite","@id":"https:\/\/blogdofarnesio.com.br\/#website","url":"https:\/\/blogdofarnesio.com.br\/","name":"Blog do Farn\u00e9sio","description":"Quer Saber Pol\u00edtica?","publisher":{"@id":"https:\/\/blogdofarnesio.com.br\/#organization"},"potentialAction":[{"@type":"SearchAction","target":{"@type":"EntryPoint","urlTemplate":"https:\/\/blogdofarnesio.com.br\/?s={search_term_string}"},"query-input":{"@type":"PropertyValueSpecification","valueRequired":true,"valueName":"search_term_string"}}],"inLanguage":"pt-BR"},{"@type":"Organization","@id":"https:\/\/blogdofarnesio.com.br\/#organization","name":"Blog do Farn\u00e9sio","url":"https:\/\/blogdofarnesio.com.br\/","logo":{"@type":"ImageObject","inLanguage":"pt-BR","@id":"https:\/\/blogdofarnesio.com.br\/#\/schema\/logo\/image\/","url":"https:\/\/blogdofarnesio.com.br\/wp-content\/uploads\/2026\/03\/cropped-logo_new-1.png","contentUrl":"https:\/\/blogdofarnesio.com.br\/wp-content\/uploads\/2026\/03\/cropped-logo_new-1.png","width":881,"height":685,"caption":"Blog do Farn\u00e9sio"},"image":{"@id":"https:\/\/blogdofarnesio.com.br\/#\/schema\/logo\/image\/"},"sameAs":["https:\/\/www.facebook.com\/BlogQuerSaberPolitica\/"]},{"@type":"Person","@id":"","url":"https:\/\/blogdofarnesio.com.br\/?author=7"}]}},"_links":{"self":[{"href":"https:\/\/blogdofarnesio.com.br\/index.php?rest_route=\/wp\/v2\/posts\/143923","targetHints":{"allow":["GET"]}}],"collection":[{"href":"https:\/\/blogdofarnesio.com.br\/index.php?rest_route=\/wp\/v2\/posts"}],"about":[{"href":"https:\/\/blogdofarnesio.com.br\/index.php?rest_route=\/wp\/v2\/types\/post"}],"author":[{"embeddable":true,"href":"https:\/\/blogdofarnesio.com.br\/index.php?rest_route=\/wp\/v2\/users\/7"}],"replies":[{"embeddable":true,"href":"https:\/\/blogdofarnesio.com.br\/index.php?rest_route=%2Fwp%2Fv2%2Fcomments&post=143923"}],"version-history":[{"count":0,"href":"https:\/\/blogdofarnesio.com.br\/index.php?rest_route=\/wp\/v2\/posts\/143923\/revisions"}],"wp:attachment":[{"href":"https:\/\/blogdofarnesio.com.br\/index.php?rest_route=%2Fwp%2Fv2%2Fmedia&parent=143923"}],"wp:term":[{"taxonomy":"category","embeddable":true,"href":"https:\/\/blogdofarnesio.com.br\/index.php?rest_route=%2Fwp%2Fv2%2Fcategories&post=143923"},{"taxonomy":"post_tag","embeddable":true,"href":"https:\/\/blogdofarnesio.com.br\/index.php?rest_route=%2Fwp%2Fv2%2Ftags&post=143923"}],"curies":[{"name":"wp","href":"https:\/\/api.w.org\/{rel}","templated":true}]}}