{"id":143895,"date":"2016-06-20T20:00:47","date_gmt":"2016-06-20T23:00:47","guid":{"rendered":"http:\/\/www.quersaberpolitica.com.br\/?p=143895"},"modified":"2016-06-20T15:59:07","modified_gmt":"2016-06-20T18:59:07","slug":"docente-da-univasf-e-reconhecida-como-artista-professora-de-impacto-internacionalmente","status":"publish","type":"post","link":"https:\/\/blogdofarnesio.com.br\/?p=143895","title":{"rendered":"DOCENTE DA UNIVASF \u00c9 RECONHECIDA COMO ARTISTA-PROFESSORA DE IMPACTO INTERNACIONALMENTE"},"content":{"rendered":"<p style=\"text-align: justify\"><a href=\"http:\/\/www.quersaberpolitica.com.br\/2016\/wp-content\/uploads\/2016\/06\/blogqsp-fl\u00e1viapedroza.jpg\"><img loading=\"lazy\" decoding=\"async\" class=\" size-full wp-image-143896 alignleft\" src=\"http:\/\/www.quersaberpolitica.com.br\/2016\/wp-content\/uploads\/2016\/06\/blogqsp-fl\u00e1viapedroza.jpg\" alt=\"blogqsp-fl\u00e1viapedroza\" width=\"334\" height=\"406\" srcset=\"https:\/\/blogdofarnesio.com.br\/wp-content\/uploads\/2016\/06\/blogqsp-fl\u00e1viapedroza.jpg 334w, https:\/\/blogdofarnesio.com.br\/wp-content\/uploads\/2016\/06\/blogqsp-fl\u00e1viapedroza-247x300.jpg 247w\" sizes=\"auto, (max-width: 334px) 100vw, 334px\" \/><\/a><\/p>\n<p style=\"text-align: justify\">A docente do Colegiado de Artes Visuais da Universidade Federal do Vale do S\u00e3o Francisco \u2013 UNIVASF, Fl\u00e1via Pedrosa Vasconcelos, foi selecionada entre uma s\u00e9rie de profissionais que atuam na produ\u00e7\u00e3o, na pesquisa e no ensino art\u00edstico que tem impacto sobre o pensar\/fazer Arte para participar de um livro, organizado pelo pesquisador Raphael Vella, da Universidade de Malta.<\/p>\n<p style=\"text-align: justify\">O livro, \u00e9 parte da s\u00e9rie <i>Doing Arts Thinking: Arts practice, Research and Education<\/i><i><b>,<\/b><\/i> publicado pela Sense Publishers em <span style=\"color: #222222\"><span style=\"font-family: 'Times New Roman', serif\"><span style=\"font-size: medium\">Rotterdam, Holanda<\/span><\/span><\/span> em 2016, <i>Artist-teachers in context: international dialogues, <\/i>re\u00fane entrevistas e narrativas visuais de 21 artistas-professores de diversos pa\u00edses.<\/p>\n<p style=\"text-align: justify\">A docente da UNIVASF juntamente com uma artista sui\u00e7o-b<span style=\"font-family: 'Times New Roman', serif\"><span style=\"font-size: medium\">rasileira, <\/span><\/span><span style=\"color: #1d2129\"><span style=\"font-family: 'Times New Roman', serif\"><span style=\"font-size: medium\">Sonia Guggisberg, s\u00e3o as refer\u00eancias brasileiras<\/span><\/span><\/span><span style=\"font-family: 'Times New Roman', serif\"><span style=\"font-size: medium\"> as quais tra\u00e7am trajet\u00f3rias de <\/span><\/span>compreens\u00e3o do local ao global em espa\u00e7os art\u00edsticos e educativos.<\/p>\n<p style=\"text-align: justify\">Sobre a publica\u00e7\u00e3o, Fl\u00e1via afirma: \u201cFoi um prazer ser selecionada para este livro, isso indica que cada uma de n\u00f3s nas universidades podemos dialogar mais amplamente, construindo pontes al\u00e9m dos muros que demarcam ensino, pesquisa e extens\u00e3o. \u00c9 imprescind\u00edvel diante da conjuntura que atravessamos atuarmos de maneira consciente e emancipat\u00f3ria, buscando um debate e uma a\u00e7\u00e3o que percorram outras possibilidades de recriar o mundo.\u201d<\/p>\n<p style=\"text-align: justify\"><em>Ascom<\/em><\/p>\n","protected":false},"excerpt":{"rendered":"<p>A docente do Colegiado de Artes Visuais da Universidade Federal do Vale do S\u00e3o Francisco \u2013 UNIVASF, Fl\u00e1via Pedrosa Vasconcelos, foi selecionada entre uma s\u00e9rie de profissionais que atuam na produ\u00e7\u00e3o, na pesquisa e no ensino art\u00edstico que tem impacto sobre o pensar\/fazer Arte para participar de um livro, organizado pelo pesquisador Raphael Vella, da Universidade de Malta. O livro, \u00e9 parte da s\u00e9rie Doing Arts Thinking: Arts practice, Research and Education, publicado pela Sense Publishers em Rotterdam, Holanda em 2016, Artist-teachers in context: international dialogues, re\u00fane entrevistas e narrativas visuais de 21 artistas-professores de diversos pa\u00edses. A docente da UNIVASF juntamente com uma artista sui\u00e7o-brasileira, Sonia Guggisberg, s\u00e3o as refer\u00eancias brasileiras as quais tra\u00e7am trajet\u00f3rias de compreens\u00e3o do local&hellip; <\/p>\n","protected":false},"author":7,"featured_media":0,"comment_status":"open","ping_status":"open","sticky":false,"template":"","format":"standard","meta":{"_acf_changed":false,"footnotes":""},"categories":[10,6],"tags":[],"class_list":["post-143895","post","type-post","status-publish","format-standard","hentry","category-cultura","category-educacao"],"acf":[],"yoast_head":"<!-- This site is optimized with the Yoast SEO plugin v27.4 - https:\/\/yoast.com\/product\/yoast-seo-wordpress\/ -->\n<title>DOCENTE DA UNIVASF \u00c9 RECONHECIDA COMO ARTISTA-PROFESSORA DE IMPACTO INTERNACIONALMENTE - Blog do Farn\u00e9sio<\/title>\n<meta name=\"robots\" content=\"index, follow, max-snippet:-1, max-image-preview:large, max-video-preview:-1\" \/>\n<link rel=\"canonical\" href=\"https:\/\/blogdofarnesio.com.br\/?p=143895\" \/>\n<meta property=\"og:locale\" content=\"pt_BR\" \/>\n<meta property=\"og:type\" content=\"article\" \/>\n<meta property=\"og:title\" content=\"DOCENTE DA UNIVASF \u00c9 RECONHECIDA COMO ARTISTA-PROFESSORA DE IMPACTO INTERNACIONALMENTE - Blog do Farn\u00e9sio\" \/>\n<meta property=\"og:description\" content=\"A docente do Colegiado de Artes Visuais da Universidade Federal do Vale do S\u00e3o Francisco \u2013 UNIVASF, Fl\u00e1via Pedrosa Vasconcelos, foi selecionada entre uma s\u00e9rie de profissionais que atuam na produ\u00e7\u00e3o, na pesquisa e no ensino art\u00edstico que tem impacto sobre o pensar\/fazer Arte para participar de um livro, organizado pelo pesquisador Raphael Vella, da Universidade de Malta. O livro, \u00e9 parte da s\u00e9rie Doing Arts Thinking: Arts practice, Research and Education, publicado pela Sense Publishers em Rotterdam, Holanda em 2016, Artist-teachers in context: international dialogues, re\u00fane entrevistas e narrativas visuais de 21 artistas-professores de diversos pa\u00edses. A docente da UNIVASF juntamente com uma artista sui\u00e7o-brasileira, Sonia Guggisberg, s\u00e3o as refer\u00eancias brasileiras as quais tra\u00e7am trajet\u00f3rias de compreens\u00e3o do local&hellip;\" \/>\n<meta property=\"og:url\" content=\"https:\/\/blogdofarnesio.com.br\/?p=143895\" \/>\n<meta property=\"og:site_name\" content=\"Blog do Farn\u00e9sio\" \/>\n<meta property=\"article:publisher\" content=\"https:\/\/www.facebook.com\/BlogQuerSaberPolitica\/\" \/>\n<meta property=\"article:published_time\" content=\"2016-06-20T23:00:47+00:00\" \/>\n<meta name=\"twitter:card\" content=\"summary_large_image\" \/>\n<meta name=\"twitter:label1\" content=\"Escrito por\" \/>\n\t<meta name=\"twitter:data1\" content=\"\" \/>\n\t<meta name=\"twitter:label2\" content=\"Est. tempo de leitura\" \/>\n\t<meta name=\"twitter:data2\" content=\"1 minuto\" \/>\n<script type=\"application\/ld+json\" class=\"yoast-schema-graph\">{\"@context\":\"https:\\\/\\\/schema.org\",\"@graph\":[{\"@type\":\"Article\",\"@id\":\"https:\\\/\\\/blogdofarnesio.com.br\\\/?p=143895#article\",\"isPartOf\":{\"@id\":\"https:\\\/\\\/blogdofarnesio.com.br\\\/?p=143895\"},\"author\":{\"name\":\"\",\"@id\":\"\"},\"headline\":\"DOCENTE DA UNIVASF \u00c9 RECONHECIDA COMO ARTISTA-PROFESSORA DE IMPACTO INTERNACIONALMENTE\",\"datePublished\":\"2016-06-20T23:00:47+00:00\",\"mainEntityOfPage\":{\"@id\":\"https:\\\/\\\/blogdofarnesio.com.br\\\/?p=143895\"},\"wordCount\":222,\"commentCount\":0,\"publisher\":{\"@id\":\"https:\\\/\\\/blogdofarnesio.com.br\\\/#organization\"},\"articleSection\":[\"Cultura\",\"Educa\u00e7\u00e3o\"],\"inLanguage\":\"pt-BR\",\"potentialAction\":[{\"@type\":\"CommentAction\",\"name\":\"Comment\",\"target\":[\"https:\\\/\\\/blogdofarnesio.com.br\\\/?p=143895#respond\"]}]},{\"@type\":\"WebPage\",\"@id\":\"https:\\\/\\\/blogdofarnesio.com.br\\\/?p=143895\",\"url\":\"https:\\\/\\\/blogdofarnesio.com.br\\\/?p=143895\",\"name\":\"DOCENTE DA UNIVASF \u00c9 RECONHECIDA COMO ARTISTA-PROFESSORA DE IMPACTO INTERNACIONALMENTE - Blog do Farn\u00e9sio\",\"isPartOf\":{\"@id\":\"https:\\\/\\\/blogdofarnesio.com.br\\\/#website\"},\"datePublished\":\"2016-06-20T23:00:47+00:00\",\"breadcrumb\":{\"@id\":\"https:\\\/\\\/blogdofarnesio.com.br\\\/?p=143895#breadcrumb\"},\"inLanguage\":\"pt-BR\",\"potentialAction\":[{\"@type\":\"ReadAction\",\"target\":[\"https:\\\/\\\/blogdofarnesio.com.br\\\/?p=143895\"]}]},{\"@type\":\"BreadcrumbList\",\"@id\":\"https:\\\/\\\/blogdofarnesio.com.br\\\/?p=143895#breadcrumb\",\"itemListElement\":[{\"@type\":\"ListItem\",\"position\":1,\"name\":\"In\u00edcio\",\"item\":\"https:\\\/\\\/blogdofarnesio.com.br\\\/\"},{\"@type\":\"ListItem\",\"position\":2,\"name\":\"DOCENTE DA UNIVASF \u00c9 RECONHECIDA COMO ARTISTA-PROFESSORA DE IMPACTO INTERNACIONALMENTE\"}]},{\"@type\":\"WebSite\",\"@id\":\"https:\\\/\\\/blogdofarnesio.com.br\\\/#website\",\"url\":\"https:\\\/\\\/blogdofarnesio.com.br\\\/\",\"name\":\"Blog do Farn\u00e9sio\",\"description\":\"Quer Saber Pol\u00edtica?\",\"publisher\":{\"@id\":\"https:\\\/\\\/blogdofarnesio.com.br\\\/#organization\"},\"potentialAction\":[{\"@type\":\"SearchAction\",\"target\":{\"@type\":\"EntryPoint\",\"urlTemplate\":\"https:\\\/\\\/blogdofarnesio.com.br\\\/?s={search_term_string}\"},\"query-input\":{\"@type\":\"PropertyValueSpecification\",\"valueRequired\":true,\"valueName\":\"search_term_string\"}}],\"inLanguage\":\"pt-BR\"},{\"@type\":\"Organization\",\"@id\":\"https:\\\/\\\/blogdofarnesio.com.br\\\/#organization\",\"name\":\"Blog do Farn\u00e9sio\",\"url\":\"https:\\\/\\\/blogdofarnesio.com.br\\\/\",\"logo\":{\"@type\":\"ImageObject\",\"inLanguage\":\"pt-BR\",\"@id\":\"https:\\\/\\\/blogdofarnesio.com.br\\\/#\\\/schema\\\/logo\\\/image\\\/\",\"url\":\"https:\\\/\\\/blogdofarnesio.com.br\\\/wp-content\\\/uploads\\\/2026\\\/03\\\/cropped-logo_new-1.png\",\"contentUrl\":\"https:\\\/\\\/blogdofarnesio.com.br\\\/wp-content\\\/uploads\\\/2026\\\/03\\\/cropped-logo_new-1.png\",\"width\":881,\"height\":685,\"caption\":\"Blog do Farn\u00e9sio\"},\"image\":{\"@id\":\"https:\\\/\\\/blogdofarnesio.com.br\\\/#\\\/schema\\\/logo\\\/image\\\/\"},\"sameAs\":[\"https:\\\/\\\/www.facebook.com\\\/BlogQuerSaberPolitica\\\/\"]},{\"@type\":\"Person\",\"@id\":\"\",\"url\":\"https:\\\/\\\/blogdofarnesio.com.br\\\/?author=7\"}]}<\/script>\n<!-- \/ Yoast SEO plugin. -->","yoast_head_json":{"title":"DOCENTE DA UNIVASF \u00c9 RECONHECIDA COMO ARTISTA-PROFESSORA DE IMPACTO INTERNACIONALMENTE - Blog do Farn\u00e9sio","robots":{"index":"index","follow":"follow","max-snippet":"max-snippet:-1","max-image-preview":"max-image-preview:large","max-video-preview":"max-video-preview:-1"},"canonical":"https:\/\/blogdofarnesio.com.br\/?p=143895","og_locale":"pt_BR","og_type":"article","og_title":"DOCENTE DA UNIVASF \u00c9 RECONHECIDA COMO ARTISTA-PROFESSORA DE IMPACTO INTERNACIONALMENTE - Blog do Farn\u00e9sio","og_description":"A docente do Colegiado de Artes Visuais da Universidade Federal do Vale do S\u00e3o Francisco \u2013 UNIVASF, Fl\u00e1via Pedrosa Vasconcelos, foi selecionada entre uma s\u00e9rie de profissionais que atuam na produ\u00e7\u00e3o, na pesquisa e no ensino art\u00edstico que tem impacto sobre o pensar\/fazer Arte para participar de um livro, organizado pelo pesquisador Raphael Vella, da Universidade de Malta. O livro, \u00e9 parte da s\u00e9rie Doing Arts Thinking: Arts practice, Research and Education, publicado pela Sense Publishers em Rotterdam, Holanda em 2016, Artist-teachers in context: international dialogues, re\u00fane entrevistas e narrativas visuais de 21 artistas-professores de diversos pa\u00edses. A docente da UNIVASF juntamente com uma artista sui\u00e7o-brasileira, Sonia Guggisberg, s\u00e3o as refer\u00eancias brasileiras as quais tra\u00e7am trajet\u00f3rias de compreens\u00e3o do local&hellip;","og_url":"https:\/\/blogdofarnesio.com.br\/?p=143895","og_site_name":"Blog do Farn\u00e9sio","article_publisher":"https:\/\/www.facebook.com\/BlogQuerSaberPolitica\/","article_published_time":"2016-06-20T23:00:47+00:00","twitter_card":"summary_large_image","twitter_misc":{"Escrito por":"","Est. tempo de leitura":"1 minuto"},"schema":{"@context":"https:\/\/schema.org","@graph":[{"@type":"Article","@id":"https:\/\/blogdofarnesio.com.br\/?p=143895#article","isPartOf":{"@id":"https:\/\/blogdofarnesio.com.br\/?p=143895"},"author":{"name":"","@id":""},"headline":"DOCENTE DA UNIVASF \u00c9 RECONHECIDA COMO ARTISTA-PROFESSORA DE IMPACTO INTERNACIONALMENTE","datePublished":"2016-06-20T23:00:47+00:00","mainEntityOfPage":{"@id":"https:\/\/blogdofarnesio.com.br\/?p=143895"},"wordCount":222,"commentCount":0,"publisher":{"@id":"https:\/\/blogdofarnesio.com.br\/#organization"},"articleSection":["Cultura","Educa\u00e7\u00e3o"],"inLanguage":"pt-BR","potentialAction":[{"@type":"CommentAction","name":"Comment","target":["https:\/\/blogdofarnesio.com.br\/?p=143895#respond"]}]},{"@type":"WebPage","@id":"https:\/\/blogdofarnesio.com.br\/?p=143895","url":"https:\/\/blogdofarnesio.com.br\/?p=143895","name":"DOCENTE DA UNIVASF \u00c9 RECONHECIDA COMO ARTISTA-PROFESSORA DE IMPACTO INTERNACIONALMENTE - Blog do Farn\u00e9sio","isPartOf":{"@id":"https:\/\/blogdofarnesio.com.br\/#website"},"datePublished":"2016-06-20T23:00:47+00:00","breadcrumb":{"@id":"https:\/\/blogdofarnesio.com.br\/?p=143895#breadcrumb"},"inLanguage":"pt-BR","potentialAction":[{"@type":"ReadAction","target":["https:\/\/blogdofarnesio.com.br\/?p=143895"]}]},{"@type":"BreadcrumbList","@id":"https:\/\/blogdofarnesio.com.br\/?p=143895#breadcrumb","itemListElement":[{"@type":"ListItem","position":1,"name":"In\u00edcio","item":"https:\/\/blogdofarnesio.com.br\/"},{"@type":"ListItem","position":2,"name":"DOCENTE DA UNIVASF \u00c9 RECONHECIDA COMO ARTISTA-PROFESSORA DE IMPACTO INTERNACIONALMENTE"}]},{"@type":"WebSite","@id":"https:\/\/blogdofarnesio.com.br\/#website","url":"https:\/\/blogdofarnesio.com.br\/","name":"Blog do Farn\u00e9sio","description":"Quer Saber Pol\u00edtica?","publisher":{"@id":"https:\/\/blogdofarnesio.com.br\/#organization"},"potentialAction":[{"@type":"SearchAction","target":{"@type":"EntryPoint","urlTemplate":"https:\/\/blogdofarnesio.com.br\/?s={search_term_string}"},"query-input":{"@type":"PropertyValueSpecification","valueRequired":true,"valueName":"search_term_string"}}],"inLanguage":"pt-BR"},{"@type":"Organization","@id":"https:\/\/blogdofarnesio.com.br\/#organization","name":"Blog do Farn\u00e9sio","url":"https:\/\/blogdofarnesio.com.br\/","logo":{"@type":"ImageObject","inLanguage":"pt-BR","@id":"https:\/\/blogdofarnesio.com.br\/#\/schema\/logo\/image\/","url":"https:\/\/blogdofarnesio.com.br\/wp-content\/uploads\/2026\/03\/cropped-logo_new-1.png","contentUrl":"https:\/\/blogdofarnesio.com.br\/wp-content\/uploads\/2026\/03\/cropped-logo_new-1.png","width":881,"height":685,"caption":"Blog do Farn\u00e9sio"},"image":{"@id":"https:\/\/blogdofarnesio.com.br\/#\/schema\/logo\/image\/"},"sameAs":["https:\/\/www.facebook.com\/BlogQuerSaberPolitica\/"]},{"@type":"Person","@id":"","url":"https:\/\/blogdofarnesio.com.br\/?author=7"}]}},"_links":{"self":[{"href":"https:\/\/blogdofarnesio.com.br\/index.php?rest_route=\/wp\/v2\/posts\/143895","targetHints":{"allow":["GET"]}}],"collection":[{"href":"https:\/\/blogdofarnesio.com.br\/index.php?rest_route=\/wp\/v2\/posts"}],"about":[{"href":"https:\/\/blogdofarnesio.com.br\/index.php?rest_route=\/wp\/v2\/types\/post"}],"author":[{"embeddable":true,"href":"https:\/\/blogdofarnesio.com.br\/index.php?rest_route=\/wp\/v2\/users\/7"}],"replies":[{"embeddable":true,"href":"https:\/\/blogdofarnesio.com.br\/index.php?rest_route=%2Fwp%2Fv2%2Fcomments&post=143895"}],"version-history":[{"count":0,"href":"https:\/\/blogdofarnesio.com.br\/index.php?rest_route=\/wp\/v2\/posts\/143895\/revisions"}],"wp:attachment":[{"href":"https:\/\/blogdofarnesio.com.br\/index.php?rest_route=%2Fwp%2Fv2%2Fmedia&parent=143895"}],"wp:term":[{"taxonomy":"category","embeddable":true,"href":"https:\/\/blogdofarnesio.com.br\/index.php?rest_route=%2Fwp%2Fv2%2Fcategories&post=143895"},{"taxonomy":"post_tag","embeddable":true,"href":"https:\/\/blogdofarnesio.com.br\/index.php?rest_route=%2Fwp%2Fv2%2Ftags&post=143895"}],"curies":[{"name":"wp","href":"https:\/\/api.w.org\/{rel}","templated":true}]}}