{"id":143586,"date":"2016-06-14T11:34:34","date_gmt":"2016-06-14T14:34:34","guid":{"rendered":"http:\/\/www.quersaberpolitica.com.br\/?p=143586"},"modified":"2016-06-14T10:57:41","modified_gmt":"2016-06-14T13:57:41","slug":"lewandowisk-aceita-recurso-de-dilma-sobre-pericia-em-documentos","status":"publish","type":"post","link":"https:\/\/blogdofarnesio.com.br\/?p=143586","title":{"rendered":"LEWANDOWISK ACEITA RECURSO DE DILMA SOBRE PER\u00cdCIA EM DOCUMENTOS"},"content":{"rendered":"<header class=\"entry-header\"><img loading=\"lazy\" decoding=\"async\" class=\"attachment-post-thumbnail  wp-post-image aligncenter\" src=\"http:\/\/imagens2.ne10.uol.com.br\/blogsne10\/jamildo\/uploads\/2016\/06\/111-624x450.jpg\" alt=\"O presidente do STF, Ricardo Lewandowski. Foto: Wilson Dias\/ Ag\u00eancia Brasil\" width=\"434\" height=\"315\" \/><\/header>\n<div class=\"entry-content\">\n<p style=\"text-align: justify\"><em>Estad\u00e3o Conte\u00fado \u2013<\/em> O presidente do Supremo Tribunal Federal (STF), ministro Ricardo Lewandowski, aceitou nesta segunda-feira, 13, o recurso da defesa da presidente afastada Dilma Rousseff para que seja realizada uma per\u00edcia independente nos documentos que embasaram a den\u00fancia do impeachment.<\/p>\n<p style=\"text-align: justify\">O procedimento havia recebido o aval do presidente e do relator da Comiss\u00e3o Especial do impeachment, senadores Raimundo Lira (PMDB-PB) e Antonio Anastasia (PSDB-MG), mas fora rejeitado pelo colegiado na semana passada.<\/p>\n<p style=\"text-align: justify\">Em seu despacho, Lewandowski, que \u00e9 presidente do processo do impeachment no Senado, sustentou que a per\u00edcia n\u00e3o vai atrasar o cronograma estabelecido pela comiss\u00e3o, pois ser\u00e1 realizada concomitantemente com outros atos do colegiado. Esse era um receio da base aliada do presidente em exerc\u00edcio Michel Temer.<\/p>\n<p style=\"text-align: justify\">O ministro tamb\u00e9m destacou que o procedimento vai evitar que a defesa de Dilma recorra ao STF futuramente, j\u00e1 que a proibi\u00e7\u00e3o da per\u00edcia \u201cpoderia colocar em risco a higidez jur\u00eddica deste que, certamente, constitui um dos julgamentos de maior repercuss\u00e3o do Pa\u00eds\u201d.<!--more--><\/p>\n<p style=\"text-align: justify\">O presidente do STF disse ainda que o procedimento n\u00e3o trar\u00e1 custos para nenhuma parte, j\u00e1 que vai ser realizada por quadros t\u00e9cnicos do Senado, al\u00e9m de oferecer aos senadores, \u201cque ir\u00e3o definir o destino da presidente da Rep\u00fablica, um conjunto mais amplo de elementos para que possam formar a sua convic\u00e7\u00e3o com maior seguran\u00e7a\u201d.<\/p>\n<p style=\"text-align: justify\">O pedido de per\u00edcia feito pela defesa de Dilma previa uma avalia\u00e7\u00e3o de um \u00f3rg\u00e3o internacional sobre os decretos de cr\u00e9ditos suplementares e das chamadas pedaladas fiscais que configuraram a acusa\u00e7\u00e3o de crime de responsabilidade para fazer um contraponto ao relat\u00f3rio do Tribunal de Contas da Uni\u00e3o (TCU).<\/p>\n<p style=\"text-align: justify\">O presidente da comiss\u00e3o, no entanto, sugeriu que o procedimento fosse realizado por tr\u00eas auditores do Senado. Ficou determinado que Diego Prandino Alves, consultor de Or\u00e7amento da Casa, ser\u00e1 o coordenador da junta.<\/p>\n<p style=\"text-align: justify\">Tamb\u00e9m far\u00e3o parte da equipe Jo\u00e3o Henrique Pederiva, consultor de Or\u00e7amento, e Fernando \u00c1lvaro Le\u00e3o Rincon, analista legislativo de contabilidade.<\/p>\n<p style=\"text-align: justify\">Aliados de Dilma comemoraram a decis\u00e3o. \u201cAcho importante essa decis\u00e3o aqui, isso mostra que n\u00e3o se deve levar os trabalhos da comiss\u00e3o com atropelos, n\u00f3s avisamos que isso era cerceamento de defesa. N\u00e3o podemos atropelar o processo\u201d, afirmou o senador Lindbergh Farias (PT-RJ).<\/p>\n<p style=\"text-align: justify\">Tamb\u00e9m nesta segunda-feira, Lewandowski indeferiu dois recursos apresentados pela acusa\u00e7\u00e3o. Um deles era do senador Ronaldo Caiado (DEM-GO), que entrou com um recurso contra quest\u00e3o de ordem relativa \u00e0 compet\u00eancia do presidente do Supremo para apreciar aspectos relativos ao m\u00e9rito da instru\u00e7\u00e3o. No entendimento do ministro, cabe a ele afastar eventuais v\u00edcios de nulidade independente de sua natureza.<\/p>\n<p style=\"text-align: justify\">O outro recurso era dos autores do pedido de impeachment, Janaina Paschoal e Miguel Reale Jr. contra decis\u00e3o de Lira que concedeu um prazo de 24 horas para que a defesa substitu\u00edsse testemunhas previamente arroladas. O ministro do STF indeferiu o recurso por considerar que a avalia\u00e7\u00e3o do que o que ser\u00e1 ou n\u00e3o objeto de an\u00e1lise do colegiado cabe aos senadores, que s\u00e3o \u201cju\u00edzes\u201d do processo.<\/p>\n<\/div>\n<p>&nbsp;<\/p>\n","protected":false},"excerpt":{"rendered":"<p>Estad\u00e3o Conte\u00fado \u2013 O presidente do Supremo Tribunal Federal (STF), ministro Ricardo Lewandowski, aceitou nesta segunda-feira, 13, o recurso da defesa da presidente afastada Dilma Rousseff para que seja realizada uma per\u00edcia independente nos documentos que embasaram a den\u00fancia do impeachment. O procedimento havia recebido o aval do presidente e do relator da Comiss\u00e3o Especial do impeachment, senadores Raimundo Lira (PMDB-PB) e Antonio Anastasia (PSDB-MG), mas fora rejeitado pelo colegiado na semana passada. Em seu despacho, Lewandowski, que \u00e9 presidente do processo do impeachment no Senado, sustentou que a per\u00edcia n\u00e3o vai atrasar o cronograma estabelecido pela comiss\u00e3o, pois ser\u00e1 realizada concomitantemente com outros atos do colegiado. Esse era um receio da base aliada do presidente em exerc\u00edcio Michel Temer.&hellip; <\/p>\n","protected":false},"author":3,"featured_media":0,"comment_status":"open","ping_status":"open","sticky":false,"template":"","format":"standard","meta":{"_acf_changed":false,"footnotes":""},"categories":[23],"tags":[],"class_list":["post-143586","post","type-post","status-publish","format-standard","hentry","category-justica"],"acf":[],"yoast_head":"<!-- This site is optimized with the Yoast SEO plugin v27.4 - https:\/\/yoast.com\/product\/yoast-seo-wordpress\/ -->\n<title>LEWANDOWISK ACEITA RECURSO DE DILMA SOBRE PER\u00cdCIA EM DOCUMENTOS - Blog do Farn\u00e9sio<\/title>\n<meta name=\"robots\" content=\"index, follow, max-snippet:-1, max-image-preview:large, max-video-preview:-1\" \/>\n<link rel=\"canonical\" href=\"https:\/\/blogdofarnesio.com.br\/?p=143586\" \/>\n<meta property=\"og:locale\" content=\"pt_BR\" \/>\n<meta property=\"og:type\" content=\"article\" \/>\n<meta property=\"og:title\" content=\"LEWANDOWISK ACEITA RECURSO DE DILMA SOBRE PER\u00cdCIA EM DOCUMENTOS - Blog do Farn\u00e9sio\" \/>\n<meta property=\"og:description\" content=\"Estad\u00e3o Conte\u00fado \u2013 O presidente do Supremo Tribunal Federal (STF), ministro Ricardo Lewandowski, aceitou nesta segunda-feira, 13, o recurso da defesa da presidente afastada Dilma Rousseff para que seja realizada uma per\u00edcia independente nos documentos que embasaram a den\u00fancia do impeachment. O procedimento havia recebido o aval do presidente e do relator da Comiss\u00e3o Especial do impeachment, senadores Raimundo Lira (PMDB-PB) e Antonio Anastasia (PSDB-MG), mas fora rejeitado pelo colegiado na semana passada. Em seu despacho, Lewandowski, que \u00e9 presidente do processo do impeachment no Senado, sustentou que a per\u00edcia n\u00e3o vai atrasar o cronograma estabelecido pela comiss\u00e3o, pois ser\u00e1 realizada concomitantemente com outros atos do colegiado. Esse era um receio da base aliada do presidente em exerc\u00edcio Michel Temer.&hellip;\" \/>\n<meta property=\"og:url\" content=\"https:\/\/blogdofarnesio.com.br\/?p=143586\" \/>\n<meta property=\"og:site_name\" content=\"Blog do Farn\u00e9sio\" \/>\n<meta property=\"article:publisher\" content=\"https:\/\/www.facebook.com\/BlogQuerSaberPolitica\/\" \/>\n<meta property=\"article:published_time\" content=\"2016-06-14T14:34:34+00:00\" \/>\n<meta property=\"og:image\" content=\"http:\/\/imagens2.ne10.uol.com.br\/blogsne10\/jamildo\/uploads\/2016\/06\/111-624x450.jpg\" \/>\n<meta name=\"author\" content=\"teste\" \/>\n<meta name=\"twitter:card\" content=\"summary_large_image\" \/>\n<meta name=\"twitter:label1\" content=\"Escrito por\" \/>\n\t<meta name=\"twitter:data1\" content=\"teste\" \/>\n\t<meta name=\"twitter:label2\" content=\"Est. tempo de leitura\" \/>\n\t<meta name=\"twitter:data2\" content=\"3 minutos\" \/>\n<script type=\"application\/ld+json\" class=\"yoast-schema-graph\">{\"@context\":\"https:\\\/\\\/schema.org\",\"@graph\":[{\"@type\":\"Article\",\"@id\":\"https:\\\/\\\/blogdofarnesio.com.br\\\/?p=143586#article\",\"isPartOf\":{\"@id\":\"https:\\\/\\\/blogdofarnesio.com.br\\\/?p=143586\"},\"author\":{\"name\":\"teste\",\"@id\":\"https:\\\/\\\/blogdofarnesio.com.br\\\/#\\\/schema\\\/person\\\/dd1bf5eba40b687199ba45ca6b97dff9\"},\"headline\":\"LEWANDOWISK ACEITA RECURSO DE DILMA SOBRE PER\u00cdCIA EM DOCUMENTOS\",\"datePublished\":\"2016-06-14T14:34:34+00:00\",\"mainEntityOfPage\":{\"@id\":\"https:\\\/\\\/blogdofarnesio.com.br\\\/?p=143586\"},\"wordCount\":550,\"commentCount\":0,\"publisher\":{\"@id\":\"https:\\\/\\\/blogdofarnesio.com.br\\\/#organization\"},\"image\":{\"@id\":\"https:\\\/\\\/blogdofarnesio.com.br\\\/?p=143586#primaryimage\"},\"thumbnailUrl\":\"http:\\\/\\\/imagens2.ne10.uol.com.br\\\/blogsne10\\\/jamildo\\\/uploads\\\/2016\\\/06\\\/111-624x450.jpg\",\"articleSection\":[\"Justi\u00e7a\"],\"inLanguage\":\"pt-BR\",\"potentialAction\":[{\"@type\":\"CommentAction\",\"name\":\"Comment\",\"target\":[\"https:\\\/\\\/blogdofarnesio.com.br\\\/?p=143586#respond\"]}]},{\"@type\":\"WebPage\",\"@id\":\"https:\\\/\\\/blogdofarnesio.com.br\\\/?p=143586\",\"url\":\"https:\\\/\\\/blogdofarnesio.com.br\\\/?p=143586\",\"name\":\"LEWANDOWISK ACEITA RECURSO DE DILMA SOBRE PER\u00cdCIA EM DOCUMENTOS - Blog do Farn\u00e9sio\",\"isPartOf\":{\"@id\":\"https:\\\/\\\/blogdofarnesio.com.br\\\/#website\"},\"primaryImageOfPage\":{\"@id\":\"https:\\\/\\\/blogdofarnesio.com.br\\\/?p=143586#primaryimage\"},\"image\":{\"@id\":\"https:\\\/\\\/blogdofarnesio.com.br\\\/?p=143586#primaryimage\"},\"thumbnailUrl\":\"http:\\\/\\\/imagens2.ne10.uol.com.br\\\/blogsne10\\\/jamildo\\\/uploads\\\/2016\\\/06\\\/111-624x450.jpg\",\"datePublished\":\"2016-06-14T14:34:34+00:00\",\"breadcrumb\":{\"@id\":\"https:\\\/\\\/blogdofarnesio.com.br\\\/?p=143586#breadcrumb\"},\"inLanguage\":\"pt-BR\",\"potentialAction\":[{\"@type\":\"ReadAction\",\"target\":[\"https:\\\/\\\/blogdofarnesio.com.br\\\/?p=143586\"]}]},{\"@type\":\"ImageObject\",\"inLanguage\":\"pt-BR\",\"@id\":\"https:\\\/\\\/blogdofarnesio.com.br\\\/?p=143586#primaryimage\",\"url\":\"http:\\\/\\\/imagens2.ne10.uol.com.br\\\/blogsne10\\\/jamildo\\\/uploads\\\/2016\\\/06\\\/111-624x450.jpg\",\"contentUrl\":\"http:\\\/\\\/imagens2.ne10.uol.com.br\\\/blogsne10\\\/jamildo\\\/uploads\\\/2016\\\/06\\\/111-624x450.jpg\"},{\"@type\":\"BreadcrumbList\",\"@id\":\"https:\\\/\\\/blogdofarnesio.com.br\\\/?p=143586#breadcrumb\",\"itemListElement\":[{\"@type\":\"ListItem\",\"position\":1,\"name\":\"In\u00edcio\",\"item\":\"https:\\\/\\\/blogdofarnesio.com.br\\\/\"},{\"@type\":\"ListItem\",\"position\":2,\"name\":\"LEWANDOWISK ACEITA RECURSO DE DILMA SOBRE PER\u00cdCIA EM DOCUMENTOS\"}]},{\"@type\":\"WebSite\",\"@id\":\"https:\\\/\\\/blogdofarnesio.com.br\\\/#website\",\"url\":\"https:\\\/\\\/blogdofarnesio.com.br\\\/\",\"name\":\"Blog do Farn\u00e9sio\",\"description\":\"Quer Saber Pol\u00edtica?\",\"publisher\":{\"@id\":\"https:\\\/\\\/blogdofarnesio.com.br\\\/#organization\"},\"potentialAction\":[{\"@type\":\"SearchAction\",\"target\":{\"@type\":\"EntryPoint\",\"urlTemplate\":\"https:\\\/\\\/blogdofarnesio.com.br\\\/?s={search_term_string}\"},\"query-input\":{\"@type\":\"PropertyValueSpecification\",\"valueRequired\":true,\"valueName\":\"search_term_string\"}}],\"inLanguage\":\"pt-BR\"},{\"@type\":\"Organization\",\"@id\":\"https:\\\/\\\/blogdofarnesio.com.br\\\/#organization\",\"name\":\"Blog do Farn\u00e9sio\",\"url\":\"https:\\\/\\\/blogdofarnesio.com.br\\\/\",\"logo\":{\"@type\":\"ImageObject\",\"inLanguage\":\"pt-BR\",\"@id\":\"https:\\\/\\\/blogdofarnesio.com.br\\\/#\\\/schema\\\/logo\\\/image\\\/\",\"url\":\"https:\\\/\\\/blogdofarnesio.com.br\\\/wp-content\\\/uploads\\\/2026\\\/03\\\/cropped-logo_new-1.png\",\"contentUrl\":\"https:\\\/\\\/blogdofarnesio.com.br\\\/wp-content\\\/uploads\\\/2026\\\/03\\\/cropped-logo_new-1.png\",\"width\":881,\"height\":685,\"caption\":\"Blog do Farn\u00e9sio\"},\"image\":{\"@id\":\"https:\\\/\\\/blogdofarnesio.com.br\\\/#\\\/schema\\\/logo\\\/image\\\/\"},\"sameAs\":[\"https:\\\/\\\/www.facebook.com\\\/BlogQuerSaberPolitica\\\/\"]},{\"@type\":\"Person\",\"@id\":\"https:\\\/\\\/blogdofarnesio.com.br\\\/#\\\/schema\\\/person\\\/dd1bf5eba40b687199ba45ca6b97dff9\",\"name\":\"teste\",\"image\":{\"@type\":\"ImageObject\",\"inLanguage\":\"pt-BR\",\"@id\":\"https:\\\/\\\/secure.gravatar.com\\\/avatar\\\/2172498d4914b51e1d89a0f97957b035ac4938723a5cac208135d389b6972a6d?s=96&d=mm&r=g\",\"url\":\"https:\\\/\\\/secure.gravatar.com\\\/avatar\\\/2172498d4914b51e1d89a0f97957b035ac4938723a5cac208135d389b6972a6d?s=96&d=mm&r=g\",\"contentUrl\":\"https:\\\/\\\/secure.gravatar.com\\\/avatar\\\/2172498d4914b51e1d89a0f97957b035ac4938723a5cac208135d389b6972a6d?s=96&d=mm&r=g\",\"caption\":\"teste\"},\"url\":\"https:\\\/\\\/blogdofarnesio.com.br\\\/?author=3\"}]}<\/script>\n<!-- \/ Yoast SEO plugin. -->","yoast_head_json":{"title":"LEWANDOWISK ACEITA RECURSO DE DILMA SOBRE PER\u00cdCIA EM DOCUMENTOS - Blog do Farn\u00e9sio","robots":{"index":"index","follow":"follow","max-snippet":"max-snippet:-1","max-image-preview":"max-image-preview:large","max-video-preview":"max-video-preview:-1"},"canonical":"https:\/\/blogdofarnesio.com.br\/?p=143586","og_locale":"pt_BR","og_type":"article","og_title":"LEWANDOWISK ACEITA RECURSO DE DILMA SOBRE PER\u00cdCIA EM DOCUMENTOS - Blog do Farn\u00e9sio","og_description":"Estad\u00e3o Conte\u00fado \u2013 O presidente do Supremo Tribunal Federal (STF), ministro Ricardo Lewandowski, aceitou nesta segunda-feira, 13, o recurso da defesa da presidente afastada Dilma Rousseff para que seja realizada uma per\u00edcia independente nos documentos que embasaram a den\u00fancia do impeachment. O procedimento havia recebido o aval do presidente e do relator da Comiss\u00e3o Especial do impeachment, senadores Raimundo Lira (PMDB-PB) e Antonio Anastasia (PSDB-MG), mas fora rejeitado pelo colegiado na semana passada. Em seu despacho, Lewandowski, que \u00e9 presidente do processo do impeachment no Senado, sustentou que a per\u00edcia n\u00e3o vai atrasar o cronograma estabelecido pela comiss\u00e3o, pois ser\u00e1 realizada concomitantemente com outros atos do colegiado. Esse era um receio da base aliada do presidente em exerc\u00edcio Michel Temer.&hellip;","og_url":"https:\/\/blogdofarnesio.com.br\/?p=143586","og_site_name":"Blog do Farn\u00e9sio","article_publisher":"https:\/\/www.facebook.com\/BlogQuerSaberPolitica\/","article_published_time":"2016-06-14T14:34:34+00:00","og_image":[{"url":"http:\/\/imagens2.ne10.uol.com.br\/blogsne10\/jamildo\/uploads\/2016\/06\/111-624x450.jpg","type":"","width":"","height":""}],"author":"teste","twitter_card":"summary_large_image","twitter_misc":{"Escrito por":"teste","Est. tempo de leitura":"3 minutos"},"schema":{"@context":"https:\/\/schema.org","@graph":[{"@type":"Article","@id":"https:\/\/blogdofarnesio.com.br\/?p=143586#article","isPartOf":{"@id":"https:\/\/blogdofarnesio.com.br\/?p=143586"},"author":{"name":"teste","@id":"https:\/\/blogdofarnesio.com.br\/#\/schema\/person\/dd1bf5eba40b687199ba45ca6b97dff9"},"headline":"LEWANDOWISK ACEITA RECURSO DE DILMA SOBRE PER\u00cdCIA EM DOCUMENTOS","datePublished":"2016-06-14T14:34:34+00:00","mainEntityOfPage":{"@id":"https:\/\/blogdofarnesio.com.br\/?p=143586"},"wordCount":550,"commentCount":0,"publisher":{"@id":"https:\/\/blogdofarnesio.com.br\/#organization"},"image":{"@id":"https:\/\/blogdofarnesio.com.br\/?p=143586#primaryimage"},"thumbnailUrl":"http:\/\/imagens2.ne10.uol.com.br\/blogsne10\/jamildo\/uploads\/2016\/06\/111-624x450.jpg","articleSection":["Justi\u00e7a"],"inLanguage":"pt-BR","potentialAction":[{"@type":"CommentAction","name":"Comment","target":["https:\/\/blogdofarnesio.com.br\/?p=143586#respond"]}]},{"@type":"WebPage","@id":"https:\/\/blogdofarnesio.com.br\/?p=143586","url":"https:\/\/blogdofarnesio.com.br\/?p=143586","name":"LEWANDOWISK ACEITA RECURSO DE DILMA SOBRE PER\u00cdCIA EM DOCUMENTOS - Blog do Farn\u00e9sio","isPartOf":{"@id":"https:\/\/blogdofarnesio.com.br\/#website"},"primaryImageOfPage":{"@id":"https:\/\/blogdofarnesio.com.br\/?p=143586#primaryimage"},"image":{"@id":"https:\/\/blogdofarnesio.com.br\/?p=143586#primaryimage"},"thumbnailUrl":"http:\/\/imagens2.ne10.uol.com.br\/blogsne10\/jamildo\/uploads\/2016\/06\/111-624x450.jpg","datePublished":"2016-06-14T14:34:34+00:00","breadcrumb":{"@id":"https:\/\/blogdofarnesio.com.br\/?p=143586#breadcrumb"},"inLanguage":"pt-BR","potentialAction":[{"@type":"ReadAction","target":["https:\/\/blogdofarnesio.com.br\/?p=143586"]}]},{"@type":"ImageObject","inLanguage":"pt-BR","@id":"https:\/\/blogdofarnesio.com.br\/?p=143586#primaryimage","url":"http:\/\/imagens2.ne10.uol.com.br\/blogsne10\/jamildo\/uploads\/2016\/06\/111-624x450.jpg","contentUrl":"http:\/\/imagens2.ne10.uol.com.br\/blogsne10\/jamildo\/uploads\/2016\/06\/111-624x450.jpg"},{"@type":"BreadcrumbList","@id":"https:\/\/blogdofarnesio.com.br\/?p=143586#breadcrumb","itemListElement":[{"@type":"ListItem","position":1,"name":"In\u00edcio","item":"https:\/\/blogdofarnesio.com.br\/"},{"@type":"ListItem","position":2,"name":"LEWANDOWISK ACEITA RECURSO DE DILMA SOBRE PER\u00cdCIA EM DOCUMENTOS"}]},{"@type":"WebSite","@id":"https:\/\/blogdofarnesio.com.br\/#website","url":"https:\/\/blogdofarnesio.com.br\/","name":"Blog do Farn\u00e9sio","description":"Quer Saber Pol\u00edtica?","publisher":{"@id":"https:\/\/blogdofarnesio.com.br\/#organization"},"potentialAction":[{"@type":"SearchAction","target":{"@type":"EntryPoint","urlTemplate":"https:\/\/blogdofarnesio.com.br\/?s={search_term_string}"},"query-input":{"@type":"PropertyValueSpecification","valueRequired":true,"valueName":"search_term_string"}}],"inLanguage":"pt-BR"},{"@type":"Organization","@id":"https:\/\/blogdofarnesio.com.br\/#organization","name":"Blog do Farn\u00e9sio","url":"https:\/\/blogdofarnesio.com.br\/","logo":{"@type":"ImageObject","inLanguage":"pt-BR","@id":"https:\/\/blogdofarnesio.com.br\/#\/schema\/logo\/image\/","url":"https:\/\/blogdofarnesio.com.br\/wp-content\/uploads\/2026\/03\/cropped-logo_new-1.png","contentUrl":"https:\/\/blogdofarnesio.com.br\/wp-content\/uploads\/2026\/03\/cropped-logo_new-1.png","width":881,"height":685,"caption":"Blog do Farn\u00e9sio"},"image":{"@id":"https:\/\/blogdofarnesio.com.br\/#\/schema\/logo\/image\/"},"sameAs":["https:\/\/www.facebook.com\/BlogQuerSaberPolitica\/"]},{"@type":"Person","@id":"https:\/\/blogdofarnesio.com.br\/#\/schema\/person\/dd1bf5eba40b687199ba45ca6b97dff9","name":"teste","image":{"@type":"ImageObject","inLanguage":"pt-BR","@id":"https:\/\/secure.gravatar.com\/avatar\/2172498d4914b51e1d89a0f97957b035ac4938723a5cac208135d389b6972a6d?s=96&d=mm&r=g","url":"https:\/\/secure.gravatar.com\/avatar\/2172498d4914b51e1d89a0f97957b035ac4938723a5cac208135d389b6972a6d?s=96&d=mm&r=g","contentUrl":"https:\/\/secure.gravatar.com\/avatar\/2172498d4914b51e1d89a0f97957b035ac4938723a5cac208135d389b6972a6d?s=96&d=mm&r=g","caption":"teste"},"url":"https:\/\/blogdofarnesio.com.br\/?author=3"}]}},"_links":{"self":[{"href":"https:\/\/blogdofarnesio.com.br\/index.php?rest_route=\/wp\/v2\/posts\/143586","targetHints":{"allow":["GET"]}}],"collection":[{"href":"https:\/\/blogdofarnesio.com.br\/index.php?rest_route=\/wp\/v2\/posts"}],"about":[{"href":"https:\/\/blogdofarnesio.com.br\/index.php?rest_route=\/wp\/v2\/types\/post"}],"author":[{"embeddable":true,"href":"https:\/\/blogdofarnesio.com.br\/index.php?rest_route=\/wp\/v2\/users\/3"}],"replies":[{"embeddable":true,"href":"https:\/\/blogdofarnesio.com.br\/index.php?rest_route=%2Fwp%2Fv2%2Fcomments&post=143586"}],"version-history":[{"count":0,"href":"https:\/\/blogdofarnesio.com.br\/index.php?rest_route=\/wp\/v2\/posts\/143586\/revisions"}],"wp:attachment":[{"href":"https:\/\/blogdofarnesio.com.br\/index.php?rest_route=%2Fwp%2Fv2%2Fmedia&parent=143586"}],"wp:term":[{"taxonomy":"category","embeddable":true,"href":"https:\/\/blogdofarnesio.com.br\/index.php?rest_route=%2Fwp%2Fv2%2Fcategories&post=143586"},{"taxonomy":"post_tag","embeddable":true,"href":"https:\/\/blogdofarnesio.com.br\/index.php?rest_route=%2Fwp%2Fv2%2Ftags&post=143586"}],"curies":[{"name":"wp","href":"https:\/\/api.w.org\/{rel}","templated":true}]}}