{"id":143567,"date":"2016-06-14T08:34:03","date_gmt":"2016-06-14T11:34:03","guid":{"rendered":"http:\/\/www.quersaberpolitica.com.br\/?p=143567"},"modified":"2016-06-13T20:57:32","modified_gmt":"2016-06-13T23:57:32","slug":"dilma-fara-esta-semana-giro-pelo-nordeste-passando-por-pernambuco-e-bahia","status":"publish","type":"post","link":"https:\/\/blogdofarnesio.com.br\/?p=143567","title":{"rendered":"DILMA FAR\u00c1 ESTA SEMANA GIRO PELO NORDESTE, PASSANDO POR PERNAMBUCO E BAHIA"},"content":{"rendered":"<div id=\"topoNot\">\n<h2 class=\"titMateria colorNot\" style=\"text-align: justify\"><img decoding=\"async\" src=\"http:\/\/fw.atarde.uol.com.br\/fw\/img\/2014\/estadao-conteudo.png\" alt=\"\" \/>Carla Ara\u00fajo<\/h2>\n<p class=\"creditoMateria\" style=\"text-align: justify\"><img loading=\"lazy\" decoding=\"async\" class=\" aligncenter\" title=\"Ainda n\u00e3o h\u00e1 defini\u00e7\u00e3o se Lula participar\u00e1 de algum dos atos com sua sucessora - Foto: Reprodu\u00e7\u00e3o | Facebook\" src=\"http:\/\/fw.atarde.uol.com.br\/2016\/06\/650x375_dilma_1643424.jpg\" alt=\"Ainda n\u00e3o h\u00e1 defini\u00e7\u00e3o se Lula participar\u00e1 de algum dos atos com sua sucessora - Foto: Reprodu\u00e7\u00e3o | Facebook\" width=\"433\" height=\"253\" \/><\/p>\n<\/div>\n<div id=\"materia\">\n<div id=\"fotoFullHoriz\" style=\"text-align: justify\">\n<div class=\"flexslider\">\n<ul class=\"slides\">\n<li>\n<p class=\"flex-caption\">Ainda n\u00e3o h\u00e1 defini\u00e7\u00e3o se Lula participar\u00e1 de algum dos atos com sua sucessora<\/p>\n<\/li>\n<\/ul>\n<\/div>\n<\/div>\n<p style=\"text-align: justify\">A presidente afastada Dilma Rousseff far\u00e1 uma s\u00e9rie de viagens nesta semana pelo Nordeste para continuar a defesa de seu mandato. Ainda n\u00e3o h\u00e1 defini\u00e7\u00e3o se Dilma ir\u00e1 viajar de avi\u00e3o comercial ou fretado ou se tentar\u00e1 recorrer da decis\u00e3o do governo em exerc\u00edcio de Michel Temer &#8211; que restringiu o uso de aeronaves da For\u00e7a \u00c1rea Brasileira (FAB) apenas para trajetos entre Bras\u00edlia e Porto Alegre, onde Dilma tem resid\u00eancia oficial.<\/p>\n<p style=\"text-align: justify\">Na quarta-feira, dia 15, a petista estar\u00e1 em Jo\u00e3o Pessoa para uma Audi\u00eancia P\u00fablica na Assembleia Legislativa na Para\u00edba. Na quinta, Dilma vai a Salvador para cerim\u00f4nia de condecora\u00e7\u00e3o de t\u00edtulo de Cidad\u00e3 Baiana pela Assembleia Legislativa. E na sexta, a presidente afastada vai a Pernambuco para um ato p\u00fablico em defesa da democracia no Recife.<\/p>\n<p style=\"text-align: justify\">Ainda n\u00e3o h\u00e1 defini\u00e7\u00e3o se o ex-presidente Luiz In\u00e1cio Lula da Silva participar\u00e1 de algum dos atos com sua sucessora. Na sexta-feira passada, Lula participou na Avenida Paulista, em S\u00e3o Paulo, da primeira manifesta\u00e7\u00e3o de car\u00e1ter nacional contra o governo Temer, organizada pelas frentes Brasil Popular e Povo sem Medo e realizada em pelo menos 24 Estados e no Distrito Federal.<\/p>\n<p style=\"text-align: justify\">Michel Temer, por sua vez, desistiu de uma viagem que faria amanh\u00e3 a Arapiraca (AL) e Floresta (PE) para concentrar os esfor\u00e7os, nesta semana, e levar pessoalmente ao Congresso a Proposta de Emenda Constitucional (PEC) que estabelece um teto para o gasto p\u00fablico.<\/p>\n<p style=\"text-align: justify\">A ideia \u00e9 levar a proposta na quarta-feira. Temer tamb\u00e9m tenta costurar um acordo para a renegocia\u00e7\u00e3o da d\u00edvida dos Estados e pretende reunir governadores para o an\u00fancio ainda nesta semana. As duas medidas, entretanto, precisam ser finalizadas pela equipe econ\u00f4mica liderada por Henrique Meirelles.<\/p>\n<p style=\"text-align: justify\">Amanh\u00e3, o presidente em exerc\u00edcio vai ao Rio de Janeiro para uma visita ao Centro Ol\u00edmpico. A agenda em Arapiraca previa uma cerim\u00f4nia para a san\u00e7\u00e3o da Medida Provis\u00f3ria com incentivos para pequenos agricultores. J\u00e1 a visita a Floresta era para vistoriar uma obra de transposi\u00e7\u00e3o do Rio S\u00e3o Francisco. Ainda n\u00e3o h\u00e1 data prevista para que Temer retome as agendas no Nordeste, principal reduto pol\u00edtico da petista.<\/p>\n<p style=\"text-align: justify\"><b>Imbr\u00f3glio<\/b><\/p>\n<p style=\"text-align: justify\">Por &#8220;medida de seguran\u00e7a&#8221;, na \u00faltima quinta-feira, Dilma desistiu de viajar em voo comercial entre Bras\u00edlia e Campinas (SP), onde teve encontro com intelectuais e visitou as obras do projeto Sirius, de constru\u00e7\u00e3o do acelerador de part\u00edculas.<\/p>\n<p style=\"text-align: justify\">Mesmo depois de o Pal\u00e1cio do Planalto ter editado um parecer restringindo alguns dos direitos da presidente em exerc\u00edcio, a presidente afastada pediu ao Gabinete de Seguran\u00e7a Institucional a aeronave. Diante da recusa, que foi baseada na decis\u00e3o da assessoria jur\u00eddica da Casa Civil, Dilma pretendia ir a Campinas com sua equipe em voo comercial. No entanto, a presidente se viu obrigada a mudar de ideia e desistir do voo comercial, depois de verificar que n\u00e3o havia disponibilidade de passagens suficientes para toda a sua equipe.<\/p>\n<p style=\"text-align: justify\">Dilma tem protestado da decis\u00e3o da Casa Civil do governo em exerc\u00edcio e chama a medida de &#8220;cerceamento&#8221;. Ela, no entanto, tem reiterado que nada a impedir\u00e1 de viajar pelo Pa\u00eds.<\/p>\n<p style=\"text-align: justify\">A Tarde<\/p>\n<\/div>\n","protected":false},"excerpt":{"rendered":"<p>Carla Ara\u00fajo Ainda n\u00e3o h\u00e1 defini\u00e7\u00e3o se Lula participar\u00e1 de algum dos atos com sua sucessora A presidente afastada Dilma Rousseff far\u00e1 uma s\u00e9rie de viagens nesta semana pelo Nordeste para continuar a defesa de seu mandato. Ainda n\u00e3o h\u00e1 defini\u00e7\u00e3o se Dilma ir\u00e1 viajar de avi\u00e3o comercial ou fretado ou se tentar\u00e1 recorrer da decis\u00e3o do governo em exerc\u00edcio de Michel Temer &#8211; que restringiu o uso de aeronaves da For\u00e7a \u00c1rea Brasileira (FAB) apenas para trajetos entre Bras\u00edlia e Porto Alegre, onde Dilma tem resid\u00eancia oficial. Na quarta-feira, dia 15, a petista estar\u00e1 em Jo\u00e3o Pessoa para uma Audi\u00eancia P\u00fablica na Assembleia Legislativa na Para\u00edba. Na quinta, Dilma vai a Salvador para cerim\u00f4nia de condecora\u00e7\u00e3o de t\u00edtulo de&hellip; <\/p>\n","protected":false},"author":3,"featured_media":0,"comment_status":"open","ping_status":"open","sticky":false,"template":"","format":"standard","meta":{"_acf_changed":false,"footnotes":""},"categories":[1],"tags":[],"class_list":["post-143567","post","type-post","status-publish","format-standard","hentry","category-politica"],"acf":[],"yoast_head":"<!-- This site is optimized with the Yoast SEO plugin v27.4 - https:\/\/yoast.com\/product\/yoast-seo-wordpress\/ -->\n<title>DILMA FAR\u00c1 ESTA SEMANA GIRO PELO NORDESTE, PASSANDO POR PERNAMBUCO E BAHIA - Blog do Farn\u00e9sio<\/title>\n<meta name=\"robots\" content=\"index, follow, max-snippet:-1, max-image-preview:large, max-video-preview:-1\" \/>\n<link rel=\"canonical\" href=\"https:\/\/blogdofarnesio.com.br\/?p=143567\" \/>\n<meta property=\"og:locale\" content=\"pt_BR\" \/>\n<meta property=\"og:type\" content=\"article\" \/>\n<meta property=\"og:title\" content=\"DILMA FAR\u00c1 ESTA SEMANA GIRO PELO NORDESTE, PASSANDO POR PERNAMBUCO E BAHIA - Blog do Farn\u00e9sio\" \/>\n<meta property=\"og:description\" content=\"Carla Ara\u00fajo Ainda n\u00e3o h\u00e1 defini\u00e7\u00e3o se Lula participar\u00e1 de algum dos atos com sua sucessora A presidente afastada Dilma Rousseff far\u00e1 uma s\u00e9rie de viagens nesta semana pelo Nordeste para continuar a defesa de seu mandato. Ainda n\u00e3o h\u00e1 defini\u00e7\u00e3o se Dilma ir\u00e1 viajar de avi\u00e3o comercial ou fretado ou se tentar\u00e1 recorrer da decis\u00e3o do governo em exerc\u00edcio de Michel Temer &#8211; que restringiu o uso de aeronaves da For\u00e7a \u00c1rea Brasileira (FAB) apenas para trajetos entre Bras\u00edlia e Porto Alegre, onde Dilma tem resid\u00eancia oficial. Na quarta-feira, dia 15, a petista estar\u00e1 em Jo\u00e3o Pessoa para uma Audi\u00eancia P\u00fablica na Assembleia Legislativa na Para\u00edba. Na quinta, Dilma vai a Salvador para cerim\u00f4nia de condecora\u00e7\u00e3o de t\u00edtulo de&hellip;\" \/>\n<meta property=\"og:url\" content=\"https:\/\/blogdofarnesio.com.br\/?p=143567\" \/>\n<meta property=\"og:site_name\" content=\"Blog do Farn\u00e9sio\" \/>\n<meta property=\"article:publisher\" content=\"https:\/\/www.facebook.com\/BlogQuerSaberPolitica\/\" \/>\n<meta property=\"article:published_time\" content=\"2016-06-14T11:34:03+00:00\" \/>\n<meta property=\"og:image\" content=\"http:\/\/fw.atarde.uol.com.br\/fw\/img\/2014\/estadao-conteudo.png\" \/>\n<meta name=\"author\" content=\"teste\" \/>\n<meta name=\"twitter:card\" content=\"summary_large_image\" \/>\n<meta name=\"twitter:label1\" content=\"Escrito por\" \/>\n\t<meta name=\"twitter:data1\" content=\"teste\" \/>\n\t<meta name=\"twitter:label2\" content=\"Est. tempo de leitura\" \/>\n\t<meta name=\"twitter:data2\" content=\"3 minutos\" \/>\n<script type=\"application\/ld+json\" class=\"yoast-schema-graph\">{\"@context\":\"https:\\\/\\\/schema.org\",\"@graph\":[{\"@type\":\"Article\",\"@id\":\"https:\\\/\\\/blogdofarnesio.com.br\\\/?p=143567#article\",\"isPartOf\":{\"@id\":\"https:\\\/\\\/blogdofarnesio.com.br\\\/?p=143567\"},\"author\":{\"name\":\"teste\",\"@id\":\"https:\\\/\\\/blogdofarnesio.com.br\\\/#\\\/schema\\\/person\\\/dd1bf5eba40b687199ba45ca6b97dff9\"},\"headline\":\"DILMA FAR\u00c1 ESTA SEMANA GIRO PELO NORDESTE, PASSANDO POR PERNAMBUCO E BAHIA\",\"datePublished\":\"2016-06-14T11:34:03+00:00\",\"mainEntityOfPage\":{\"@id\":\"https:\\\/\\\/blogdofarnesio.com.br\\\/?p=143567\"},\"wordCount\":583,\"commentCount\":0,\"publisher\":{\"@id\":\"https:\\\/\\\/blogdofarnesio.com.br\\\/#organization\"},\"image\":{\"@id\":\"https:\\\/\\\/blogdofarnesio.com.br\\\/?p=143567#primaryimage\"},\"thumbnailUrl\":\"http:\\\/\\\/fw.atarde.uol.com.br\\\/fw\\\/img\\\/2014\\\/estadao-conteudo.png\",\"articleSection\":[\"Pol\u00edtica\"],\"inLanguage\":\"pt-BR\",\"potentialAction\":[{\"@type\":\"CommentAction\",\"name\":\"Comment\",\"target\":[\"https:\\\/\\\/blogdofarnesio.com.br\\\/?p=143567#respond\"]}]},{\"@type\":\"WebPage\",\"@id\":\"https:\\\/\\\/blogdofarnesio.com.br\\\/?p=143567\",\"url\":\"https:\\\/\\\/blogdofarnesio.com.br\\\/?p=143567\",\"name\":\"DILMA FAR\u00c1 ESTA SEMANA GIRO PELO NORDESTE, PASSANDO POR PERNAMBUCO E BAHIA - Blog do Farn\u00e9sio\",\"isPartOf\":{\"@id\":\"https:\\\/\\\/blogdofarnesio.com.br\\\/#website\"},\"primaryImageOfPage\":{\"@id\":\"https:\\\/\\\/blogdofarnesio.com.br\\\/?p=143567#primaryimage\"},\"image\":{\"@id\":\"https:\\\/\\\/blogdofarnesio.com.br\\\/?p=143567#primaryimage\"},\"thumbnailUrl\":\"http:\\\/\\\/fw.atarde.uol.com.br\\\/fw\\\/img\\\/2014\\\/estadao-conteudo.png\",\"datePublished\":\"2016-06-14T11:34:03+00:00\",\"breadcrumb\":{\"@id\":\"https:\\\/\\\/blogdofarnesio.com.br\\\/?p=143567#breadcrumb\"},\"inLanguage\":\"pt-BR\",\"potentialAction\":[{\"@type\":\"ReadAction\",\"target\":[\"https:\\\/\\\/blogdofarnesio.com.br\\\/?p=143567\"]}]},{\"@type\":\"ImageObject\",\"inLanguage\":\"pt-BR\",\"@id\":\"https:\\\/\\\/blogdofarnesio.com.br\\\/?p=143567#primaryimage\",\"url\":\"http:\\\/\\\/fw.atarde.uol.com.br\\\/fw\\\/img\\\/2014\\\/estadao-conteudo.png\",\"contentUrl\":\"http:\\\/\\\/fw.atarde.uol.com.br\\\/fw\\\/img\\\/2014\\\/estadao-conteudo.png\"},{\"@type\":\"BreadcrumbList\",\"@id\":\"https:\\\/\\\/blogdofarnesio.com.br\\\/?p=143567#breadcrumb\",\"itemListElement\":[{\"@type\":\"ListItem\",\"position\":1,\"name\":\"In\u00edcio\",\"item\":\"https:\\\/\\\/blogdofarnesio.com.br\\\/\"},{\"@type\":\"ListItem\",\"position\":2,\"name\":\"DILMA FAR\u00c1 ESTA SEMANA GIRO PELO NORDESTE, PASSANDO POR PERNAMBUCO E BAHIA\"}]},{\"@type\":\"WebSite\",\"@id\":\"https:\\\/\\\/blogdofarnesio.com.br\\\/#website\",\"url\":\"https:\\\/\\\/blogdofarnesio.com.br\\\/\",\"name\":\"Blog do Farn\u00e9sio\",\"description\":\"Quer Saber Pol\u00edtica?\",\"publisher\":{\"@id\":\"https:\\\/\\\/blogdofarnesio.com.br\\\/#organization\"},\"potentialAction\":[{\"@type\":\"SearchAction\",\"target\":{\"@type\":\"EntryPoint\",\"urlTemplate\":\"https:\\\/\\\/blogdofarnesio.com.br\\\/?s={search_term_string}\"},\"query-input\":{\"@type\":\"PropertyValueSpecification\",\"valueRequired\":true,\"valueName\":\"search_term_string\"}}],\"inLanguage\":\"pt-BR\"},{\"@type\":\"Organization\",\"@id\":\"https:\\\/\\\/blogdofarnesio.com.br\\\/#organization\",\"name\":\"Blog do Farn\u00e9sio\",\"url\":\"https:\\\/\\\/blogdofarnesio.com.br\\\/\",\"logo\":{\"@type\":\"ImageObject\",\"inLanguage\":\"pt-BR\",\"@id\":\"https:\\\/\\\/blogdofarnesio.com.br\\\/#\\\/schema\\\/logo\\\/image\\\/\",\"url\":\"https:\\\/\\\/blogdofarnesio.com.br\\\/wp-content\\\/uploads\\\/2026\\\/03\\\/cropped-logo_new-1.png\",\"contentUrl\":\"https:\\\/\\\/blogdofarnesio.com.br\\\/wp-content\\\/uploads\\\/2026\\\/03\\\/cropped-logo_new-1.png\",\"width\":881,\"height\":685,\"caption\":\"Blog do Farn\u00e9sio\"},\"image\":{\"@id\":\"https:\\\/\\\/blogdofarnesio.com.br\\\/#\\\/schema\\\/logo\\\/image\\\/\"},\"sameAs\":[\"https:\\\/\\\/www.facebook.com\\\/BlogQuerSaberPolitica\\\/\"]},{\"@type\":\"Person\",\"@id\":\"https:\\\/\\\/blogdofarnesio.com.br\\\/#\\\/schema\\\/person\\\/dd1bf5eba40b687199ba45ca6b97dff9\",\"name\":\"teste\",\"image\":{\"@type\":\"ImageObject\",\"inLanguage\":\"pt-BR\",\"@id\":\"https:\\\/\\\/secure.gravatar.com\\\/avatar\\\/2172498d4914b51e1d89a0f97957b035ac4938723a5cac208135d389b6972a6d?s=96&d=mm&r=g\",\"url\":\"https:\\\/\\\/secure.gravatar.com\\\/avatar\\\/2172498d4914b51e1d89a0f97957b035ac4938723a5cac208135d389b6972a6d?s=96&d=mm&r=g\",\"contentUrl\":\"https:\\\/\\\/secure.gravatar.com\\\/avatar\\\/2172498d4914b51e1d89a0f97957b035ac4938723a5cac208135d389b6972a6d?s=96&d=mm&r=g\",\"caption\":\"teste\"},\"url\":\"https:\\\/\\\/blogdofarnesio.com.br\\\/?author=3\"}]}<\/script>\n<!-- \/ Yoast SEO plugin. -->","yoast_head_json":{"title":"DILMA FAR\u00c1 ESTA SEMANA GIRO PELO NORDESTE, PASSANDO POR PERNAMBUCO E BAHIA - Blog do Farn\u00e9sio","robots":{"index":"index","follow":"follow","max-snippet":"max-snippet:-1","max-image-preview":"max-image-preview:large","max-video-preview":"max-video-preview:-1"},"canonical":"https:\/\/blogdofarnesio.com.br\/?p=143567","og_locale":"pt_BR","og_type":"article","og_title":"DILMA FAR\u00c1 ESTA SEMANA GIRO PELO NORDESTE, PASSANDO POR PERNAMBUCO E BAHIA - Blog do Farn\u00e9sio","og_description":"Carla Ara\u00fajo Ainda n\u00e3o h\u00e1 defini\u00e7\u00e3o se Lula participar\u00e1 de algum dos atos com sua sucessora A presidente afastada Dilma Rousseff far\u00e1 uma s\u00e9rie de viagens nesta semana pelo Nordeste para continuar a defesa de seu mandato. Ainda n\u00e3o h\u00e1 defini\u00e7\u00e3o se Dilma ir\u00e1 viajar de avi\u00e3o comercial ou fretado ou se tentar\u00e1 recorrer da decis\u00e3o do governo em exerc\u00edcio de Michel Temer &#8211; que restringiu o uso de aeronaves da For\u00e7a \u00c1rea Brasileira (FAB) apenas para trajetos entre Bras\u00edlia e Porto Alegre, onde Dilma tem resid\u00eancia oficial. Na quarta-feira, dia 15, a petista estar\u00e1 em Jo\u00e3o Pessoa para uma Audi\u00eancia P\u00fablica na Assembleia Legislativa na Para\u00edba. Na quinta, Dilma vai a Salvador para cerim\u00f4nia de condecora\u00e7\u00e3o de t\u00edtulo de&hellip;","og_url":"https:\/\/blogdofarnesio.com.br\/?p=143567","og_site_name":"Blog do Farn\u00e9sio","article_publisher":"https:\/\/www.facebook.com\/BlogQuerSaberPolitica\/","article_published_time":"2016-06-14T11:34:03+00:00","og_image":[{"url":"http:\/\/fw.atarde.uol.com.br\/fw\/img\/2014\/estadao-conteudo.png","type":"","width":"","height":""}],"author":"teste","twitter_card":"summary_large_image","twitter_misc":{"Escrito por":"teste","Est. tempo de leitura":"3 minutos"},"schema":{"@context":"https:\/\/schema.org","@graph":[{"@type":"Article","@id":"https:\/\/blogdofarnesio.com.br\/?p=143567#article","isPartOf":{"@id":"https:\/\/blogdofarnesio.com.br\/?p=143567"},"author":{"name":"teste","@id":"https:\/\/blogdofarnesio.com.br\/#\/schema\/person\/dd1bf5eba40b687199ba45ca6b97dff9"},"headline":"DILMA FAR\u00c1 ESTA SEMANA GIRO PELO NORDESTE, PASSANDO POR PERNAMBUCO E BAHIA","datePublished":"2016-06-14T11:34:03+00:00","mainEntityOfPage":{"@id":"https:\/\/blogdofarnesio.com.br\/?p=143567"},"wordCount":583,"commentCount":0,"publisher":{"@id":"https:\/\/blogdofarnesio.com.br\/#organization"},"image":{"@id":"https:\/\/blogdofarnesio.com.br\/?p=143567#primaryimage"},"thumbnailUrl":"http:\/\/fw.atarde.uol.com.br\/fw\/img\/2014\/estadao-conteudo.png","articleSection":["Pol\u00edtica"],"inLanguage":"pt-BR","potentialAction":[{"@type":"CommentAction","name":"Comment","target":["https:\/\/blogdofarnesio.com.br\/?p=143567#respond"]}]},{"@type":"WebPage","@id":"https:\/\/blogdofarnesio.com.br\/?p=143567","url":"https:\/\/blogdofarnesio.com.br\/?p=143567","name":"DILMA FAR\u00c1 ESTA SEMANA GIRO PELO NORDESTE, PASSANDO POR PERNAMBUCO E BAHIA - Blog do Farn\u00e9sio","isPartOf":{"@id":"https:\/\/blogdofarnesio.com.br\/#website"},"primaryImageOfPage":{"@id":"https:\/\/blogdofarnesio.com.br\/?p=143567#primaryimage"},"image":{"@id":"https:\/\/blogdofarnesio.com.br\/?p=143567#primaryimage"},"thumbnailUrl":"http:\/\/fw.atarde.uol.com.br\/fw\/img\/2014\/estadao-conteudo.png","datePublished":"2016-06-14T11:34:03+00:00","breadcrumb":{"@id":"https:\/\/blogdofarnesio.com.br\/?p=143567#breadcrumb"},"inLanguage":"pt-BR","potentialAction":[{"@type":"ReadAction","target":["https:\/\/blogdofarnesio.com.br\/?p=143567"]}]},{"@type":"ImageObject","inLanguage":"pt-BR","@id":"https:\/\/blogdofarnesio.com.br\/?p=143567#primaryimage","url":"http:\/\/fw.atarde.uol.com.br\/fw\/img\/2014\/estadao-conteudo.png","contentUrl":"http:\/\/fw.atarde.uol.com.br\/fw\/img\/2014\/estadao-conteudo.png"},{"@type":"BreadcrumbList","@id":"https:\/\/blogdofarnesio.com.br\/?p=143567#breadcrumb","itemListElement":[{"@type":"ListItem","position":1,"name":"In\u00edcio","item":"https:\/\/blogdofarnesio.com.br\/"},{"@type":"ListItem","position":2,"name":"DILMA FAR\u00c1 ESTA SEMANA GIRO PELO NORDESTE, PASSANDO POR PERNAMBUCO E BAHIA"}]},{"@type":"WebSite","@id":"https:\/\/blogdofarnesio.com.br\/#website","url":"https:\/\/blogdofarnesio.com.br\/","name":"Blog do Farn\u00e9sio","description":"Quer Saber Pol\u00edtica?","publisher":{"@id":"https:\/\/blogdofarnesio.com.br\/#organization"},"potentialAction":[{"@type":"SearchAction","target":{"@type":"EntryPoint","urlTemplate":"https:\/\/blogdofarnesio.com.br\/?s={search_term_string}"},"query-input":{"@type":"PropertyValueSpecification","valueRequired":true,"valueName":"search_term_string"}}],"inLanguage":"pt-BR"},{"@type":"Organization","@id":"https:\/\/blogdofarnesio.com.br\/#organization","name":"Blog do Farn\u00e9sio","url":"https:\/\/blogdofarnesio.com.br\/","logo":{"@type":"ImageObject","inLanguage":"pt-BR","@id":"https:\/\/blogdofarnesio.com.br\/#\/schema\/logo\/image\/","url":"https:\/\/blogdofarnesio.com.br\/wp-content\/uploads\/2026\/03\/cropped-logo_new-1.png","contentUrl":"https:\/\/blogdofarnesio.com.br\/wp-content\/uploads\/2026\/03\/cropped-logo_new-1.png","width":881,"height":685,"caption":"Blog do Farn\u00e9sio"},"image":{"@id":"https:\/\/blogdofarnesio.com.br\/#\/schema\/logo\/image\/"},"sameAs":["https:\/\/www.facebook.com\/BlogQuerSaberPolitica\/"]},{"@type":"Person","@id":"https:\/\/blogdofarnesio.com.br\/#\/schema\/person\/dd1bf5eba40b687199ba45ca6b97dff9","name":"teste","image":{"@type":"ImageObject","inLanguage":"pt-BR","@id":"https:\/\/secure.gravatar.com\/avatar\/2172498d4914b51e1d89a0f97957b035ac4938723a5cac208135d389b6972a6d?s=96&d=mm&r=g","url":"https:\/\/secure.gravatar.com\/avatar\/2172498d4914b51e1d89a0f97957b035ac4938723a5cac208135d389b6972a6d?s=96&d=mm&r=g","contentUrl":"https:\/\/secure.gravatar.com\/avatar\/2172498d4914b51e1d89a0f97957b035ac4938723a5cac208135d389b6972a6d?s=96&d=mm&r=g","caption":"teste"},"url":"https:\/\/blogdofarnesio.com.br\/?author=3"}]}},"_links":{"self":[{"href":"https:\/\/blogdofarnesio.com.br\/index.php?rest_route=\/wp\/v2\/posts\/143567","targetHints":{"allow":["GET"]}}],"collection":[{"href":"https:\/\/blogdofarnesio.com.br\/index.php?rest_route=\/wp\/v2\/posts"}],"about":[{"href":"https:\/\/blogdofarnesio.com.br\/index.php?rest_route=\/wp\/v2\/types\/post"}],"author":[{"embeddable":true,"href":"https:\/\/blogdofarnesio.com.br\/index.php?rest_route=\/wp\/v2\/users\/3"}],"replies":[{"embeddable":true,"href":"https:\/\/blogdofarnesio.com.br\/index.php?rest_route=%2Fwp%2Fv2%2Fcomments&post=143567"}],"version-history":[{"count":0,"href":"https:\/\/blogdofarnesio.com.br\/index.php?rest_route=\/wp\/v2\/posts\/143567\/revisions"}],"wp:attachment":[{"href":"https:\/\/blogdofarnesio.com.br\/index.php?rest_route=%2Fwp%2Fv2%2Fmedia&parent=143567"}],"wp:term":[{"taxonomy":"category","embeddable":true,"href":"https:\/\/blogdofarnesio.com.br\/index.php?rest_route=%2Fwp%2Fv2%2Fcategories&post=143567"},{"taxonomy":"post_tag","embeddable":true,"href":"https:\/\/blogdofarnesio.com.br\/index.php?rest_route=%2Fwp%2Fv2%2Ftags&post=143567"}],"curies":[{"name":"wp","href":"https:\/\/api.w.org\/{rel}","templated":true}]}}