{"id":143565,"date":"2016-06-14T08:03:06","date_gmt":"2016-06-14T11:03:06","guid":{"rendered":"http:\/\/www.quersaberpolitica.com.br\/?p=143565"},"modified":"2016-06-13T19:48:50","modified_gmt":"2016-06-13T22:48:50","slug":"filmagem-que-pode-apontar-suspeito-da-morte-da-menina-beatriz-e-uma-nova-linha-de-investigacao-da-policia","status":"publish","type":"post","link":"https:\/\/blogdofarnesio.com.br\/?p=143565","title":{"rendered":"FILMAGEM QUE PODE APONTAR SUSPEITO DA MORTE DA MENINA BEATRIZ \u00c9 UMA NOVA LINHA DE INVESTIGA\u00c7\u00c3O DA POL\u00cdCIA"},"content":{"rendered":"<figure style=\"width: 427px\" class=\"wp-caption aligncenter\"><img loading=\"lazy\" decoding=\"async\" class=\"\" src=\"http:\/\/www.folhape.com.br\/imagens\/Delegado-Marceone.jpg\" alt=\"\" width=\"427\" height=\"284\" \/><figcaption class=\"wp-caption-text\">\u00a0 \u00a0 \u00a0 \u00a0 \u00a0 \u00a0 \u00a0 \u00a0 \u00a0Delegado Marceone Ferreira<\/figcaption><\/figure>\n<p style=\"text-align: justify\">Um novo suspeito para o caso Beatriz Ang\u00e9lica Mota. Ap\u00f3s seis meses do crime que chocou o Estado e gerou diversas manifesta\u00e7\u00f5es de moradores de Petrolina, no Sert\u00e3o, e Juazeiro, na Bahia, continua sem elucida\u00e7\u00e3o. No entanto, uma nova prova vem ajudando nas investiga\u00e7\u00f5es conduzidas pela Pol\u00edcia Civil.<\/p>\n<p style=\"text-align: justify\">Um v\u00eddeo amador que mostra a parte interna da quadra do Col\u00e9gio Nossa Senhora Auxiliadora revela a presen\u00e7a de outro desconhecido pr\u00f3ximo ao bebedouro onde ela foi vista pela \u00faltima vez. Completados seis meses de investiga\u00e7\u00e3o, nenhum suspeito pelo crime foi preso, al\u00e9m disso, nenhuma autoria do assassinato foi apontada pela pol\u00edcia.<\/p>\n<p style=\"text-align: justify\">O delegado respons\u00e1vel pelo caso, Marceone Ferreira, confirmou \u00e0 Imprensa a exist\u00eancia da filmagem, mas n\u00e3o quis detalhar o conte\u00fado. Por\u00e9m, em entrevista \u00e0 Folha de Pernambuco, o pai de Bia, como era carinhosamente apelidada, revelou nuances que apontam o passo a passo dela antes de sumir e a presen\u00e7a de um homem que frequentou o mesmo local.<\/p>\n<p style=\"text-align: justify\">Segundo Sandro Romildo, a filmagem feita por uma pessoa que pediu anonimato identificou a hora exata em que Beatriz desce para o bebedouro e em seguida um desconhecido tamb\u00e9m segue o acesso para o local. \u201cBia desceu as escadas para o acesso ao bebedouro aproximadamente \u00e0s 22h20.<\/p>\n<p style=\"text-align: justify\">Dois funcion\u00e1rios da escola permitiram o acesso dela ao local, mesmo a passagem estando bloqueada, pelo fato de que uma diretora da escola estava vendendo \u00e1gua na festa. Dezenove segundos ap\u00f3s, um homem desconhecido tamb\u00e9m desceu os degraus. Minutos depois, ele sobe, mas Bia n\u00e3o sobe mais\u201d, revelou o pai.<\/p>\n<p style=\"text-align: justify\">Sandro diz que esse trecho do v\u00eddeo foi um dos poucos\u00a0 a que ele teve acesso. \u201cO v\u00eddeo surgiu quando uma pessoa nos procurou. Marcamos com essa pessoa, mas ela n\u00e3o foi. A pol\u00edcia teve posse do conte\u00fado e tive acesso a alguns trechos\u201d, comentou. A Folha procurou o delegado Marceone Ferreira para repercutir sobre a exist\u00eancia de um novo suspeito, por\u00e9m o investigador n\u00e3o retornou as liga\u00e7\u00f5es.<\/p>\n<p style=\"text-align: justify\">Anteriormente, ele havia dito que o retrato falado de um suspeito de participa\u00e7\u00e3o no crime, divulgado em fevereiro, est\u00e1 sendo reavaliado e poder\u00e1 sofrer modifica\u00e7\u00f5es. \u201cDurante as investiga\u00e7\u00f5es, novas testemunhas oculares apareceram. Portanto, o retrato falado pode sofrer modifica\u00e7\u00f5es em suas caracter\u00edsticas. Mas, isso ainda est\u00e1 sendo avaliado\u201d, disse Ferreira, que colheu mais de 130 depoimentos at\u00e9 o momento.\u00a0da Folha de Pernambuco<\/p>\n","protected":false},"excerpt":{"rendered":"<p>Um novo suspeito para o caso Beatriz Ang\u00e9lica Mota. Ap\u00f3s seis meses do crime que chocou o Estado e gerou diversas manifesta\u00e7\u00f5es de moradores de Petrolina, no Sert\u00e3o, e Juazeiro, na Bahia, continua sem elucida\u00e7\u00e3o. No entanto, uma nova prova vem ajudando nas investiga\u00e7\u00f5es conduzidas pela Pol\u00edcia Civil. Um v\u00eddeo amador que mostra a parte interna da quadra do Col\u00e9gio Nossa Senhora Auxiliadora revela a presen\u00e7a de outro desconhecido pr\u00f3ximo ao bebedouro onde ela foi vista pela \u00faltima vez. Completados seis meses de investiga\u00e7\u00e3o, nenhum suspeito pelo crime foi preso, al\u00e9m disso, nenhuma autoria do assassinato foi apontada pela pol\u00edcia. O delegado respons\u00e1vel pelo caso, Marceone Ferreira, confirmou \u00e0 Imprensa a exist\u00eancia da filmagem, mas n\u00e3o quis detalhar o conte\u00fado.&hellip; <\/p>\n","protected":false},"author":3,"featured_media":0,"comment_status":"open","ping_status":"open","sticky":false,"template":"","format":"standard","meta":{"_acf_changed":false,"footnotes":""},"categories":[9],"tags":[],"class_list":["post-143565","post","type-post","status-publish","format-standard","hentry","category-policia"],"acf":[],"yoast_head":"<!-- This site is optimized with the Yoast SEO plugin v27.4 - https:\/\/yoast.com\/product\/yoast-seo-wordpress\/ -->\n<title>FILMAGEM QUE PODE APONTAR SUSPEITO DA MORTE DA MENINA BEATRIZ \u00c9 UMA NOVA LINHA DE INVESTIGA\u00c7\u00c3O DA POL\u00cdCIA - Blog do Farn\u00e9sio<\/title>\n<meta name=\"robots\" content=\"index, follow, max-snippet:-1, max-image-preview:large, max-video-preview:-1\" \/>\n<link rel=\"canonical\" href=\"https:\/\/blogdofarnesio.com.br\/?p=143565\" \/>\n<meta property=\"og:locale\" content=\"pt_BR\" \/>\n<meta property=\"og:type\" content=\"article\" \/>\n<meta property=\"og:title\" content=\"FILMAGEM QUE PODE APONTAR SUSPEITO DA MORTE DA MENINA BEATRIZ \u00c9 UMA NOVA LINHA DE INVESTIGA\u00c7\u00c3O DA POL\u00cdCIA - Blog do Farn\u00e9sio\" \/>\n<meta property=\"og:description\" content=\"Um novo suspeito para o caso Beatriz Ang\u00e9lica Mota. Ap\u00f3s seis meses do crime que chocou o Estado e gerou diversas manifesta\u00e7\u00f5es de moradores de Petrolina, no Sert\u00e3o, e Juazeiro, na Bahia, continua sem elucida\u00e7\u00e3o. No entanto, uma nova prova vem ajudando nas investiga\u00e7\u00f5es conduzidas pela Pol\u00edcia Civil. Um v\u00eddeo amador que mostra a parte interna da quadra do Col\u00e9gio Nossa Senhora Auxiliadora revela a presen\u00e7a de outro desconhecido pr\u00f3ximo ao bebedouro onde ela foi vista pela \u00faltima vez. Completados seis meses de investiga\u00e7\u00e3o, nenhum suspeito pelo crime foi preso, al\u00e9m disso, nenhuma autoria do assassinato foi apontada pela pol\u00edcia. O delegado respons\u00e1vel pelo caso, Marceone Ferreira, confirmou \u00e0 Imprensa a exist\u00eancia da filmagem, mas n\u00e3o quis detalhar o conte\u00fado.&hellip;\" \/>\n<meta property=\"og:url\" content=\"https:\/\/blogdofarnesio.com.br\/?p=143565\" \/>\n<meta property=\"og:site_name\" content=\"Blog do Farn\u00e9sio\" \/>\n<meta property=\"article:publisher\" content=\"https:\/\/www.facebook.com\/BlogQuerSaberPolitica\/\" \/>\n<meta property=\"article:published_time\" content=\"2016-06-14T11:03:06+00:00\" \/>\n<meta property=\"og:image\" content=\"http:\/\/www.folhape.com.br\/imagens\/Delegado-Marceone.jpg\" \/>\n<meta name=\"author\" content=\"teste\" \/>\n<meta name=\"twitter:card\" content=\"summary_large_image\" \/>\n<meta name=\"twitter:label1\" content=\"Escrito por\" \/>\n\t<meta name=\"twitter:data1\" content=\"teste\" \/>\n\t<meta name=\"twitter:label2\" content=\"Est. tempo de leitura\" \/>\n\t<meta name=\"twitter:data2\" content=\"2 minutos\" \/>\n<script type=\"application\/ld+json\" class=\"yoast-schema-graph\">{\"@context\":\"https:\\\/\\\/schema.org\",\"@graph\":[{\"@type\":\"Article\",\"@id\":\"https:\\\/\\\/blogdofarnesio.com.br\\\/?p=143565#article\",\"isPartOf\":{\"@id\":\"https:\\\/\\\/blogdofarnesio.com.br\\\/?p=143565\"},\"author\":{\"name\":\"teste\",\"@id\":\"https:\\\/\\\/blogdofarnesio.com.br\\\/#\\\/schema\\\/person\\\/dd1bf5eba40b687199ba45ca6b97dff9\"},\"headline\":\"FILMAGEM QUE PODE APONTAR SUSPEITO DA MORTE DA MENINA BEATRIZ \u00c9 UMA NOVA LINHA DE INVESTIGA\u00c7\u00c3O DA POL\u00cdCIA\",\"datePublished\":\"2016-06-14T11:03:06+00:00\",\"mainEntityOfPage\":{\"@id\":\"https:\\\/\\\/blogdofarnesio.com.br\\\/?p=143565\"},\"wordCount\":450,\"commentCount\":0,\"publisher\":{\"@id\":\"https:\\\/\\\/blogdofarnesio.com.br\\\/#organization\"},\"image\":{\"@id\":\"https:\\\/\\\/blogdofarnesio.com.br\\\/?p=143565#primaryimage\"},\"thumbnailUrl\":\"http:\\\/\\\/www.folhape.com.br\\\/imagens\\\/Delegado-Marceone.jpg\",\"articleSection\":[\"Pol\u00edcia\"],\"inLanguage\":\"pt-BR\",\"potentialAction\":[{\"@type\":\"CommentAction\",\"name\":\"Comment\",\"target\":[\"https:\\\/\\\/blogdofarnesio.com.br\\\/?p=143565#respond\"]}]},{\"@type\":\"WebPage\",\"@id\":\"https:\\\/\\\/blogdofarnesio.com.br\\\/?p=143565\",\"url\":\"https:\\\/\\\/blogdofarnesio.com.br\\\/?p=143565\",\"name\":\"FILMAGEM QUE PODE APONTAR SUSPEITO DA MORTE DA MENINA BEATRIZ \u00c9 UMA NOVA LINHA DE INVESTIGA\u00c7\u00c3O DA POL\u00cdCIA - Blog do Farn\u00e9sio\",\"isPartOf\":{\"@id\":\"https:\\\/\\\/blogdofarnesio.com.br\\\/#website\"},\"primaryImageOfPage\":{\"@id\":\"https:\\\/\\\/blogdofarnesio.com.br\\\/?p=143565#primaryimage\"},\"image\":{\"@id\":\"https:\\\/\\\/blogdofarnesio.com.br\\\/?p=143565#primaryimage\"},\"thumbnailUrl\":\"http:\\\/\\\/www.folhape.com.br\\\/imagens\\\/Delegado-Marceone.jpg\",\"datePublished\":\"2016-06-14T11:03:06+00:00\",\"breadcrumb\":{\"@id\":\"https:\\\/\\\/blogdofarnesio.com.br\\\/?p=143565#breadcrumb\"},\"inLanguage\":\"pt-BR\",\"potentialAction\":[{\"@type\":\"ReadAction\",\"target\":[\"https:\\\/\\\/blogdofarnesio.com.br\\\/?p=143565\"]}]},{\"@type\":\"ImageObject\",\"inLanguage\":\"pt-BR\",\"@id\":\"https:\\\/\\\/blogdofarnesio.com.br\\\/?p=143565#primaryimage\",\"url\":\"http:\\\/\\\/www.folhape.com.br\\\/imagens\\\/Delegado-Marceone.jpg\",\"contentUrl\":\"http:\\\/\\\/www.folhape.com.br\\\/imagens\\\/Delegado-Marceone.jpg\"},{\"@type\":\"BreadcrumbList\",\"@id\":\"https:\\\/\\\/blogdofarnesio.com.br\\\/?p=143565#breadcrumb\",\"itemListElement\":[{\"@type\":\"ListItem\",\"position\":1,\"name\":\"In\u00edcio\",\"item\":\"https:\\\/\\\/blogdofarnesio.com.br\\\/\"},{\"@type\":\"ListItem\",\"position\":2,\"name\":\"FILMAGEM QUE PODE APONTAR SUSPEITO DA MORTE DA MENINA BEATRIZ \u00c9 UMA NOVA LINHA DE INVESTIGA\u00c7\u00c3O DA POL\u00cdCIA\"}]},{\"@type\":\"WebSite\",\"@id\":\"https:\\\/\\\/blogdofarnesio.com.br\\\/#website\",\"url\":\"https:\\\/\\\/blogdofarnesio.com.br\\\/\",\"name\":\"Blog do Farn\u00e9sio\",\"description\":\"Quer Saber Pol\u00edtica?\",\"publisher\":{\"@id\":\"https:\\\/\\\/blogdofarnesio.com.br\\\/#organization\"},\"potentialAction\":[{\"@type\":\"SearchAction\",\"target\":{\"@type\":\"EntryPoint\",\"urlTemplate\":\"https:\\\/\\\/blogdofarnesio.com.br\\\/?s={search_term_string}\"},\"query-input\":{\"@type\":\"PropertyValueSpecification\",\"valueRequired\":true,\"valueName\":\"search_term_string\"}}],\"inLanguage\":\"pt-BR\"},{\"@type\":\"Organization\",\"@id\":\"https:\\\/\\\/blogdofarnesio.com.br\\\/#organization\",\"name\":\"Blog do Farn\u00e9sio\",\"url\":\"https:\\\/\\\/blogdofarnesio.com.br\\\/\",\"logo\":{\"@type\":\"ImageObject\",\"inLanguage\":\"pt-BR\",\"@id\":\"https:\\\/\\\/blogdofarnesio.com.br\\\/#\\\/schema\\\/logo\\\/image\\\/\",\"url\":\"https:\\\/\\\/blogdofarnesio.com.br\\\/wp-content\\\/uploads\\\/2026\\\/03\\\/cropped-logo_new-1.png\",\"contentUrl\":\"https:\\\/\\\/blogdofarnesio.com.br\\\/wp-content\\\/uploads\\\/2026\\\/03\\\/cropped-logo_new-1.png\",\"width\":881,\"height\":685,\"caption\":\"Blog do Farn\u00e9sio\"},\"image\":{\"@id\":\"https:\\\/\\\/blogdofarnesio.com.br\\\/#\\\/schema\\\/logo\\\/image\\\/\"},\"sameAs\":[\"https:\\\/\\\/www.facebook.com\\\/BlogQuerSaberPolitica\\\/\"]},{\"@type\":\"Person\",\"@id\":\"https:\\\/\\\/blogdofarnesio.com.br\\\/#\\\/schema\\\/person\\\/dd1bf5eba40b687199ba45ca6b97dff9\",\"name\":\"teste\",\"image\":{\"@type\":\"ImageObject\",\"inLanguage\":\"pt-BR\",\"@id\":\"https:\\\/\\\/secure.gravatar.com\\\/avatar\\\/2172498d4914b51e1d89a0f97957b035ac4938723a5cac208135d389b6972a6d?s=96&d=mm&r=g\",\"url\":\"https:\\\/\\\/secure.gravatar.com\\\/avatar\\\/2172498d4914b51e1d89a0f97957b035ac4938723a5cac208135d389b6972a6d?s=96&d=mm&r=g\",\"contentUrl\":\"https:\\\/\\\/secure.gravatar.com\\\/avatar\\\/2172498d4914b51e1d89a0f97957b035ac4938723a5cac208135d389b6972a6d?s=96&d=mm&r=g\",\"caption\":\"teste\"},\"url\":\"https:\\\/\\\/blogdofarnesio.com.br\\\/?author=3\"}]}<\/script>\n<!-- \/ Yoast SEO plugin. -->","yoast_head_json":{"title":"FILMAGEM QUE PODE APONTAR SUSPEITO DA MORTE DA MENINA BEATRIZ \u00c9 UMA NOVA LINHA DE INVESTIGA\u00c7\u00c3O DA POL\u00cdCIA - Blog do Farn\u00e9sio","robots":{"index":"index","follow":"follow","max-snippet":"max-snippet:-1","max-image-preview":"max-image-preview:large","max-video-preview":"max-video-preview:-1"},"canonical":"https:\/\/blogdofarnesio.com.br\/?p=143565","og_locale":"pt_BR","og_type":"article","og_title":"FILMAGEM QUE PODE APONTAR SUSPEITO DA MORTE DA MENINA BEATRIZ \u00c9 UMA NOVA LINHA DE INVESTIGA\u00c7\u00c3O DA POL\u00cdCIA - Blog do Farn\u00e9sio","og_description":"Um novo suspeito para o caso Beatriz Ang\u00e9lica Mota. Ap\u00f3s seis meses do crime que chocou o Estado e gerou diversas manifesta\u00e7\u00f5es de moradores de Petrolina, no Sert\u00e3o, e Juazeiro, na Bahia, continua sem elucida\u00e7\u00e3o. No entanto, uma nova prova vem ajudando nas investiga\u00e7\u00f5es conduzidas pela Pol\u00edcia Civil. Um v\u00eddeo amador que mostra a parte interna da quadra do Col\u00e9gio Nossa Senhora Auxiliadora revela a presen\u00e7a de outro desconhecido pr\u00f3ximo ao bebedouro onde ela foi vista pela \u00faltima vez. Completados seis meses de investiga\u00e7\u00e3o, nenhum suspeito pelo crime foi preso, al\u00e9m disso, nenhuma autoria do assassinato foi apontada pela pol\u00edcia. O delegado respons\u00e1vel pelo caso, Marceone Ferreira, confirmou \u00e0 Imprensa a exist\u00eancia da filmagem, mas n\u00e3o quis detalhar o conte\u00fado.&hellip;","og_url":"https:\/\/blogdofarnesio.com.br\/?p=143565","og_site_name":"Blog do Farn\u00e9sio","article_publisher":"https:\/\/www.facebook.com\/BlogQuerSaberPolitica\/","article_published_time":"2016-06-14T11:03:06+00:00","og_image":[{"url":"http:\/\/www.folhape.com.br\/imagens\/Delegado-Marceone.jpg","type":"","width":"","height":""}],"author":"teste","twitter_card":"summary_large_image","twitter_misc":{"Escrito por":"teste","Est. tempo de leitura":"2 minutos"},"schema":{"@context":"https:\/\/schema.org","@graph":[{"@type":"Article","@id":"https:\/\/blogdofarnesio.com.br\/?p=143565#article","isPartOf":{"@id":"https:\/\/blogdofarnesio.com.br\/?p=143565"},"author":{"name":"teste","@id":"https:\/\/blogdofarnesio.com.br\/#\/schema\/person\/dd1bf5eba40b687199ba45ca6b97dff9"},"headline":"FILMAGEM QUE PODE APONTAR SUSPEITO DA MORTE DA MENINA BEATRIZ \u00c9 UMA NOVA LINHA DE INVESTIGA\u00c7\u00c3O DA POL\u00cdCIA","datePublished":"2016-06-14T11:03:06+00:00","mainEntityOfPage":{"@id":"https:\/\/blogdofarnesio.com.br\/?p=143565"},"wordCount":450,"commentCount":0,"publisher":{"@id":"https:\/\/blogdofarnesio.com.br\/#organization"},"image":{"@id":"https:\/\/blogdofarnesio.com.br\/?p=143565#primaryimage"},"thumbnailUrl":"http:\/\/www.folhape.com.br\/imagens\/Delegado-Marceone.jpg","articleSection":["Pol\u00edcia"],"inLanguage":"pt-BR","potentialAction":[{"@type":"CommentAction","name":"Comment","target":["https:\/\/blogdofarnesio.com.br\/?p=143565#respond"]}]},{"@type":"WebPage","@id":"https:\/\/blogdofarnesio.com.br\/?p=143565","url":"https:\/\/blogdofarnesio.com.br\/?p=143565","name":"FILMAGEM QUE PODE APONTAR SUSPEITO DA MORTE DA MENINA BEATRIZ \u00c9 UMA NOVA LINHA DE INVESTIGA\u00c7\u00c3O DA POL\u00cdCIA - Blog do Farn\u00e9sio","isPartOf":{"@id":"https:\/\/blogdofarnesio.com.br\/#website"},"primaryImageOfPage":{"@id":"https:\/\/blogdofarnesio.com.br\/?p=143565#primaryimage"},"image":{"@id":"https:\/\/blogdofarnesio.com.br\/?p=143565#primaryimage"},"thumbnailUrl":"http:\/\/www.folhape.com.br\/imagens\/Delegado-Marceone.jpg","datePublished":"2016-06-14T11:03:06+00:00","breadcrumb":{"@id":"https:\/\/blogdofarnesio.com.br\/?p=143565#breadcrumb"},"inLanguage":"pt-BR","potentialAction":[{"@type":"ReadAction","target":["https:\/\/blogdofarnesio.com.br\/?p=143565"]}]},{"@type":"ImageObject","inLanguage":"pt-BR","@id":"https:\/\/blogdofarnesio.com.br\/?p=143565#primaryimage","url":"http:\/\/www.folhape.com.br\/imagens\/Delegado-Marceone.jpg","contentUrl":"http:\/\/www.folhape.com.br\/imagens\/Delegado-Marceone.jpg"},{"@type":"BreadcrumbList","@id":"https:\/\/blogdofarnesio.com.br\/?p=143565#breadcrumb","itemListElement":[{"@type":"ListItem","position":1,"name":"In\u00edcio","item":"https:\/\/blogdofarnesio.com.br\/"},{"@type":"ListItem","position":2,"name":"FILMAGEM QUE PODE APONTAR SUSPEITO DA MORTE DA MENINA BEATRIZ \u00c9 UMA NOVA LINHA DE INVESTIGA\u00c7\u00c3O DA POL\u00cdCIA"}]},{"@type":"WebSite","@id":"https:\/\/blogdofarnesio.com.br\/#website","url":"https:\/\/blogdofarnesio.com.br\/","name":"Blog do Farn\u00e9sio","description":"Quer Saber Pol\u00edtica?","publisher":{"@id":"https:\/\/blogdofarnesio.com.br\/#organization"},"potentialAction":[{"@type":"SearchAction","target":{"@type":"EntryPoint","urlTemplate":"https:\/\/blogdofarnesio.com.br\/?s={search_term_string}"},"query-input":{"@type":"PropertyValueSpecification","valueRequired":true,"valueName":"search_term_string"}}],"inLanguage":"pt-BR"},{"@type":"Organization","@id":"https:\/\/blogdofarnesio.com.br\/#organization","name":"Blog do Farn\u00e9sio","url":"https:\/\/blogdofarnesio.com.br\/","logo":{"@type":"ImageObject","inLanguage":"pt-BR","@id":"https:\/\/blogdofarnesio.com.br\/#\/schema\/logo\/image\/","url":"https:\/\/blogdofarnesio.com.br\/wp-content\/uploads\/2026\/03\/cropped-logo_new-1.png","contentUrl":"https:\/\/blogdofarnesio.com.br\/wp-content\/uploads\/2026\/03\/cropped-logo_new-1.png","width":881,"height":685,"caption":"Blog do Farn\u00e9sio"},"image":{"@id":"https:\/\/blogdofarnesio.com.br\/#\/schema\/logo\/image\/"},"sameAs":["https:\/\/www.facebook.com\/BlogQuerSaberPolitica\/"]},{"@type":"Person","@id":"https:\/\/blogdofarnesio.com.br\/#\/schema\/person\/dd1bf5eba40b687199ba45ca6b97dff9","name":"teste","image":{"@type":"ImageObject","inLanguage":"pt-BR","@id":"https:\/\/secure.gravatar.com\/avatar\/2172498d4914b51e1d89a0f97957b035ac4938723a5cac208135d389b6972a6d?s=96&d=mm&r=g","url":"https:\/\/secure.gravatar.com\/avatar\/2172498d4914b51e1d89a0f97957b035ac4938723a5cac208135d389b6972a6d?s=96&d=mm&r=g","contentUrl":"https:\/\/secure.gravatar.com\/avatar\/2172498d4914b51e1d89a0f97957b035ac4938723a5cac208135d389b6972a6d?s=96&d=mm&r=g","caption":"teste"},"url":"https:\/\/blogdofarnesio.com.br\/?author=3"}]}},"_links":{"self":[{"href":"https:\/\/blogdofarnesio.com.br\/index.php?rest_route=\/wp\/v2\/posts\/143565","targetHints":{"allow":["GET"]}}],"collection":[{"href":"https:\/\/blogdofarnesio.com.br\/index.php?rest_route=\/wp\/v2\/posts"}],"about":[{"href":"https:\/\/blogdofarnesio.com.br\/index.php?rest_route=\/wp\/v2\/types\/post"}],"author":[{"embeddable":true,"href":"https:\/\/blogdofarnesio.com.br\/index.php?rest_route=\/wp\/v2\/users\/3"}],"replies":[{"embeddable":true,"href":"https:\/\/blogdofarnesio.com.br\/index.php?rest_route=%2Fwp%2Fv2%2Fcomments&post=143565"}],"version-history":[{"count":0,"href":"https:\/\/blogdofarnesio.com.br\/index.php?rest_route=\/wp\/v2\/posts\/143565\/revisions"}],"wp:attachment":[{"href":"https:\/\/blogdofarnesio.com.br\/index.php?rest_route=%2Fwp%2Fv2%2Fmedia&parent=143565"}],"wp:term":[{"taxonomy":"category","embeddable":true,"href":"https:\/\/blogdofarnesio.com.br\/index.php?rest_route=%2Fwp%2Fv2%2Fcategories&post=143565"},{"taxonomy":"post_tag","embeddable":true,"href":"https:\/\/blogdofarnesio.com.br\/index.php?rest_route=%2Fwp%2Fv2%2Ftags&post=143565"}],"curies":[{"name":"wp","href":"https:\/\/api.w.org\/{rel}","templated":true}]}}