{"id":143562,"date":"2016-06-14T09:00:40","date_gmt":"2016-06-14T12:00:40","guid":{"rendered":"http:\/\/www.quersaberpolitica.com.br\/?p=143562"},"modified":"2016-06-13T20:38:24","modified_gmt":"2016-06-13T23:38:24","slug":"forrofiando-com-os-novos-lancamentos-dos-forrozeiros-pernambucanos","status":"publish","type":"post","link":"https:\/\/blogdofarnesio.com.br\/?p=143562","title":{"rendered":"FORROFIANDO COM OS NOVOS LAN\u00c7AMENTOS DOS FORROZEIROS PERNAMBUCANOS"},"content":{"rendered":"<div class=\"tit_aqui tit_secao\" style=\"text-align: justify\"><span style=\"color: #1b8be0\"><span style=\"background-color: #d5d5d5\">*<\/span><\/span> Larissa Lins \u00a0\u00a0larissalins.pe@dabr.com.br<\/div>\n<div class=\"box_noticia\">\n<div class=\"column00\">\n<div class=\"news_heading\" style=\"text-align: justify\">\n<p><span class=\"h1\">No compasso da zabumba p<\/span><span class=\"gallery_desc\">elo menos dez discos lan\u00e7ados por artistas pernambucanos chegam ao mercado neste m\u00eas, no embalo dos festejos juninos e com homenagens a \u00eddolos do forr\u00f3<\/span><\/p>\n<\/div>\n<table class=\"image center\">\n<tbody>\n<tr>\n<td><img loading=\"lazy\" decoding=\"async\" class=\" aligncenter\" title=\" (JARBAS\/DP)\" src=\"http:\/\/imgsapp.impresso.diariodepernambuco.com.br\/app\/da_impresso_130686904244\/2016\/06\/09\/146765\/20160609104351306744a.jpg\" alt=\" (JARBAS\/DP)\" width=\"440\" height=\"266\" border=\"0\" \/><\/td>\n<td><\/td>\n<\/tr>\n<\/tbody>\n<\/table>\n<div class=\"news_body\">\n<div class=\"font_change\">\n<div id=\"abanoticia\">\n<p style=\"text-align: justify\">O resgate do forr\u00f3 de raiz, com a combina\u00e7\u00e3o tradicional de tri\u00e2ngulo, zabumba e sanfona, e a homenagem a \u00eddolos do cancioneiro nordestino, como Luiz Gonzaga e Dominguinhos, permeiam a nova safra de discos lan\u00e7ados no mercado local.<\/p>\n<p style=\"text-align: justify\">Neste m\u00eas, pelo menos dez \u00e1lbuns orquestrados por pernambucanos chegam \u00e0s prateleiras dotados de express\u00f5es populares da regi\u00e3o, refer\u00eancias ao folclore pernambucano, cen\u00e1rios e costumes sertanejos. Propagam letras cuja miss\u00e3o \u00e9 propagar ritmos pouco empregados fora do calend\u00e1rio junino, como o xaxado, o bai\u00e3o e o xote.<\/p>\n<p style=\"text-align: justify\"><strong>O Petrolinense Humberto Barbosa<\/strong><br \/>\nO forrozeiro natural de Petrolina lan\u00e7a Estradar. Al\u00e9m da faixa hom\u00f4nima, Lenha na fogueira, Mo\u00e7a morena, Cheiro no cangote e Saga do amor est\u00e3o no disco. Barbosa \u00e9 conhecido por defender o p\u00e9-de-serra e seus cruzamentos com a MPB.<\/p>\n<p style=\"text-align: justify\">O m\u00fasico se declara influenciado pelo xote e bai\u00e3o tradicionais do Nordeste brasileiro, mas tamb\u00e9m pela obra de Z\u00e9 Ramalho, Geraldo Azevedo e Lenine. Em Estradar, Humberto Barbosa faz ode aos ritmos nordestinos.<\/p>\n<p style=\"text-align: justify\"><!--more--><\/p>\n<p style=\"text-align: justify\">Cearense radicado em Pernambuco, o cantador Santanna \u00e9 um dos que aproveita a proximidade do S\u00e3o Jo\u00e3o, celebrado no dia 24, para ofertar ao p\u00fablico o novo O forr\u00f3 nosso de cada poesia (R$ 20). \u201c\u00c9 um disco de forr\u00f3, xote, bai\u00e3o e arrasta-p\u00e9, inspirado na cultura nordestina. Comecei a cantar as novas m\u00fasicas no fim do ano passado, pois \u00e9 necess\u00e1rio que o povo conhe\u00e7a, se familiarize com as letras, antes de me apresentar\u201d, explica o artista. O DVD Frutificando, lan\u00e7ado pelo pernambucano Fl\u00e1vio Leandro neste m\u00eas, endossa a lista, com tributo a Petrolina, munic\u00edpio do Sert\u00e3o pernambucano onde o artista come\u00e7ou a ganhar fama. Nos pr\u00f3ximos dias, Jorge de Altinho, Liv Moraes, Assis\u00e3o, a banda Som da Terra, Humberto Barbosa e o Trio Sabi\u00e1 sobem aos palcos do Recife, do Agreste e Sert\u00e3o com composi\u00e7\u00f5es in\u00e9ditas e melodias de raiz.<\/p>\n<p style=\"text-align: justify\"><strong>Forrozan\u00e7a (R$ 15)<br \/>\nSom da Terra<\/strong><br \/>\nCom show marcado no Alto do Moura, em Caruaru, no dia 23 deste m\u00eas, a banda pernambucana Som da Terra compilou sete faixas autorais e tr\u00eas parcerias &#8211; A natureza das coisas (Accioly Neto), Expresso 2222 (Gilberto Gil) e Bagaceira (um arrasta-p\u00e9 encomendado a Rog\u00e9rio Rangel) &#8211; no rec\u00e9m-lan\u00e7ado Forrozan\u00e7a. O encarte do disco tem formato de sanfona, idealizado pelo vocalista Rominho Pimentel. As sete autorais foram escritas no \u00faltimo ano e predominam os xotes rom\u00e2nticos. \u201cRecome\u00e7o, que abre o disco, \u00e9 nossa nova m\u00fasica de trabalho. O disco \u00e9 inspirado em hist\u00f3rias de amor, as letras s\u00e3o mais rom\u00e2nticas e universais do que voltadas \u00e0s tradi\u00e7\u00f5es da regi\u00e3o\u201d, conta Rominho.<\/p>\n<p style=\"text-align: justify\"><strong>Os dois doido de pedra (R$ 10) <\/strong><br \/>\n<strong>Assis\u00e3o e os Cabras de Lampi\u00e3o<\/strong><br \/>\nO cantor e compositor serratalhadense Assis\u00e3o se une ao grupo Os Cabras de Lampi\u00e3o no novo disco, com o qual embarcaram em turn\u00ea pelo Agreste e Sert\u00e3o pernambucanos. Os dois doido de pedra homenageia o canga\u00e7o e, em ritmo de xaxado, narra hist\u00f3rias folcl\u00f3ricas da regi\u00e3o. Para os m\u00fasicos, o xaxado \u00e9 um ritmo pouco gravado nos \u00faltimos anos, que merecia resgate no mercado fonogr\u00e1fico. Curiosidades em torno da hist\u00f3ria de Serra Talhada tamb\u00e9m permeiam o \u00e1lbum.<\/p>\n<p style=\"text-align: justify\"><strong>Meu forr\u00f3 (R$ 15)<br \/>\nAccioly Neto<\/strong><br \/>\nLan\u00e7ado originalmente em 2001, o disco do cantor e compositor natural de Goiana, na Zona da Mata Norte, ganha nova roupagem e o acr\u00e9scimo de m\u00fasica in\u00e9dita neste ano &#8211; Veneza, veneza, que encerra o repert\u00f3rio. Entre as can\u00e7\u00f5es mais conhecidas e inclu\u00eddas no CD, est\u00e3o Espumas ao vento, Me diz amor e Lembran\u00e7as de um beijo. Accioly Neto \u00e9 conhecido por assinar letras popularizadas nas vozes de Fagner, Elba Ramalho, Fl\u00e1vio Jos\u00e9, Nando Cordel, Roberta Miranda e F\u00e1bio Junior.<\/p>\n<p style=\"text-align: justify\"><strong>Colet\u00e2nea Forrozeiros PE 2016 (gratuito)<\/strong><br \/>\n<strong>V\u00e1rios int\u00e9rpretes<\/strong><br \/>\nPelo quarto ano, o site Forrozeiros PE lan\u00e7a colet\u00e2nea de sucessos regionais de diversos int\u00e9rpretes. Os pernambucanos Dominguinhos e Ivan Ferraz t\u00eam can\u00e7\u00f5es compiladas no \u00e1lbum, que contempla, ainda, os paraibanos Genival Lacerda e Novinho da Para\u00edba, al\u00e9m de outros m\u00fasicos nordestinos. O disco tem 21 faixas e est\u00e1 dispon\u00edvel para download gratuito no site Forrozeiros PE.<\/p>\n<\/div>\n<\/div>\n<\/div>\n<\/div>\n<\/div>\n<p>&nbsp;<\/p>\n","protected":false},"excerpt":{"rendered":"<p>* Larissa Lins \u00a0\u00a0larissalins.pe@dabr.com.br No compasso da zabumba pelo menos dez discos lan\u00e7ados por artistas pernambucanos chegam ao mercado neste m\u00eas, no embalo dos festejos juninos e com homenagens a \u00eddolos do forr\u00f3 O resgate do forr\u00f3 de raiz, com a combina\u00e7\u00e3o tradicional de tri\u00e2ngulo, zabumba e sanfona, e a homenagem a \u00eddolos do cancioneiro nordestino, como Luiz Gonzaga e Dominguinhos, permeiam a nova safra de discos lan\u00e7ados no mercado local. Neste m\u00eas, pelo menos dez \u00e1lbuns orquestrados por pernambucanos chegam \u00e0s prateleiras dotados de express\u00f5es populares da regi\u00e3o, refer\u00eancias ao folclore pernambucano, cen\u00e1rios e costumes sertanejos. Propagam letras cuja miss\u00e3o \u00e9 propagar ritmos pouco empregados fora do calend\u00e1rio junino, como o xaxado, o bai\u00e3o e o xote. O Petrolinense&hellip; <\/p>\n","protected":false},"author":3,"featured_media":0,"comment_status":"open","ping_status":"open","sticky":false,"template":"","format":"standard","meta":{"_acf_changed":false,"footnotes":""},"categories":[10],"tags":[],"class_list":["post-143562","post","type-post","status-publish","format-standard","hentry","category-cultura"],"acf":[],"yoast_head":"<!-- This site is optimized with the Yoast SEO plugin v27.4 - https:\/\/yoast.com\/product\/yoast-seo-wordpress\/ -->\n<title>FORROFIANDO COM OS NOVOS LAN\u00c7AMENTOS DOS FORROZEIROS PERNAMBUCANOS - Blog do Farn\u00e9sio<\/title>\n<meta name=\"robots\" content=\"index, follow, max-snippet:-1, max-image-preview:large, max-video-preview:-1\" \/>\n<link rel=\"canonical\" href=\"https:\/\/blogdofarnesio.com.br\/?p=143562\" \/>\n<meta property=\"og:locale\" content=\"pt_BR\" \/>\n<meta property=\"og:type\" content=\"article\" \/>\n<meta property=\"og:title\" content=\"FORROFIANDO COM OS NOVOS LAN\u00c7AMENTOS DOS FORROZEIROS PERNAMBUCANOS - Blog do Farn\u00e9sio\" \/>\n<meta property=\"og:description\" content=\"* Larissa Lins \u00a0\u00a0larissalins.pe@dabr.com.br No compasso da zabumba pelo menos dez discos lan\u00e7ados por artistas pernambucanos chegam ao mercado neste m\u00eas, no embalo dos festejos juninos e com homenagens a \u00eddolos do forr\u00f3 O resgate do forr\u00f3 de raiz, com a combina\u00e7\u00e3o tradicional de tri\u00e2ngulo, zabumba e sanfona, e a homenagem a \u00eddolos do cancioneiro nordestino, como Luiz Gonzaga e Dominguinhos, permeiam a nova safra de discos lan\u00e7ados no mercado local. Neste m\u00eas, pelo menos dez \u00e1lbuns orquestrados por pernambucanos chegam \u00e0s prateleiras dotados de express\u00f5es populares da regi\u00e3o, refer\u00eancias ao folclore pernambucano, cen\u00e1rios e costumes sertanejos. Propagam letras cuja miss\u00e3o \u00e9 propagar ritmos pouco empregados fora do calend\u00e1rio junino, como o xaxado, o bai\u00e3o e o xote. O Petrolinense&hellip;\" \/>\n<meta property=\"og:url\" content=\"https:\/\/blogdofarnesio.com.br\/?p=143562\" \/>\n<meta property=\"og:site_name\" content=\"Blog do Farn\u00e9sio\" \/>\n<meta property=\"article:publisher\" content=\"https:\/\/www.facebook.com\/BlogQuerSaberPolitica\/\" \/>\n<meta property=\"article:published_time\" content=\"2016-06-14T12:00:40+00:00\" \/>\n<meta property=\"og:image\" content=\"http:\/\/imgsapp.impresso.diariodepernambuco.com.br\/app\/da_impresso_130686904244\/2016\/06\/09\/146765\/20160609104351306744a.jpg\" \/>\n<meta name=\"author\" content=\"teste\" \/>\n<meta name=\"twitter:card\" content=\"summary_large_image\" \/>\n<meta name=\"twitter:label1\" content=\"Escrito por\" \/>\n\t<meta name=\"twitter:data1\" content=\"teste\" \/>\n\t<meta name=\"twitter:label2\" content=\"Est. tempo de leitura\" \/>\n\t<meta name=\"twitter:data2\" content=\"4 minutos\" \/>\n<script type=\"application\/ld+json\" class=\"yoast-schema-graph\">{\"@context\":\"https:\\\/\\\/schema.org\",\"@graph\":[{\"@type\":\"Article\",\"@id\":\"https:\\\/\\\/blogdofarnesio.com.br\\\/?p=143562#article\",\"isPartOf\":{\"@id\":\"https:\\\/\\\/blogdofarnesio.com.br\\\/?p=143562\"},\"author\":{\"name\":\"teste\",\"@id\":\"https:\\\/\\\/blogdofarnesio.com.br\\\/#\\\/schema\\\/person\\\/dd1bf5eba40b687199ba45ca6b97dff9\"},\"headline\":\"FORROFIANDO COM OS NOVOS LAN\u00c7AMENTOS DOS FORROZEIROS PERNAMBUCANOS\",\"datePublished\":\"2016-06-14T12:00:40+00:00\",\"mainEntityOfPage\":{\"@id\":\"https:\\\/\\\/blogdofarnesio.com.br\\\/?p=143562\"},\"wordCount\":779,\"commentCount\":0,\"publisher\":{\"@id\":\"https:\\\/\\\/blogdofarnesio.com.br\\\/#organization\"},\"image\":{\"@id\":\"https:\\\/\\\/blogdofarnesio.com.br\\\/?p=143562#primaryimage\"},\"thumbnailUrl\":\"http:\\\/\\\/imgsapp.impresso.diariodepernambuco.com.br\\\/app\\\/da_impresso_130686904244\\\/2016\\\/06\\\/09\\\/146765\\\/20160609104351306744a.jpg\",\"articleSection\":[\"Cultura\"],\"inLanguage\":\"pt-BR\",\"potentialAction\":[{\"@type\":\"CommentAction\",\"name\":\"Comment\",\"target\":[\"https:\\\/\\\/blogdofarnesio.com.br\\\/?p=143562#respond\"]}]},{\"@type\":\"WebPage\",\"@id\":\"https:\\\/\\\/blogdofarnesio.com.br\\\/?p=143562\",\"url\":\"https:\\\/\\\/blogdofarnesio.com.br\\\/?p=143562\",\"name\":\"FORROFIANDO COM OS NOVOS LAN\u00c7AMENTOS DOS FORROZEIROS PERNAMBUCANOS - Blog do Farn\u00e9sio\",\"isPartOf\":{\"@id\":\"https:\\\/\\\/blogdofarnesio.com.br\\\/#website\"},\"primaryImageOfPage\":{\"@id\":\"https:\\\/\\\/blogdofarnesio.com.br\\\/?p=143562#primaryimage\"},\"image\":{\"@id\":\"https:\\\/\\\/blogdofarnesio.com.br\\\/?p=143562#primaryimage\"},\"thumbnailUrl\":\"http:\\\/\\\/imgsapp.impresso.diariodepernambuco.com.br\\\/app\\\/da_impresso_130686904244\\\/2016\\\/06\\\/09\\\/146765\\\/20160609104351306744a.jpg\",\"datePublished\":\"2016-06-14T12:00:40+00:00\",\"breadcrumb\":{\"@id\":\"https:\\\/\\\/blogdofarnesio.com.br\\\/?p=143562#breadcrumb\"},\"inLanguage\":\"pt-BR\",\"potentialAction\":[{\"@type\":\"ReadAction\",\"target\":[\"https:\\\/\\\/blogdofarnesio.com.br\\\/?p=143562\"]}]},{\"@type\":\"ImageObject\",\"inLanguage\":\"pt-BR\",\"@id\":\"https:\\\/\\\/blogdofarnesio.com.br\\\/?p=143562#primaryimage\",\"url\":\"http:\\\/\\\/imgsapp.impresso.diariodepernambuco.com.br\\\/app\\\/da_impresso_130686904244\\\/2016\\\/06\\\/09\\\/146765\\\/20160609104351306744a.jpg\",\"contentUrl\":\"http:\\\/\\\/imgsapp.impresso.diariodepernambuco.com.br\\\/app\\\/da_impresso_130686904244\\\/2016\\\/06\\\/09\\\/146765\\\/20160609104351306744a.jpg\"},{\"@type\":\"BreadcrumbList\",\"@id\":\"https:\\\/\\\/blogdofarnesio.com.br\\\/?p=143562#breadcrumb\",\"itemListElement\":[{\"@type\":\"ListItem\",\"position\":1,\"name\":\"In\u00edcio\",\"item\":\"https:\\\/\\\/blogdofarnesio.com.br\\\/\"},{\"@type\":\"ListItem\",\"position\":2,\"name\":\"FORROFIANDO COM OS NOVOS LAN\u00c7AMENTOS DOS FORROZEIROS PERNAMBUCANOS\"}]},{\"@type\":\"WebSite\",\"@id\":\"https:\\\/\\\/blogdofarnesio.com.br\\\/#website\",\"url\":\"https:\\\/\\\/blogdofarnesio.com.br\\\/\",\"name\":\"Blog do Farn\u00e9sio\",\"description\":\"Quer Saber Pol\u00edtica?\",\"publisher\":{\"@id\":\"https:\\\/\\\/blogdofarnesio.com.br\\\/#organization\"},\"potentialAction\":[{\"@type\":\"SearchAction\",\"target\":{\"@type\":\"EntryPoint\",\"urlTemplate\":\"https:\\\/\\\/blogdofarnesio.com.br\\\/?s={search_term_string}\"},\"query-input\":{\"@type\":\"PropertyValueSpecification\",\"valueRequired\":true,\"valueName\":\"search_term_string\"}}],\"inLanguage\":\"pt-BR\"},{\"@type\":\"Organization\",\"@id\":\"https:\\\/\\\/blogdofarnesio.com.br\\\/#organization\",\"name\":\"Blog do Farn\u00e9sio\",\"url\":\"https:\\\/\\\/blogdofarnesio.com.br\\\/\",\"logo\":{\"@type\":\"ImageObject\",\"inLanguage\":\"pt-BR\",\"@id\":\"https:\\\/\\\/blogdofarnesio.com.br\\\/#\\\/schema\\\/logo\\\/image\\\/\",\"url\":\"https:\\\/\\\/blogdofarnesio.com.br\\\/wp-content\\\/uploads\\\/2026\\\/03\\\/cropped-logo_new-1.png\",\"contentUrl\":\"https:\\\/\\\/blogdofarnesio.com.br\\\/wp-content\\\/uploads\\\/2026\\\/03\\\/cropped-logo_new-1.png\",\"width\":881,\"height\":685,\"caption\":\"Blog do Farn\u00e9sio\"},\"image\":{\"@id\":\"https:\\\/\\\/blogdofarnesio.com.br\\\/#\\\/schema\\\/logo\\\/image\\\/\"},\"sameAs\":[\"https:\\\/\\\/www.facebook.com\\\/BlogQuerSaberPolitica\\\/\"]},{\"@type\":\"Person\",\"@id\":\"https:\\\/\\\/blogdofarnesio.com.br\\\/#\\\/schema\\\/person\\\/dd1bf5eba40b687199ba45ca6b97dff9\",\"name\":\"teste\",\"image\":{\"@type\":\"ImageObject\",\"inLanguage\":\"pt-BR\",\"@id\":\"https:\\\/\\\/secure.gravatar.com\\\/avatar\\\/2172498d4914b51e1d89a0f97957b035ac4938723a5cac208135d389b6972a6d?s=96&d=mm&r=g\",\"url\":\"https:\\\/\\\/secure.gravatar.com\\\/avatar\\\/2172498d4914b51e1d89a0f97957b035ac4938723a5cac208135d389b6972a6d?s=96&d=mm&r=g\",\"contentUrl\":\"https:\\\/\\\/secure.gravatar.com\\\/avatar\\\/2172498d4914b51e1d89a0f97957b035ac4938723a5cac208135d389b6972a6d?s=96&d=mm&r=g\",\"caption\":\"teste\"},\"url\":\"https:\\\/\\\/blogdofarnesio.com.br\\\/?author=3\"}]}<\/script>\n<!-- \/ Yoast SEO plugin. -->","yoast_head_json":{"title":"FORROFIANDO COM OS NOVOS LAN\u00c7AMENTOS DOS FORROZEIROS PERNAMBUCANOS - Blog do Farn\u00e9sio","robots":{"index":"index","follow":"follow","max-snippet":"max-snippet:-1","max-image-preview":"max-image-preview:large","max-video-preview":"max-video-preview:-1"},"canonical":"https:\/\/blogdofarnesio.com.br\/?p=143562","og_locale":"pt_BR","og_type":"article","og_title":"FORROFIANDO COM OS NOVOS LAN\u00c7AMENTOS DOS FORROZEIROS PERNAMBUCANOS - Blog do Farn\u00e9sio","og_description":"* Larissa Lins \u00a0\u00a0larissalins.pe@dabr.com.br No compasso da zabumba pelo menos dez discos lan\u00e7ados por artistas pernambucanos chegam ao mercado neste m\u00eas, no embalo dos festejos juninos e com homenagens a \u00eddolos do forr\u00f3 O resgate do forr\u00f3 de raiz, com a combina\u00e7\u00e3o tradicional de tri\u00e2ngulo, zabumba e sanfona, e a homenagem a \u00eddolos do cancioneiro nordestino, como Luiz Gonzaga e Dominguinhos, permeiam a nova safra de discos lan\u00e7ados no mercado local. Neste m\u00eas, pelo menos dez \u00e1lbuns orquestrados por pernambucanos chegam \u00e0s prateleiras dotados de express\u00f5es populares da regi\u00e3o, refer\u00eancias ao folclore pernambucano, cen\u00e1rios e costumes sertanejos. Propagam letras cuja miss\u00e3o \u00e9 propagar ritmos pouco empregados fora do calend\u00e1rio junino, como o xaxado, o bai\u00e3o e o xote. O Petrolinense&hellip;","og_url":"https:\/\/blogdofarnesio.com.br\/?p=143562","og_site_name":"Blog do Farn\u00e9sio","article_publisher":"https:\/\/www.facebook.com\/BlogQuerSaberPolitica\/","article_published_time":"2016-06-14T12:00:40+00:00","og_image":[{"url":"http:\/\/imgsapp.impresso.diariodepernambuco.com.br\/app\/da_impresso_130686904244\/2016\/06\/09\/146765\/20160609104351306744a.jpg","type":"","width":"","height":""}],"author":"teste","twitter_card":"summary_large_image","twitter_misc":{"Escrito por":"teste","Est. tempo de leitura":"4 minutos"},"schema":{"@context":"https:\/\/schema.org","@graph":[{"@type":"Article","@id":"https:\/\/blogdofarnesio.com.br\/?p=143562#article","isPartOf":{"@id":"https:\/\/blogdofarnesio.com.br\/?p=143562"},"author":{"name":"teste","@id":"https:\/\/blogdofarnesio.com.br\/#\/schema\/person\/dd1bf5eba40b687199ba45ca6b97dff9"},"headline":"FORROFIANDO COM OS NOVOS LAN\u00c7AMENTOS DOS FORROZEIROS PERNAMBUCANOS","datePublished":"2016-06-14T12:00:40+00:00","mainEntityOfPage":{"@id":"https:\/\/blogdofarnesio.com.br\/?p=143562"},"wordCount":779,"commentCount":0,"publisher":{"@id":"https:\/\/blogdofarnesio.com.br\/#organization"},"image":{"@id":"https:\/\/blogdofarnesio.com.br\/?p=143562#primaryimage"},"thumbnailUrl":"http:\/\/imgsapp.impresso.diariodepernambuco.com.br\/app\/da_impresso_130686904244\/2016\/06\/09\/146765\/20160609104351306744a.jpg","articleSection":["Cultura"],"inLanguage":"pt-BR","potentialAction":[{"@type":"CommentAction","name":"Comment","target":["https:\/\/blogdofarnesio.com.br\/?p=143562#respond"]}]},{"@type":"WebPage","@id":"https:\/\/blogdofarnesio.com.br\/?p=143562","url":"https:\/\/blogdofarnesio.com.br\/?p=143562","name":"FORROFIANDO COM OS NOVOS LAN\u00c7AMENTOS DOS FORROZEIROS PERNAMBUCANOS - Blog do Farn\u00e9sio","isPartOf":{"@id":"https:\/\/blogdofarnesio.com.br\/#website"},"primaryImageOfPage":{"@id":"https:\/\/blogdofarnesio.com.br\/?p=143562#primaryimage"},"image":{"@id":"https:\/\/blogdofarnesio.com.br\/?p=143562#primaryimage"},"thumbnailUrl":"http:\/\/imgsapp.impresso.diariodepernambuco.com.br\/app\/da_impresso_130686904244\/2016\/06\/09\/146765\/20160609104351306744a.jpg","datePublished":"2016-06-14T12:00:40+00:00","breadcrumb":{"@id":"https:\/\/blogdofarnesio.com.br\/?p=143562#breadcrumb"},"inLanguage":"pt-BR","potentialAction":[{"@type":"ReadAction","target":["https:\/\/blogdofarnesio.com.br\/?p=143562"]}]},{"@type":"ImageObject","inLanguage":"pt-BR","@id":"https:\/\/blogdofarnesio.com.br\/?p=143562#primaryimage","url":"http:\/\/imgsapp.impresso.diariodepernambuco.com.br\/app\/da_impresso_130686904244\/2016\/06\/09\/146765\/20160609104351306744a.jpg","contentUrl":"http:\/\/imgsapp.impresso.diariodepernambuco.com.br\/app\/da_impresso_130686904244\/2016\/06\/09\/146765\/20160609104351306744a.jpg"},{"@type":"BreadcrumbList","@id":"https:\/\/blogdofarnesio.com.br\/?p=143562#breadcrumb","itemListElement":[{"@type":"ListItem","position":1,"name":"In\u00edcio","item":"https:\/\/blogdofarnesio.com.br\/"},{"@type":"ListItem","position":2,"name":"FORROFIANDO COM OS NOVOS LAN\u00c7AMENTOS DOS FORROZEIROS PERNAMBUCANOS"}]},{"@type":"WebSite","@id":"https:\/\/blogdofarnesio.com.br\/#website","url":"https:\/\/blogdofarnesio.com.br\/","name":"Blog do Farn\u00e9sio","description":"Quer Saber Pol\u00edtica?","publisher":{"@id":"https:\/\/blogdofarnesio.com.br\/#organization"},"potentialAction":[{"@type":"SearchAction","target":{"@type":"EntryPoint","urlTemplate":"https:\/\/blogdofarnesio.com.br\/?s={search_term_string}"},"query-input":{"@type":"PropertyValueSpecification","valueRequired":true,"valueName":"search_term_string"}}],"inLanguage":"pt-BR"},{"@type":"Organization","@id":"https:\/\/blogdofarnesio.com.br\/#organization","name":"Blog do Farn\u00e9sio","url":"https:\/\/blogdofarnesio.com.br\/","logo":{"@type":"ImageObject","inLanguage":"pt-BR","@id":"https:\/\/blogdofarnesio.com.br\/#\/schema\/logo\/image\/","url":"https:\/\/blogdofarnesio.com.br\/wp-content\/uploads\/2026\/03\/cropped-logo_new-1.png","contentUrl":"https:\/\/blogdofarnesio.com.br\/wp-content\/uploads\/2026\/03\/cropped-logo_new-1.png","width":881,"height":685,"caption":"Blog do Farn\u00e9sio"},"image":{"@id":"https:\/\/blogdofarnesio.com.br\/#\/schema\/logo\/image\/"},"sameAs":["https:\/\/www.facebook.com\/BlogQuerSaberPolitica\/"]},{"@type":"Person","@id":"https:\/\/blogdofarnesio.com.br\/#\/schema\/person\/dd1bf5eba40b687199ba45ca6b97dff9","name":"teste","image":{"@type":"ImageObject","inLanguage":"pt-BR","@id":"https:\/\/secure.gravatar.com\/avatar\/2172498d4914b51e1d89a0f97957b035ac4938723a5cac208135d389b6972a6d?s=96&d=mm&r=g","url":"https:\/\/secure.gravatar.com\/avatar\/2172498d4914b51e1d89a0f97957b035ac4938723a5cac208135d389b6972a6d?s=96&d=mm&r=g","contentUrl":"https:\/\/secure.gravatar.com\/avatar\/2172498d4914b51e1d89a0f97957b035ac4938723a5cac208135d389b6972a6d?s=96&d=mm&r=g","caption":"teste"},"url":"https:\/\/blogdofarnesio.com.br\/?author=3"}]}},"_links":{"self":[{"href":"https:\/\/blogdofarnesio.com.br\/index.php?rest_route=\/wp\/v2\/posts\/143562","targetHints":{"allow":["GET"]}}],"collection":[{"href":"https:\/\/blogdofarnesio.com.br\/index.php?rest_route=\/wp\/v2\/posts"}],"about":[{"href":"https:\/\/blogdofarnesio.com.br\/index.php?rest_route=\/wp\/v2\/types\/post"}],"author":[{"embeddable":true,"href":"https:\/\/blogdofarnesio.com.br\/index.php?rest_route=\/wp\/v2\/users\/3"}],"replies":[{"embeddable":true,"href":"https:\/\/blogdofarnesio.com.br\/index.php?rest_route=%2Fwp%2Fv2%2Fcomments&post=143562"}],"version-history":[{"count":0,"href":"https:\/\/blogdofarnesio.com.br\/index.php?rest_route=\/wp\/v2\/posts\/143562\/revisions"}],"wp:attachment":[{"href":"https:\/\/blogdofarnesio.com.br\/index.php?rest_route=%2Fwp%2Fv2%2Fmedia&parent=143562"}],"wp:term":[{"taxonomy":"category","embeddable":true,"href":"https:\/\/blogdofarnesio.com.br\/index.php?rest_route=%2Fwp%2Fv2%2Fcategories&post=143562"},{"taxonomy":"post_tag","embeddable":true,"href":"https:\/\/blogdofarnesio.com.br\/index.php?rest_route=%2Fwp%2Fv2%2Ftags&post=143562"}],"curies":[{"name":"wp","href":"https:\/\/api.w.org\/{rel}","templated":true}]}}