{"id":143556,"date":"2016-06-14T10:00:13","date_gmt":"2016-06-14T13:00:13","guid":{"rendered":"http:\/\/www.quersaberpolitica.com.br\/?p=143556"},"modified":"2016-06-13T21:01:09","modified_gmt":"2016-06-14T00:01:09","slug":"moradores-do-residencial-brasil-e-bairros-vizinhos-apresentam-as-demandas-do-lugar-a-odacy-amorim","status":"publish","type":"post","link":"https:\/\/blogdofarnesio.com.br\/?p=143556","title":{"rendered":"MORADORES DO RESIDENCIAL BRASIL E BAIRROS VIZINHOS APRESENTAM AS DEMANDAS DO LUGAR A ODACY AMORIM"},"content":{"rendered":"<p style=\"text-align: justify\"><a href=\"http:\/\/www.quersaberpolitica.com.br\/2016\/wp-content\/uploads\/2016\/06\/blogqsp-odacy-debatendo-politica.jpg\"><img loading=\"lazy\" decoding=\"async\" class=\"size-full wp-image-143558 aligncenter\" src=\"http:\/\/www.quersaberpolitica.com.br\/2016\/wp-content\/uploads\/2016\/06\/blogqsp-odacy-debatendo-politica.jpg\" alt=\"blogqsp-odacy-debatendo-politica\" width=\"448\" height=\"336\" srcset=\"https:\/\/blogdofarnesio.com.br\/wp-content\/uploads\/2016\/06\/blogqsp-odacy-debatendo-politica.jpg 448w, https:\/\/blogdofarnesio.com.br\/wp-content\/uploads\/2016\/06\/blogqsp-odacy-debatendo-politica-300x225.jpg 300w, https:\/\/blogdofarnesio.com.br\/wp-content\/uploads\/2016\/06\/blogqsp-odacy-debatendo-politica-400x300.jpg 400w\" sizes=\"auto, (max-width: 448px) 100vw, 448px\" \/><\/a><\/p>\n<p style=\"text-align: justify\">Em mais uma edi\u00e7\u00e3o do programa \u2018Debatendo Petrolina com Odacy\u2019, a popula\u00e7\u00e3o dos residenciais Brasil e Nova Petrolina, bairros criados por meio do programa Minha Casa Minha Vida, e do Jardim Guanabara e Jardim Guararapes, comunidades vizinhas aos residenciais, apontaram no encontro muitas demandas, principalmente nos conjuntos rec\u00e9m-criados.<\/p>\n<p style=\"text-align: justify\">S\u00e3o problemas e sugest\u00f5es para as \u00e1reas da sa\u00fade, educa\u00e7\u00e3o, seguran\u00e7a p\u00fablica, pol\u00edticas de lazer para a popula\u00e7\u00e3o, especialmente para a juventude, e ordenamento das vias que cortam os novos bairros com a coloca\u00e7\u00e3o de redutores de velocidade.<\/p>\n<p style=\"text-align: justify\">\u201cDeus que nos livre, mas parece que s\u00f3 v\u00e3o colocar esses redutores quando acontecer um acidente. Crian\u00e7as e idosos s\u00e3o os que correm mais risco. J\u00e1 enviamos v\u00e1rias solicita\u00e7\u00f5es \u00e0 Ammpla, mas at\u00e9 hoje nada foi feito\u201d, relatou o morador do Residencial Brasil, Daniel de S\u00e1. A moradora Gilvanete Alves questionou dos presentes se eles estavam satisfeitos com a sa\u00fade da localidade e destacou uma lista de necessidades dos bairros.<\/p>\n<p style=\"text-align: justify\"><!--more--><\/p>\n<p style=\"text-align: justify\">\u201cAqui n\u00e3o temos um posto de sa\u00fade. O que nos atende \u00e9 da Cohab VI que \u00e9 longe e mal d\u00e1 para atender a regi\u00e3o de l\u00e1. Outra preocupa\u00e7\u00e3o \u00e9 a falta de escolas, creches, m\u00e3es se arriscam para deixarem seus filhos nas escolas nesta pista perigosa que passa aqui. Tamb\u00e9m n\u00e3o temos nada para ocupar A juventude que cada vez mais sofre com a quest\u00e3o das drogas em nossa comunidade\u201d, listou a moradora que acrescentou esperar que da forma que Odacy est\u00e1 fazendo, ouvindo o povo para construir seu plano de governo, que realmente as necessidades da popula\u00e7\u00e3o sejam realizadas. \u201cJ\u00e1 estamos cansados de cobrar as coisas e nada ser feito\u201d, reiterou.<\/p>\n<p style=\"text-align: justify\">Odacy frisou que sua finalidade \u00e9 que atrav\u00e9s da conversa com a popula\u00e7\u00e3o, possa errar menos caso consiga chegar \u00e0 Prefeitura mais uma vez. \u201cVamos continuar nossa caminhada pelos bairros e demais localidades de nossa cidade, porque acredito que ouvindo o povo, a gente erra menos\u201d, apontou o parlamentar.<\/p>\n<p style=\"text-align: justify\">No encontro ainda estiveram presentes os vereadores do PT, Cristina Costa que preside a sigla em Petrolina, e Geraldo da Acerola; a presidente de honra do PT petrolinense, ex-deputada Isabel Cristina, integrantes do diret\u00f3rio municipal petista; a presidente do PP de Petrolina, Dulcicleide Amorim e pr\u00e9-candidatos a vereador que apoiam a pr\u00e9-candidatura de Odacy Amorim a prefeito de Petrolina.<\/p>\n<p style=\"text-align: justify\">O pr\u00f3ximo Debatendo Petrolina com Odacy acontece nesta quinta-feira, 16. em Izacol\u00e2ndia, zona rural do munic\u00edpio.<\/p>\n<p style=\"text-align: justify\">Cinara Marques<\/p>\n","protected":false},"excerpt":{"rendered":"<p>Em mais uma edi\u00e7\u00e3o do programa \u2018Debatendo Petrolina com Odacy\u2019, a popula\u00e7\u00e3o dos residenciais Brasil e Nova Petrolina, bairros criados por meio do programa Minha Casa Minha Vida, e do Jardim Guanabara e Jardim Guararapes, comunidades vizinhas aos residenciais, apontaram no encontro muitas demandas, principalmente nos conjuntos rec\u00e9m-criados. S\u00e3o problemas e sugest\u00f5es para as \u00e1reas da sa\u00fade, educa\u00e7\u00e3o, seguran\u00e7a p\u00fablica, pol\u00edticas de lazer para a popula\u00e7\u00e3o, especialmente para a juventude, e ordenamento das vias que cortam os novos bairros com a coloca\u00e7\u00e3o de redutores de velocidade. \u201cDeus que nos livre, mas parece que s\u00f3 v\u00e3o colocar esses redutores quando acontecer um acidente. Crian\u00e7as e idosos s\u00e3o os que correm mais risco. J\u00e1 enviamos v\u00e1rias solicita\u00e7\u00f5es \u00e0 Ammpla, mas at\u00e9 hoje&hellip; <\/p>\n","protected":false},"author":7,"featured_media":0,"comment_status":"open","ping_status":"open","sticky":false,"template":"","format":"standard","meta":{"_acf_changed":false,"footnotes":""},"categories":[34],"tags":[],"class_list":["post-143556","post","type-post","status-publish","format-standard","hentry","category-eleicoes"],"acf":[],"yoast_head":"<!-- This site is optimized with the Yoast SEO plugin v27.4 - https:\/\/yoast.com\/product\/yoast-seo-wordpress\/ -->\n<title>MORADORES DO RESIDENCIAL BRASIL E BAIRROS VIZINHOS APRESENTAM AS DEMANDAS DO LUGAR A ODACY AMORIM - Blog do Farn\u00e9sio<\/title>\n<meta name=\"robots\" content=\"index, follow, max-snippet:-1, max-image-preview:large, max-video-preview:-1\" \/>\n<link rel=\"canonical\" href=\"https:\/\/blogdofarnesio.com.br\/?p=143556\" \/>\n<meta property=\"og:locale\" content=\"pt_BR\" \/>\n<meta property=\"og:type\" content=\"article\" \/>\n<meta property=\"og:title\" content=\"MORADORES DO RESIDENCIAL BRASIL E BAIRROS VIZINHOS APRESENTAM AS DEMANDAS DO LUGAR A ODACY AMORIM - Blog do Farn\u00e9sio\" \/>\n<meta property=\"og:description\" content=\"Em mais uma edi\u00e7\u00e3o do programa \u2018Debatendo Petrolina com Odacy\u2019, a popula\u00e7\u00e3o dos residenciais Brasil e Nova Petrolina, bairros criados por meio do programa Minha Casa Minha Vida, e do Jardim Guanabara e Jardim Guararapes, comunidades vizinhas aos residenciais, apontaram no encontro muitas demandas, principalmente nos conjuntos rec\u00e9m-criados. S\u00e3o problemas e sugest\u00f5es para as \u00e1reas da sa\u00fade, educa\u00e7\u00e3o, seguran\u00e7a p\u00fablica, pol\u00edticas de lazer para a popula\u00e7\u00e3o, especialmente para a juventude, e ordenamento das vias que cortam os novos bairros com a coloca\u00e7\u00e3o de redutores de velocidade. \u201cDeus que nos livre, mas parece que s\u00f3 v\u00e3o colocar esses redutores quando acontecer um acidente. Crian\u00e7as e idosos s\u00e3o os que correm mais risco. J\u00e1 enviamos v\u00e1rias solicita\u00e7\u00f5es \u00e0 Ammpla, mas at\u00e9 hoje&hellip;\" \/>\n<meta property=\"og:url\" content=\"https:\/\/blogdofarnesio.com.br\/?p=143556\" \/>\n<meta property=\"og:site_name\" content=\"Blog do Farn\u00e9sio\" \/>\n<meta property=\"article:publisher\" content=\"https:\/\/www.facebook.com\/BlogQuerSaberPolitica\/\" \/>\n<meta property=\"article:published_time\" content=\"2016-06-14T13:00:13+00:00\" \/>\n<meta property=\"og:image\" content=\"http:\/\/www.quersaberpolitica.com.br\/2016\/wp-content\/uploads\/2016\/06\/blogqsp-odacy-debatendo-politica.jpg\" \/>\n<meta name=\"twitter:card\" content=\"summary_large_image\" \/>\n<meta name=\"twitter:label1\" content=\"Escrito por\" \/>\n\t<meta name=\"twitter:data1\" content=\"\" \/>\n\t<meta name=\"twitter:label2\" content=\"Est. tempo de leitura\" \/>\n\t<meta name=\"twitter:data2\" content=\"2 minutos\" \/>\n<script type=\"application\/ld+json\" class=\"yoast-schema-graph\">{\"@context\":\"https:\\\/\\\/schema.org\",\"@graph\":[{\"@type\":\"Article\",\"@id\":\"https:\\\/\\\/blogdofarnesio.com.br\\\/?p=143556#article\",\"isPartOf\":{\"@id\":\"https:\\\/\\\/blogdofarnesio.com.br\\\/?p=143556\"},\"author\":{\"name\":\"\",\"@id\":\"\"},\"headline\":\"MORADORES DO RESIDENCIAL BRASIL E BAIRROS VIZINHOS APRESENTAM AS DEMANDAS DO LUGAR A ODACY AMORIM\",\"datePublished\":\"2016-06-14T13:00:13+00:00\",\"mainEntityOfPage\":{\"@id\":\"https:\\\/\\\/blogdofarnesio.com.br\\\/?p=143556\"},\"wordCount\":438,\"commentCount\":0,\"publisher\":{\"@id\":\"https:\\\/\\\/blogdofarnesio.com.br\\\/#organization\"},\"image\":{\"@id\":\"https:\\\/\\\/blogdofarnesio.com.br\\\/?p=143556#primaryimage\"},\"thumbnailUrl\":\"http:\\\/\\\/www.quersaberpolitica.com.br\\\/2016\\\/wp-content\\\/uploads\\\/2016\\\/06\\\/blogqsp-odacy-debatendo-politica.jpg\",\"articleSection\":[\"Elei\u00e7\u00f5es\"],\"inLanguage\":\"pt-BR\",\"potentialAction\":[{\"@type\":\"CommentAction\",\"name\":\"Comment\",\"target\":[\"https:\\\/\\\/blogdofarnesio.com.br\\\/?p=143556#respond\"]}]},{\"@type\":\"WebPage\",\"@id\":\"https:\\\/\\\/blogdofarnesio.com.br\\\/?p=143556\",\"url\":\"https:\\\/\\\/blogdofarnesio.com.br\\\/?p=143556\",\"name\":\"MORADORES DO RESIDENCIAL BRASIL E BAIRROS VIZINHOS APRESENTAM AS DEMANDAS DO LUGAR A ODACY AMORIM - Blog do Farn\u00e9sio\",\"isPartOf\":{\"@id\":\"https:\\\/\\\/blogdofarnesio.com.br\\\/#website\"},\"primaryImageOfPage\":{\"@id\":\"https:\\\/\\\/blogdofarnesio.com.br\\\/?p=143556#primaryimage\"},\"image\":{\"@id\":\"https:\\\/\\\/blogdofarnesio.com.br\\\/?p=143556#primaryimage\"},\"thumbnailUrl\":\"http:\\\/\\\/www.quersaberpolitica.com.br\\\/2016\\\/wp-content\\\/uploads\\\/2016\\\/06\\\/blogqsp-odacy-debatendo-politica.jpg\",\"datePublished\":\"2016-06-14T13:00:13+00:00\",\"breadcrumb\":{\"@id\":\"https:\\\/\\\/blogdofarnesio.com.br\\\/?p=143556#breadcrumb\"},\"inLanguage\":\"pt-BR\",\"potentialAction\":[{\"@type\":\"ReadAction\",\"target\":[\"https:\\\/\\\/blogdofarnesio.com.br\\\/?p=143556\"]}]},{\"@type\":\"ImageObject\",\"inLanguage\":\"pt-BR\",\"@id\":\"https:\\\/\\\/blogdofarnesio.com.br\\\/?p=143556#primaryimage\",\"url\":\"http:\\\/\\\/www.quersaberpolitica.com.br\\\/2016\\\/wp-content\\\/uploads\\\/2016\\\/06\\\/blogqsp-odacy-debatendo-politica.jpg\",\"contentUrl\":\"http:\\\/\\\/www.quersaberpolitica.com.br\\\/2016\\\/wp-content\\\/uploads\\\/2016\\\/06\\\/blogqsp-odacy-debatendo-politica.jpg\"},{\"@type\":\"BreadcrumbList\",\"@id\":\"https:\\\/\\\/blogdofarnesio.com.br\\\/?p=143556#breadcrumb\",\"itemListElement\":[{\"@type\":\"ListItem\",\"position\":1,\"name\":\"In\u00edcio\",\"item\":\"https:\\\/\\\/blogdofarnesio.com.br\\\/\"},{\"@type\":\"ListItem\",\"position\":2,\"name\":\"MORADORES DO RESIDENCIAL BRASIL E BAIRROS VIZINHOS APRESENTAM AS DEMANDAS DO LUGAR A ODACY AMORIM\"}]},{\"@type\":\"WebSite\",\"@id\":\"https:\\\/\\\/blogdofarnesio.com.br\\\/#website\",\"url\":\"https:\\\/\\\/blogdofarnesio.com.br\\\/\",\"name\":\"Blog do Farn\u00e9sio\",\"description\":\"Quer Saber Pol\u00edtica?\",\"publisher\":{\"@id\":\"https:\\\/\\\/blogdofarnesio.com.br\\\/#organization\"},\"potentialAction\":[{\"@type\":\"SearchAction\",\"target\":{\"@type\":\"EntryPoint\",\"urlTemplate\":\"https:\\\/\\\/blogdofarnesio.com.br\\\/?s={search_term_string}\"},\"query-input\":{\"@type\":\"PropertyValueSpecification\",\"valueRequired\":true,\"valueName\":\"search_term_string\"}}],\"inLanguage\":\"pt-BR\"},{\"@type\":\"Organization\",\"@id\":\"https:\\\/\\\/blogdofarnesio.com.br\\\/#organization\",\"name\":\"Blog do Farn\u00e9sio\",\"url\":\"https:\\\/\\\/blogdofarnesio.com.br\\\/\",\"logo\":{\"@type\":\"ImageObject\",\"inLanguage\":\"pt-BR\",\"@id\":\"https:\\\/\\\/blogdofarnesio.com.br\\\/#\\\/schema\\\/logo\\\/image\\\/\",\"url\":\"https:\\\/\\\/blogdofarnesio.com.br\\\/wp-content\\\/uploads\\\/2026\\\/03\\\/cropped-logo_new-1.png\",\"contentUrl\":\"https:\\\/\\\/blogdofarnesio.com.br\\\/wp-content\\\/uploads\\\/2026\\\/03\\\/cropped-logo_new-1.png\",\"width\":881,\"height\":685,\"caption\":\"Blog do Farn\u00e9sio\"},\"image\":{\"@id\":\"https:\\\/\\\/blogdofarnesio.com.br\\\/#\\\/schema\\\/logo\\\/image\\\/\"},\"sameAs\":[\"https:\\\/\\\/www.facebook.com\\\/BlogQuerSaberPolitica\\\/\"]},{\"@type\":\"Person\",\"@id\":\"\",\"url\":\"https:\\\/\\\/blogdofarnesio.com.br\\\/?author=7\"}]}<\/script>\n<!-- \/ Yoast SEO plugin. -->","yoast_head_json":{"title":"MORADORES DO RESIDENCIAL BRASIL E BAIRROS VIZINHOS APRESENTAM AS DEMANDAS DO LUGAR A ODACY AMORIM - Blog do Farn\u00e9sio","robots":{"index":"index","follow":"follow","max-snippet":"max-snippet:-1","max-image-preview":"max-image-preview:large","max-video-preview":"max-video-preview:-1"},"canonical":"https:\/\/blogdofarnesio.com.br\/?p=143556","og_locale":"pt_BR","og_type":"article","og_title":"MORADORES DO RESIDENCIAL BRASIL E BAIRROS VIZINHOS APRESENTAM AS DEMANDAS DO LUGAR A ODACY AMORIM - Blog do Farn\u00e9sio","og_description":"Em mais uma edi\u00e7\u00e3o do programa \u2018Debatendo Petrolina com Odacy\u2019, a popula\u00e7\u00e3o dos residenciais Brasil e Nova Petrolina, bairros criados por meio do programa Minha Casa Minha Vida, e do Jardim Guanabara e Jardim Guararapes, comunidades vizinhas aos residenciais, apontaram no encontro muitas demandas, principalmente nos conjuntos rec\u00e9m-criados. S\u00e3o problemas e sugest\u00f5es para as \u00e1reas da sa\u00fade, educa\u00e7\u00e3o, seguran\u00e7a p\u00fablica, pol\u00edticas de lazer para a popula\u00e7\u00e3o, especialmente para a juventude, e ordenamento das vias que cortam os novos bairros com a coloca\u00e7\u00e3o de redutores de velocidade. \u201cDeus que nos livre, mas parece que s\u00f3 v\u00e3o colocar esses redutores quando acontecer um acidente. Crian\u00e7as e idosos s\u00e3o os que correm mais risco. J\u00e1 enviamos v\u00e1rias solicita\u00e7\u00f5es \u00e0 Ammpla, mas at\u00e9 hoje&hellip;","og_url":"https:\/\/blogdofarnesio.com.br\/?p=143556","og_site_name":"Blog do Farn\u00e9sio","article_publisher":"https:\/\/www.facebook.com\/BlogQuerSaberPolitica\/","article_published_time":"2016-06-14T13:00:13+00:00","og_image":[{"url":"http:\/\/www.quersaberpolitica.com.br\/2016\/wp-content\/uploads\/2016\/06\/blogqsp-odacy-debatendo-politica.jpg","type":"","width":"","height":""}],"twitter_card":"summary_large_image","twitter_misc":{"Escrito por":"","Est. tempo de leitura":"2 minutos"},"schema":{"@context":"https:\/\/schema.org","@graph":[{"@type":"Article","@id":"https:\/\/blogdofarnesio.com.br\/?p=143556#article","isPartOf":{"@id":"https:\/\/blogdofarnesio.com.br\/?p=143556"},"author":{"name":"","@id":""},"headline":"MORADORES DO RESIDENCIAL BRASIL E BAIRROS VIZINHOS APRESENTAM AS DEMANDAS DO LUGAR A ODACY AMORIM","datePublished":"2016-06-14T13:00:13+00:00","mainEntityOfPage":{"@id":"https:\/\/blogdofarnesio.com.br\/?p=143556"},"wordCount":438,"commentCount":0,"publisher":{"@id":"https:\/\/blogdofarnesio.com.br\/#organization"},"image":{"@id":"https:\/\/blogdofarnesio.com.br\/?p=143556#primaryimage"},"thumbnailUrl":"http:\/\/www.quersaberpolitica.com.br\/2016\/wp-content\/uploads\/2016\/06\/blogqsp-odacy-debatendo-politica.jpg","articleSection":["Elei\u00e7\u00f5es"],"inLanguage":"pt-BR","potentialAction":[{"@type":"CommentAction","name":"Comment","target":["https:\/\/blogdofarnesio.com.br\/?p=143556#respond"]}]},{"@type":"WebPage","@id":"https:\/\/blogdofarnesio.com.br\/?p=143556","url":"https:\/\/blogdofarnesio.com.br\/?p=143556","name":"MORADORES DO RESIDENCIAL BRASIL E BAIRROS VIZINHOS APRESENTAM AS DEMANDAS DO LUGAR A ODACY AMORIM - Blog do Farn\u00e9sio","isPartOf":{"@id":"https:\/\/blogdofarnesio.com.br\/#website"},"primaryImageOfPage":{"@id":"https:\/\/blogdofarnesio.com.br\/?p=143556#primaryimage"},"image":{"@id":"https:\/\/blogdofarnesio.com.br\/?p=143556#primaryimage"},"thumbnailUrl":"http:\/\/www.quersaberpolitica.com.br\/2016\/wp-content\/uploads\/2016\/06\/blogqsp-odacy-debatendo-politica.jpg","datePublished":"2016-06-14T13:00:13+00:00","breadcrumb":{"@id":"https:\/\/blogdofarnesio.com.br\/?p=143556#breadcrumb"},"inLanguage":"pt-BR","potentialAction":[{"@type":"ReadAction","target":["https:\/\/blogdofarnesio.com.br\/?p=143556"]}]},{"@type":"ImageObject","inLanguage":"pt-BR","@id":"https:\/\/blogdofarnesio.com.br\/?p=143556#primaryimage","url":"http:\/\/www.quersaberpolitica.com.br\/2016\/wp-content\/uploads\/2016\/06\/blogqsp-odacy-debatendo-politica.jpg","contentUrl":"http:\/\/www.quersaberpolitica.com.br\/2016\/wp-content\/uploads\/2016\/06\/blogqsp-odacy-debatendo-politica.jpg"},{"@type":"BreadcrumbList","@id":"https:\/\/blogdofarnesio.com.br\/?p=143556#breadcrumb","itemListElement":[{"@type":"ListItem","position":1,"name":"In\u00edcio","item":"https:\/\/blogdofarnesio.com.br\/"},{"@type":"ListItem","position":2,"name":"MORADORES DO RESIDENCIAL BRASIL E BAIRROS VIZINHOS APRESENTAM AS DEMANDAS DO LUGAR A ODACY AMORIM"}]},{"@type":"WebSite","@id":"https:\/\/blogdofarnesio.com.br\/#website","url":"https:\/\/blogdofarnesio.com.br\/","name":"Blog do Farn\u00e9sio","description":"Quer Saber Pol\u00edtica?","publisher":{"@id":"https:\/\/blogdofarnesio.com.br\/#organization"},"potentialAction":[{"@type":"SearchAction","target":{"@type":"EntryPoint","urlTemplate":"https:\/\/blogdofarnesio.com.br\/?s={search_term_string}"},"query-input":{"@type":"PropertyValueSpecification","valueRequired":true,"valueName":"search_term_string"}}],"inLanguage":"pt-BR"},{"@type":"Organization","@id":"https:\/\/blogdofarnesio.com.br\/#organization","name":"Blog do Farn\u00e9sio","url":"https:\/\/blogdofarnesio.com.br\/","logo":{"@type":"ImageObject","inLanguage":"pt-BR","@id":"https:\/\/blogdofarnesio.com.br\/#\/schema\/logo\/image\/","url":"https:\/\/blogdofarnesio.com.br\/wp-content\/uploads\/2026\/03\/cropped-logo_new-1.png","contentUrl":"https:\/\/blogdofarnesio.com.br\/wp-content\/uploads\/2026\/03\/cropped-logo_new-1.png","width":881,"height":685,"caption":"Blog do Farn\u00e9sio"},"image":{"@id":"https:\/\/blogdofarnesio.com.br\/#\/schema\/logo\/image\/"},"sameAs":["https:\/\/www.facebook.com\/BlogQuerSaberPolitica\/"]},{"@type":"Person","@id":"","url":"https:\/\/blogdofarnesio.com.br\/?author=7"}]}},"_links":{"self":[{"href":"https:\/\/blogdofarnesio.com.br\/index.php?rest_route=\/wp\/v2\/posts\/143556","targetHints":{"allow":["GET"]}}],"collection":[{"href":"https:\/\/blogdofarnesio.com.br\/index.php?rest_route=\/wp\/v2\/posts"}],"about":[{"href":"https:\/\/blogdofarnesio.com.br\/index.php?rest_route=\/wp\/v2\/types\/post"}],"author":[{"embeddable":true,"href":"https:\/\/blogdofarnesio.com.br\/index.php?rest_route=\/wp\/v2\/users\/7"}],"replies":[{"embeddable":true,"href":"https:\/\/blogdofarnesio.com.br\/index.php?rest_route=%2Fwp%2Fv2%2Fcomments&post=143556"}],"version-history":[{"count":0,"href":"https:\/\/blogdofarnesio.com.br\/index.php?rest_route=\/wp\/v2\/posts\/143556\/revisions"}],"wp:attachment":[{"href":"https:\/\/blogdofarnesio.com.br\/index.php?rest_route=%2Fwp%2Fv2%2Fmedia&parent=143556"}],"wp:term":[{"taxonomy":"category","embeddable":true,"href":"https:\/\/blogdofarnesio.com.br\/index.php?rest_route=%2Fwp%2Fv2%2Fcategories&post=143556"},{"taxonomy":"post_tag","embeddable":true,"href":"https:\/\/blogdofarnesio.com.br\/index.php?rest_route=%2Fwp%2Fv2%2Ftags&post=143556"}],"curies":[{"name":"wp","href":"https:\/\/api.w.org\/{rel}","templated":true}]}}