{"id":143086,"date":"2016-06-03T19:00:37","date_gmt":"2016-06-03T22:00:37","guid":{"rendered":"http:\/\/www.quersaberpolitica.com.br\/?p=143086"},"modified":"2016-06-03T15:59:46","modified_gmt":"2016-06-03T18:59:46","slug":"movimento-juazeiro-no-rumo-certo-discute-politicas-publicas-com-liderancas-da-area-rural","status":"publish","type":"post","link":"https:\/\/blogdofarnesio.com.br\/?p=143086","title":{"rendered":"MOVIMENTO \u2018JUAZEIRO NO RUMO CERTO\u2019 DISCUTE POL\u00cdTICAS P\u00daBLICAS COM LIDERAN\u00c7AS DA \u00c1REA RURAL"},"content":{"rendered":"<p style=\"text-align: center\"><a href=\"http:\/\/www.quersaberpolitica.com.br\/2016\/wp-content\/uploads\/2016\/06\/blogqsp-juazeiro-rumocerto-.jpg\"><img loading=\"lazy\" decoding=\"async\" class=\"alignnone size-full wp-image-143088\" src=\"http:\/\/www.quersaberpolitica.com.br\/2016\/wp-content\/uploads\/2016\/06\/blogqsp-juazeiro-rumocerto-.jpg\" alt=\"blogqsp-juazeiro-rumocerto-\" width=\"448\" height=\"299\" srcset=\"https:\/\/blogdofarnesio.com.br\/wp-content\/uploads\/2016\/06\/blogqsp-juazeiro-rumocerto-.jpg 448w, https:\/\/blogdofarnesio.com.br\/wp-content\/uploads\/2016\/06\/blogqsp-juazeiro-rumocerto--300x200.jpg 300w\" sizes=\"auto, (max-width: 448px) 100vw, 448px\" \/><\/a><\/p>\n<p style=\"text-align: justify\">Na noite desta quinta-feira (2) o movimento Juazeiro no Rumo Certo realizou mais um grande encontro, dessa vez, no espa\u00e7o da APLB\/Sindicato. Com o\u00a0 tema\u00a0 \u2018Desenvolvimento Rural\u2019, o evento reuniu dezenas de lideran\u00e7as dos nove distritos que comp\u00f5em o munic\u00edpio.<\/p>\n<p style=\"text-align: justify\">Contando com a presen\u00e7a do prefeito da cidade, Isaac Carvalho, do deputado estadual Z\u00f3, do presidente da c\u00e2mara, Dami\u00e3o Medrado, dos pr\u00e9-candidatos que este ano disputam a elei\u00e7\u00e3o municipal pelo PCdoB, Carlos Neiva, Joaquim Neto e Paulo Bomfim o evento reuniu representantes dos partidos da base e membros de diferentes segmentos da sociedade. Tamb\u00e9m estiveram presentes as lideran\u00e7as do interior, Carmem L\u00facia, \u00c9merson Mit\u00fa (STR), o representante dos caprinovinocultores, William Tiago, Jailzon Cobra\u00a0 (MST), L\u00facia Duarte e Josival Barbosa, representando os colonos dos per\u00edmetros irrigados.<\/p>\n<p style=\"text-align: justify\"><!--more--><\/p>\n<p style=\"text-align: justify\">O movimento \u2018Juazeiro no Rumo Certo\u2019 \u00e9 fruto do diret\u00f3rio municipal do PCdoB e partidos aliados e foi\u00a0 planejado com o objetivo de construir uma candidatura\u00a0 \u00a0embasada no di\u00e1logo com a popula\u00e7\u00e3o. O movimento tamb\u00e9m visa defender e garantir as conquistas alcan\u00e7adas ao longo dos anos da gest\u00e3o comunista. A\u00a0 cada semana, at\u00e9 as elei\u00e7\u00f5es ser\u00e3o discutidos temas do interesse da popula\u00e7\u00e3o \u00a0para que estes ajudem na constru\u00e7\u00e3o de um plano de governo.<\/p>\n<p style=\"text-align: justify\">Neste primeiro encontro, os pr\u00e9-candidatos escutaram as demandas da popula\u00e7\u00e3o da \u00e1rea rural. \u201cReconhecemos que muitas a\u00e7\u00f5es foram feitas nesta gest\u00e3o que melhoraram e muito a vida das pessoas que vivem no campo. Hoje temos 19 \u00f4nibus escolares, mais de 100 bicicletas j\u00e1 foram entregues aos estudantes, temos lancha e escolas rurais com ar condicionado. Houve a perfura\u00e7\u00e3o de po\u00e7os artesianos, constru\u00e7\u00e3o de adutoras e estradas. Agora, queremos mais creches e escolas de tempo integral\u201d, afirmou Carmem L\u00facia, moradora do distrito de Mani\u00e7oba.<\/p>\n<p style=\"text-align: justify\">Outro ponto debatido foi a cria\u00e7\u00e3o de pol\u00edticas p\u00fablicas que incentivem ainda mais a caprinovinocultura. Atualmente, Juazeiro tem o segundo maior rebanho do Brasil, que corresponde a aproximadamente 9% do PIB. Desde 2008, o governo municipal vem criando programas como a Expovale, evento anual que permite o escoamento dos animais e a produ\u00e7\u00e3o de conhecimento. Para o produtor William Tiago, a reestrutura\u00e7\u00e3o de feiras para comercializa\u00e7\u00e3o da carne de bode seria mais um passo importante na gest\u00e3o.<\/p>\n<p style=\"text-align: justify\">Para o pr\u00e9-candidato Paulo Bomfim, primeiro a fazer uso da palavra, conhecer de perto as necessidades da popula\u00e7\u00e3o colabora para o planejamento do governo. Na oportunidade ele ressaltou a implanta\u00e7\u00e3o da coleta de lixo na zona rural e a recupera\u00e7\u00e3o de vias de acesso aos per\u00edmetros. \u201cSinto-me confort\u00e1vel em fazer parte dessa discuss\u00e3o, pois acompanhei de perto todos os avan\u00e7os conquistados e participei de importantes transforma\u00e7\u00f5es e avan\u00e7os pelos quais passaram Juazeiro\u201d, avaliou.<\/p>\n<p>De acordo com Joaquim Neto, que esteve \u00e0 frente do SAAE na gest\u00e3o de Isaac, muita coisa foi feita pelo homem do campo. \u201cO investimento dessa administra\u00e7\u00e3o no interior foi o maior na hist\u00f3ria do munic\u00edpio. Levamos \u00e1gua para v\u00e1rias comunidades, mas sabemos que ainda tem lugares que necessitam\u201d, afirmou.<\/p>\n<p><em>Ascom<\/em><\/p>\n<p><em>\u00a0<\/em><\/p>\n<p>O \u00faltimo a se pronunciar foi o pr\u00e9-candidato Carlos Neiva. Formado em agronomia, Neiva agradeceu pelo momento e se mostrou disposto a ajudar e batalhar por mais melhorarias. \u201cComo estive \u00e0 frente de uma pasta que incentiva o empreendedorismo, penso que as mulheres do campo devam pensar grande. Serei sempre um entusiasta e estarei disposto para ajudar a elevar as potencialidades da \u00e1rea rural\u201d, concluiu.<\/p>\n<p>&nbsp;<\/p>\n<p>Todas as demandas foram entregues aos candidatos e depois de analisadas far\u00e3o parte do programa de governo. O pr\u00f3ximo encontro j\u00e1 com data definida, ser\u00e1 na quinta-feira, 9, e ter\u00e1 como tema a mulher, discutindo os desafios, os direitos e avan\u00e7os das conquistas.<\/p>\n","protected":false},"excerpt":{"rendered":"<p>Na noite desta quinta-feira (2) o movimento Juazeiro no Rumo Certo realizou mais um grande encontro, dessa vez, no espa\u00e7o da APLB\/Sindicato. Com o\u00a0 tema\u00a0 \u2018Desenvolvimento Rural\u2019, o evento reuniu dezenas de lideran\u00e7as dos nove distritos que comp\u00f5em o munic\u00edpio. Contando com a presen\u00e7a do prefeito da cidade, Isaac Carvalho, do deputado estadual Z\u00f3, do presidente da c\u00e2mara, Dami\u00e3o Medrado, dos pr\u00e9-candidatos que este ano disputam a elei\u00e7\u00e3o municipal pelo PCdoB, Carlos Neiva, Joaquim Neto e Paulo Bomfim o evento reuniu representantes dos partidos da base e membros de diferentes segmentos da sociedade. Tamb\u00e9m estiveram presentes as lideran\u00e7as do interior, Carmem L\u00facia, \u00c9merson Mit\u00fa (STR), o representante dos caprinovinocultores, William Tiago, Jailzon Cobra\u00a0 (MST), L\u00facia Duarte e Josival Barbosa, representando&hellip; <\/p>\n","protected":false},"author":7,"featured_media":0,"comment_status":"open","ping_status":"open","sticky":false,"template":"","format":"standard","meta":{"_acf_changed":false,"footnotes":""},"categories":[1],"tags":[],"class_list":["post-143086","post","type-post","status-publish","format-standard","hentry","category-politica"],"acf":[],"yoast_head":"<!-- This site is optimized with the Yoast SEO plugin v27.4 - https:\/\/yoast.com\/product\/yoast-seo-wordpress\/ -->\n<title>MOVIMENTO \u2018JUAZEIRO NO RUMO CERTO\u2019 DISCUTE POL\u00cdTICAS P\u00daBLICAS COM LIDERAN\u00c7AS DA \u00c1REA RURAL - Blog do Farn\u00e9sio<\/title>\n<meta name=\"robots\" content=\"index, follow, max-snippet:-1, max-image-preview:large, max-video-preview:-1\" \/>\n<link rel=\"canonical\" href=\"https:\/\/blogdofarnesio.com.br\/?p=143086\" \/>\n<meta property=\"og:locale\" content=\"pt_BR\" \/>\n<meta property=\"og:type\" content=\"article\" \/>\n<meta property=\"og:title\" content=\"MOVIMENTO \u2018JUAZEIRO NO RUMO CERTO\u2019 DISCUTE POL\u00cdTICAS P\u00daBLICAS COM LIDERAN\u00c7AS DA \u00c1REA RURAL - Blog do Farn\u00e9sio\" \/>\n<meta property=\"og:description\" content=\"Na noite desta quinta-feira (2) o movimento Juazeiro no Rumo Certo realizou mais um grande encontro, dessa vez, no espa\u00e7o da APLB\/Sindicato. Com o\u00a0 tema\u00a0 \u2018Desenvolvimento Rural\u2019, o evento reuniu dezenas de lideran\u00e7as dos nove distritos que comp\u00f5em o munic\u00edpio. Contando com a presen\u00e7a do prefeito da cidade, Isaac Carvalho, do deputado estadual Z\u00f3, do presidente da c\u00e2mara, Dami\u00e3o Medrado, dos pr\u00e9-candidatos que este ano disputam a elei\u00e7\u00e3o municipal pelo PCdoB, Carlos Neiva, Joaquim Neto e Paulo Bomfim o evento reuniu representantes dos partidos da base e membros de diferentes segmentos da sociedade. Tamb\u00e9m estiveram presentes as lideran\u00e7as do interior, Carmem L\u00facia, \u00c9merson Mit\u00fa (STR), o representante dos caprinovinocultores, William Tiago, Jailzon Cobra\u00a0 (MST), L\u00facia Duarte e Josival Barbosa, representando&hellip;\" \/>\n<meta property=\"og:url\" content=\"https:\/\/blogdofarnesio.com.br\/?p=143086\" \/>\n<meta property=\"og:site_name\" content=\"Blog do Farn\u00e9sio\" \/>\n<meta property=\"article:publisher\" content=\"https:\/\/www.facebook.com\/BlogQuerSaberPolitica\/\" \/>\n<meta property=\"article:published_time\" content=\"2016-06-03T22:00:37+00:00\" \/>\n<meta property=\"og:image\" content=\"http:\/\/www.quersaberpolitica.com.br\/2016\/wp-content\/uploads\/2016\/06\/blogqsp-juazeiro-rumocerto-.jpg\" \/>\n<meta name=\"twitter:card\" content=\"summary_large_image\" \/>\n<meta name=\"twitter:label1\" content=\"Escrito por\" \/>\n\t<meta name=\"twitter:data1\" content=\"\" \/>\n\t<meta name=\"twitter:label2\" content=\"Est. tempo de leitura\" \/>\n\t<meta name=\"twitter:data2\" content=\"3 minutos\" \/>\n<script type=\"application\/ld+json\" class=\"yoast-schema-graph\">{\"@context\":\"https:\\\/\\\/schema.org\",\"@graph\":[{\"@type\":\"Article\",\"@id\":\"https:\\\/\\\/blogdofarnesio.com.br\\\/?p=143086#article\",\"isPartOf\":{\"@id\":\"https:\\\/\\\/blogdofarnesio.com.br\\\/?p=143086\"},\"author\":{\"name\":\"\",\"@id\":\"\"},\"headline\":\"MOVIMENTO \u2018JUAZEIRO NO RUMO CERTO\u2019 DISCUTE POL\u00cdTICAS P\u00daBLICAS COM LIDERAN\u00c7AS DA \u00c1REA RURAL\",\"datePublished\":\"2016-06-03T22:00:37+00:00\",\"mainEntityOfPage\":{\"@id\":\"https:\\\/\\\/blogdofarnesio.com.br\\\/?p=143086\"},\"wordCount\":658,\"commentCount\":0,\"publisher\":{\"@id\":\"https:\\\/\\\/blogdofarnesio.com.br\\\/#organization\"},\"image\":{\"@id\":\"https:\\\/\\\/blogdofarnesio.com.br\\\/?p=143086#primaryimage\"},\"thumbnailUrl\":\"http:\\\/\\\/www.quersaberpolitica.com.br\\\/2016\\\/wp-content\\\/uploads\\\/2016\\\/06\\\/blogqsp-juazeiro-rumocerto-.jpg\",\"articleSection\":[\"Pol\u00edtica\"],\"inLanguage\":\"pt-BR\",\"potentialAction\":[{\"@type\":\"CommentAction\",\"name\":\"Comment\",\"target\":[\"https:\\\/\\\/blogdofarnesio.com.br\\\/?p=143086#respond\"]}]},{\"@type\":\"WebPage\",\"@id\":\"https:\\\/\\\/blogdofarnesio.com.br\\\/?p=143086\",\"url\":\"https:\\\/\\\/blogdofarnesio.com.br\\\/?p=143086\",\"name\":\"MOVIMENTO \u2018JUAZEIRO NO RUMO CERTO\u2019 DISCUTE POL\u00cdTICAS P\u00daBLICAS COM LIDERAN\u00c7AS DA \u00c1REA RURAL - Blog do Farn\u00e9sio\",\"isPartOf\":{\"@id\":\"https:\\\/\\\/blogdofarnesio.com.br\\\/#website\"},\"primaryImageOfPage\":{\"@id\":\"https:\\\/\\\/blogdofarnesio.com.br\\\/?p=143086#primaryimage\"},\"image\":{\"@id\":\"https:\\\/\\\/blogdofarnesio.com.br\\\/?p=143086#primaryimage\"},\"thumbnailUrl\":\"http:\\\/\\\/www.quersaberpolitica.com.br\\\/2016\\\/wp-content\\\/uploads\\\/2016\\\/06\\\/blogqsp-juazeiro-rumocerto-.jpg\",\"datePublished\":\"2016-06-03T22:00:37+00:00\",\"breadcrumb\":{\"@id\":\"https:\\\/\\\/blogdofarnesio.com.br\\\/?p=143086#breadcrumb\"},\"inLanguage\":\"pt-BR\",\"potentialAction\":[{\"@type\":\"ReadAction\",\"target\":[\"https:\\\/\\\/blogdofarnesio.com.br\\\/?p=143086\"]}]},{\"@type\":\"ImageObject\",\"inLanguage\":\"pt-BR\",\"@id\":\"https:\\\/\\\/blogdofarnesio.com.br\\\/?p=143086#primaryimage\",\"url\":\"http:\\\/\\\/www.quersaberpolitica.com.br\\\/2016\\\/wp-content\\\/uploads\\\/2016\\\/06\\\/blogqsp-juazeiro-rumocerto-.jpg\",\"contentUrl\":\"http:\\\/\\\/www.quersaberpolitica.com.br\\\/2016\\\/wp-content\\\/uploads\\\/2016\\\/06\\\/blogqsp-juazeiro-rumocerto-.jpg\"},{\"@type\":\"BreadcrumbList\",\"@id\":\"https:\\\/\\\/blogdofarnesio.com.br\\\/?p=143086#breadcrumb\",\"itemListElement\":[{\"@type\":\"ListItem\",\"position\":1,\"name\":\"In\u00edcio\",\"item\":\"https:\\\/\\\/blogdofarnesio.com.br\\\/\"},{\"@type\":\"ListItem\",\"position\":2,\"name\":\"MOVIMENTO \u2018JUAZEIRO NO RUMO CERTO\u2019 DISCUTE POL\u00cdTICAS P\u00daBLICAS COM LIDERAN\u00c7AS DA \u00c1REA RURAL\"}]},{\"@type\":\"WebSite\",\"@id\":\"https:\\\/\\\/blogdofarnesio.com.br\\\/#website\",\"url\":\"https:\\\/\\\/blogdofarnesio.com.br\\\/\",\"name\":\"Blog do Farn\u00e9sio\",\"description\":\"Quer Saber Pol\u00edtica?\",\"publisher\":{\"@id\":\"https:\\\/\\\/blogdofarnesio.com.br\\\/#organization\"},\"potentialAction\":[{\"@type\":\"SearchAction\",\"target\":{\"@type\":\"EntryPoint\",\"urlTemplate\":\"https:\\\/\\\/blogdofarnesio.com.br\\\/?s={search_term_string}\"},\"query-input\":{\"@type\":\"PropertyValueSpecification\",\"valueRequired\":true,\"valueName\":\"search_term_string\"}}],\"inLanguage\":\"pt-BR\"},{\"@type\":\"Organization\",\"@id\":\"https:\\\/\\\/blogdofarnesio.com.br\\\/#organization\",\"name\":\"Blog do Farn\u00e9sio\",\"url\":\"https:\\\/\\\/blogdofarnesio.com.br\\\/\",\"logo\":{\"@type\":\"ImageObject\",\"inLanguage\":\"pt-BR\",\"@id\":\"https:\\\/\\\/blogdofarnesio.com.br\\\/#\\\/schema\\\/logo\\\/image\\\/\",\"url\":\"https:\\\/\\\/blogdofarnesio.com.br\\\/wp-content\\\/uploads\\\/2026\\\/03\\\/cropped-logo_new-1.png\",\"contentUrl\":\"https:\\\/\\\/blogdofarnesio.com.br\\\/wp-content\\\/uploads\\\/2026\\\/03\\\/cropped-logo_new-1.png\",\"width\":881,\"height\":685,\"caption\":\"Blog do Farn\u00e9sio\"},\"image\":{\"@id\":\"https:\\\/\\\/blogdofarnesio.com.br\\\/#\\\/schema\\\/logo\\\/image\\\/\"},\"sameAs\":[\"https:\\\/\\\/www.facebook.com\\\/BlogQuerSaberPolitica\\\/\"]},{\"@type\":\"Person\",\"@id\":\"\",\"url\":\"https:\\\/\\\/blogdofarnesio.com.br\\\/?author=7\"}]}<\/script>\n<!-- \/ Yoast SEO plugin. -->","yoast_head_json":{"title":"MOVIMENTO \u2018JUAZEIRO NO RUMO CERTO\u2019 DISCUTE POL\u00cdTICAS P\u00daBLICAS COM LIDERAN\u00c7AS DA \u00c1REA RURAL - Blog do Farn\u00e9sio","robots":{"index":"index","follow":"follow","max-snippet":"max-snippet:-1","max-image-preview":"max-image-preview:large","max-video-preview":"max-video-preview:-1"},"canonical":"https:\/\/blogdofarnesio.com.br\/?p=143086","og_locale":"pt_BR","og_type":"article","og_title":"MOVIMENTO \u2018JUAZEIRO NO RUMO CERTO\u2019 DISCUTE POL\u00cdTICAS P\u00daBLICAS COM LIDERAN\u00c7AS DA \u00c1REA RURAL - Blog do Farn\u00e9sio","og_description":"Na noite desta quinta-feira (2) o movimento Juazeiro no Rumo Certo realizou mais um grande encontro, dessa vez, no espa\u00e7o da APLB\/Sindicato. Com o\u00a0 tema\u00a0 \u2018Desenvolvimento Rural\u2019, o evento reuniu dezenas de lideran\u00e7as dos nove distritos que comp\u00f5em o munic\u00edpio. Contando com a presen\u00e7a do prefeito da cidade, Isaac Carvalho, do deputado estadual Z\u00f3, do presidente da c\u00e2mara, Dami\u00e3o Medrado, dos pr\u00e9-candidatos que este ano disputam a elei\u00e7\u00e3o municipal pelo PCdoB, Carlos Neiva, Joaquim Neto e Paulo Bomfim o evento reuniu representantes dos partidos da base e membros de diferentes segmentos da sociedade. Tamb\u00e9m estiveram presentes as lideran\u00e7as do interior, Carmem L\u00facia, \u00c9merson Mit\u00fa (STR), o representante dos caprinovinocultores, William Tiago, Jailzon Cobra\u00a0 (MST), L\u00facia Duarte e Josival Barbosa, representando&hellip;","og_url":"https:\/\/blogdofarnesio.com.br\/?p=143086","og_site_name":"Blog do Farn\u00e9sio","article_publisher":"https:\/\/www.facebook.com\/BlogQuerSaberPolitica\/","article_published_time":"2016-06-03T22:00:37+00:00","og_image":[{"url":"http:\/\/www.quersaberpolitica.com.br\/2016\/wp-content\/uploads\/2016\/06\/blogqsp-juazeiro-rumocerto-.jpg","type":"","width":"","height":""}],"twitter_card":"summary_large_image","twitter_misc":{"Escrito por":"","Est. tempo de leitura":"3 minutos"},"schema":{"@context":"https:\/\/schema.org","@graph":[{"@type":"Article","@id":"https:\/\/blogdofarnesio.com.br\/?p=143086#article","isPartOf":{"@id":"https:\/\/blogdofarnesio.com.br\/?p=143086"},"author":{"name":"","@id":""},"headline":"MOVIMENTO \u2018JUAZEIRO NO RUMO CERTO\u2019 DISCUTE POL\u00cdTICAS P\u00daBLICAS COM LIDERAN\u00c7AS DA \u00c1REA RURAL","datePublished":"2016-06-03T22:00:37+00:00","mainEntityOfPage":{"@id":"https:\/\/blogdofarnesio.com.br\/?p=143086"},"wordCount":658,"commentCount":0,"publisher":{"@id":"https:\/\/blogdofarnesio.com.br\/#organization"},"image":{"@id":"https:\/\/blogdofarnesio.com.br\/?p=143086#primaryimage"},"thumbnailUrl":"http:\/\/www.quersaberpolitica.com.br\/2016\/wp-content\/uploads\/2016\/06\/blogqsp-juazeiro-rumocerto-.jpg","articleSection":["Pol\u00edtica"],"inLanguage":"pt-BR","potentialAction":[{"@type":"CommentAction","name":"Comment","target":["https:\/\/blogdofarnesio.com.br\/?p=143086#respond"]}]},{"@type":"WebPage","@id":"https:\/\/blogdofarnesio.com.br\/?p=143086","url":"https:\/\/blogdofarnesio.com.br\/?p=143086","name":"MOVIMENTO \u2018JUAZEIRO NO RUMO CERTO\u2019 DISCUTE POL\u00cdTICAS P\u00daBLICAS COM LIDERAN\u00c7AS DA \u00c1REA RURAL - Blog do Farn\u00e9sio","isPartOf":{"@id":"https:\/\/blogdofarnesio.com.br\/#website"},"primaryImageOfPage":{"@id":"https:\/\/blogdofarnesio.com.br\/?p=143086#primaryimage"},"image":{"@id":"https:\/\/blogdofarnesio.com.br\/?p=143086#primaryimage"},"thumbnailUrl":"http:\/\/www.quersaberpolitica.com.br\/2016\/wp-content\/uploads\/2016\/06\/blogqsp-juazeiro-rumocerto-.jpg","datePublished":"2016-06-03T22:00:37+00:00","breadcrumb":{"@id":"https:\/\/blogdofarnesio.com.br\/?p=143086#breadcrumb"},"inLanguage":"pt-BR","potentialAction":[{"@type":"ReadAction","target":["https:\/\/blogdofarnesio.com.br\/?p=143086"]}]},{"@type":"ImageObject","inLanguage":"pt-BR","@id":"https:\/\/blogdofarnesio.com.br\/?p=143086#primaryimage","url":"http:\/\/www.quersaberpolitica.com.br\/2016\/wp-content\/uploads\/2016\/06\/blogqsp-juazeiro-rumocerto-.jpg","contentUrl":"http:\/\/www.quersaberpolitica.com.br\/2016\/wp-content\/uploads\/2016\/06\/blogqsp-juazeiro-rumocerto-.jpg"},{"@type":"BreadcrumbList","@id":"https:\/\/blogdofarnesio.com.br\/?p=143086#breadcrumb","itemListElement":[{"@type":"ListItem","position":1,"name":"In\u00edcio","item":"https:\/\/blogdofarnesio.com.br\/"},{"@type":"ListItem","position":2,"name":"MOVIMENTO \u2018JUAZEIRO NO RUMO CERTO\u2019 DISCUTE POL\u00cdTICAS P\u00daBLICAS COM LIDERAN\u00c7AS DA \u00c1REA RURAL"}]},{"@type":"WebSite","@id":"https:\/\/blogdofarnesio.com.br\/#website","url":"https:\/\/blogdofarnesio.com.br\/","name":"Blog do Farn\u00e9sio","description":"Quer Saber Pol\u00edtica?","publisher":{"@id":"https:\/\/blogdofarnesio.com.br\/#organization"},"potentialAction":[{"@type":"SearchAction","target":{"@type":"EntryPoint","urlTemplate":"https:\/\/blogdofarnesio.com.br\/?s={search_term_string}"},"query-input":{"@type":"PropertyValueSpecification","valueRequired":true,"valueName":"search_term_string"}}],"inLanguage":"pt-BR"},{"@type":"Organization","@id":"https:\/\/blogdofarnesio.com.br\/#organization","name":"Blog do Farn\u00e9sio","url":"https:\/\/blogdofarnesio.com.br\/","logo":{"@type":"ImageObject","inLanguage":"pt-BR","@id":"https:\/\/blogdofarnesio.com.br\/#\/schema\/logo\/image\/","url":"https:\/\/blogdofarnesio.com.br\/wp-content\/uploads\/2026\/03\/cropped-logo_new-1.png","contentUrl":"https:\/\/blogdofarnesio.com.br\/wp-content\/uploads\/2026\/03\/cropped-logo_new-1.png","width":881,"height":685,"caption":"Blog do Farn\u00e9sio"},"image":{"@id":"https:\/\/blogdofarnesio.com.br\/#\/schema\/logo\/image\/"},"sameAs":["https:\/\/www.facebook.com\/BlogQuerSaberPolitica\/"]},{"@type":"Person","@id":"","url":"https:\/\/blogdofarnesio.com.br\/?author=7"}]}},"_links":{"self":[{"href":"https:\/\/blogdofarnesio.com.br\/index.php?rest_route=\/wp\/v2\/posts\/143086","targetHints":{"allow":["GET"]}}],"collection":[{"href":"https:\/\/blogdofarnesio.com.br\/index.php?rest_route=\/wp\/v2\/posts"}],"about":[{"href":"https:\/\/blogdofarnesio.com.br\/index.php?rest_route=\/wp\/v2\/types\/post"}],"author":[{"embeddable":true,"href":"https:\/\/blogdofarnesio.com.br\/index.php?rest_route=\/wp\/v2\/users\/7"}],"replies":[{"embeddable":true,"href":"https:\/\/blogdofarnesio.com.br\/index.php?rest_route=%2Fwp%2Fv2%2Fcomments&post=143086"}],"version-history":[{"count":0,"href":"https:\/\/blogdofarnesio.com.br\/index.php?rest_route=\/wp\/v2\/posts\/143086\/revisions"}],"wp:attachment":[{"href":"https:\/\/blogdofarnesio.com.br\/index.php?rest_route=%2Fwp%2Fv2%2Fmedia&parent=143086"}],"wp:term":[{"taxonomy":"category","embeddable":true,"href":"https:\/\/blogdofarnesio.com.br\/index.php?rest_route=%2Fwp%2Fv2%2Fcategories&post=143086"},{"taxonomy":"post_tag","embeddable":true,"href":"https:\/\/blogdofarnesio.com.br\/index.php?rest_route=%2Fwp%2Fv2%2Ftags&post=143086"}],"curies":[{"name":"wp","href":"https:\/\/api.w.org\/{rel}","templated":true}]}}