{"id":142748,"date":"2016-05-28T08:00:50","date_gmt":"2016-05-28T11:00:50","guid":{"rendered":"http:\/\/www.quersaberpolitica.com.br\/?p=142748"},"modified":"2016-05-27T20:16:06","modified_gmt":"2016-05-27T23:16:06","slug":"142748","status":"publish","type":"post","link":"https:\/\/blogdofarnesio.com.br\/?p=142748","title":{"rendered":"DIRETO DE UAU\u00c1"},"content":{"rendered":"<div class=\"bigpicture_heading\">\n<h1 class=\"entry_title\" style=\"text-align: center\">PREFEITO OLIMPINHO PEDE INTERVEN\u00c7\u00c3O DO COMANDO GERAL DA PM, PARA RESOLVER &#8220;DESENTENDIMENTO&#8221; COM PELOT\u00c3O LOCAL<\/h1>\n<\/div>\n<div class=\"single_postmeta\">\n<div class=\"addthis_toolbox addthis_default_style \">\n<div class=\"fb-like fb_iframe_widget\" style=\"text-align: justify\">\n<figure id=\"attachment_20438\" aria-describedby=\"caption-attachment-20438\" style=\"width: 420px\" class=\"wp-caption aligncenter\"><a href=\"http:\/\/acaopopular.net\/jornal\/dividas-com-inss-faz-prefeito-de-uaua-ba-propor-entrega-das-chaves-da-prefeitura\/prefeito-olimpio-cardoso\/\" rel=\"attachment wp-att-20438\"><img loading=\"lazy\" decoding=\"async\" class=\"wp-image-20438\" src=\"http:\/\/acaopopular.net\/jornal\/wp-content\/uploads\/2013\/10\/Prefeito-Olimpio-Cardoso.jpg\" alt=\"Prefeito Olimpio Cardoso\" width=\"420\" height=\"281\" \/><\/a><figcaption id=\"caption-attachment-20438\" class=\"wp-caption-text\">Prefeito Ol\u00edmpio Cardoso<\/figcaption><\/figure>\n<p><strong>AP<\/strong> &#8211; O munic\u00edpio de Uau\u00e1, atrav\u00e9s da Secretaria de Sa\u00fade, foi surpreendido nos \u00faltimos dias com os recebimentos de notifica\u00e7\u00f5es de multas, tendo como \u00f3rg\u00e3os autuadores o DETRAN\/BA. O fato n\u00e3o seria surpresa, caso n\u00e3o se fossem adotadas as provid\u00eancias para se saber como tais multas foram originadas, j\u00e1 que, os ve\u00edculos adquiridos com muito esfor\u00e7o, sequer, na ocasi\u00e3o estavam portando suas respectivas placas policiais.<\/p>\n<\/div>\n<\/div>\n<\/div>\n<p class=\"x_x_MsoNormal\" style=\"text-align: justify\">Diante do fato, o Prefeito\u00a0Ol\u00edmpio\u00a0Cardoso enviou um of\u00edcio ao comandante-geral da Pol\u00edcia Militar da Bahia, Anselmo Brand\u00e3o, para solicitar que adotasse as medidas\u00a0cab\u00edveis\u00a0no munic\u00edpio de Uau\u00e1.\u00a0No of\u00edcio de\u00a0n\u00b0 112\/2016\u00a0diz\u00a0que\u00a0estranhamente as emiss\u00f5es das notifica\u00e7\u00f5es de multas, dentre elas, a CIRETRAN, eram da cidade de Euclides da Cunha, \u00f3rg\u00e3o este que diretamente \u00e9 vinculada a RETRAN de Uau\u00e1<\/p>\n<p class=\"x_x_MsoNormal\" style=\"text-align: justify\">Ainda assim,\u00a0Ol\u00edmpio\u00a0relatou que os fatos de irregularidades passaram a ser noticiados nos quatros cantos da cidade, dando\u00a0conta de que os poss\u00edveis ou supostos, agentes autuadores das multas seriam prepostos militares, lotados e em exerc\u00edcio no pelot\u00e3o do munic\u00edpio de Uau\u00e1.<\/p>\n<table class=\"x_x_MsoNormalTable aligncenter\" border=\"0\" width=\"149%\" cellspacing=\"0\" cellpadding=\"0\">\n<tbody>\n<tr>\n<td width=\"67%\">\n<p class=\"x_x_MsoNormal\" style=\"text-align: justify\"><strong>O of\u00edcio diz que<\/strong> \u2018os militares envolvidos, al\u00e9m de atacarem de frente o seu regramento militar, praticaram ou v\u00eaem praticando crimes previstos\u2019, em s\u00edntese, no Artigo 11, da\u00a0<a href=\"http:\/\/legislacao.planalto.gov.br\/legisla\/legislacao.nsf\/Viw_Identificacao\/lei%208.429-1992?OpenDocument\" target=\"_blank\"><b>LEI N\u00ba 8.429, DE 2 DE JUNHO DE 1992<\/b>, que<\/a>:\u00a0\u00a0\u201cdisp\u00f5e sobre as san\u00e7\u00f5es aplic\u00e1veis aos agentes p\u00fablicos nos casos de enriquecimento il\u00edcito no exerc\u00edcio de mandato, cargo, emprego ou fun\u00e7\u00e3o na administra\u00e7\u00e3o p\u00fablica direta, indireta ou fundacional e d\u00e1 outras provid\u00eancias\u201d.<\/p>\n<\/td>\n<td width=\"32%\"><\/td>\n<\/tr>\n<\/tbody>\n<\/table>\n<p class=\"x_x_MsoNormal\" style=\"text-align: justify\"><!--more-->De acordo com o of\u00edcio, \u201cos militares que est\u00e3o praticando este ato t\u00eam causado diversos transtornos a popula\u00e7\u00e3o de Uau\u00e1, ocasionando instabilidade social, inquieta\u00e7\u00e3o a ela, com noticias de abuso de poder, ofensas morais a civis, apreens\u00e3o de ve\u00edculos de forma irregular, estes os quais, inclusive, s\u00e3o levados para o p\u00e1tio do Pelot\u00e3o local, sem instaura\u00e7\u00e3o de qualquer procedimento de natureza policial\u201d.<\/p>\n<p class=\"x_x_MsoNormal\" style=\"text-align: justify\">Devido ao fato, circulou nas redes sociais uma carta an\u00f4nima que den\u00fancia o comportamento de alguns policiais militares do munic\u00edpio.<\/p>\n<p class=\"x_x_MsoNormal\" style=\"text-align: justify\">Diante da situa\u00e7\u00e3o, o\u00a0Prefeito\u00a0Ol\u00edmpio\u00a0Cardoso esteve em Salvador na \u00faltima quarta-feira (25) reunido\u00a0com o\u00a0comandante-geral da Pol\u00edcia Militar da Bahia, Coronel\u00a0Anselmo Brand\u00e3o. Na oportunidade, ele relatou todo o fato e solicitou do\u00a0comandante resolver o impasse. Por outro lado, o governador Rui Costa e o Minist\u00e9rio P\u00fablico est\u00e3o sendo alertados sobre o problema.<\/p>\n<p><a href=\"http:\/\/acaopopular.net\/jornal\/pms-tem-um-comandante-que-sabe-tratar-bem-as-pessoas-diz-anselmo-brandao\/anselmo-brandao\/\" rel=\"attachment wp-att-65462\"><img loading=\"lazy\" decoding=\"async\" class=\"wp-image-65462 \" src=\"http:\/\/acaopopular.net\/jornal\/wp-content\/uploads\/2015\/06\/anselmo-brandao.jpg\" alt=\"anselmo brandao\" width=\"423\" height=\"205\" \/><\/a><\/p>\n<p class=\"x_x_MsoNormal\" style=\"text-align: justify\">A reportagem do <em><strong>AP<\/strong><\/em> tentou ouvir o Coronel Anselma Brand\u00e3o nesta quinta-feira (26), em Juazeiro, e n\u00e3o conseguiu.<\/p>\n<p class=\"x_x_MsoNormal\" style=\"text-align: justify\">A reportagem tentou contato ainda com o comando militar, em Uau\u00e1, e n\u00e3o conseguiu.<\/p>\n","protected":false},"excerpt":{"rendered":"<p>PREFEITO OLIMPINHO PEDE INTERVEN\u00c7\u00c3O DO COMANDO GERAL DA PM, PARA RESOLVER &#8220;DESENTENDIMENTO&#8221; COM PELOT\u00c3O LOCAL AP &#8211; O munic\u00edpio de Uau\u00e1, atrav\u00e9s da Secretaria de Sa\u00fade, foi surpreendido nos \u00faltimos dias com os recebimentos de notifica\u00e7\u00f5es de multas, tendo como \u00f3rg\u00e3os autuadores o DETRAN\/BA. O fato n\u00e3o seria surpresa, caso n\u00e3o se fossem adotadas as provid\u00eancias para se saber como tais multas foram originadas, j\u00e1 que, os ve\u00edculos adquiridos com muito esfor\u00e7o, sequer, na ocasi\u00e3o estavam portando suas respectivas placas policiais. Diante do fato, o Prefeito\u00a0Ol\u00edmpio\u00a0Cardoso enviou um of\u00edcio ao comandante-geral da Pol\u00edcia Militar da Bahia, Anselmo Brand\u00e3o, para solicitar que adotasse as medidas\u00a0cab\u00edveis\u00a0no munic\u00edpio de Uau\u00e1.\u00a0No of\u00edcio de\u00a0n\u00b0 112\/2016\u00a0diz\u00a0que\u00a0estranhamente as emiss\u00f5es das notifica\u00e7\u00f5es de multas, dentre elas, a CIRETRAN,&hellip; <\/p>\n","protected":false},"author":3,"featured_media":0,"comment_status":"open","ping_status":"open","sticky":false,"template":"","format":"standard","meta":{"_acf_changed":false,"footnotes":""},"categories":[27,5],"tags":[],"class_list":["post-142748","post","type-post","status-publish","format-standard","hentry","category-cidades","category-seguranca"],"acf":[],"yoast_head":"<!-- This site is optimized with the Yoast SEO plugin v27.4 - https:\/\/yoast.com\/product\/yoast-seo-wordpress\/ -->\n<title>DIRETO DE UAU\u00c1 - Blog do Farn\u00e9sio<\/title>\n<meta name=\"robots\" content=\"index, follow, max-snippet:-1, max-image-preview:large, max-video-preview:-1\" \/>\n<link rel=\"canonical\" href=\"https:\/\/blogdofarnesio.com.br\/?p=142748\" \/>\n<meta property=\"og:locale\" content=\"pt_BR\" \/>\n<meta property=\"og:type\" content=\"article\" \/>\n<meta property=\"og:title\" content=\"DIRETO DE UAU\u00c1 - Blog do Farn\u00e9sio\" \/>\n<meta property=\"og:description\" content=\"PREFEITO OLIMPINHO PEDE INTERVEN\u00c7\u00c3O DO COMANDO GERAL DA PM, PARA RESOLVER &#8220;DESENTENDIMENTO&#8221; COM PELOT\u00c3O LOCAL AP &#8211; O munic\u00edpio de Uau\u00e1, atrav\u00e9s da Secretaria de Sa\u00fade, foi surpreendido nos \u00faltimos dias com os recebimentos de notifica\u00e7\u00f5es de multas, tendo como \u00f3rg\u00e3os autuadores o DETRAN\/BA. O fato n\u00e3o seria surpresa, caso n\u00e3o se fossem adotadas as provid\u00eancias para se saber como tais multas foram originadas, j\u00e1 que, os ve\u00edculos adquiridos com muito esfor\u00e7o, sequer, na ocasi\u00e3o estavam portando suas respectivas placas policiais. Diante do fato, o Prefeito\u00a0Ol\u00edmpio\u00a0Cardoso enviou um of\u00edcio ao comandante-geral da Pol\u00edcia Militar da Bahia, Anselmo Brand\u00e3o, para solicitar que adotasse as medidas\u00a0cab\u00edveis\u00a0no munic\u00edpio de Uau\u00e1.\u00a0No of\u00edcio de\u00a0n\u00b0 112\/2016\u00a0diz\u00a0que\u00a0estranhamente as emiss\u00f5es das notifica\u00e7\u00f5es de multas, dentre elas, a CIRETRAN,&hellip;\" \/>\n<meta property=\"og:url\" content=\"https:\/\/blogdofarnesio.com.br\/?p=142748\" \/>\n<meta property=\"og:site_name\" content=\"Blog do Farn\u00e9sio\" \/>\n<meta property=\"article:publisher\" content=\"https:\/\/www.facebook.com\/BlogQuerSaberPolitica\/\" \/>\n<meta property=\"article:published_time\" content=\"2016-05-28T11:00:50+00:00\" \/>\n<meta property=\"og:image\" content=\"http:\/\/acaopopular.net\/jornal\/wp-content\/uploads\/2013\/10\/Prefeito-Olimpio-Cardoso.jpg\" \/>\n<meta name=\"author\" content=\"teste\" \/>\n<meta name=\"twitter:card\" content=\"summary_large_image\" \/>\n<meta name=\"twitter:label1\" content=\"Escrito por\" \/>\n\t<meta name=\"twitter:data1\" content=\"teste\" \/>\n\t<meta name=\"twitter:label2\" content=\"Est. tempo de leitura\" \/>\n\t<meta name=\"twitter:data2\" content=\"3 minutos\" \/>\n<script type=\"application\/ld+json\" class=\"yoast-schema-graph\">{\"@context\":\"https:\\\/\\\/schema.org\",\"@graph\":[{\"@type\":\"Article\",\"@id\":\"https:\\\/\\\/blogdofarnesio.com.br\\\/?p=142748#article\",\"isPartOf\":{\"@id\":\"https:\\\/\\\/blogdofarnesio.com.br\\\/?p=142748\"},\"author\":{\"name\":\"teste\",\"@id\":\"https:\\\/\\\/blogdofarnesio.com.br\\\/#\\\/schema\\\/person\\\/dd1bf5eba40b687199ba45ca6b97dff9\"},\"headline\":\"DIRETO DE UAU\u00c1\",\"datePublished\":\"2016-05-28T11:00:50+00:00\",\"mainEntityOfPage\":{\"@id\":\"https:\\\/\\\/blogdofarnesio.com.br\\\/?p=142748\"},\"wordCount\":503,\"commentCount\":0,\"publisher\":{\"@id\":\"https:\\\/\\\/blogdofarnesio.com.br\\\/#organization\"},\"image\":{\"@id\":\"https:\\\/\\\/blogdofarnesio.com.br\\\/?p=142748#primaryimage\"},\"thumbnailUrl\":\"http:\\\/\\\/acaopopular.net\\\/jornal\\\/wp-content\\\/uploads\\\/2013\\\/10\\\/Prefeito-Olimpio-Cardoso.jpg\",\"articleSection\":[\"Cidades\",\"Seguran\u00e7a\"],\"inLanguage\":\"pt-BR\",\"potentialAction\":[{\"@type\":\"CommentAction\",\"name\":\"Comment\",\"target\":[\"https:\\\/\\\/blogdofarnesio.com.br\\\/?p=142748#respond\"]}]},{\"@type\":\"WebPage\",\"@id\":\"https:\\\/\\\/blogdofarnesio.com.br\\\/?p=142748\",\"url\":\"https:\\\/\\\/blogdofarnesio.com.br\\\/?p=142748\",\"name\":\"DIRETO DE UAU\u00c1 - Blog do Farn\u00e9sio\",\"isPartOf\":{\"@id\":\"https:\\\/\\\/blogdofarnesio.com.br\\\/#website\"},\"primaryImageOfPage\":{\"@id\":\"https:\\\/\\\/blogdofarnesio.com.br\\\/?p=142748#primaryimage\"},\"image\":{\"@id\":\"https:\\\/\\\/blogdofarnesio.com.br\\\/?p=142748#primaryimage\"},\"thumbnailUrl\":\"http:\\\/\\\/acaopopular.net\\\/jornal\\\/wp-content\\\/uploads\\\/2013\\\/10\\\/Prefeito-Olimpio-Cardoso.jpg\",\"datePublished\":\"2016-05-28T11:00:50+00:00\",\"breadcrumb\":{\"@id\":\"https:\\\/\\\/blogdofarnesio.com.br\\\/?p=142748#breadcrumb\"},\"inLanguage\":\"pt-BR\",\"potentialAction\":[{\"@type\":\"ReadAction\",\"target\":[\"https:\\\/\\\/blogdofarnesio.com.br\\\/?p=142748\"]}]},{\"@type\":\"ImageObject\",\"inLanguage\":\"pt-BR\",\"@id\":\"https:\\\/\\\/blogdofarnesio.com.br\\\/?p=142748#primaryimage\",\"url\":\"http:\\\/\\\/acaopopular.net\\\/jornal\\\/wp-content\\\/uploads\\\/2013\\\/10\\\/Prefeito-Olimpio-Cardoso.jpg\",\"contentUrl\":\"http:\\\/\\\/acaopopular.net\\\/jornal\\\/wp-content\\\/uploads\\\/2013\\\/10\\\/Prefeito-Olimpio-Cardoso.jpg\"},{\"@type\":\"BreadcrumbList\",\"@id\":\"https:\\\/\\\/blogdofarnesio.com.br\\\/?p=142748#breadcrumb\",\"itemListElement\":[{\"@type\":\"ListItem\",\"position\":1,\"name\":\"In\u00edcio\",\"item\":\"https:\\\/\\\/blogdofarnesio.com.br\\\/\"},{\"@type\":\"ListItem\",\"position\":2,\"name\":\"DIRETO DE UAU\u00c1\"}]},{\"@type\":\"WebSite\",\"@id\":\"https:\\\/\\\/blogdofarnesio.com.br\\\/#website\",\"url\":\"https:\\\/\\\/blogdofarnesio.com.br\\\/\",\"name\":\"Blog do Farn\u00e9sio\",\"description\":\"Quer Saber Pol\u00edtica?\",\"publisher\":{\"@id\":\"https:\\\/\\\/blogdofarnesio.com.br\\\/#organization\"},\"potentialAction\":[{\"@type\":\"SearchAction\",\"target\":{\"@type\":\"EntryPoint\",\"urlTemplate\":\"https:\\\/\\\/blogdofarnesio.com.br\\\/?s={search_term_string}\"},\"query-input\":{\"@type\":\"PropertyValueSpecification\",\"valueRequired\":true,\"valueName\":\"search_term_string\"}}],\"inLanguage\":\"pt-BR\"},{\"@type\":\"Organization\",\"@id\":\"https:\\\/\\\/blogdofarnesio.com.br\\\/#organization\",\"name\":\"Blog do Farn\u00e9sio\",\"url\":\"https:\\\/\\\/blogdofarnesio.com.br\\\/\",\"logo\":{\"@type\":\"ImageObject\",\"inLanguage\":\"pt-BR\",\"@id\":\"https:\\\/\\\/blogdofarnesio.com.br\\\/#\\\/schema\\\/logo\\\/image\\\/\",\"url\":\"https:\\\/\\\/blogdofarnesio.com.br\\\/wp-content\\\/uploads\\\/2026\\\/03\\\/cropped-logo_new-1.png\",\"contentUrl\":\"https:\\\/\\\/blogdofarnesio.com.br\\\/wp-content\\\/uploads\\\/2026\\\/03\\\/cropped-logo_new-1.png\",\"width\":881,\"height\":685,\"caption\":\"Blog do Farn\u00e9sio\"},\"image\":{\"@id\":\"https:\\\/\\\/blogdofarnesio.com.br\\\/#\\\/schema\\\/logo\\\/image\\\/\"},\"sameAs\":[\"https:\\\/\\\/www.facebook.com\\\/BlogQuerSaberPolitica\\\/\"]},{\"@type\":\"Person\",\"@id\":\"https:\\\/\\\/blogdofarnesio.com.br\\\/#\\\/schema\\\/person\\\/dd1bf5eba40b687199ba45ca6b97dff9\",\"name\":\"teste\",\"image\":{\"@type\":\"ImageObject\",\"inLanguage\":\"pt-BR\",\"@id\":\"https:\\\/\\\/secure.gravatar.com\\\/avatar\\\/2172498d4914b51e1d89a0f97957b035ac4938723a5cac208135d389b6972a6d?s=96&d=mm&r=g\",\"url\":\"https:\\\/\\\/secure.gravatar.com\\\/avatar\\\/2172498d4914b51e1d89a0f97957b035ac4938723a5cac208135d389b6972a6d?s=96&d=mm&r=g\",\"contentUrl\":\"https:\\\/\\\/secure.gravatar.com\\\/avatar\\\/2172498d4914b51e1d89a0f97957b035ac4938723a5cac208135d389b6972a6d?s=96&d=mm&r=g\",\"caption\":\"teste\"},\"url\":\"https:\\\/\\\/blogdofarnesio.com.br\\\/?author=3\"}]}<\/script>\n<!-- \/ Yoast SEO plugin. -->","yoast_head_json":{"title":"DIRETO DE UAU\u00c1 - Blog do Farn\u00e9sio","robots":{"index":"index","follow":"follow","max-snippet":"max-snippet:-1","max-image-preview":"max-image-preview:large","max-video-preview":"max-video-preview:-1"},"canonical":"https:\/\/blogdofarnesio.com.br\/?p=142748","og_locale":"pt_BR","og_type":"article","og_title":"DIRETO DE UAU\u00c1 - Blog do Farn\u00e9sio","og_description":"PREFEITO OLIMPINHO PEDE INTERVEN\u00c7\u00c3O DO COMANDO GERAL DA PM, PARA RESOLVER &#8220;DESENTENDIMENTO&#8221; COM PELOT\u00c3O LOCAL AP &#8211; O munic\u00edpio de Uau\u00e1, atrav\u00e9s da Secretaria de Sa\u00fade, foi surpreendido nos \u00faltimos dias com os recebimentos de notifica\u00e7\u00f5es de multas, tendo como \u00f3rg\u00e3os autuadores o DETRAN\/BA. O fato n\u00e3o seria surpresa, caso n\u00e3o se fossem adotadas as provid\u00eancias para se saber como tais multas foram originadas, j\u00e1 que, os ve\u00edculos adquiridos com muito esfor\u00e7o, sequer, na ocasi\u00e3o estavam portando suas respectivas placas policiais. Diante do fato, o Prefeito\u00a0Ol\u00edmpio\u00a0Cardoso enviou um of\u00edcio ao comandante-geral da Pol\u00edcia Militar da Bahia, Anselmo Brand\u00e3o, para solicitar que adotasse as medidas\u00a0cab\u00edveis\u00a0no munic\u00edpio de Uau\u00e1.\u00a0No of\u00edcio de\u00a0n\u00b0 112\/2016\u00a0diz\u00a0que\u00a0estranhamente as emiss\u00f5es das notifica\u00e7\u00f5es de multas, dentre elas, a CIRETRAN,&hellip;","og_url":"https:\/\/blogdofarnesio.com.br\/?p=142748","og_site_name":"Blog do Farn\u00e9sio","article_publisher":"https:\/\/www.facebook.com\/BlogQuerSaberPolitica\/","article_published_time":"2016-05-28T11:00:50+00:00","og_image":[{"url":"http:\/\/acaopopular.net\/jornal\/wp-content\/uploads\/2013\/10\/Prefeito-Olimpio-Cardoso.jpg","type":"","width":"","height":""}],"author":"teste","twitter_card":"summary_large_image","twitter_misc":{"Escrito por":"teste","Est. tempo de leitura":"3 minutos"},"schema":{"@context":"https:\/\/schema.org","@graph":[{"@type":"Article","@id":"https:\/\/blogdofarnesio.com.br\/?p=142748#article","isPartOf":{"@id":"https:\/\/blogdofarnesio.com.br\/?p=142748"},"author":{"name":"teste","@id":"https:\/\/blogdofarnesio.com.br\/#\/schema\/person\/dd1bf5eba40b687199ba45ca6b97dff9"},"headline":"DIRETO DE UAU\u00c1","datePublished":"2016-05-28T11:00:50+00:00","mainEntityOfPage":{"@id":"https:\/\/blogdofarnesio.com.br\/?p=142748"},"wordCount":503,"commentCount":0,"publisher":{"@id":"https:\/\/blogdofarnesio.com.br\/#organization"},"image":{"@id":"https:\/\/blogdofarnesio.com.br\/?p=142748#primaryimage"},"thumbnailUrl":"http:\/\/acaopopular.net\/jornal\/wp-content\/uploads\/2013\/10\/Prefeito-Olimpio-Cardoso.jpg","articleSection":["Cidades","Seguran\u00e7a"],"inLanguage":"pt-BR","potentialAction":[{"@type":"CommentAction","name":"Comment","target":["https:\/\/blogdofarnesio.com.br\/?p=142748#respond"]}]},{"@type":"WebPage","@id":"https:\/\/blogdofarnesio.com.br\/?p=142748","url":"https:\/\/blogdofarnesio.com.br\/?p=142748","name":"DIRETO DE UAU\u00c1 - Blog do Farn\u00e9sio","isPartOf":{"@id":"https:\/\/blogdofarnesio.com.br\/#website"},"primaryImageOfPage":{"@id":"https:\/\/blogdofarnesio.com.br\/?p=142748#primaryimage"},"image":{"@id":"https:\/\/blogdofarnesio.com.br\/?p=142748#primaryimage"},"thumbnailUrl":"http:\/\/acaopopular.net\/jornal\/wp-content\/uploads\/2013\/10\/Prefeito-Olimpio-Cardoso.jpg","datePublished":"2016-05-28T11:00:50+00:00","breadcrumb":{"@id":"https:\/\/blogdofarnesio.com.br\/?p=142748#breadcrumb"},"inLanguage":"pt-BR","potentialAction":[{"@type":"ReadAction","target":["https:\/\/blogdofarnesio.com.br\/?p=142748"]}]},{"@type":"ImageObject","inLanguage":"pt-BR","@id":"https:\/\/blogdofarnesio.com.br\/?p=142748#primaryimage","url":"http:\/\/acaopopular.net\/jornal\/wp-content\/uploads\/2013\/10\/Prefeito-Olimpio-Cardoso.jpg","contentUrl":"http:\/\/acaopopular.net\/jornal\/wp-content\/uploads\/2013\/10\/Prefeito-Olimpio-Cardoso.jpg"},{"@type":"BreadcrumbList","@id":"https:\/\/blogdofarnesio.com.br\/?p=142748#breadcrumb","itemListElement":[{"@type":"ListItem","position":1,"name":"In\u00edcio","item":"https:\/\/blogdofarnesio.com.br\/"},{"@type":"ListItem","position":2,"name":"DIRETO DE UAU\u00c1"}]},{"@type":"WebSite","@id":"https:\/\/blogdofarnesio.com.br\/#website","url":"https:\/\/blogdofarnesio.com.br\/","name":"Blog do Farn\u00e9sio","description":"Quer Saber Pol\u00edtica?","publisher":{"@id":"https:\/\/blogdofarnesio.com.br\/#organization"},"potentialAction":[{"@type":"SearchAction","target":{"@type":"EntryPoint","urlTemplate":"https:\/\/blogdofarnesio.com.br\/?s={search_term_string}"},"query-input":{"@type":"PropertyValueSpecification","valueRequired":true,"valueName":"search_term_string"}}],"inLanguage":"pt-BR"},{"@type":"Organization","@id":"https:\/\/blogdofarnesio.com.br\/#organization","name":"Blog do Farn\u00e9sio","url":"https:\/\/blogdofarnesio.com.br\/","logo":{"@type":"ImageObject","inLanguage":"pt-BR","@id":"https:\/\/blogdofarnesio.com.br\/#\/schema\/logo\/image\/","url":"https:\/\/blogdofarnesio.com.br\/wp-content\/uploads\/2026\/03\/cropped-logo_new-1.png","contentUrl":"https:\/\/blogdofarnesio.com.br\/wp-content\/uploads\/2026\/03\/cropped-logo_new-1.png","width":881,"height":685,"caption":"Blog do Farn\u00e9sio"},"image":{"@id":"https:\/\/blogdofarnesio.com.br\/#\/schema\/logo\/image\/"},"sameAs":["https:\/\/www.facebook.com\/BlogQuerSaberPolitica\/"]},{"@type":"Person","@id":"https:\/\/blogdofarnesio.com.br\/#\/schema\/person\/dd1bf5eba40b687199ba45ca6b97dff9","name":"teste","image":{"@type":"ImageObject","inLanguage":"pt-BR","@id":"https:\/\/secure.gravatar.com\/avatar\/2172498d4914b51e1d89a0f97957b035ac4938723a5cac208135d389b6972a6d?s=96&d=mm&r=g","url":"https:\/\/secure.gravatar.com\/avatar\/2172498d4914b51e1d89a0f97957b035ac4938723a5cac208135d389b6972a6d?s=96&d=mm&r=g","contentUrl":"https:\/\/secure.gravatar.com\/avatar\/2172498d4914b51e1d89a0f97957b035ac4938723a5cac208135d389b6972a6d?s=96&d=mm&r=g","caption":"teste"},"url":"https:\/\/blogdofarnesio.com.br\/?author=3"}]}},"_links":{"self":[{"href":"https:\/\/blogdofarnesio.com.br\/index.php?rest_route=\/wp\/v2\/posts\/142748","targetHints":{"allow":["GET"]}}],"collection":[{"href":"https:\/\/blogdofarnesio.com.br\/index.php?rest_route=\/wp\/v2\/posts"}],"about":[{"href":"https:\/\/blogdofarnesio.com.br\/index.php?rest_route=\/wp\/v2\/types\/post"}],"author":[{"embeddable":true,"href":"https:\/\/blogdofarnesio.com.br\/index.php?rest_route=\/wp\/v2\/users\/3"}],"replies":[{"embeddable":true,"href":"https:\/\/blogdofarnesio.com.br\/index.php?rest_route=%2Fwp%2Fv2%2Fcomments&post=142748"}],"version-history":[{"count":0,"href":"https:\/\/blogdofarnesio.com.br\/index.php?rest_route=\/wp\/v2\/posts\/142748\/revisions"}],"wp:attachment":[{"href":"https:\/\/blogdofarnesio.com.br\/index.php?rest_route=%2Fwp%2Fv2%2Fmedia&parent=142748"}],"wp:term":[{"taxonomy":"category","embeddable":true,"href":"https:\/\/blogdofarnesio.com.br\/index.php?rest_route=%2Fwp%2Fv2%2Fcategories&post=142748"},{"taxonomy":"post_tag","embeddable":true,"href":"https:\/\/blogdofarnesio.com.br\/index.php?rest_route=%2Fwp%2Fv2%2Ftags&post=142748"}],"curies":[{"name":"wp","href":"https:\/\/api.w.org\/{rel}","templated":true}]}}