{"id":142747,"date":"2016-05-28T08:30:59","date_gmt":"2016-05-28T11:30:59","guid":{"rendered":"http:\/\/www.quersaberpolitica.com.br\/?p=142747"},"modified":"2016-05-27T19:45:11","modified_gmt":"2016-05-27T22:45:11","slug":"recebidos-com-violencia-estudantes-protestam-contra-o-governador-camara-em-inauguracao-de-escola","status":"publish","type":"post","link":"https:\/\/blogdofarnesio.com.br\/?p=142747","title":{"rendered":"RECEBIDOS COM VIOL\u00caNCIA, ESTUDANTES PROTESTAM CONTRA O GOVERNADOR C\u00c2MARA, EM INAUGURA\u00c7\u00c3O DE ESCOLA"},"content":{"rendered":"<header class=\"entry-header\"><img loading=\"lazy\" decoding=\"async\" class=\"attachment-post-thumbnail  wp-post-image aligncenter\" src=\"http:\/\/imagens2.ne10.uol.com.br\/blogsne10\/jamildo\/uploads\/2016\/05\/protesto-paulo-camara.jpg\" alt=\"Foto: Guga Matos\/JC Imagem\" width=\"421\" height=\"284\" \/><\/header>\n<div class=\"entry-content\">\n<p><em>Com informa\u00e7\u00f5es do <a href=\"http:\/\/jconline.ne10.uol.com.br\/canal\/politica\/pernambuco\/noticia\/2016\/05\/27\/paulo-camara-enfrenta-protesto-de-estudantes-durante-entrega-de-escola-tecnica-em-sao-lourenco-237697.php\" target=\"_blank\">Jornal do Commercio<\/a><\/em><\/p>\n<p>Estudantes de S\u00e3o Louren\u00e7o da Mata, na Regi\u00e3o Metropolitana do Recife, aproveitaram a presen\u00e7a do governador Paulo C\u00e2mara (PSB) na inaugura\u00e7\u00e3o da Escola T\u00e9cnica Estadual Governador Eduardo Campos, tamb\u00e9m no munic\u00edpio, nesta sexta-feira (27), para protestar por melhorias para a pr\u00f3pria escola. Policiais militares usaram spray de pimenta e houve viol\u00eancia para dispersar os adolescentes.<\/p>\n<p>Ap\u00f3s a inaugura\u00e7\u00e3o da escola t\u00e9cnica, os alunos da Escola de Refer\u00eancia em Ensino M\u00e9dio Conde Pereira Carneiro se aproximaram de Paulo C\u00e2mara para reclamar sobre a merenda, a falta de fardamento, as condi\u00e7\u00f5es da quadra esportiva da unidade. Os tablets prometidos, segundo os estudantes, tamb\u00e9m n\u00e3o chegaram.<\/p>\n<p>Mesmo sem ser recebidos pelo governador, alguns adolescentes seguiram o socialista at\u00e9 o carro oficial e, na sa\u00edda, gritaram e fizeram cobran\u00e7as a ele.<\/p>\n<p>Estudantes relataram, por\u00e9m, que alguns policiais responderam ao protesto com viol\u00eancia. \u201cUma policial me puxou pela roupa. Eu disse a ela que estava ali para defender meu futuro e que n\u00e3o queria viol\u00eancia\u201d, afirmou \u00e0 reportagem do Jornal do Commercio Maria Eduarda Karolline, 15 anos.<\/p>\n<p>Um grupo de estudantes foi recebido pelo secret\u00e1rio de Educa\u00e7\u00e3o, Fred Am\u00e2ncio, que disse estar surpreso com as demandas porque a escola tem bons n\u00edveis de rendimento nos indicadores estaduais. As queixas dos alunos foram ouvidas e, segundo o secret\u00e1rio, anotadas para tomar provid\u00eancia<\/p>\n<\/div>\n","protected":false},"excerpt":{"rendered":"<p>Com informa\u00e7\u00f5es do Jornal do Commercio Estudantes de S\u00e3o Louren\u00e7o da Mata, na Regi\u00e3o Metropolitana do Recife, aproveitaram a presen\u00e7a do governador Paulo C\u00e2mara (PSB) na inaugura\u00e7\u00e3o da Escola T\u00e9cnica Estadual Governador Eduardo Campos, tamb\u00e9m no munic\u00edpio, nesta sexta-feira (27), para protestar por melhorias para a pr\u00f3pria escola. Policiais militares usaram spray de pimenta e houve viol\u00eancia para dispersar os adolescentes. Ap\u00f3s a inaugura\u00e7\u00e3o da escola t\u00e9cnica, os alunos da Escola de Refer\u00eancia em Ensino M\u00e9dio Conde Pereira Carneiro se aproximaram de Paulo C\u00e2mara para reclamar sobre a merenda, a falta de fardamento, as condi\u00e7\u00f5es da quadra esportiva da unidade. Os tablets prometidos, segundo os estudantes, tamb\u00e9m n\u00e3o chegaram. Mesmo sem ser recebidos pelo governador, alguns adolescentes seguiram o socialista&hellip; <\/p>\n","protected":false},"author":3,"featured_media":0,"comment_status":"open","ping_status":"open","sticky":false,"template":"","format":"standard","meta":{"_acf_changed":false,"footnotes":""},"categories":[1],"tags":[],"class_list":["post-142747","post","type-post","status-publish","format-standard","hentry","category-politica"],"acf":[],"yoast_head":"<!-- This site is optimized with the Yoast SEO plugin v27.4 - https:\/\/yoast.com\/product\/yoast-seo-wordpress\/ -->\n<title>RECEBIDOS COM VIOL\u00caNCIA, ESTUDANTES PROTESTAM CONTRA O GOVERNADOR C\u00c2MARA, EM INAUGURA\u00c7\u00c3O DE ESCOLA - Blog do Farn\u00e9sio<\/title>\n<meta name=\"robots\" content=\"index, follow, max-snippet:-1, max-image-preview:large, max-video-preview:-1\" \/>\n<link rel=\"canonical\" href=\"https:\/\/blogdofarnesio.com.br\/?p=142747\" \/>\n<meta property=\"og:locale\" content=\"pt_BR\" \/>\n<meta property=\"og:type\" content=\"article\" \/>\n<meta property=\"og:title\" content=\"RECEBIDOS COM VIOL\u00caNCIA, ESTUDANTES PROTESTAM CONTRA O GOVERNADOR C\u00c2MARA, EM INAUGURA\u00c7\u00c3O DE ESCOLA - Blog do Farn\u00e9sio\" \/>\n<meta property=\"og:description\" content=\"Com informa\u00e7\u00f5es do Jornal do Commercio Estudantes de S\u00e3o Louren\u00e7o da Mata, na Regi\u00e3o Metropolitana do Recife, aproveitaram a presen\u00e7a do governador Paulo C\u00e2mara (PSB) na inaugura\u00e7\u00e3o da Escola T\u00e9cnica Estadual Governador Eduardo Campos, tamb\u00e9m no munic\u00edpio, nesta sexta-feira (27), para protestar por melhorias para a pr\u00f3pria escola. Policiais militares usaram spray de pimenta e houve viol\u00eancia para dispersar os adolescentes. Ap\u00f3s a inaugura\u00e7\u00e3o da escola t\u00e9cnica, os alunos da Escola de Refer\u00eancia em Ensino M\u00e9dio Conde Pereira Carneiro se aproximaram de Paulo C\u00e2mara para reclamar sobre a merenda, a falta de fardamento, as condi\u00e7\u00f5es da quadra esportiva da unidade. Os tablets prometidos, segundo os estudantes, tamb\u00e9m n\u00e3o chegaram. Mesmo sem ser recebidos pelo governador, alguns adolescentes seguiram o socialista&hellip;\" \/>\n<meta property=\"og:url\" content=\"https:\/\/blogdofarnesio.com.br\/?p=142747\" \/>\n<meta property=\"og:site_name\" content=\"Blog do Farn\u00e9sio\" \/>\n<meta property=\"article:publisher\" content=\"https:\/\/www.facebook.com\/BlogQuerSaberPolitica\/\" \/>\n<meta property=\"article:published_time\" content=\"2016-05-28T11:30:59+00:00\" \/>\n<meta property=\"og:image\" content=\"http:\/\/imagens2.ne10.uol.com.br\/blogsne10\/jamildo\/uploads\/2016\/05\/protesto-paulo-camara.jpg\" \/>\n<meta name=\"author\" content=\"teste\" \/>\n<meta name=\"twitter:card\" content=\"summary_large_image\" \/>\n<meta name=\"twitter:label1\" content=\"Escrito por\" \/>\n\t<meta name=\"twitter:data1\" content=\"teste\" \/>\n\t<meta name=\"twitter:label2\" content=\"Est. tempo de leitura\" \/>\n\t<meta name=\"twitter:data2\" content=\"1 minuto\" \/>\n<script type=\"application\/ld+json\" class=\"yoast-schema-graph\">{\"@context\":\"https:\\\/\\\/schema.org\",\"@graph\":[{\"@type\":\"Article\",\"@id\":\"https:\\\/\\\/blogdofarnesio.com.br\\\/?p=142747#article\",\"isPartOf\":{\"@id\":\"https:\\\/\\\/blogdofarnesio.com.br\\\/?p=142747\"},\"author\":{\"name\":\"teste\",\"@id\":\"https:\\\/\\\/blogdofarnesio.com.br\\\/#\\\/schema\\\/person\\\/dd1bf5eba40b687199ba45ca6b97dff9\"},\"headline\":\"RECEBIDOS COM VIOL\u00caNCIA, ESTUDANTES PROTESTAM CONTRA O GOVERNADOR C\u00c2MARA, EM INAUGURA\u00c7\u00c3O DE ESCOLA\",\"datePublished\":\"2016-05-28T11:30:59+00:00\",\"mainEntityOfPage\":{\"@id\":\"https:\\\/\\\/blogdofarnesio.com.br\\\/?p=142747\"},\"wordCount\":268,\"commentCount\":0,\"publisher\":{\"@id\":\"https:\\\/\\\/blogdofarnesio.com.br\\\/#organization\"},\"image\":{\"@id\":\"https:\\\/\\\/blogdofarnesio.com.br\\\/?p=142747#primaryimage\"},\"thumbnailUrl\":\"http:\\\/\\\/imagens2.ne10.uol.com.br\\\/blogsne10\\\/jamildo\\\/uploads\\\/2016\\\/05\\\/protesto-paulo-camara.jpg\",\"articleSection\":[\"Pol\u00edtica\"],\"inLanguage\":\"pt-BR\",\"potentialAction\":[{\"@type\":\"CommentAction\",\"name\":\"Comment\",\"target\":[\"https:\\\/\\\/blogdofarnesio.com.br\\\/?p=142747#respond\"]}]},{\"@type\":\"WebPage\",\"@id\":\"https:\\\/\\\/blogdofarnesio.com.br\\\/?p=142747\",\"url\":\"https:\\\/\\\/blogdofarnesio.com.br\\\/?p=142747\",\"name\":\"RECEBIDOS COM VIOL\u00caNCIA, ESTUDANTES PROTESTAM CONTRA O GOVERNADOR C\u00c2MARA, EM INAUGURA\u00c7\u00c3O DE ESCOLA - Blog do Farn\u00e9sio\",\"isPartOf\":{\"@id\":\"https:\\\/\\\/blogdofarnesio.com.br\\\/#website\"},\"primaryImageOfPage\":{\"@id\":\"https:\\\/\\\/blogdofarnesio.com.br\\\/?p=142747#primaryimage\"},\"image\":{\"@id\":\"https:\\\/\\\/blogdofarnesio.com.br\\\/?p=142747#primaryimage\"},\"thumbnailUrl\":\"http:\\\/\\\/imagens2.ne10.uol.com.br\\\/blogsne10\\\/jamildo\\\/uploads\\\/2016\\\/05\\\/protesto-paulo-camara.jpg\",\"datePublished\":\"2016-05-28T11:30:59+00:00\",\"breadcrumb\":{\"@id\":\"https:\\\/\\\/blogdofarnesio.com.br\\\/?p=142747#breadcrumb\"},\"inLanguage\":\"pt-BR\",\"potentialAction\":[{\"@type\":\"ReadAction\",\"target\":[\"https:\\\/\\\/blogdofarnesio.com.br\\\/?p=142747\"]}]},{\"@type\":\"ImageObject\",\"inLanguage\":\"pt-BR\",\"@id\":\"https:\\\/\\\/blogdofarnesio.com.br\\\/?p=142747#primaryimage\",\"url\":\"http:\\\/\\\/imagens2.ne10.uol.com.br\\\/blogsne10\\\/jamildo\\\/uploads\\\/2016\\\/05\\\/protesto-paulo-camara.jpg\",\"contentUrl\":\"http:\\\/\\\/imagens2.ne10.uol.com.br\\\/blogsne10\\\/jamildo\\\/uploads\\\/2016\\\/05\\\/protesto-paulo-camara.jpg\"},{\"@type\":\"BreadcrumbList\",\"@id\":\"https:\\\/\\\/blogdofarnesio.com.br\\\/?p=142747#breadcrumb\",\"itemListElement\":[{\"@type\":\"ListItem\",\"position\":1,\"name\":\"In\u00edcio\",\"item\":\"https:\\\/\\\/blogdofarnesio.com.br\\\/\"},{\"@type\":\"ListItem\",\"position\":2,\"name\":\"RECEBIDOS COM VIOL\u00caNCIA, ESTUDANTES PROTESTAM CONTRA O GOVERNADOR C\u00c2MARA, EM INAUGURA\u00c7\u00c3O DE ESCOLA\"}]},{\"@type\":\"WebSite\",\"@id\":\"https:\\\/\\\/blogdofarnesio.com.br\\\/#website\",\"url\":\"https:\\\/\\\/blogdofarnesio.com.br\\\/\",\"name\":\"Blog do Farn\u00e9sio\",\"description\":\"Quer Saber Pol\u00edtica?\",\"publisher\":{\"@id\":\"https:\\\/\\\/blogdofarnesio.com.br\\\/#organization\"},\"potentialAction\":[{\"@type\":\"SearchAction\",\"target\":{\"@type\":\"EntryPoint\",\"urlTemplate\":\"https:\\\/\\\/blogdofarnesio.com.br\\\/?s={search_term_string}\"},\"query-input\":{\"@type\":\"PropertyValueSpecification\",\"valueRequired\":true,\"valueName\":\"search_term_string\"}}],\"inLanguage\":\"pt-BR\"},{\"@type\":\"Organization\",\"@id\":\"https:\\\/\\\/blogdofarnesio.com.br\\\/#organization\",\"name\":\"Blog do Farn\u00e9sio\",\"url\":\"https:\\\/\\\/blogdofarnesio.com.br\\\/\",\"logo\":{\"@type\":\"ImageObject\",\"inLanguage\":\"pt-BR\",\"@id\":\"https:\\\/\\\/blogdofarnesio.com.br\\\/#\\\/schema\\\/logo\\\/image\\\/\",\"url\":\"https:\\\/\\\/blogdofarnesio.com.br\\\/wp-content\\\/uploads\\\/2026\\\/03\\\/cropped-logo_new-1.png\",\"contentUrl\":\"https:\\\/\\\/blogdofarnesio.com.br\\\/wp-content\\\/uploads\\\/2026\\\/03\\\/cropped-logo_new-1.png\",\"width\":881,\"height\":685,\"caption\":\"Blog do Farn\u00e9sio\"},\"image\":{\"@id\":\"https:\\\/\\\/blogdofarnesio.com.br\\\/#\\\/schema\\\/logo\\\/image\\\/\"},\"sameAs\":[\"https:\\\/\\\/www.facebook.com\\\/BlogQuerSaberPolitica\\\/\"]},{\"@type\":\"Person\",\"@id\":\"https:\\\/\\\/blogdofarnesio.com.br\\\/#\\\/schema\\\/person\\\/dd1bf5eba40b687199ba45ca6b97dff9\",\"name\":\"teste\",\"image\":{\"@type\":\"ImageObject\",\"inLanguage\":\"pt-BR\",\"@id\":\"https:\\\/\\\/secure.gravatar.com\\\/avatar\\\/2172498d4914b51e1d89a0f97957b035ac4938723a5cac208135d389b6972a6d?s=96&d=mm&r=g\",\"url\":\"https:\\\/\\\/secure.gravatar.com\\\/avatar\\\/2172498d4914b51e1d89a0f97957b035ac4938723a5cac208135d389b6972a6d?s=96&d=mm&r=g\",\"contentUrl\":\"https:\\\/\\\/secure.gravatar.com\\\/avatar\\\/2172498d4914b51e1d89a0f97957b035ac4938723a5cac208135d389b6972a6d?s=96&d=mm&r=g\",\"caption\":\"teste\"},\"url\":\"https:\\\/\\\/blogdofarnesio.com.br\\\/?author=3\"}]}<\/script>\n<!-- \/ Yoast SEO plugin. -->","yoast_head_json":{"title":"RECEBIDOS COM VIOL\u00caNCIA, ESTUDANTES PROTESTAM CONTRA O GOVERNADOR C\u00c2MARA, EM INAUGURA\u00c7\u00c3O DE ESCOLA - Blog do Farn\u00e9sio","robots":{"index":"index","follow":"follow","max-snippet":"max-snippet:-1","max-image-preview":"max-image-preview:large","max-video-preview":"max-video-preview:-1"},"canonical":"https:\/\/blogdofarnesio.com.br\/?p=142747","og_locale":"pt_BR","og_type":"article","og_title":"RECEBIDOS COM VIOL\u00caNCIA, ESTUDANTES PROTESTAM CONTRA O GOVERNADOR C\u00c2MARA, EM INAUGURA\u00c7\u00c3O DE ESCOLA - Blog do Farn\u00e9sio","og_description":"Com informa\u00e7\u00f5es do Jornal do Commercio Estudantes de S\u00e3o Louren\u00e7o da Mata, na Regi\u00e3o Metropolitana do Recife, aproveitaram a presen\u00e7a do governador Paulo C\u00e2mara (PSB) na inaugura\u00e7\u00e3o da Escola T\u00e9cnica Estadual Governador Eduardo Campos, tamb\u00e9m no munic\u00edpio, nesta sexta-feira (27), para protestar por melhorias para a pr\u00f3pria escola. Policiais militares usaram spray de pimenta e houve viol\u00eancia para dispersar os adolescentes. Ap\u00f3s a inaugura\u00e7\u00e3o da escola t\u00e9cnica, os alunos da Escola de Refer\u00eancia em Ensino M\u00e9dio Conde Pereira Carneiro se aproximaram de Paulo C\u00e2mara para reclamar sobre a merenda, a falta de fardamento, as condi\u00e7\u00f5es da quadra esportiva da unidade. Os tablets prometidos, segundo os estudantes, tamb\u00e9m n\u00e3o chegaram. Mesmo sem ser recebidos pelo governador, alguns adolescentes seguiram o socialista&hellip;","og_url":"https:\/\/blogdofarnesio.com.br\/?p=142747","og_site_name":"Blog do Farn\u00e9sio","article_publisher":"https:\/\/www.facebook.com\/BlogQuerSaberPolitica\/","article_published_time":"2016-05-28T11:30:59+00:00","og_image":[{"url":"http:\/\/imagens2.ne10.uol.com.br\/blogsne10\/jamildo\/uploads\/2016\/05\/protesto-paulo-camara.jpg","type":"","width":"","height":""}],"author":"teste","twitter_card":"summary_large_image","twitter_misc":{"Escrito por":"teste","Est. tempo de leitura":"1 minuto"},"schema":{"@context":"https:\/\/schema.org","@graph":[{"@type":"Article","@id":"https:\/\/blogdofarnesio.com.br\/?p=142747#article","isPartOf":{"@id":"https:\/\/blogdofarnesio.com.br\/?p=142747"},"author":{"name":"teste","@id":"https:\/\/blogdofarnesio.com.br\/#\/schema\/person\/dd1bf5eba40b687199ba45ca6b97dff9"},"headline":"RECEBIDOS COM VIOL\u00caNCIA, ESTUDANTES PROTESTAM CONTRA O GOVERNADOR C\u00c2MARA, EM INAUGURA\u00c7\u00c3O DE ESCOLA","datePublished":"2016-05-28T11:30:59+00:00","mainEntityOfPage":{"@id":"https:\/\/blogdofarnesio.com.br\/?p=142747"},"wordCount":268,"commentCount":0,"publisher":{"@id":"https:\/\/blogdofarnesio.com.br\/#organization"},"image":{"@id":"https:\/\/blogdofarnesio.com.br\/?p=142747#primaryimage"},"thumbnailUrl":"http:\/\/imagens2.ne10.uol.com.br\/blogsne10\/jamildo\/uploads\/2016\/05\/protesto-paulo-camara.jpg","articleSection":["Pol\u00edtica"],"inLanguage":"pt-BR","potentialAction":[{"@type":"CommentAction","name":"Comment","target":["https:\/\/blogdofarnesio.com.br\/?p=142747#respond"]}]},{"@type":"WebPage","@id":"https:\/\/blogdofarnesio.com.br\/?p=142747","url":"https:\/\/blogdofarnesio.com.br\/?p=142747","name":"RECEBIDOS COM VIOL\u00caNCIA, ESTUDANTES PROTESTAM CONTRA O GOVERNADOR C\u00c2MARA, EM INAUGURA\u00c7\u00c3O DE ESCOLA - Blog do Farn\u00e9sio","isPartOf":{"@id":"https:\/\/blogdofarnesio.com.br\/#website"},"primaryImageOfPage":{"@id":"https:\/\/blogdofarnesio.com.br\/?p=142747#primaryimage"},"image":{"@id":"https:\/\/blogdofarnesio.com.br\/?p=142747#primaryimage"},"thumbnailUrl":"http:\/\/imagens2.ne10.uol.com.br\/blogsne10\/jamildo\/uploads\/2016\/05\/protesto-paulo-camara.jpg","datePublished":"2016-05-28T11:30:59+00:00","breadcrumb":{"@id":"https:\/\/blogdofarnesio.com.br\/?p=142747#breadcrumb"},"inLanguage":"pt-BR","potentialAction":[{"@type":"ReadAction","target":["https:\/\/blogdofarnesio.com.br\/?p=142747"]}]},{"@type":"ImageObject","inLanguage":"pt-BR","@id":"https:\/\/blogdofarnesio.com.br\/?p=142747#primaryimage","url":"http:\/\/imagens2.ne10.uol.com.br\/blogsne10\/jamildo\/uploads\/2016\/05\/protesto-paulo-camara.jpg","contentUrl":"http:\/\/imagens2.ne10.uol.com.br\/blogsne10\/jamildo\/uploads\/2016\/05\/protesto-paulo-camara.jpg"},{"@type":"BreadcrumbList","@id":"https:\/\/blogdofarnesio.com.br\/?p=142747#breadcrumb","itemListElement":[{"@type":"ListItem","position":1,"name":"In\u00edcio","item":"https:\/\/blogdofarnesio.com.br\/"},{"@type":"ListItem","position":2,"name":"RECEBIDOS COM VIOL\u00caNCIA, ESTUDANTES PROTESTAM CONTRA O GOVERNADOR C\u00c2MARA, EM INAUGURA\u00c7\u00c3O DE ESCOLA"}]},{"@type":"WebSite","@id":"https:\/\/blogdofarnesio.com.br\/#website","url":"https:\/\/blogdofarnesio.com.br\/","name":"Blog do Farn\u00e9sio","description":"Quer Saber Pol\u00edtica?","publisher":{"@id":"https:\/\/blogdofarnesio.com.br\/#organization"},"potentialAction":[{"@type":"SearchAction","target":{"@type":"EntryPoint","urlTemplate":"https:\/\/blogdofarnesio.com.br\/?s={search_term_string}"},"query-input":{"@type":"PropertyValueSpecification","valueRequired":true,"valueName":"search_term_string"}}],"inLanguage":"pt-BR"},{"@type":"Organization","@id":"https:\/\/blogdofarnesio.com.br\/#organization","name":"Blog do Farn\u00e9sio","url":"https:\/\/blogdofarnesio.com.br\/","logo":{"@type":"ImageObject","inLanguage":"pt-BR","@id":"https:\/\/blogdofarnesio.com.br\/#\/schema\/logo\/image\/","url":"https:\/\/blogdofarnesio.com.br\/wp-content\/uploads\/2026\/03\/cropped-logo_new-1.png","contentUrl":"https:\/\/blogdofarnesio.com.br\/wp-content\/uploads\/2026\/03\/cropped-logo_new-1.png","width":881,"height":685,"caption":"Blog do Farn\u00e9sio"},"image":{"@id":"https:\/\/blogdofarnesio.com.br\/#\/schema\/logo\/image\/"},"sameAs":["https:\/\/www.facebook.com\/BlogQuerSaberPolitica\/"]},{"@type":"Person","@id":"https:\/\/blogdofarnesio.com.br\/#\/schema\/person\/dd1bf5eba40b687199ba45ca6b97dff9","name":"teste","image":{"@type":"ImageObject","inLanguage":"pt-BR","@id":"https:\/\/secure.gravatar.com\/avatar\/2172498d4914b51e1d89a0f97957b035ac4938723a5cac208135d389b6972a6d?s=96&d=mm&r=g","url":"https:\/\/secure.gravatar.com\/avatar\/2172498d4914b51e1d89a0f97957b035ac4938723a5cac208135d389b6972a6d?s=96&d=mm&r=g","contentUrl":"https:\/\/secure.gravatar.com\/avatar\/2172498d4914b51e1d89a0f97957b035ac4938723a5cac208135d389b6972a6d?s=96&d=mm&r=g","caption":"teste"},"url":"https:\/\/blogdofarnesio.com.br\/?author=3"}]}},"_links":{"self":[{"href":"https:\/\/blogdofarnesio.com.br\/index.php?rest_route=\/wp\/v2\/posts\/142747","targetHints":{"allow":["GET"]}}],"collection":[{"href":"https:\/\/blogdofarnesio.com.br\/index.php?rest_route=\/wp\/v2\/posts"}],"about":[{"href":"https:\/\/blogdofarnesio.com.br\/index.php?rest_route=\/wp\/v2\/types\/post"}],"author":[{"embeddable":true,"href":"https:\/\/blogdofarnesio.com.br\/index.php?rest_route=\/wp\/v2\/users\/3"}],"replies":[{"embeddable":true,"href":"https:\/\/blogdofarnesio.com.br\/index.php?rest_route=%2Fwp%2Fv2%2Fcomments&post=142747"}],"version-history":[{"count":0,"href":"https:\/\/blogdofarnesio.com.br\/index.php?rest_route=\/wp\/v2\/posts\/142747\/revisions"}],"wp:attachment":[{"href":"https:\/\/blogdofarnesio.com.br\/index.php?rest_route=%2Fwp%2Fv2%2Fmedia&parent=142747"}],"wp:term":[{"taxonomy":"category","embeddable":true,"href":"https:\/\/blogdofarnesio.com.br\/index.php?rest_route=%2Fwp%2Fv2%2Fcategories&post=142747"},{"taxonomy":"post_tag","embeddable":true,"href":"https:\/\/blogdofarnesio.com.br\/index.php?rest_route=%2Fwp%2Fv2%2Ftags&post=142747"}],"curies":[{"name":"wp","href":"https:\/\/api.w.org\/{rel}","templated":true}]}}