{"id":142745,"date":"2016-05-27T20:00:50","date_gmt":"2016-05-27T23:00:50","guid":{"rendered":"http:\/\/www.quersaberpolitica.com.br\/?p=142745"},"modified":"2016-05-27T19:14:59","modified_gmt":"2016-05-27T22:14:59","slug":"artistas-familia-e-amigos-fazem-homenagem-em-aniversario-de-ivete","status":"publish","type":"post","link":"https:\/\/blogdofarnesio.com.br\/?p=142745","title":{"rendered":"ARTISTAS, FAM\u00cdLIA E AMIGOS FAZEM HOMENAGEM EM ANIVERS\u00c1RIO DE IVETE"},"content":{"rendered":"<div class=\"box-body\">\n<div class=\"text-center\">\n<div class=\"box-img\"><img decoding=\"async\" class=\"img-center img-responsive aligncenter\" src=\"http:\/\/imagem.bahianoticias.com.br\/fotos\/holofote_noticias\/44108\/IMAGEM_NOTICIA_5.jpg?checksum=1464362593\" alt=\"Artistas, fam\u00edlia e amigos fazem homenagem em anivers\u00e1rio de Ivete; confira v\u00eddeo\" \/><\/p>\n<div class=\"img-legenda\">Fotos: Divulga\u00e7\u00e3o<\/div>\n<\/div>\n<\/div>\n<div class=\"text-descricao\">\n<div id=\"cke_pastebin\" style=\"text-align: justify\">Nesta sexta-feira, 27 de maio, dia em que Ivete Sangalo completa 44 anos, artistas, f\u00e3s, amigos e familiares prestaram uma homenagem especial \u00e0 artista.<\/div>\n<div style=\"text-align: justify\"><\/div>\n<div style=\"text-align: justify\">Um v\u00eddeo comemorativo foi postado em sua p\u00e1gina oficial, no qual diversas pessoas cantam parab\u00e9ns coletivamente para a cantora. Carla Perez, Xanddy, Sabrina Sato, Alexandre Pires, Preta Gil, Neymar, Victor Chaves, L\u00e9o, Padre F\u00e1bio de Melo, Gl\u00f3ria Maria, Gilberto Gil, Xuxa, Sasha, Cump\u00e1di Washington, Juliana Paes, Criolo, Cl\u00e1udia Raia, Daniel Alves, Daniela Mercury, Grazi Massafera, Paulo Gustavo, Ang\u00e9lica, Luciano Huck, Susana Vieira, Kak\u00e1, Gabriel Medina, Djavan, Fl\u00e1via Alessandra, Otaviano Costa, Serginho Groisman, Alinne Rosa, Rog\u00e9rio Flausino, Simone, Simaria, Carlinhos Brown, L\u00e9o Santana, Fernanda Souza, Thiaguinho, Margareth Menezes, Durval Lelys, Samantha Schm\u00fctz, Thais Ara\u00fajo, Anitta, Suzana Pires, Rodrigo Torres, Carolina Dieckmann, Claudia Leitte, Fernanda Paes Leme, Fernanda Lima, Luan Santana, David Brazil, Zez\u00e9 di Camargo, Paloma Bernardi e Solange, s\u00e3o alguns dos nomes que integraram da a\u00e7\u00e3o.<\/div>\n<div style=\"text-align: justify\"><\/div>\n<div style=\"text-align: justify\">Como n\u00e3o poderia faltar, o marido Daniel Cady e o filho Marcelo tamb\u00e9m participaram da homenagem. \u201cFeliz anivers\u00e1rio, voc\u00ea \u00e9 minha parceira, te amo!\u201d, disse o pequeno.<\/div>\n<div style=\"text-align: justify\"><\/div>\n<div style=\"text-align: justify\">BN\/HOLOFOTE<\/div>\n<\/div>\n<\/div>\n","protected":false},"excerpt":{"rendered":"<p>Fotos: Divulga\u00e7\u00e3o Nesta sexta-feira, 27 de maio, dia em que Ivete Sangalo completa 44 anos, artistas, f\u00e3s, amigos e familiares prestaram uma homenagem especial \u00e0 artista. Um v\u00eddeo comemorativo foi postado em sua p\u00e1gina oficial, no qual diversas pessoas cantam parab\u00e9ns coletivamente para a cantora. Carla Perez, Xanddy, Sabrina Sato, Alexandre Pires, Preta Gil, Neymar, Victor Chaves, L\u00e9o, Padre F\u00e1bio de Melo, Gl\u00f3ria Maria, Gilberto Gil, Xuxa, Sasha, Cump\u00e1di Washington, Juliana Paes, Criolo, Cl\u00e1udia Raia, Daniel Alves, Daniela Mercury, Grazi Massafera, Paulo Gustavo, Ang\u00e9lica, Luciano Huck, Susana Vieira, Kak\u00e1, Gabriel Medina, Djavan, Fl\u00e1via Alessandra, Otaviano Costa, Serginho Groisman, Alinne Rosa, Rog\u00e9rio Flausino, Simone, Simaria, Carlinhos Brown, L\u00e9o Santana, Fernanda Souza, Thiaguinho, Margareth Menezes, Durval Lelys, Samantha Schm\u00fctz, Thais Ara\u00fajo, Anitta,&hellip; <\/p>\n","protected":false},"author":3,"featured_media":0,"comment_status":"open","ping_status":"open","sticky":false,"template":"","format":"standard","meta":{"_acf_changed":false,"footnotes":""},"categories":[12],"tags":[],"class_list":["post-142745","post","type-post","status-publish","format-standard","hentry","category-confraternizacoes"],"acf":[],"yoast_head":"<!-- This site is optimized with the Yoast SEO plugin v27.4 - https:\/\/yoast.com\/product\/yoast-seo-wordpress\/ -->\n<title>ARTISTAS, FAM\u00cdLIA E AMIGOS FAZEM HOMENAGEM EM ANIVERS\u00c1RIO DE IVETE - Blog do Farn\u00e9sio<\/title>\n<meta name=\"robots\" content=\"index, follow, max-snippet:-1, max-image-preview:large, max-video-preview:-1\" \/>\n<link rel=\"canonical\" href=\"https:\/\/blogdofarnesio.com.br\/?p=142745\" \/>\n<meta property=\"og:locale\" content=\"pt_BR\" \/>\n<meta property=\"og:type\" content=\"article\" \/>\n<meta property=\"og:title\" content=\"ARTISTAS, FAM\u00cdLIA E AMIGOS FAZEM HOMENAGEM EM ANIVERS\u00c1RIO DE IVETE - Blog do Farn\u00e9sio\" \/>\n<meta property=\"og:description\" content=\"Fotos: Divulga\u00e7\u00e3o Nesta sexta-feira, 27 de maio, dia em que Ivete Sangalo completa 44 anos, artistas, f\u00e3s, amigos e familiares prestaram uma homenagem especial \u00e0 artista. Um v\u00eddeo comemorativo foi postado em sua p\u00e1gina oficial, no qual diversas pessoas cantam parab\u00e9ns coletivamente para a cantora. Carla Perez, Xanddy, Sabrina Sato, Alexandre Pires, Preta Gil, Neymar, Victor Chaves, L\u00e9o, Padre F\u00e1bio de Melo, Gl\u00f3ria Maria, Gilberto Gil, Xuxa, Sasha, Cump\u00e1di Washington, Juliana Paes, Criolo, Cl\u00e1udia Raia, Daniel Alves, Daniela Mercury, Grazi Massafera, Paulo Gustavo, Ang\u00e9lica, Luciano Huck, Susana Vieira, Kak\u00e1, Gabriel Medina, Djavan, Fl\u00e1via Alessandra, Otaviano Costa, Serginho Groisman, Alinne Rosa, Rog\u00e9rio Flausino, Simone, Simaria, Carlinhos Brown, L\u00e9o Santana, Fernanda Souza, Thiaguinho, Margareth Menezes, Durval Lelys, Samantha Schm\u00fctz, Thais Ara\u00fajo, Anitta,&hellip;\" \/>\n<meta property=\"og:url\" content=\"https:\/\/blogdofarnesio.com.br\/?p=142745\" \/>\n<meta property=\"og:site_name\" content=\"Blog do Farn\u00e9sio\" \/>\n<meta property=\"article:publisher\" content=\"https:\/\/www.facebook.com\/BlogQuerSaberPolitica\/\" \/>\n<meta property=\"article:published_time\" content=\"2016-05-27T23:00:50+00:00\" \/>\n<meta property=\"og:image\" content=\"http:\/\/imagem.bahianoticias.com.br\/fotos\/holofote_noticias\/44108\/IMAGEM_NOTICIA_5.jpg?checksum=1464362593\" \/>\n<meta name=\"author\" content=\"teste\" \/>\n<meta name=\"twitter:card\" content=\"summary_large_image\" \/>\n<meta name=\"twitter:label1\" content=\"Escrito por\" \/>\n\t<meta name=\"twitter:data1\" content=\"teste\" \/>\n\t<meta name=\"twitter:label2\" content=\"Est. tempo de leitura\" \/>\n\t<meta name=\"twitter:data2\" content=\"1 minuto\" \/>\n<script type=\"application\/ld+json\" class=\"yoast-schema-graph\">{\"@context\":\"https:\\\/\\\/schema.org\",\"@graph\":[{\"@type\":\"Article\",\"@id\":\"https:\\\/\\\/blogdofarnesio.com.br\\\/?p=142745#article\",\"isPartOf\":{\"@id\":\"https:\\\/\\\/blogdofarnesio.com.br\\\/?p=142745\"},\"author\":{\"name\":\"teste\",\"@id\":\"https:\\\/\\\/blogdofarnesio.com.br\\\/#\\\/schema\\\/person\\\/dd1bf5eba40b687199ba45ca6b97dff9\"},\"headline\":\"ARTISTAS, FAM\u00cdLIA E AMIGOS FAZEM HOMENAGEM EM ANIVERS\u00c1RIO DE IVETE\",\"datePublished\":\"2016-05-27T23:00:50+00:00\",\"mainEntityOfPage\":{\"@id\":\"https:\\\/\\\/blogdofarnesio.com.br\\\/?p=142745\"},\"wordCount\":210,\"commentCount\":0,\"publisher\":{\"@id\":\"https:\\\/\\\/blogdofarnesio.com.br\\\/#organization\"},\"image\":{\"@id\":\"https:\\\/\\\/blogdofarnesio.com.br\\\/?p=142745#primaryimage\"},\"thumbnailUrl\":\"http:\\\/\\\/imagem.bahianoticias.com.br\\\/fotos\\\/holofote_noticias\\\/44108\\\/IMAGEM_NOTICIA_5.jpg?checksum=1464362593\",\"articleSection\":[\"Confraterniza\u00e7\u00f5es\"],\"inLanguage\":\"pt-BR\",\"potentialAction\":[{\"@type\":\"CommentAction\",\"name\":\"Comment\",\"target\":[\"https:\\\/\\\/blogdofarnesio.com.br\\\/?p=142745#respond\"]}]},{\"@type\":\"WebPage\",\"@id\":\"https:\\\/\\\/blogdofarnesio.com.br\\\/?p=142745\",\"url\":\"https:\\\/\\\/blogdofarnesio.com.br\\\/?p=142745\",\"name\":\"ARTISTAS, FAM\u00cdLIA E AMIGOS FAZEM HOMENAGEM EM ANIVERS\u00c1RIO DE IVETE - Blog do Farn\u00e9sio\",\"isPartOf\":{\"@id\":\"https:\\\/\\\/blogdofarnesio.com.br\\\/#website\"},\"primaryImageOfPage\":{\"@id\":\"https:\\\/\\\/blogdofarnesio.com.br\\\/?p=142745#primaryimage\"},\"image\":{\"@id\":\"https:\\\/\\\/blogdofarnesio.com.br\\\/?p=142745#primaryimage\"},\"thumbnailUrl\":\"http:\\\/\\\/imagem.bahianoticias.com.br\\\/fotos\\\/holofote_noticias\\\/44108\\\/IMAGEM_NOTICIA_5.jpg?checksum=1464362593\",\"datePublished\":\"2016-05-27T23:00:50+00:00\",\"breadcrumb\":{\"@id\":\"https:\\\/\\\/blogdofarnesio.com.br\\\/?p=142745#breadcrumb\"},\"inLanguage\":\"pt-BR\",\"potentialAction\":[{\"@type\":\"ReadAction\",\"target\":[\"https:\\\/\\\/blogdofarnesio.com.br\\\/?p=142745\"]}]},{\"@type\":\"ImageObject\",\"inLanguage\":\"pt-BR\",\"@id\":\"https:\\\/\\\/blogdofarnesio.com.br\\\/?p=142745#primaryimage\",\"url\":\"http:\\\/\\\/imagem.bahianoticias.com.br\\\/fotos\\\/holofote_noticias\\\/44108\\\/IMAGEM_NOTICIA_5.jpg?checksum=1464362593\",\"contentUrl\":\"http:\\\/\\\/imagem.bahianoticias.com.br\\\/fotos\\\/holofote_noticias\\\/44108\\\/IMAGEM_NOTICIA_5.jpg?checksum=1464362593\"},{\"@type\":\"BreadcrumbList\",\"@id\":\"https:\\\/\\\/blogdofarnesio.com.br\\\/?p=142745#breadcrumb\",\"itemListElement\":[{\"@type\":\"ListItem\",\"position\":1,\"name\":\"In\u00edcio\",\"item\":\"https:\\\/\\\/blogdofarnesio.com.br\\\/\"},{\"@type\":\"ListItem\",\"position\":2,\"name\":\"ARTISTAS, FAM\u00cdLIA E AMIGOS FAZEM HOMENAGEM EM ANIVERS\u00c1RIO DE IVETE\"}]},{\"@type\":\"WebSite\",\"@id\":\"https:\\\/\\\/blogdofarnesio.com.br\\\/#website\",\"url\":\"https:\\\/\\\/blogdofarnesio.com.br\\\/\",\"name\":\"Blog do Farn\u00e9sio\",\"description\":\"Quer Saber Pol\u00edtica?\",\"publisher\":{\"@id\":\"https:\\\/\\\/blogdofarnesio.com.br\\\/#organization\"},\"potentialAction\":[{\"@type\":\"SearchAction\",\"target\":{\"@type\":\"EntryPoint\",\"urlTemplate\":\"https:\\\/\\\/blogdofarnesio.com.br\\\/?s={search_term_string}\"},\"query-input\":{\"@type\":\"PropertyValueSpecification\",\"valueRequired\":true,\"valueName\":\"search_term_string\"}}],\"inLanguage\":\"pt-BR\"},{\"@type\":\"Organization\",\"@id\":\"https:\\\/\\\/blogdofarnesio.com.br\\\/#organization\",\"name\":\"Blog do Farn\u00e9sio\",\"url\":\"https:\\\/\\\/blogdofarnesio.com.br\\\/\",\"logo\":{\"@type\":\"ImageObject\",\"inLanguage\":\"pt-BR\",\"@id\":\"https:\\\/\\\/blogdofarnesio.com.br\\\/#\\\/schema\\\/logo\\\/image\\\/\",\"url\":\"https:\\\/\\\/blogdofarnesio.com.br\\\/wp-content\\\/uploads\\\/2026\\\/03\\\/cropped-logo_new-1.png\",\"contentUrl\":\"https:\\\/\\\/blogdofarnesio.com.br\\\/wp-content\\\/uploads\\\/2026\\\/03\\\/cropped-logo_new-1.png\",\"width\":881,\"height\":685,\"caption\":\"Blog do Farn\u00e9sio\"},\"image\":{\"@id\":\"https:\\\/\\\/blogdofarnesio.com.br\\\/#\\\/schema\\\/logo\\\/image\\\/\"},\"sameAs\":[\"https:\\\/\\\/www.facebook.com\\\/BlogQuerSaberPolitica\\\/\"]},{\"@type\":\"Person\",\"@id\":\"https:\\\/\\\/blogdofarnesio.com.br\\\/#\\\/schema\\\/person\\\/dd1bf5eba40b687199ba45ca6b97dff9\",\"name\":\"teste\",\"image\":{\"@type\":\"ImageObject\",\"inLanguage\":\"pt-BR\",\"@id\":\"https:\\\/\\\/secure.gravatar.com\\\/avatar\\\/2172498d4914b51e1d89a0f97957b035ac4938723a5cac208135d389b6972a6d?s=96&d=mm&r=g\",\"url\":\"https:\\\/\\\/secure.gravatar.com\\\/avatar\\\/2172498d4914b51e1d89a0f97957b035ac4938723a5cac208135d389b6972a6d?s=96&d=mm&r=g\",\"contentUrl\":\"https:\\\/\\\/secure.gravatar.com\\\/avatar\\\/2172498d4914b51e1d89a0f97957b035ac4938723a5cac208135d389b6972a6d?s=96&d=mm&r=g\",\"caption\":\"teste\"},\"url\":\"https:\\\/\\\/blogdofarnesio.com.br\\\/?author=3\"}]}<\/script>\n<!-- \/ Yoast SEO plugin. -->","yoast_head_json":{"title":"ARTISTAS, FAM\u00cdLIA E AMIGOS FAZEM HOMENAGEM EM ANIVERS\u00c1RIO DE IVETE - Blog do Farn\u00e9sio","robots":{"index":"index","follow":"follow","max-snippet":"max-snippet:-1","max-image-preview":"max-image-preview:large","max-video-preview":"max-video-preview:-1"},"canonical":"https:\/\/blogdofarnesio.com.br\/?p=142745","og_locale":"pt_BR","og_type":"article","og_title":"ARTISTAS, FAM\u00cdLIA E AMIGOS FAZEM HOMENAGEM EM ANIVERS\u00c1RIO DE IVETE - Blog do Farn\u00e9sio","og_description":"Fotos: Divulga\u00e7\u00e3o Nesta sexta-feira, 27 de maio, dia em que Ivete Sangalo completa 44 anos, artistas, f\u00e3s, amigos e familiares prestaram uma homenagem especial \u00e0 artista. Um v\u00eddeo comemorativo foi postado em sua p\u00e1gina oficial, no qual diversas pessoas cantam parab\u00e9ns coletivamente para a cantora. Carla Perez, Xanddy, Sabrina Sato, Alexandre Pires, Preta Gil, Neymar, Victor Chaves, L\u00e9o, Padre F\u00e1bio de Melo, Gl\u00f3ria Maria, Gilberto Gil, Xuxa, Sasha, Cump\u00e1di Washington, Juliana Paes, Criolo, Cl\u00e1udia Raia, Daniel Alves, Daniela Mercury, Grazi Massafera, Paulo Gustavo, Ang\u00e9lica, Luciano Huck, Susana Vieira, Kak\u00e1, Gabriel Medina, Djavan, Fl\u00e1via Alessandra, Otaviano Costa, Serginho Groisman, Alinne Rosa, Rog\u00e9rio Flausino, Simone, Simaria, Carlinhos Brown, L\u00e9o Santana, Fernanda Souza, Thiaguinho, Margareth Menezes, Durval Lelys, Samantha Schm\u00fctz, Thais Ara\u00fajo, Anitta,&hellip;","og_url":"https:\/\/blogdofarnesio.com.br\/?p=142745","og_site_name":"Blog do Farn\u00e9sio","article_publisher":"https:\/\/www.facebook.com\/BlogQuerSaberPolitica\/","article_published_time":"2016-05-27T23:00:50+00:00","og_image":[{"url":"http:\/\/imagem.bahianoticias.com.br\/fotos\/holofote_noticias\/44108\/IMAGEM_NOTICIA_5.jpg?checksum=1464362593","type":"","width":"","height":""}],"author":"teste","twitter_card":"summary_large_image","twitter_misc":{"Escrito por":"teste","Est. tempo de leitura":"1 minuto"},"schema":{"@context":"https:\/\/schema.org","@graph":[{"@type":"Article","@id":"https:\/\/blogdofarnesio.com.br\/?p=142745#article","isPartOf":{"@id":"https:\/\/blogdofarnesio.com.br\/?p=142745"},"author":{"name":"teste","@id":"https:\/\/blogdofarnesio.com.br\/#\/schema\/person\/dd1bf5eba40b687199ba45ca6b97dff9"},"headline":"ARTISTAS, FAM\u00cdLIA E AMIGOS FAZEM HOMENAGEM EM ANIVERS\u00c1RIO DE IVETE","datePublished":"2016-05-27T23:00:50+00:00","mainEntityOfPage":{"@id":"https:\/\/blogdofarnesio.com.br\/?p=142745"},"wordCount":210,"commentCount":0,"publisher":{"@id":"https:\/\/blogdofarnesio.com.br\/#organization"},"image":{"@id":"https:\/\/blogdofarnesio.com.br\/?p=142745#primaryimage"},"thumbnailUrl":"http:\/\/imagem.bahianoticias.com.br\/fotos\/holofote_noticias\/44108\/IMAGEM_NOTICIA_5.jpg?checksum=1464362593","articleSection":["Confraterniza\u00e7\u00f5es"],"inLanguage":"pt-BR","potentialAction":[{"@type":"CommentAction","name":"Comment","target":["https:\/\/blogdofarnesio.com.br\/?p=142745#respond"]}]},{"@type":"WebPage","@id":"https:\/\/blogdofarnesio.com.br\/?p=142745","url":"https:\/\/blogdofarnesio.com.br\/?p=142745","name":"ARTISTAS, FAM\u00cdLIA E AMIGOS FAZEM HOMENAGEM EM ANIVERS\u00c1RIO DE IVETE - Blog do Farn\u00e9sio","isPartOf":{"@id":"https:\/\/blogdofarnesio.com.br\/#website"},"primaryImageOfPage":{"@id":"https:\/\/blogdofarnesio.com.br\/?p=142745#primaryimage"},"image":{"@id":"https:\/\/blogdofarnesio.com.br\/?p=142745#primaryimage"},"thumbnailUrl":"http:\/\/imagem.bahianoticias.com.br\/fotos\/holofote_noticias\/44108\/IMAGEM_NOTICIA_5.jpg?checksum=1464362593","datePublished":"2016-05-27T23:00:50+00:00","breadcrumb":{"@id":"https:\/\/blogdofarnesio.com.br\/?p=142745#breadcrumb"},"inLanguage":"pt-BR","potentialAction":[{"@type":"ReadAction","target":["https:\/\/blogdofarnesio.com.br\/?p=142745"]}]},{"@type":"ImageObject","inLanguage":"pt-BR","@id":"https:\/\/blogdofarnesio.com.br\/?p=142745#primaryimage","url":"http:\/\/imagem.bahianoticias.com.br\/fotos\/holofote_noticias\/44108\/IMAGEM_NOTICIA_5.jpg?checksum=1464362593","contentUrl":"http:\/\/imagem.bahianoticias.com.br\/fotos\/holofote_noticias\/44108\/IMAGEM_NOTICIA_5.jpg?checksum=1464362593"},{"@type":"BreadcrumbList","@id":"https:\/\/blogdofarnesio.com.br\/?p=142745#breadcrumb","itemListElement":[{"@type":"ListItem","position":1,"name":"In\u00edcio","item":"https:\/\/blogdofarnesio.com.br\/"},{"@type":"ListItem","position":2,"name":"ARTISTAS, FAM\u00cdLIA E AMIGOS FAZEM HOMENAGEM EM ANIVERS\u00c1RIO DE IVETE"}]},{"@type":"WebSite","@id":"https:\/\/blogdofarnesio.com.br\/#website","url":"https:\/\/blogdofarnesio.com.br\/","name":"Blog do Farn\u00e9sio","description":"Quer Saber Pol\u00edtica?","publisher":{"@id":"https:\/\/blogdofarnesio.com.br\/#organization"},"potentialAction":[{"@type":"SearchAction","target":{"@type":"EntryPoint","urlTemplate":"https:\/\/blogdofarnesio.com.br\/?s={search_term_string}"},"query-input":{"@type":"PropertyValueSpecification","valueRequired":true,"valueName":"search_term_string"}}],"inLanguage":"pt-BR"},{"@type":"Organization","@id":"https:\/\/blogdofarnesio.com.br\/#organization","name":"Blog do Farn\u00e9sio","url":"https:\/\/blogdofarnesio.com.br\/","logo":{"@type":"ImageObject","inLanguage":"pt-BR","@id":"https:\/\/blogdofarnesio.com.br\/#\/schema\/logo\/image\/","url":"https:\/\/blogdofarnesio.com.br\/wp-content\/uploads\/2026\/03\/cropped-logo_new-1.png","contentUrl":"https:\/\/blogdofarnesio.com.br\/wp-content\/uploads\/2026\/03\/cropped-logo_new-1.png","width":881,"height":685,"caption":"Blog do Farn\u00e9sio"},"image":{"@id":"https:\/\/blogdofarnesio.com.br\/#\/schema\/logo\/image\/"},"sameAs":["https:\/\/www.facebook.com\/BlogQuerSaberPolitica\/"]},{"@type":"Person","@id":"https:\/\/blogdofarnesio.com.br\/#\/schema\/person\/dd1bf5eba40b687199ba45ca6b97dff9","name":"teste","image":{"@type":"ImageObject","inLanguage":"pt-BR","@id":"https:\/\/secure.gravatar.com\/avatar\/2172498d4914b51e1d89a0f97957b035ac4938723a5cac208135d389b6972a6d?s=96&d=mm&r=g","url":"https:\/\/secure.gravatar.com\/avatar\/2172498d4914b51e1d89a0f97957b035ac4938723a5cac208135d389b6972a6d?s=96&d=mm&r=g","contentUrl":"https:\/\/secure.gravatar.com\/avatar\/2172498d4914b51e1d89a0f97957b035ac4938723a5cac208135d389b6972a6d?s=96&d=mm&r=g","caption":"teste"},"url":"https:\/\/blogdofarnesio.com.br\/?author=3"}]}},"_links":{"self":[{"href":"https:\/\/blogdofarnesio.com.br\/index.php?rest_route=\/wp\/v2\/posts\/142745","targetHints":{"allow":["GET"]}}],"collection":[{"href":"https:\/\/blogdofarnesio.com.br\/index.php?rest_route=\/wp\/v2\/posts"}],"about":[{"href":"https:\/\/blogdofarnesio.com.br\/index.php?rest_route=\/wp\/v2\/types\/post"}],"author":[{"embeddable":true,"href":"https:\/\/blogdofarnesio.com.br\/index.php?rest_route=\/wp\/v2\/users\/3"}],"replies":[{"embeddable":true,"href":"https:\/\/blogdofarnesio.com.br\/index.php?rest_route=%2Fwp%2Fv2%2Fcomments&post=142745"}],"version-history":[{"count":0,"href":"https:\/\/blogdofarnesio.com.br\/index.php?rest_route=\/wp\/v2\/posts\/142745\/revisions"}],"wp:attachment":[{"href":"https:\/\/blogdofarnesio.com.br\/index.php?rest_route=%2Fwp%2Fv2%2Fmedia&parent=142745"}],"wp:term":[{"taxonomy":"category","embeddable":true,"href":"https:\/\/blogdofarnesio.com.br\/index.php?rest_route=%2Fwp%2Fv2%2Fcategories&post=142745"},{"taxonomy":"post_tag","embeddable":true,"href":"https:\/\/blogdofarnesio.com.br\/index.php?rest_route=%2Fwp%2Fv2%2Ftags&post=142745"}],"curies":[{"name":"wp","href":"https:\/\/api.w.org\/{rel}","templated":true}]}}