{"id":142472,"date":"2016-05-23T14:40:46","date_gmt":"2016-05-23T17:40:46","guid":{"rendered":"http:\/\/www.quersaberpolitica.com.br\/?p=142472"},"modified":"2016-05-23T10:45:54","modified_gmt":"2016-05-23T13:45:54","slug":"secretaria-de-saude-alerta-idosos-gestantes-e-criancas-para-vacinacao-contra-gripe","status":"publish","type":"post","link":"https:\/\/blogdofarnesio.com.br\/?p=142472","title":{"rendered":"SECRETARIA DE SA\u00daDE ALERTA IDOSOS, GESTANTES E CRIAN\u00c7AS PARA VACINA\u00c7\u00c3O CONTRA GRIPE"},"content":{"rendered":"<p style=\"text-align: justify\">\u00a0<a href=\"http:\/\/www.quersaberpolitica.com.br\/2016\/wp-content\/uploads\/2016\/05\/blogqsp-vacina-petrolina.jpg\"><img loading=\"lazy\" decoding=\"async\" class=\" size-full wp-image-141783 aligncenter\" src=\"http:\/\/www.quersaberpolitica.com.br\/2016\/wp-content\/uploads\/2016\/05\/blogqsp-vacina-petrolina.jpg\" alt=\"blogqsp-vacina-petrolina\" width=\"448\" height=\"252\" srcset=\"https:\/\/blogdofarnesio.com.br\/wp-content\/uploads\/2016\/05\/blogqsp-vacina-petrolina.jpg 448w, https:\/\/blogdofarnesio.com.br\/wp-content\/uploads\/2016\/05\/blogqsp-vacina-petrolina-300x169.jpg 300w\" sizes=\"auto, (max-width: 448px) 100vw, 448px\" \/><\/a><\/p>\n<p style=\"text-align: justify\">At\u00e9 o dia 03 de junho, em Petrolina, a Campanha de Vacina\u00e7\u00e3o contra Gripe ser\u00e1 direcionada aos idosos (67,76%), gestantes (56,48%) e crian\u00e7as (85,92%), grupos que registraram menor \u00edndice de vacina\u00e7\u00e3o. Os demais j\u00e1 alcan\u00e7aram a meta estabelecida.<\/p>\n<p style=\"text-align: justify\">\u201cO objetivo da gest\u00e3o Julio Lossio \u00e9 vacinar todas as pessoas do grupo priorit\u00e1rio, mas ainda h\u00e1 muitos idosos, gestantes e crian\u00e7as que n\u00e3o se vacinaram. Por isso, at\u00e9 o final da campanha, a vacina\u00e7\u00e3o ser\u00e1 direcionada para esses p\u00fablicos espec\u00edficos\u201d, explicou a secret\u00e1ria de Sa\u00fade, Mara Gon\u00e7alves.<\/p>\n<p style=\"text-align: justify\">A coordenadora de Imuniza\u00e7\u00e3o, Jeane Moraes, alerta que \u201co per\u00edodo de frio est\u00e1 se aproximando, \u00e9poca com mais chances de contrair a doen\u00e7a, por isso \u00e9 importante que as pessoas se imunizem o quanto antes\u201d.<\/p>\n<p style=\"text-align: justify\">J\u00e1 foram registradas 42.832 doses aplicadas, ou seja, 75,81% do p\u00fablico-alvo j\u00e1 foi vacinado contra os v\u00edrus H1N1, H3N2 e B. A meta do Minist\u00e9rio da Sa\u00fade (MS) \u00e9 vacinar 80% da popula\u00e7\u00e3o.<\/p>\n<p><em><strong>Gabriella Moura<\/strong><\/em><\/p>\n","protected":false},"excerpt":{"rendered":"<p>\u00a0 At\u00e9 o dia 03 de junho, em Petrolina, a Campanha de Vacina\u00e7\u00e3o contra Gripe ser\u00e1 direcionada aos idosos (67,76%), gestantes (56,48%) e crian\u00e7as (85,92%), grupos que registraram menor \u00edndice de vacina\u00e7\u00e3o. Os demais j\u00e1 alcan\u00e7aram a meta estabelecida. \u201cO objetivo da gest\u00e3o Julio Lossio \u00e9 vacinar todas as pessoas do grupo priorit\u00e1rio, mas ainda h\u00e1 muitos idosos, gestantes e crian\u00e7as que n\u00e3o se vacinaram. Por isso, at\u00e9 o final da campanha, a vacina\u00e7\u00e3o ser\u00e1 direcionada para esses p\u00fablicos espec\u00edficos\u201d, explicou a secret\u00e1ria de Sa\u00fade, Mara Gon\u00e7alves. A coordenadora de Imuniza\u00e7\u00e3o, Jeane Moraes, alerta que \u201co per\u00edodo de frio est\u00e1 se aproximando, \u00e9poca com mais chances de contrair a doen\u00e7a, por isso \u00e9 importante que as pessoas se imunizem o&hellip; <\/p>\n","protected":false},"author":7,"featured_media":0,"comment_status":"open","ping_status":"open","sticky":false,"template":"","format":"standard","meta":{"_acf_changed":false,"footnotes":""},"categories":[44,4],"tags":[],"class_list":["post-142472","post","type-post","status-publish","format-standard","hentry","category-administracao","category-saude"],"acf":[],"yoast_head":"<!-- This site is optimized with the Yoast SEO plugin v27.4 - https:\/\/yoast.com\/product\/yoast-seo-wordpress\/ -->\n<title>SECRETARIA DE SA\u00daDE ALERTA IDOSOS, GESTANTES E CRIAN\u00c7AS PARA VACINA\u00c7\u00c3O CONTRA GRIPE - Blog do Farn\u00e9sio<\/title>\n<meta name=\"robots\" content=\"index, follow, max-snippet:-1, max-image-preview:large, max-video-preview:-1\" \/>\n<link rel=\"canonical\" href=\"https:\/\/blogdofarnesio.com.br\/?p=142472\" \/>\n<meta property=\"og:locale\" content=\"pt_BR\" \/>\n<meta property=\"og:type\" content=\"article\" \/>\n<meta property=\"og:title\" content=\"SECRETARIA DE SA\u00daDE ALERTA IDOSOS, GESTANTES E CRIAN\u00c7AS PARA VACINA\u00c7\u00c3O CONTRA GRIPE - Blog do Farn\u00e9sio\" \/>\n<meta property=\"og:description\" content=\"\u00a0 At\u00e9 o dia 03 de junho, em Petrolina, a Campanha de Vacina\u00e7\u00e3o contra Gripe ser\u00e1 direcionada aos idosos (67,76%), gestantes (56,48%) e crian\u00e7as (85,92%), grupos que registraram menor \u00edndice de vacina\u00e7\u00e3o. Os demais j\u00e1 alcan\u00e7aram a meta estabelecida. \u201cO objetivo da gest\u00e3o Julio Lossio \u00e9 vacinar todas as pessoas do grupo priorit\u00e1rio, mas ainda h\u00e1 muitos idosos, gestantes e crian\u00e7as que n\u00e3o se vacinaram. Por isso, at\u00e9 o final da campanha, a vacina\u00e7\u00e3o ser\u00e1 direcionada para esses p\u00fablicos espec\u00edficos\u201d, explicou a secret\u00e1ria de Sa\u00fade, Mara Gon\u00e7alves. A coordenadora de Imuniza\u00e7\u00e3o, Jeane Moraes, alerta que \u201co per\u00edodo de frio est\u00e1 se aproximando, \u00e9poca com mais chances de contrair a doen\u00e7a, por isso \u00e9 importante que as pessoas se imunizem o&hellip;\" \/>\n<meta property=\"og:url\" content=\"https:\/\/blogdofarnesio.com.br\/?p=142472\" \/>\n<meta property=\"og:site_name\" content=\"Blog do Farn\u00e9sio\" \/>\n<meta property=\"article:publisher\" content=\"https:\/\/www.facebook.com\/BlogQuerSaberPolitica\/\" \/>\n<meta property=\"article:published_time\" content=\"2016-05-23T17:40:46+00:00\" \/>\n<meta property=\"og:image\" content=\"http:\/\/www.quersaberpolitica.com.br\/2016\/wp-content\/uploads\/2016\/05\/blogqsp-vacina-petrolina.jpg\" \/>\n<meta name=\"twitter:card\" content=\"summary_large_image\" \/>\n<meta name=\"twitter:label1\" content=\"Escrito por\" \/>\n\t<meta name=\"twitter:data1\" content=\"\" \/>\n\t<meta name=\"twitter:label2\" content=\"Est. tempo de leitura\" \/>\n\t<meta name=\"twitter:data2\" content=\"1 minuto\" \/>\n<script type=\"application\/ld+json\" class=\"yoast-schema-graph\">{\"@context\":\"https:\\\/\\\/schema.org\",\"@graph\":[{\"@type\":\"Article\",\"@id\":\"https:\\\/\\\/blogdofarnesio.com.br\\\/?p=142472#article\",\"isPartOf\":{\"@id\":\"https:\\\/\\\/blogdofarnesio.com.br\\\/?p=142472\"},\"author\":{\"name\":\"\",\"@id\":\"\"},\"headline\":\"SECRETARIA DE SA\u00daDE ALERTA IDOSOS, GESTANTES E CRIAN\u00c7AS PARA VACINA\u00c7\u00c3O CONTRA GRIPE\",\"datePublished\":\"2016-05-23T17:40:46+00:00\",\"mainEntityOfPage\":{\"@id\":\"https:\\\/\\\/blogdofarnesio.com.br\\\/?p=142472\"},\"wordCount\":185,\"commentCount\":0,\"publisher\":{\"@id\":\"https:\\\/\\\/blogdofarnesio.com.br\\\/#organization\"},\"image\":{\"@id\":\"https:\\\/\\\/blogdofarnesio.com.br\\\/?p=142472#primaryimage\"},\"thumbnailUrl\":\"http:\\\/\\\/www.quersaberpolitica.com.br\\\/2016\\\/wp-content\\\/uploads\\\/2016\\\/05\\\/blogqsp-vacina-petrolina.jpg\",\"articleSection\":[\"Administra\u00e7\u00e3o\",\"Sa\u00fade\"],\"inLanguage\":\"pt-BR\",\"potentialAction\":[{\"@type\":\"CommentAction\",\"name\":\"Comment\",\"target\":[\"https:\\\/\\\/blogdofarnesio.com.br\\\/?p=142472#respond\"]}]},{\"@type\":\"WebPage\",\"@id\":\"https:\\\/\\\/blogdofarnesio.com.br\\\/?p=142472\",\"url\":\"https:\\\/\\\/blogdofarnesio.com.br\\\/?p=142472\",\"name\":\"SECRETARIA DE SA\u00daDE ALERTA IDOSOS, GESTANTES E CRIAN\u00c7AS PARA VACINA\u00c7\u00c3O CONTRA GRIPE - Blog do Farn\u00e9sio\",\"isPartOf\":{\"@id\":\"https:\\\/\\\/blogdofarnesio.com.br\\\/#website\"},\"primaryImageOfPage\":{\"@id\":\"https:\\\/\\\/blogdofarnesio.com.br\\\/?p=142472#primaryimage\"},\"image\":{\"@id\":\"https:\\\/\\\/blogdofarnesio.com.br\\\/?p=142472#primaryimage\"},\"thumbnailUrl\":\"http:\\\/\\\/www.quersaberpolitica.com.br\\\/2016\\\/wp-content\\\/uploads\\\/2016\\\/05\\\/blogqsp-vacina-petrolina.jpg\",\"datePublished\":\"2016-05-23T17:40:46+00:00\",\"breadcrumb\":{\"@id\":\"https:\\\/\\\/blogdofarnesio.com.br\\\/?p=142472#breadcrumb\"},\"inLanguage\":\"pt-BR\",\"potentialAction\":[{\"@type\":\"ReadAction\",\"target\":[\"https:\\\/\\\/blogdofarnesio.com.br\\\/?p=142472\"]}]},{\"@type\":\"ImageObject\",\"inLanguage\":\"pt-BR\",\"@id\":\"https:\\\/\\\/blogdofarnesio.com.br\\\/?p=142472#primaryimage\",\"url\":\"http:\\\/\\\/www.quersaberpolitica.com.br\\\/2016\\\/wp-content\\\/uploads\\\/2016\\\/05\\\/blogqsp-vacina-petrolina.jpg\",\"contentUrl\":\"http:\\\/\\\/www.quersaberpolitica.com.br\\\/2016\\\/wp-content\\\/uploads\\\/2016\\\/05\\\/blogqsp-vacina-petrolina.jpg\"},{\"@type\":\"BreadcrumbList\",\"@id\":\"https:\\\/\\\/blogdofarnesio.com.br\\\/?p=142472#breadcrumb\",\"itemListElement\":[{\"@type\":\"ListItem\",\"position\":1,\"name\":\"In\u00edcio\",\"item\":\"https:\\\/\\\/blogdofarnesio.com.br\\\/\"},{\"@type\":\"ListItem\",\"position\":2,\"name\":\"SECRETARIA DE SA\u00daDE ALERTA IDOSOS, GESTANTES E CRIAN\u00c7AS PARA VACINA\u00c7\u00c3O CONTRA GRIPE\"}]},{\"@type\":\"WebSite\",\"@id\":\"https:\\\/\\\/blogdofarnesio.com.br\\\/#website\",\"url\":\"https:\\\/\\\/blogdofarnesio.com.br\\\/\",\"name\":\"Blog do Farn\u00e9sio\",\"description\":\"Quer Saber Pol\u00edtica?\",\"publisher\":{\"@id\":\"https:\\\/\\\/blogdofarnesio.com.br\\\/#organization\"},\"potentialAction\":[{\"@type\":\"SearchAction\",\"target\":{\"@type\":\"EntryPoint\",\"urlTemplate\":\"https:\\\/\\\/blogdofarnesio.com.br\\\/?s={search_term_string}\"},\"query-input\":{\"@type\":\"PropertyValueSpecification\",\"valueRequired\":true,\"valueName\":\"search_term_string\"}}],\"inLanguage\":\"pt-BR\"},{\"@type\":\"Organization\",\"@id\":\"https:\\\/\\\/blogdofarnesio.com.br\\\/#organization\",\"name\":\"Blog do Farn\u00e9sio\",\"url\":\"https:\\\/\\\/blogdofarnesio.com.br\\\/\",\"logo\":{\"@type\":\"ImageObject\",\"inLanguage\":\"pt-BR\",\"@id\":\"https:\\\/\\\/blogdofarnesio.com.br\\\/#\\\/schema\\\/logo\\\/image\\\/\",\"url\":\"https:\\\/\\\/blogdofarnesio.com.br\\\/wp-content\\\/uploads\\\/2026\\\/03\\\/cropped-logo_new-1.png\",\"contentUrl\":\"https:\\\/\\\/blogdofarnesio.com.br\\\/wp-content\\\/uploads\\\/2026\\\/03\\\/cropped-logo_new-1.png\",\"width\":881,\"height\":685,\"caption\":\"Blog do Farn\u00e9sio\"},\"image\":{\"@id\":\"https:\\\/\\\/blogdofarnesio.com.br\\\/#\\\/schema\\\/logo\\\/image\\\/\"},\"sameAs\":[\"https:\\\/\\\/www.facebook.com\\\/BlogQuerSaberPolitica\\\/\"]},{\"@type\":\"Person\",\"@id\":\"\",\"url\":\"https:\\\/\\\/blogdofarnesio.com.br\\\/?author=7\"}]}<\/script>\n<!-- \/ Yoast SEO plugin. -->","yoast_head_json":{"title":"SECRETARIA DE SA\u00daDE ALERTA IDOSOS, GESTANTES E CRIAN\u00c7AS PARA VACINA\u00c7\u00c3O CONTRA GRIPE - Blog do Farn\u00e9sio","robots":{"index":"index","follow":"follow","max-snippet":"max-snippet:-1","max-image-preview":"max-image-preview:large","max-video-preview":"max-video-preview:-1"},"canonical":"https:\/\/blogdofarnesio.com.br\/?p=142472","og_locale":"pt_BR","og_type":"article","og_title":"SECRETARIA DE SA\u00daDE ALERTA IDOSOS, GESTANTES E CRIAN\u00c7AS PARA VACINA\u00c7\u00c3O CONTRA GRIPE - Blog do Farn\u00e9sio","og_description":"\u00a0 At\u00e9 o dia 03 de junho, em Petrolina, a Campanha de Vacina\u00e7\u00e3o contra Gripe ser\u00e1 direcionada aos idosos (67,76%), gestantes (56,48%) e crian\u00e7as (85,92%), grupos que registraram menor \u00edndice de vacina\u00e7\u00e3o. Os demais j\u00e1 alcan\u00e7aram a meta estabelecida. \u201cO objetivo da gest\u00e3o Julio Lossio \u00e9 vacinar todas as pessoas do grupo priorit\u00e1rio, mas ainda h\u00e1 muitos idosos, gestantes e crian\u00e7as que n\u00e3o se vacinaram. Por isso, at\u00e9 o final da campanha, a vacina\u00e7\u00e3o ser\u00e1 direcionada para esses p\u00fablicos espec\u00edficos\u201d, explicou a secret\u00e1ria de Sa\u00fade, Mara Gon\u00e7alves. A coordenadora de Imuniza\u00e7\u00e3o, Jeane Moraes, alerta que \u201co per\u00edodo de frio est\u00e1 se aproximando, \u00e9poca com mais chances de contrair a doen\u00e7a, por isso \u00e9 importante que as pessoas se imunizem o&hellip;","og_url":"https:\/\/blogdofarnesio.com.br\/?p=142472","og_site_name":"Blog do Farn\u00e9sio","article_publisher":"https:\/\/www.facebook.com\/BlogQuerSaberPolitica\/","article_published_time":"2016-05-23T17:40:46+00:00","og_image":[{"url":"http:\/\/www.quersaberpolitica.com.br\/2016\/wp-content\/uploads\/2016\/05\/blogqsp-vacina-petrolina.jpg","type":"","width":"","height":""}],"twitter_card":"summary_large_image","twitter_misc":{"Escrito por":"","Est. tempo de leitura":"1 minuto"},"schema":{"@context":"https:\/\/schema.org","@graph":[{"@type":"Article","@id":"https:\/\/blogdofarnesio.com.br\/?p=142472#article","isPartOf":{"@id":"https:\/\/blogdofarnesio.com.br\/?p=142472"},"author":{"name":"","@id":""},"headline":"SECRETARIA DE SA\u00daDE ALERTA IDOSOS, GESTANTES E CRIAN\u00c7AS PARA VACINA\u00c7\u00c3O CONTRA GRIPE","datePublished":"2016-05-23T17:40:46+00:00","mainEntityOfPage":{"@id":"https:\/\/blogdofarnesio.com.br\/?p=142472"},"wordCount":185,"commentCount":0,"publisher":{"@id":"https:\/\/blogdofarnesio.com.br\/#organization"},"image":{"@id":"https:\/\/blogdofarnesio.com.br\/?p=142472#primaryimage"},"thumbnailUrl":"http:\/\/www.quersaberpolitica.com.br\/2016\/wp-content\/uploads\/2016\/05\/blogqsp-vacina-petrolina.jpg","articleSection":["Administra\u00e7\u00e3o","Sa\u00fade"],"inLanguage":"pt-BR","potentialAction":[{"@type":"CommentAction","name":"Comment","target":["https:\/\/blogdofarnesio.com.br\/?p=142472#respond"]}]},{"@type":"WebPage","@id":"https:\/\/blogdofarnesio.com.br\/?p=142472","url":"https:\/\/blogdofarnesio.com.br\/?p=142472","name":"SECRETARIA DE SA\u00daDE ALERTA IDOSOS, GESTANTES E CRIAN\u00c7AS PARA VACINA\u00c7\u00c3O CONTRA GRIPE - Blog do Farn\u00e9sio","isPartOf":{"@id":"https:\/\/blogdofarnesio.com.br\/#website"},"primaryImageOfPage":{"@id":"https:\/\/blogdofarnesio.com.br\/?p=142472#primaryimage"},"image":{"@id":"https:\/\/blogdofarnesio.com.br\/?p=142472#primaryimage"},"thumbnailUrl":"http:\/\/www.quersaberpolitica.com.br\/2016\/wp-content\/uploads\/2016\/05\/blogqsp-vacina-petrolina.jpg","datePublished":"2016-05-23T17:40:46+00:00","breadcrumb":{"@id":"https:\/\/blogdofarnesio.com.br\/?p=142472#breadcrumb"},"inLanguage":"pt-BR","potentialAction":[{"@type":"ReadAction","target":["https:\/\/blogdofarnesio.com.br\/?p=142472"]}]},{"@type":"ImageObject","inLanguage":"pt-BR","@id":"https:\/\/blogdofarnesio.com.br\/?p=142472#primaryimage","url":"http:\/\/www.quersaberpolitica.com.br\/2016\/wp-content\/uploads\/2016\/05\/blogqsp-vacina-petrolina.jpg","contentUrl":"http:\/\/www.quersaberpolitica.com.br\/2016\/wp-content\/uploads\/2016\/05\/blogqsp-vacina-petrolina.jpg"},{"@type":"BreadcrumbList","@id":"https:\/\/blogdofarnesio.com.br\/?p=142472#breadcrumb","itemListElement":[{"@type":"ListItem","position":1,"name":"In\u00edcio","item":"https:\/\/blogdofarnesio.com.br\/"},{"@type":"ListItem","position":2,"name":"SECRETARIA DE SA\u00daDE ALERTA IDOSOS, GESTANTES E CRIAN\u00c7AS PARA VACINA\u00c7\u00c3O CONTRA GRIPE"}]},{"@type":"WebSite","@id":"https:\/\/blogdofarnesio.com.br\/#website","url":"https:\/\/blogdofarnesio.com.br\/","name":"Blog do Farn\u00e9sio","description":"Quer Saber Pol\u00edtica?","publisher":{"@id":"https:\/\/blogdofarnesio.com.br\/#organization"},"potentialAction":[{"@type":"SearchAction","target":{"@type":"EntryPoint","urlTemplate":"https:\/\/blogdofarnesio.com.br\/?s={search_term_string}"},"query-input":{"@type":"PropertyValueSpecification","valueRequired":true,"valueName":"search_term_string"}}],"inLanguage":"pt-BR"},{"@type":"Organization","@id":"https:\/\/blogdofarnesio.com.br\/#organization","name":"Blog do Farn\u00e9sio","url":"https:\/\/blogdofarnesio.com.br\/","logo":{"@type":"ImageObject","inLanguage":"pt-BR","@id":"https:\/\/blogdofarnesio.com.br\/#\/schema\/logo\/image\/","url":"https:\/\/blogdofarnesio.com.br\/wp-content\/uploads\/2026\/03\/cropped-logo_new-1.png","contentUrl":"https:\/\/blogdofarnesio.com.br\/wp-content\/uploads\/2026\/03\/cropped-logo_new-1.png","width":881,"height":685,"caption":"Blog do Farn\u00e9sio"},"image":{"@id":"https:\/\/blogdofarnesio.com.br\/#\/schema\/logo\/image\/"},"sameAs":["https:\/\/www.facebook.com\/BlogQuerSaberPolitica\/"]},{"@type":"Person","@id":"","url":"https:\/\/blogdofarnesio.com.br\/?author=7"}]}},"_links":{"self":[{"href":"https:\/\/blogdofarnesio.com.br\/index.php?rest_route=\/wp\/v2\/posts\/142472","targetHints":{"allow":["GET"]}}],"collection":[{"href":"https:\/\/blogdofarnesio.com.br\/index.php?rest_route=\/wp\/v2\/posts"}],"about":[{"href":"https:\/\/blogdofarnesio.com.br\/index.php?rest_route=\/wp\/v2\/types\/post"}],"author":[{"embeddable":true,"href":"https:\/\/blogdofarnesio.com.br\/index.php?rest_route=\/wp\/v2\/users\/7"}],"replies":[{"embeddable":true,"href":"https:\/\/blogdofarnesio.com.br\/index.php?rest_route=%2Fwp%2Fv2%2Fcomments&post=142472"}],"version-history":[{"count":0,"href":"https:\/\/blogdofarnesio.com.br\/index.php?rest_route=\/wp\/v2\/posts\/142472\/revisions"}],"wp:attachment":[{"href":"https:\/\/blogdofarnesio.com.br\/index.php?rest_route=%2Fwp%2Fv2%2Fmedia&parent=142472"}],"wp:term":[{"taxonomy":"category","embeddable":true,"href":"https:\/\/blogdofarnesio.com.br\/index.php?rest_route=%2Fwp%2Fv2%2Fcategories&post=142472"},{"taxonomy":"post_tag","embeddable":true,"href":"https:\/\/blogdofarnesio.com.br\/index.php?rest_route=%2Fwp%2Fv2%2Ftags&post=142472"}],"curies":[{"name":"wp","href":"https:\/\/api.w.org\/{rel}","templated":true}]}}