{"id":142441,"date":"2016-05-21T15:00:36","date_gmt":"2016-05-21T18:00:36","guid":{"rendered":"http:\/\/www.quersaberpolitica.com.br\/?p=142441"},"modified":"2016-05-21T10:29:47","modified_gmt":"2016-05-21T13:29:47","slug":"direto-de-sobradinho-354","status":"publish","type":"post","link":"https:\/\/blogdofarnesio.com.br\/?p=142441","title":{"rendered":"DIRETO DE SOBRADINHO"},"content":{"rendered":"<h3 class=\"post-title entry-title\" style=\"text-align: center\"><span style=\"color: #333333\"><a style=\"color: #333333\" href=\"http:\/\/blogdofranciscoferreirasilva.blogspot.com.br\/2016\/05\/sobradinho-grande-parte-dos-vereadores.html\">VEREADORES N\u00c3O COMPARECEM E N\u00c3O H\u00c1 QU\u00d3RUM PARA REALIZAR A SESS\u00c3O<\/a><\/span><\/h3>\n<div id=\"post-body-5208625779544579118\" class=\"post-body entry-content\">\n<div style=\"text-align: justify\">\n<figure id=\"attachment_111694\" aria-describedby=\"caption-attachment-111694\" style=\"width: 448px\" class=\"wp-caption aligncenter\"><a href=\"http:\/\/www.quersaberpolitica.com.br\/2016\/wp-content\/uploads\/2014\/12\/blogqspsobradinhove-batata1-Foto-Farn\u00e9sio-Silva2.jpg\"><img loading=\"lazy\" decoding=\"async\" class=\"size-full wp-image-111694\" src=\"http:\/\/www.quersaberpolitica.com.br\/2016\/wp-content\/uploads\/2014\/12\/blogqspsobradinhove-batata1-Foto-Farn\u00e9sio-Silva2.jpg\" alt=\"Pres. da Camara vereador Batata\" width=\"448\" height=\"252\" srcset=\"https:\/\/blogdofarnesio.com.br\/wp-content\/uploads\/2014\/12\/blogqspsobradinhove-batata1-Foto-Farn\u00e9sio-Silva2.jpg 448w, https:\/\/blogdofarnesio.com.br\/wp-content\/uploads\/2014\/12\/blogqspsobradinhove-batata1-Foto-Farn\u00e9sio-Silva2-300x168.jpg 300w\" sizes=\"auto, (max-width: 448px) 100vw, 448px\" \/><\/a><figcaption id=\"caption-attachment-111694\" class=\"wp-caption-text\">\u00a0 \u00a0 \u00a0 \u00a0 \u00a0 \u00a0 \u00a0 \u00a0 \u00a0 \u00a0 \u00a0 Pres. da C\u00e2mara vereador Batata<\/figcaption><\/figure>\n<p>a\u00a0 popula\u00e7\u00e3o\u00a0 de\u00a0 Sobradinho\u00a0 n\u00e3o\u00a0 est\u00e1 nada satisfeita\u00a0 com\u00a0 a\u00a0 mesa\u00a0 diretora\u00a0 da\u00a0 c\u00e2mara\u00a0 e\u00a0 tamb\u00e9m\u00a0 com\u00a0 a\u00a0 maioria\u00a0 dos\u00a0 vereadores. Nesta\u00a0 quinta-feira (19)\u00a0 os\u00a0 trabalhos\u00a0 n\u00e3o foram\u00a0 realizados\u00a0 por\u00a0 falta\u00a0 de\u00a0 qu\u00f3rum. O\u00a0 legislativo\u00a0 de\u00a0 Sobradinho\u00a0 est\u00e1\u00a0 em\u00a0 decad\u00eancia,\u00a0 a\u00a0 popula\u00e7\u00e3o\u00a0 n\u00e3o\u00a0 tem\u00a0 o\u00a0 m\u00ednimo\u00a0 interesse\u00a0 de\u00a0 assistir\u00a0 as\u00a0 sess\u00f5es.<\/p><\/div>\n<div style=\"text-align: justify\"><\/div>\n<div style=\"text-align: justify\">Isso\u00a0 significa\u00a0 que\u00a0 n\u00e3o\u00a0 existe\u00a0 incentivo\u00a0 por\u00a0 parte\u00a0 da\u00a0 mesa\u00a0 diretora,\u00a0 para\u00a0 chamar\u00a0 aten\u00e7\u00e3o\u00a0 da\u00a0 sociedade\u00a0 para\u00a0 participar\u00a0 das\u00a0 atividades\u00a0 legislativas. O\u00a0 plen\u00e1rio\u00a0 da\u00a0 c\u00e2mara\u00a0 a\u00a0 cada\u00a0 dia\u00a0 que\u00a0 passa\u00a0 torna-se\u00a0 mais\u00a0 vazio.<\/div>\n<div style=\"text-align: justify\"><\/div>\n<div style=\"text-align: justify\">O\u00a0 legislativo\u00a0 est\u00e1\u00a0 perdendo\u00a0 a\u00a0 credibilidade\u00a0 perante\u00a0 a\u00a0 sociedade,\u00a0 isso\u00a0 \u00e9\u00a0 lament\u00e1vel. H\u00e1\u00a0 necessidade\u00a0 de\u00a0 mudan\u00e7a\u00a0 urgente,\u00a0 o\u00a0 povo\u00a0 precisa\u00a0 ser\u00a0 respeitado.<\/div>\n<div style=\"text-align: justify\"><\/div>\n<div style=\"text-align: justify\">Chico Ferreira<\/div>\n<\/div>\n","protected":false},"excerpt":{"rendered":"<p>VEREADORES N\u00c3O COMPARECEM E N\u00c3O H\u00c1 QU\u00d3RUM PARA REALIZAR A SESS\u00c3O a\u00a0 popula\u00e7\u00e3o\u00a0 de\u00a0 Sobradinho\u00a0 n\u00e3o\u00a0 est\u00e1 nada satisfeita\u00a0 com\u00a0 a\u00a0 mesa\u00a0 diretora\u00a0 da\u00a0 c\u00e2mara\u00a0 e\u00a0 tamb\u00e9m\u00a0 com\u00a0 a\u00a0 maioria\u00a0 dos\u00a0 vereadores. Nesta\u00a0 quinta-feira (19)\u00a0 os\u00a0 trabalhos\u00a0 n\u00e3o foram\u00a0 realizados\u00a0 por\u00a0 falta\u00a0 de\u00a0 qu\u00f3rum. O\u00a0 legislativo\u00a0 de\u00a0 Sobradinho\u00a0 est\u00e1\u00a0 em\u00a0 decad\u00eancia,\u00a0 a\u00a0 popula\u00e7\u00e3o\u00a0 n\u00e3o\u00a0 tem\u00a0 o\u00a0 m\u00ednimo\u00a0 interesse\u00a0 de\u00a0 assistir\u00a0 as\u00a0 sess\u00f5es. Isso\u00a0 significa\u00a0 que\u00a0 n\u00e3o\u00a0 existe\u00a0 incentivo\u00a0 por\u00a0 parte\u00a0 da\u00a0 mesa\u00a0 diretora,\u00a0 para\u00a0 chamar\u00a0 aten\u00e7\u00e3o\u00a0 da\u00a0 sociedade\u00a0 para\u00a0 participar\u00a0 das\u00a0 atividades\u00a0 legislativas. O\u00a0 plen\u00e1rio\u00a0 da\u00a0 c\u00e2mara\u00a0 a\u00a0 cada\u00a0 dia\u00a0 que\u00a0 passa\u00a0 torna-se\u00a0 mais\u00a0 vazio. O\u00a0 legislativo\u00a0 est\u00e1\u00a0 perdendo\u00a0 a\u00a0 credibilidade\u00a0 perante\u00a0 a\u00a0 sociedade,\u00a0 isso\u00a0 \u00e9\u00a0 lament\u00e1vel. H\u00e1\u00a0 necessidade\u00a0 de\u00a0 mudan\u00e7a\u00a0 urgente,\u00a0 o\u00a0 povo\u00a0 precisa\u00a0 ser\u00a0 respeitado. Chico Ferreira<\/p>\n","protected":false},"author":3,"featured_media":0,"comment_status":"open","ping_status":"open","sticky":false,"template":"","format":"standard","meta":{"_acf_changed":false,"footnotes":""},"categories":[27],"tags":[],"class_list":["post-142441","post","type-post","status-publish","format-standard","hentry","category-cidades"],"acf":[],"yoast_head":"<!-- This site is optimized with the Yoast SEO plugin v27.4 - https:\/\/yoast.com\/product\/yoast-seo-wordpress\/ -->\n<title>DIRETO DE SOBRADINHO - Blog do Farn\u00e9sio<\/title>\n<meta name=\"robots\" content=\"index, follow, max-snippet:-1, max-image-preview:large, max-video-preview:-1\" \/>\n<link rel=\"canonical\" href=\"https:\/\/blogdofarnesio.com.br\/?p=142441\" \/>\n<meta property=\"og:locale\" content=\"pt_BR\" \/>\n<meta property=\"og:type\" content=\"article\" \/>\n<meta property=\"og:title\" content=\"DIRETO DE SOBRADINHO - Blog do Farn\u00e9sio\" \/>\n<meta property=\"og:description\" content=\"VEREADORES N\u00c3O COMPARECEM E N\u00c3O H\u00c1 QU\u00d3RUM PARA REALIZAR A SESS\u00c3O a\u00a0 popula\u00e7\u00e3o\u00a0 de\u00a0 Sobradinho\u00a0 n\u00e3o\u00a0 est\u00e1 nada satisfeita\u00a0 com\u00a0 a\u00a0 mesa\u00a0 diretora\u00a0 da\u00a0 c\u00e2mara\u00a0 e\u00a0 tamb\u00e9m\u00a0 com\u00a0 a\u00a0 maioria\u00a0 dos\u00a0 vereadores. Nesta\u00a0 quinta-feira (19)\u00a0 os\u00a0 trabalhos\u00a0 n\u00e3o foram\u00a0 realizados\u00a0 por\u00a0 falta\u00a0 de\u00a0 qu\u00f3rum. O\u00a0 legislativo\u00a0 de\u00a0 Sobradinho\u00a0 est\u00e1\u00a0 em\u00a0 decad\u00eancia,\u00a0 a\u00a0 popula\u00e7\u00e3o\u00a0 n\u00e3o\u00a0 tem\u00a0 o\u00a0 m\u00ednimo\u00a0 interesse\u00a0 de\u00a0 assistir\u00a0 as\u00a0 sess\u00f5es. Isso\u00a0 significa\u00a0 que\u00a0 n\u00e3o\u00a0 existe\u00a0 incentivo\u00a0 por\u00a0 parte\u00a0 da\u00a0 mesa\u00a0 diretora,\u00a0 para\u00a0 chamar\u00a0 aten\u00e7\u00e3o\u00a0 da\u00a0 sociedade\u00a0 para\u00a0 participar\u00a0 das\u00a0 atividades\u00a0 legislativas. O\u00a0 plen\u00e1rio\u00a0 da\u00a0 c\u00e2mara\u00a0 a\u00a0 cada\u00a0 dia\u00a0 que\u00a0 passa\u00a0 torna-se\u00a0 mais\u00a0 vazio. O\u00a0 legislativo\u00a0 est\u00e1\u00a0 perdendo\u00a0 a\u00a0 credibilidade\u00a0 perante\u00a0 a\u00a0 sociedade,\u00a0 isso\u00a0 \u00e9\u00a0 lament\u00e1vel. H\u00e1\u00a0 necessidade\u00a0 de\u00a0 mudan\u00e7a\u00a0 urgente,\u00a0 o\u00a0 povo\u00a0 precisa\u00a0 ser\u00a0 respeitado. Chico Ferreira\" \/>\n<meta property=\"og:url\" content=\"https:\/\/blogdofarnesio.com.br\/?p=142441\" \/>\n<meta property=\"og:site_name\" content=\"Blog do Farn\u00e9sio\" \/>\n<meta property=\"article:publisher\" content=\"https:\/\/www.facebook.com\/BlogQuerSaberPolitica\/\" \/>\n<meta property=\"article:published_time\" content=\"2016-05-21T18:00:36+00:00\" \/>\n<meta name=\"author\" content=\"teste\" \/>\n<meta name=\"twitter:card\" content=\"summary_large_image\" \/>\n<meta name=\"twitter:label1\" content=\"Escrito por\" \/>\n\t<meta name=\"twitter:data1\" content=\"teste\" \/>\n\t<meta name=\"twitter:label2\" content=\"Est. tempo de leitura\" \/>\n\t<meta name=\"twitter:data2\" content=\"1 minuto\" \/>\n<script type=\"application\/ld+json\" class=\"yoast-schema-graph\">{\"@context\":\"https:\\\/\\\/schema.org\",\"@graph\":[{\"@type\":\"Article\",\"@id\":\"https:\\\/\\\/blogdofarnesio.com.br\\\/?p=142441#article\",\"isPartOf\":{\"@id\":\"https:\\\/\\\/blogdofarnesio.com.br\\\/?p=142441\"},\"author\":{\"name\":\"teste\",\"@id\":\"https:\\\/\\\/blogdofarnesio.com.br\\\/#\\\/schema\\\/person\\\/dd1bf5eba40b687199ba45ca6b97dff9\"},\"headline\":\"DIRETO DE SOBRADINHO\",\"datePublished\":\"2016-05-21T18:00:36+00:00\",\"mainEntityOfPage\":{\"@id\":\"https:\\\/\\\/blogdofarnesio.com.br\\\/?p=142441\"},\"wordCount\":154,\"commentCount\":0,\"publisher\":{\"@id\":\"https:\\\/\\\/blogdofarnesio.com.br\\\/#organization\"},\"articleSection\":[\"Cidades\"],\"inLanguage\":\"pt-BR\",\"potentialAction\":[{\"@type\":\"CommentAction\",\"name\":\"Comment\",\"target\":[\"https:\\\/\\\/blogdofarnesio.com.br\\\/?p=142441#respond\"]}]},{\"@type\":\"WebPage\",\"@id\":\"https:\\\/\\\/blogdofarnesio.com.br\\\/?p=142441\",\"url\":\"https:\\\/\\\/blogdofarnesio.com.br\\\/?p=142441\",\"name\":\"DIRETO DE SOBRADINHO - Blog do Farn\u00e9sio\",\"isPartOf\":{\"@id\":\"https:\\\/\\\/blogdofarnesio.com.br\\\/#website\"},\"datePublished\":\"2016-05-21T18:00:36+00:00\",\"breadcrumb\":{\"@id\":\"https:\\\/\\\/blogdofarnesio.com.br\\\/?p=142441#breadcrumb\"},\"inLanguage\":\"pt-BR\",\"potentialAction\":[{\"@type\":\"ReadAction\",\"target\":[\"https:\\\/\\\/blogdofarnesio.com.br\\\/?p=142441\"]}]},{\"@type\":\"BreadcrumbList\",\"@id\":\"https:\\\/\\\/blogdofarnesio.com.br\\\/?p=142441#breadcrumb\",\"itemListElement\":[{\"@type\":\"ListItem\",\"position\":1,\"name\":\"In\u00edcio\",\"item\":\"https:\\\/\\\/blogdofarnesio.com.br\\\/\"},{\"@type\":\"ListItem\",\"position\":2,\"name\":\"DIRETO DE SOBRADINHO\"}]},{\"@type\":\"WebSite\",\"@id\":\"https:\\\/\\\/blogdofarnesio.com.br\\\/#website\",\"url\":\"https:\\\/\\\/blogdofarnesio.com.br\\\/\",\"name\":\"Blog do Farn\u00e9sio\",\"description\":\"Quer Saber Pol\u00edtica?\",\"publisher\":{\"@id\":\"https:\\\/\\\/blogdofarnesio.com.br\\\/#organization\"},\"potentialAction\":[{\"@type\":\"SearchAction\",\"target\":{\"@type\":\"EntryPoint\",\"urlTemplate\":\"https:\\\/\\\/blogdofarnesio.com.br\\\/?s={search_term_string}\"},\"query-input\":{\"@type\":\"PropertyValueSpecification\",\"valueRequired\":true,\"valueName\":\"search_term_string\"}}],\"inLanguage\":\"pt-BR\"},{\"@type\":\"Organization\",\"@id\":\"https:\\\/\\\/blogdofarnesio.com.br\\\/#organization\",\"name\":\"Blog do Farn\u00e9sio\",\"url\":\"https:\\\/\\\/blogdofarnesio.com.br\\\/\",\"logo\":{\"@type\":\"ImageObject\",\"inLanguage\":\"pt-BR\",\"@id\":\"https:\\\/\\\/blogdofarnesio.com.br\\\/#\\\/schema\\\/logo\\\/image\\\/\",\"url\":\"https:\\\/\\\/blogdofarnesio.com.br\\\/wp-content\\\/uploads\\\/2026\\\/03\\\/cropped-logo_new-1.png\",\"contentUrl\":\"https:\\\/\\\/blogdofarnesio.com.br\\\/wp-content\\\/uploads\\\/2026\\\/03\\\/cropped-logo_new-1.png\",\"width\":881,\"height\":685,\"caption\":\"Blog do Farn\u00e9sio\"},\"image\":{\"@id\":\"https:\\\/\\\/blogdofarnesio.com.br\\\/#\\\/schema\\\/logo\\\/image\\\/\"},\"sameAs\":[\"https:\\\/\\\/www.facebook.com\\\/BlogQuerSaberPolitica\\\/\"]},{\"@type\":\"Person\",\"@id\":\"https:\\\/\\\/blogdofarnesio.com.br\\\/#\\\/schema\\\/person\\\/dd1bf5eba40b687199ba45ca6b97dff9\",\"name\":\"teste\",\"image\":{\"@type\":\"ImageObject\",\"inLanguage\":\"pt-BR\",\"@id\":\"https:\\\/\\\/secure.gravatar.com\\\/avatar\\\/2172498d4914b51e1d89a0f97957b035ac4938723a5cac208135d389b6972a6d?s=96&d=mm&r=g\",\"url\":\"https:\\\/\\\/secure.gravatar.com\\\/avatar\\\/2172498d4914b51e1d89a0f97957b035ac4938723a5cac208135d389b6972a6d?s=96&d=mm&r=g\",\"contentUrl\":\"https:\\\/\\\/secure.gravatar.com\\\/avatar\\\/2172498d4914b51e1d89a0f97957b035ac4938723a5cac208135d389b6972a6d?s=96&d=mm&r=g\",\"caption\":\"teste\"},\"url\":\"https:\\\/\\\/blogdofarnesio.com.br\\\/?author=3\"}]}<\/script>\n<!-- \/ Yoast SEO plugin. -->","yoast_head_json":{"title":"DIRETO DE SOBRADINHO - Blog do Farn\u00e9sio","robots":{"index":"index","follow":"follow","max-snippet":"max-snippet:-1","max-image-preview":"max-image-preview:large","max-video-preview":"max-video-preview:-1"},"canonical":"https:\/\/blogdofarnesio.com.br\/?p=142441","og_locale":"pt_BR","og_type":"article","og_title":"DIRETO DE SOBRADINHO - Blog do Farn\u00e9sio","og_description":"VEREADORES N\u00c3O COMPARECEM E N\u00c3O H\u00c1 QU\u00d3RUM PARA REALIZAR A SESS\u00c3O a\u00a0 popula\u00e7\u00e3o\u00a0 de\u00a0 Sobradinho\u00a0 n\u00e3o\u00a0 est\u00e1 nada satisfeita\u00a0 com\u00a0 a\u00a0 mesa\u00a0 diretora\u00a0 da\u00a0 c\u00e2mara\u00a0 e\u00a0 tamb\u00e9m\u00a0 com\u00a0 a\u00a0 maioria\u00a0 dos\u00a0 vereadores. Nesta\u00a0 quinta-feira (19)\u00a0 os\u00a0 trabalhos\u00a0 n\u00e3o foram\u00a0 realizados\u00a0 por\u00a0 falta\u00a0 de\u00a0 qu\u00f3rum. O\u00a0 legislativo\u00a0 de\u00a0 Sobradinho\u00a0 est\u00e1\u00a0 em\u00a0 decad\u00eancia,\u00a0 a\u00a0 popula\u00e7\u00e3o\u00a0 n\u00e3o\u00a0 tem\u00a0 o\u00a0 m\u00ednimo\u00a0 interesse\u00a0 de\u00a0 assistir\u00a0 as\u00a0 sess\u00f5es. Isso\u00a0 significa\u00a0 que\u00a0 n\u00e3o\u00a0 existe\u00a0 incentivo\u00a0 por\u00a0 parte\u00a0 da\u00a0 mesa\u00a0 diretora,\u00a0 para\u00a0 chamar\u00a0 aten\u00e7\u00e3o\u00a0 da\u00a0 sociedade\u00a0 para\u00a0 participar\u00a0 das\u00a0 atividades\u00a0 legislativas. O\u00a0 plen\u00e1rio\u00a0 da\u00a0 c\u00e2mara\u00a0 a\u00a0 cada\u00a0 dia\u00a0 que\u00a0 passa\u00a0 torna-se\u00a0 mais\u00a0 vazio. O\u00a0 legislativo\u00a0 est\u00e1\u00a0 perdendo\u00a0 a\u00a0 credibilidade\u00a0 perante\u00a0 a\u00a0 sociedade,\u00a0 isso\u00a0 \u00e9\u00a0 lament\u00e1vel. H\u00e1\u00a0 necessidade\u00a0 de\u00a0 mudan\u00e7a\u00a0 urgente,\u00a0 o\u00a0 povo\u00a0 precisa\u00a0 ser\u00a0 respeitado. Chico Ferreira","og_url":"https:\/\/blogdofarnesio.com.br\/?p=142441","og_site_name":"Blog do Farn\u00e9sio","article_publisher":"https:\/\/www.facebook.com\/BlogQuerSaberPolitica\/","article_published_time":"2016-05-21T18:00:36+00:00","author":"teste","twitter_card":"summary_large_image","twitter_misc":{"Escrito por":"teste","Est. tempo de leitura":"1 minuto"},"schema":{"@context":"https:\/\/schema.org","@graph":[{"@type":"Article","@id":"https:\/\/blogdofarnesio.com.br\/?p=142441#article","isPartOf":{"@id":"https:\/\/blogdofarnesio.com.br\/?p=142441"},"author":{"name":"teste","@id":"https:\/\/blogdofarnesio.com.br\/#\/schema\/person\/dd1bf5eba40b687199ba45ca6b97dff9"},"headline":"DIRETO DE SOBRADINHO","datePublished":"2016-05-21T18:00:36+00:00","mainEntityOfPage":{"@id":"https:\/\/blogdofarnesio.com.br\/?p=142441"},"wordCount":154,"commentCount":0,"publisher":{"@id":"https:\/\/blogdofarnesio.com.br\/#organization"},"articleSection":["Cidades"],"inLanguage":"pt-BR","potentialAction":[{"@type":"CommentAction","name":"Comment","target":["https:\/\/blogdofarnesio.com.br\/?p=142441#respond"]}]},{"@type":"WebPage","@id":"https:\/\/blogdofarnesio.com.br\/?p=142441","url":"https:\/\/blogdofarnesio.com.br\/?p=142441","name":"DIRETO DE SOBRADINHO - Blog do Farn\u00e9sio","isPartOf":{"@id":"https:\/\/blogdofarnesio.com.br\/#website"},"datePublished":"2016-05-21T18:00:36+00:00","breadcrumb":{"@id":"https:\/\/blogdofarnesio.com.br\/?p=142441#breadcrumb"},"inLanguage":"pt-BR","potentialAction":[{"@type":"ReadAction","target":["https:\/\/blogdofarnesio.com.br\/?p=142441"]}]},{"@type":"BreadcrumbList","@id":"https:\/\/blogdofarnesio.com.br\/?p=142441#breadcrumb","itemListElement":[{"@type":"ListItem","position":1,"name":"In\u00edcio","item":"https:\/\/blogdofarnesio.com.br\/"},{"@type":"ListItem","position":2,"name":"DIRETO DE SOBRADINHO"}]},{"@type":"WebSite","@id":"https:\/\/blogdofarnesio.com.br\/#website","url":"https:\/\/blogdofarnesio.com.br\/","name":"Blog do Farn\u00e9sio","description":"Quer Saber Pol\u00edtica?","publisher":{"@id":"https:\/\/blogdofarnesio.com.br\/#organization"},"potentialAction":[{"@type":"SearchAction","target":{"@type":"EntryPoint","urlTemplate":"https:\/\/blogdofarnesio.com.br\/?s={search_term_string}"},"query-input":{"@type":"PropertyValueSpecification","valueRequired":true,"valueName":"search_term_string"}}],"inLanguage":"pt-BR"},{"@type":"Organization","@id":"https:\/\/blogdofarnesio.com.br\/#organization","name":"Blog do Farn\u00e9sio","url":"https:\/\/blogdofarnesio.com.br\/","logo":{"@type":"ImageObject","inLanguage":"pt-BR","@id":"https:\/\/blogdofarnesio.com.br\/#\/schema\/logo\/image\/","url":"https:\/\/blogdofarnesio.com.br\/wp-content\/uploads\/2026\/03\/cropped-logo_new-1.png","contentUrl":"https:\/\/blogdofarnesio.com.br\/wp-content\/uploads\/2026\/03\/cropped-logo_new-1.png","width":881,"height":685,"caption":"Blog do Farn\u00e9sio"},"image":{"@id":"https:\/\/blogdofarnesio.com.br\/#\/schema\/logo\/image\/"},"sameAs":["https:\/\/www.facebook.com\/BlogQuerSaberPolitica\/"]},{"@type":"Person","@id":"https:\/\/blogdofarnesio.com.br\/#\/schema\/person\/dd1bf5eba40b687199ba45ca6b97dff9","name":"teste","image":{"@type":"ImageObject","inLanguage":"pt-BR","@id":"https:\/\/secure.gravatar.com\/avatar\/2172498d4914b51e1d89a0f97957b035ac4938723a5cac208135d389b6972a6d?s=96&d=mm&r=g","url":"https:\/\/secure.gravatar.com\/avatar\/2172498d4914b51e1d89a0f97957b035ac4938723a5cac208135d389b6972a6d?s=96&d=mm&r=g","contentUrl":"https:\/\/secure.gravatar.com\/avatar\/2172498d4914b51e1d89a0f97957b035ac4938723a5cac208135d389b6972a6d?s=96&d=mm&r=g","caption":"teste"},"url":"https:\/\/blogdofarnesio.com.br\/?author=3"}]}},"_links":{"self":[{"href":"https:\/\/blogdofarnesio.com.br\/index.php?rest_route=\/wp\/v2\/posts\/142441","targetHints":{"allow":["GET"]}}],"collection":[{"href":"https:\/\/blogdofarnesio.com.br\/index.php?rest_route=\/wp\/v2\/posts"}],"about":[{"href":"https:\/\/blogdofarnesio.com.br\/index.php?rest_route=\/wp\/v2\/types\/post"}],"author":[{"embeddable":true,"href":"https:\/\/blogdofarnesio.com.br\/index.php?rest_route=\/wp\/v2\/users\/3"}],"replies":[{"embeddable":true,"href":"https:\/\/blogdofarnesio.com.br\/index.php?rest_route=%2Fwp%2Fv2%2Fcomments&post=142441"}],"version-history":[{"count":0,"href":"https:\/\/blogdofarnesio.com.br\/index.php?rest_route=\/wp\/v2\/posts\/142441\/revisions"}],"wp:attachment":[{"href":"https:\/\/blogdofarnesio.com.br\/index.php?rest_route=%2Fwp%2Fv2%2Fmedia&parent=142441"}],"wp:term":[{"taxonomy":"category","embeddable":true,"href":"https:\/\/blogdofarnesio.com.br\/index.php?rest_route=%2Fwp%2Fv2%2Fcategories&post=142441"},{"taxonomy":"post_tag","embeddable":true,"href":"https:\/\/blogdofarnesio.com.br\/index.php?rest_route=%2Fwp%2Fv2%2Ftags&post=142441"}],"curies":[{"name":"wp","href":"https:\/\/api.w.org\/{rel}","templated":true}]}}