{"id":142436,"date":"2016-05-21T14:00:41","date_gmt":"2016-05-21T17:00:41","guid":{"rendered":"http:\/\/www.quersaberpolitica.com.br\/?p=142436"},"modified":"2016-05-21T10:17:15","modified_gmt":"2016-05-21T13:17:15","slug":"75a-cipm-promove-a-formatura-de-diversas-criancas-do-bairro-alto-do-cruzeiro-no-programa-de-erradicacao-das-drogas-proerd","status":"publish","type":"post","link":"https:\/\/blogdofarnesio.com.br\/2016\/05\/75a-cipm-promove-a-formatura-de-diversas-criancas-do-bairro-alto-do-cruzeiro-no-programa-de-erradicacao-das-drogas-proerd\/","title":{"rendered":"75\u00aa CIPM PROMOVE A FORMATURA DE DIVERSAS CRIAN\u00c7AS DO BAIRRO ALTO DO CRUZEIRO NO PROGRAMA DE ERRADICA\u00c7\u00c3O DAS DROGAS &#8211; PROERD"},"content":{"rendered":"<p style=\"text-align: justify\"><a href=\"http:\/\/www.quersaberpolitica.com.br\/2016\/wp-content\/uploads\/2016\/05\/blogqsp-evento-75bpm.jpg\"><img loading=\"lazy\" decoding=\"async\" class=\"  wp-image-142437 aligncenter\" src=\"http:\/\/www.quersaberpolitica.com.br\/2016\/wp-content\/uploads\/2016\/05\/blogqsp-evento-75bpm.jpg\" alt=\"blogqsp-evento-75bpm\" width=\"453\" height=\"317\" \/><\/a><\/p>\n<p style=\"text-align: justify\">Na manh\u00e3\u00a0 desta sexta-feira (20), a 75\u00aa CIPM encerra mais uma turma em \u00a0suas atividades do PROERD. A formatura contou com a presen\u00e7a de autoridades militares, professores, alunos, pais, familiares e pessoas da comunidade.<\/p>\n<p style=\"text-align: justify\">Para a realiza\u00e7\u00e3o desse evento foi de fundamental import\u00e2ncia o elo que se estreita cada vez mais com as crian\u00e7as, entre as idades de 4 a 14 anos juntamente com seus pais.<\/p>\n<p style=\"text-align: justify\">No evento foi entregue alguns presentes e brincadeiras para interagir os policiais com as crian\u00e7as.<\/p>\n<p style=\"text-align: justify\">Desde o come\u00e7o do projeto que se tem a presen\u00e7a dos policiais nas escolas compartilhando o conhecimento e a experi\u00eancia com o dia a dia da vida policial com esses alunos e mostrando v\u00e1rios exemplos para que a crian\u00e7a n\u00e3o tenha curiosidade de querer experimentar qualquer tipo de droga.<\/p>\n<p style=\"text-align: justify\">Frisamos que foi conseguido observar \u00f3timos resultados na comunidade, pois o \u00edndice de usu\u00e1rios de drogas est\u00e1 sendo reduzido de forma not\u00f3ria, tornando o elo familiar mais forte e diminuindo \u00a0a dor de ter um parente envolvido no mundo das drogas, com essa a\u00e7\u00e3o estamos vendo a diminui\u00e7\u00e3o do n\u00famero da \u00a0viol\u00eancia em nossa sociedade.<\/p>\n<p style=\"text-align: justify\">O Major \u00a0PM Irlam Gouveia de Mattos, comandante da Unidade, juntamente com os instrutores do PROERD fizeram com que o encerramento dessas atividades se tornassem um momento inesquec\u00edvel , para se guardar para toda \u00e0 vida.<\/p>\n<p style=\"text-align: justify\"><em>Assessoria de Comunica\u00e7\u00e3o Social da 75\u00aa CIPM<\/em><\/p>\n","protected":false},"excerpt":{"rendered":"<p>Na manh\u00e3\u00a0 desta sexta-feira (20), a 75\u00aa CIPM encerra mais uma turma em \u00a0suas atividades do PROERD. A formatura contou com a presen\u00e7a de autoridades militares, professores, alunos, pais, familiares e pessoas da comunidade. Para a realiza\u00e7\u00e3o desse evento foi de fundamental import\u00e2ncia o elo que se estreita cada vez mais com as crian\u00e7as, entre as idades de 4 a 14 anos juntamente com seus pais. No evento foi entregue alguns presentes e brincadeiras para interagir os policiais com as crian\u00e7as. Desde o come\u00e7o do projeto que se tem a presen\u00e7a dos policiais nas escolas compartilhando o conhecimento e a experi\u00eancia com o dia a dia da vida policial com esses alunos e mostrando v\u00e1rios exemplos para que a crian\u00e7a&hellip; <\/p>\n","protected":false},"author":7,"featured_media":0,"comment_status":"open","ping_status":"open","sticky":false,"template":"","format":"standard","meta":{"_acf_changed":false,"footnotes":""},"categories":[22,5],"tags":[],"class_list":["post-142436","post","type-post","status-publish","format-standard","hentry","category-acao-social","category-seguranca"],"acf":[],"yoast_head":"<!-- This site is optimized with the Yoast SEO plugin v27.5 - https:\/\/yoast.com\/product\/yoast-seo-wordpress\/ -->\n<title>75\u00aa CIPM PROMOVE A FORMATURA DE DIVERSAS CRIAN\u00c7AS DO BAIRRO ALTO DO CRUZEIRO NO PROGRAMA DE ERRADICA\u00c7\u00c3O DAS DROGAS - PROERD - Blog do Farn\u00e9sio<\/title>\n<meta name=\"robots\" content=\"index, follow, max-snippet:-1, max-image-preview:large, max-video-preview:-1\" \/>\n<link rel=\"canonical\" href=\"https:\/\/blogdofarnesio.com.br\/2016\/05\/75a-cipm-promove-a-formatura-de-diversas-criancas-do-bairro-alto-do-cruzeiro-no-programa-de-erradicacao-das-drogas-proerd\/\" \/>\n<meta property=\"og:locale\" content=\"pt_BR\" \/>\n<meta property=\"og:type\" content=\"article\" \/>\n<meta property=\"og:title\" content=\"75\u00aa CIPM PROMOVE A FORMATURA DE DIVERSAS CRIAN\u00c7AS DO BAIRRO ALTO DO CRUZEIRO NO PROGRAMA DE ERRADICA\u00c7\u00c3O DAS DROGAS - PROERD - Blog do Farn\u00e9sio\" \/>\n<meta property=\"og:description\" content=\"Na manh\u00e3\u00a0 desta sexta-feira (20), a 75\u00aa CIPM encerra mais uma turma em \u00a0suas atividades do PROERD. A formatura contou com a presen\u00e7a de autoridades militares, professores, alunos, pais, familiares e pessoas da comunidade. Para a realiza\u00e7\u00e3o desse evento foi de fundamental import\u00e2ncia o elo que se estreita cada vez mais com as crian\u00e7as, entre as idades de 4 a 14 anos juntamente com seus pais. No evento foi entregue alguns presentes e brincadeiras para interagir os policiais com as crian\u00e7as. Desde o come\u00e7o do projeto que se tem a presen\u00e7a dos policiais nas escolas compartilhando o conhecimento e a experi\u00eancia com o dia a dia da vida policial com esses alunos e mostrando v\u00e1rios exemplos para que a crian\u00e7a&hellip;\" \/>\n<meta property=\"og:url\" content=\"https:\/\/blogdofarnesio.com.br\/2016\/05\/75a-cipm-promove-a-formatura-de-diversas-criancas-do-bairro-alto-do-cruzeiro-no-programa-de-erradicacao-das-drogas-proerd\/\" \/>\n<meta property=\"og:site_name\" content=\"Blog do Farn\u00e9sio\" \/>\n<meta property=\"article:publisher\" content=\"https:\/\/www.facebook.com\/BlogQuerSaberPolitica\/\" \/>\n<meta property=\"article:published_time\" content=\"2016-05-21T17:00:41+00:00\" \/>\n<meta property=\"og:image\" content=\"http:\/\/www.quersaberpolitica.com.br\/2016\/wp-content\/uploads\/2016\/05\/blogqsp-evento-75bpm.jpg\" \/>\n<meta name=\"twitter:card\" content=\"summary_large_image\" \/>\n<meta name=\"twitter:label1\" content=\"Escrito por\" \/>\n\t<meta name=\"twitter:data1\" content=\"\" \/>\n\t<meta name=\"twitter:label2\" content=\"Est. tempo de leitura\" \/>\n\t<meta name=\"twitter:data2\" content=\"1 minuto\" \/>\n<script type=\"application\/ld+json\" class=\"yoast-schema-graph\">{\"@context\":\"https:\\\/\\\/schema.org\",\"@graph\":[{\"@type\":\"Article\",\"@id\":\"https:\\\/\\\/blogdofarnesio.com.br\\\/2016\\\/05\\\/75a-cipm-promove-a-formatura-de-diversas-criancas-do-bairro-alto-do-cruzeiro-no-programa-de-erradicacao-das-drogas-proerd\\\/#article\",\"isPartOf\":{\"@id\":\"https:\\\/\\\/blogdofarnesio.com.br\\\/2016\\\/05\\\/75a-cipm-promove-a-formatura-de-diversas-criancas-do-bairro-alto-do-cruzeiro-no-programa-de-erradicacao-das-drogas-proerd\\\/\"},\"author\":{\"name\":\"\",\"@id\":\"\"},\"headline\":\"75\u00aa CIPM PROMOVE A FORMATURA DE DIVERSAS CRIAN\u00c7AS DO BAIRRO ALTO DO CRUZEIRO NO PROGRAMA DE ERRADICA\u00c7\u00c3O DAS DROGAS &#8211; PROERD\",\"datePublished\":\"2016-05-21T17:00:41+00:00\",\"mainEntityOfPage\":{\"@id\":\"https:\\\/\\\/blogdofarnesio.com.br\\\/2016\\\/05\\\/75a-cipm-promove-a-formatura-de-diversas-criancas-do-bairro-alto-do-cruzeiro-no-programa-de-erradicacao-das-drogas-proerd\\\/\"},\"wordCount\":262,\"commentCount\":0,\"publisher\":{\"@id\":\"https:\\\/\\\/blogdofarnesio.com.br\\\/#organization\"},\"image\":{\"@id\":\"https:\\\/\\\/blogdofarnesio.com.br\\\/2016\\\/05\\\/75a-cipm-promove-a-formatura-de-diversas-criancas-do-bairro-alto-do-cruzeiro-no-programa-de-erradicacao-das-drogas-proerd\\\/#primaryimage\"},\"thumbnailUrl\":\"http:\\\/\\\/www.quersaberpolitica.com.br\\\/2016\\\/wp-content\\\/uploads\\\/2016\\\/05\\\/blogqsp-evento-75bpm.jpg\",\"articleSection\":[\"A\u00e7\u00e3o Social\",\"Seguran\u00e7a\"],\"inLanguage\":\"pt-BR\",\"potentialAction\":[{\"@type\":\"CommentAction\",\"name\":\"Comment\",\"target\":[\"https:\\\/\\\/blogdofarnesio.com.br\\\/2016\\\/05\\\/75a-cipm-promove-a-formatura-de-diversas-criancas-do-bairro-alto-do-cruzeiro-no-programa-de-erradicacao-das-drogas-proerd\\\/#respond\"]}]},{\"@type\":\"WebPage\",\"@id\":\"https:\\\/\\\/blogdofarnesio.com.br\\\/2016\\\/05\\\/75a-cipm-promove-a-formatura-de-diversas-criancas-do-bairro-alto-do-cruzeiro-no-programa-de-erradicacao-das-drogas-proerd\\\/\",\"url\":\"https:\\\/\\\/blogdofarnesio.com.br\\\/2016\\\/05\\\/75a-cipm-promove-a-formatura-de-diversas-criancas-do-bairro-alto-do-cruzeiro-no-programa-de-erradicacao-das-drogas-proerd\\\/\",\"name\":\"75\u00aa CIPM PROMOVE A FORMATURA DE DIVERSAS CRIAN\u00c7AS DO BAIRRO ALTO DO CRUZEIRO NO PROGRAMA DE ERRADICA\u00c7\u00c3O DAS DROGAS - PROERD - Blog do Farn\u00e9sio\",\"isPartOf\":{\"@id\":\"https:\\\/\\\/blogdofarnesio.com.br\\\/#website\"},\"primaryImageOfPage\":{\"@id\":\"https:\\\/\\\/blogdofarnesio.com.br\\\/2016\\\/05\\\/75a-cipm-promove-a-formatura-de-diversas-criancas-do-bairro-alto-do-cruzeiro-no-programa-de-erradicacao-das-drogas-proerd\\\/#primaryimage\"},\"image\":{\"@id\":\"https:\\\/\\\/blogdofarnesio.com.br\\\/2016\\\/05\\\/75a-cipm-promove-a-formatura-de-diversas-criancas-do-bairro-alto-do-cruzeiro-no-programa-de-erradicacao-das-drogas-proerd\\\/#primaryimage\"},\"thumbnailUrl\":\"http:\\\/\\\/www.quersaberpolitica.com.br\\\/2016\\\/wp-content\\\/uploads\\\/2016\\\/05\\\/blogqsp-evento-75bpm.jpg\",\"datePublished\":\"2016-05-21T17:00:41+00:00\",\"breadcrumb\":{\"@id\":\"https:\\\/\\\/blogdofarnesio.com.br\\\/2016\\\/05\\\/75a-cipm-promove-a-formatura-de-diversas-criancas-do-bairro-alto-do-cruzeiro-no-programa-de-erradicacao-das-drogas-proerd\\\/#breadcrumb\"},\"inLanguage\":\"pt-BR\",\"potentialAction\":[{\"@type\":\"ReadAction\",\"target\":[\"https:\\\/\\\/blogdofarnesio.com.br\\\/2016\\\/05\\\/75a-cipm-promove-a-formatura-de-diversas-criancas-do-bairro-alto-do-cruzeiro-no-programa-de-erradicacao-das-drogas-proerd\\\/\"]}]},{\"@type\":\"ImageObject\",\"inLanguage\":\"pt-BR\",\"@id\":\"https:\\\/\\\/blogdofarnesio.com.br\\\/2016\\\/05\\\/75a-cipm-promove-a-formatura-de-diversas-criancas-do-bairro-alto-do-cruzeiro-no-programa-de-erradicacao-das-drogas-proerd\\\/#primaryimage\",\"url\":\"http:\\\/\\\/www.quersaberpolitica.com.br\\\/2016\\\/wp-content\\\/uploads\\\/2016\\\/05\\\/blogqsp-evento-75bpm.jpg\",\"contentUrl\":\"http:\\\/\\\/www.quersaberpolitica.com.br\\\/2016\\\/wp-content\\\/uploads\\\/2016\\\/05\\\/blogqsp-evento-75bpm.jpg\"},{\"@type\":\"BreadcrumbList\",\"@id\":\"https:\\\/\\\/blogdofarnesio.com.br\\\/2016\\\/05\\\/75a-cipm-promove-a-formatura-de-diversas-criancas-do-bairro-alto-do-cruzeiro-no-programa-de-erradicacao-das-drogas-proerd\\\/#breadcrumb\",\"itemListElement\":[{\"@type\":\"ListItem\",\"position\":1,\"name\":\"In\u00edcio\",\"item\":\"https:\\\/\\\/blogdofarnesio.com.br\\\/\"},{\"@type\":\"ListItem\",\"position\":2,\"name\":\"75\u00aa CIPM PROMOVE A FORMATURA DE DIVERSAS CRIAN\u00c7AS DO BAIRRO ALTO DO CRUZEIRO NO PROGRAMA DE ERRADICA\u00c7\u00c3O DAS DROGAS &#8211; PROERD\"}]},{\"@type\":\"WebSite\",\"@id\":\"https:\\\/\\\/blogdofarnesio.com.br\\\/#website\",\"url\":\"https:\\\/\\\/blogdofarnesio.com.br\\\/\",\"name\":\"Blog do Farn\u00e9sio\",\"description\":\"Quer Saber Pol\u00edtica?\",\"publisher\":{\"@id\":\"https:\\\/\\\/blogdofarnesio.com.br\\\/#organization\"},\"potentialAction\":[{\"@type\":\"SearchAction\",\"target\":{\"@type\":\"EntryPoint\",\"urlTemplate\":\"https:\\\/\\\/blogdofarnesio.com.br\\\/?s={search_term_string}\"},\"query-input\":{\"@type\":\"PropertyValueSpecification\",\"valueRequired\":true,\"valueName\":\"search_term_string\"}}],\"inLanguage\":\"pt-BR\"},{\"@type\":\"Organization\",\"@id\":\"https:\\\/\\\/blogdofarnesio.com.br\\\/#organization\",\"name\":\"Blog do Farn\u00e9sio\",\"url\":\"https:\\\/\\\/blogdofarnesio.com.br\\\/\",\"logo\":{\"@type\":\"ImageObject\",\"inLanguage\":\"pt-BR\",\"@id\":\"https:\\\/\\\/blogdofarnesio.com.br\\\/#\\\/schema\\\/logo\\\/image\\\/\",\"url\":\"https:\\\/\\\/blogdofarnesio.com.br\\\/wp-content\\\/uploads\\\/2026\\\/03\\\/cropped-logo_new-1.png\",\"contentUrl\":\"https:\\\/\\\/blogdofarnesio.com.br\\\/wp-content\\\/uploads\\\/2026\\\/03\\\/cropped-logo_new-1.png\",\"width\":881,\"height\":685,\"caption\":\"Blog do Farn\u00e9sio\"},\"image\":{\"@id\":\"https:\\\/\\\/blogdofarnesio.com.br\\\/#\\\/schema\\\/logo\\\/image\\\/\"},\"sameAs\":[\"https:\\\/\\\/www.facebook.com\\\/BlogQuerSaberPolitica\\\/\"]},{\"@type\":\"Person\",\"@id\":\"\",\"url\":\"https:\\\/\\\/blogdofarnesio.com.br\\\/author\\\/\"}]}<\/script>\n<!-- \/ Yoast SEO plugin. -->","yoast_head_json":{"title":"75\u00aa CIPM PROMOVE A FORMATURA DE DIVERSAS CRIAN\u00c7AS DO BAIRRO ALTO DO CRUZEIRO NO PROGRAMA DE ERRADICA\u00c7\u00c3O DAS DROGAS - PROERD - Blog do Farn\u00e9sio","robots":{"index":"index","follow":"follow","max-snippet":"max-snippet:-1","max-image-preview":"max-image-preview:large","max-video-preview":"max-video-preview:-1"},"canonical":"https:\/\/blogdofarnesio.com.br\/2016\/05\/75a-cipm-promove-a-formatura-de-diversas-criancas-do-bairro-alto-do-cruzeiro-no-programa-de-erradicacao-das-drogas-proerd\/","og_locale":"pt_BR","og_type":"article","og_title":"75\u00aa CIPM PROMOVE A FORMATURA DE DIVERSAS CRIAN\u00c7AS DO BAIRRO ALTO DO CRUZEIRO NO PROGRAMA DE ERRADICA\u00c7\u00c3O DAS DROGAS - PROERD - Blog do Farn\u00e9sio","og_description":"Na manh\u00e3\u00a0 desta sexta-feira (20), a 75\u00aa CIPM encerra mais uma turma em \u00a0suas atividades do PROERD. A formatura contou com a presen\u00e7a de autoridades militares, professores, alunos, pais, familiares e pessoas da comunidade. Para a realiza\u00e7\u00e3o desse evento foi de fundamental import\u00e2ncia o elo que se estreita cada vez mais com as crian\u00e7as, entre as idades de 4 a 14 anos juntamente com seus pais. No evento foi entregue alguns presentes e brincadeiras para interagir os policiais com as crian\u00e7as. Desde o come\u00e7o do projeto que se tem a presen\u00e7a dos policiais nas escolas compartilhando o conhecimento e a experi\u00eancia com o dia a dia da vida policial com esses alunos e mostrando v\u00e1rios exemplos para que a crian\u00e7a&hellip;","og_url":"https:\/\/blogdofarnesio.com.br\/2016\/05\/75a-cipm-promove-a-formatura-de-diversas-criancas-do-bairro-alto-do-cruzeiro-no-programa-de-erradicacao-das-drogas-proerd\/","og_site_name":"Blog do Farn\u00e9sio","article_publisher":"https:\/\/www.facebook.com\/BlogQuerSaberPolitica\/","article_published_time":"2016-05-21T17:00:41+00:00","og_image":[{"url":"http:\/\/www.quersaberpolitica.com.br\/2016\/wp-content\/uploads\/2016\/05\/blogqsp-evento-75bpm.jpg","type":"","width":"","height":""}],"twitter_card":"summary_large_image","twitter_misc":{"Escrito por":"","Est. tempo de leitura":"1 minuto"},"schema":{"@context":"https:\/\/schema.org","@graph":[{"@type":"Article","@id":"https:\/\/blogdofarnesio.com.br\/2016\/05\/75a-cipm-promove-a-formatura-de-diversas-criancas-do-bairro-alto-do-cruzeiro-no-programa-de-erradicacao-das-drogas-proerd\/#article","isPartOf":{"@id":"https:\/\/blogdofarnesio.com.br\/2016\/05\/75a-cipm-promove-a-formatura-de-diversas-criancas-do-bairro-alto-do-cruzeiro-no-programa-de-erradicacao-das-drogas-proerd\/"},"author":{"name":"","@id":""},"headline":"75\u00aa CIPM PROMOVE A FORMATURA DE DIVERSAS CRIAN\u00c7AS DO BAIRRO ALTO DO CRUZEIRO NO PROGRAMA DE ERRADICA\u00c7\u00c3O DAS DROGAS &#8211; PROERD","datePublished":"2016-05-21T17:00:41+00:00","mainEntityOfPage":{"@id":"https:\/\/blogdofarnesio.com.br\/2016\/05\/75a-cipm-promove-a-formatura-de-diversas-criancas-do-bairro-alto-do-cruzeiro-no-programa-de-erradicacao-das-drogas-proerd\/"},"wordCount":262,"commentCount":0,"publisher":{"@id":"https:\/\/blogdofarnesio.com.br\/#organization"},"image":{"@id":"https:\/\/blogdofarnesio.com.br\/2016\/05\/75a-cipm-promove-a-formatura-de-diversas-criancas-do-bairro-alto-do-cruzeiro-no-programa-de-erradicacao-das-drogas-proerd\/#primaryimage"},"thumbnailUrl":"http:\/\/www.quersaberpolitica.com.br\/2016\/wp-content\/uploads\/2016\/05\/blogqsp-evento-75bpm.jpg","articleSection":["A\u00e7\u00e3o Social","Seguran\u00e7a"],"inLanguage":"pt-BR","potentialAction":[{"@type":"CommentAction","name":"Comment","target":["https:\/\/blogdofarnesio.com.br\/2016\/05\/75a-cipm-promove-a-formatura-de-diversas-criancas-do-bairro-alto-do-cruzeiro-no-programa-de-erradicacao-das-drogas-proerd\/#respond"]}]},{"@type":"WebPage","@id":"https:\/\/blogdofarnesio.com.br\/2016\/05\/75a-cipm-promove-a-formatura-de-diversas-criancas-do-bairro-alto-do-cruzeiro-no-programa-de-erradicacao-das-drogas-proerd\/","url":"https:\/\/blogdofarnesio.com.br\/2016\/05\/75a-cipm-promove-a-formatura-de-diversas-criancas-do-bairro-alto-do-cruzeiro-no-programa-de-erradicacao-das-drogas-proerd\/","name":"75\u00aa CIPM PROMOVE A FORMATURA DE DIVERSAS CRIAN\u00c7AS DO BAIRRO ALTO DO CRUZEIRO NO PROGRAMA DE ERRADICA\u00c7\u00c3O DAS DROGAS - PROERD - Blog do Farn\u00e9sio","isPartOf":{"@id":"https:\/\/blogdofarnesio.com.br\/#website"},"primaryImageOfPage":{"@id":"https:\/\/blogdofarnesio.com.br\/2016\/05\/75a-cipm-promove-a-formatura-de-diversas-criancas-do-bairro-alto-do-cruzeiro-no-programa-de-erradicacao-das-drogas-proerd\/#primaryimage"},"image":{"@id":"https:\/\/blogdofarnesio.com.br\/2016\/05\/75a-cipm-promove-a-formatura-de-diversas-criancas-do-bairro-alto-do-cruzeiro-no-programa-de-erradicacao-das-drogas-proerd\/#primaryimage"},"thumbnailUrl":"http:\/\/www.quersaberpolitica.com.br\/2016\/wp-content\/uploads\/2016\/05\/blogqsp-evento-75bpm.jpg","datePublished":"2016-05-21T17:00:41+00:00","breadcrumb":{"@id":"https:\/\/blogdofarnesio.com.br\/2016\/05\/75a-cipm-promove-a-formatura-de-diversas-criancas-do-bairro-alto-do-cruzeiro-no-programa-de-erradicacao-das-drogas-proerd\/#breadcrumb"},"inLanguage":"pt-BR","potentialAction":[{"@type":"ReadAction","target":["https:\/\/blogdofarnesio.com.br\/2016\/05\/75a-cipm-promove-a-formatura-de-diversas-criancas-do-bairro-alto-do-cruzeiro-no-programa-de-erradicacao-das-drogas-proerd\/"]}]},{"@type":"ImageObject","inLanguage":"pt-BR","@id":"https:\/\/blogdofarnesio.com.br\/2016\/05\/75a-cipm-promove-a-formatura-de-diversas-criancas-do-bairro-alto-do-cruzeiro-no-programa-de-erradicacao-das-drogas-proerd\/#primaryimage","url":"http:\/\/www.quersaberpolitica.com.br\/2016\/wp-content\/uploads\/2016\/05\/blogqsp-evento-75bpm.jpg","contentUrl":"http:\/\/www.quersaberpolitica.com.br\/2016\/wp-content\/uploads\/2016\/05\/blogqsp-evento-75bpm.jpg"},{"@type":"BreadcrumbList","@id":"https:\/\/blogdofarnesio.com.br\/2016\/05\/75a-cipm-promove-a-formatura-de-diversas-criancas-do-bairro-alto-do-cruzeiro-no-programa-de-erradicacao-das-drogas-proerd\/#breadcrumb","itemListElement":[{"@type":"ListItem","position":1,"name":"In\u00edcio","item":"https:\/\/blogdofarnesio.com.br\/"},{"@type":"ListItem","position":2,"name":"75\u00aa CIPM PROMOVE A FORMATURA DE DIVERSAS CRIAN\u00c7AS DO BAIRRO ALTO DO CRUZEIRO NO PROGRAMA DE ERRADICA\u00c7\u00c3O DAS DROGAS &#8211; PROERD"}]},{"@type":"WebSite","@id":"https:\/\/blogdofarnesio.com.br\/#website","url":"https:\/\/blogdofarnesio.com.br\/","name":"Blog do Farn\u00e9sio","description":"Quer Saber Pol\u00edtica?","publisher":{"@id":"https:\/\/blogdofarnesio.com.br\/#organization"},"potentialAction":[{"@type":"SearchAction","target":{"@type":"EntryPoint","urlTemplate":"https:\/\/blogdofarnesio.com.br\/?s={search_term_string}"},"query-input":{"@type":"PropertyValueSpecification","valueRequired":true,"valueName":"search_term_string"}}],"inLanguage":"pt-BR"},{"@type":"Organization","@id":"https:\/\/blogdofarnesio.com.br\/#organization","name":"Blog do Farn\u00e9sio","url":"https:\/\/blogdofarnesio.com.br\/","logo":{"@type":"ImageObject","inLanguage":"pt-BR","@id":"https:\/\/blogdofarnesio.com.br\/#\/schema\/logo\/image\/","url":"https:\/\/blogdofarnesio.com.br\/wp-content\/uploads\/2026\/03\/cropped-logo_new-1.png","contentUrl":"https:\/\/blogdofarnesio.com.br\/wp-content\/uploads\/2026\/03\/cropped-logo_new-1.png","width":881,"height":685,"caption":"Blog do Farn\u00e9sio"},"image":{"@id":"https:\/\/blogdofarnesio.com.br\/#\/schema\/logo\/image\/"},"sameAs":["https:\/\/www.facebook.com\/BlogQuerSaberPolitica\/"]},{"@type":"Person","@id":"","url":"https:\/\/blogdofarnesio.com.br\/author\/"}]}},"_links":{"self":[{"href":"https:\/\/blogdofarnesio.com.br\/wp-json\/wp\/v2\/posts\/142436","targetHints":{"allow":["GET"]}}],"collection":[{"href":"https:\/\/blogdofarnesio.com.br\/wp-json\/wp\/v2\/posts"}],"about":[{"href":"https:\/\/blogdofarnesio.com.br\/wp-json\/wp\/v2\/types\/post"}],"author":[{"embeddable":true,"href":"https:\/\/blogdofarnesio.com.br\/wp-json\/wp\/v2\/users\/7"}],"replies":[{"embeddable":true,"href":"https:\/\/blogdofarnesio.com.br\/wp-json\/wp\/v2\/comments?post=142436"}],"version-history":[{"count":0,"href":"https:\/\/blogdofarnesio.com.br\/wp-json\/wp\/v2\/posts\/142436\/revisions"}],"wp:attachment":[{"href":"https:\/\/blogdofarnesio.com.br\/wp-json\/wp\/v2\/media?parent=142436"}],"wp:term":[{"taxonomy":"category","embeddable":true,"href":"https:\/\/blogdofarnesio.com.br\/wp-json\/wp\/v2\/categories?post=142436"},{"taxonomy":"post_tag","embeddable":true,"href":"https:\/\/blogdofarnesio.com.br\/wp-json\/wp\/v2\/tags?post=142436"}],"curies":[{"name":"wp","href":"https:\/\/api.w.org\/{rel}","templated":true}]}}