{"id":142294,"date":"2016-05-18T17:04:40","date_gmt":"2016-05-18T20:04:40","guid":{"rendered":"http:\/\/www.quersaberpolitica.com.br\/?p=142294"},"modified":"2016-05-18T16:15:21","modified_gmt":"2016-05-18T19:15:21","slug":"fernando-filho-e-o-primeiro-abacaxi-pra-descascar-no-ministerio-de-minas-e-energia","status":"publish","type":"post","link":"https:\/\/blogdofarnesio.com.br\/?p=142294","title":{"rendered":"FERNANDO FILHO E O PRIMEIRO ABACAXI PRA DESCASCAR NO MINIST\u00c9RIO DE MINAS E ENERGIA"},"content":{"rendered":"<header class=\"entry-header\">\n<h1 class=\"entry-title\" style=\"text-align: center\"><span style=\"color: #666699\"><a style=\"color: #666699\" href=\"http:\/\/blogs.ne10.uol.com.br\/jamildo\/2016\/05\/18\/problema-para-fernando-filho-bolsa-de-nova-york-deixa-de-negociar-acoes-da-eletrobras\/\">Bolsa de Nova York deixa de negociar a\u00e7\u00f5es da Eletrobr\u00e1s<\/a><\/span><\/h1>\n<div class=\"meta-top-post-ne10\" style=\"text-align: justify\"><img loading=\"lazy\" decoding=\"async\" class=\"attachment-post-thumbnail  wp-post-image aligncenter\" src=\"http:\/\/imagens1.ne10.uol.com.br\/blogsne10\/jamildo\/uploads\/2016\/05\/fernando-filho-2.jpg\" alt=\"Foto: Marcelo Camargo\/Ag\u00eancia Brasil\" width=\"430\" height=\"290\" \/><\/div>\n<\/header>\n<div class=\"entry-content\">\n<p style=\"text-align: justify\"><em>Ag\u00eancia Brasil \u2013<\/em> A diretoria da Eletrobras n\u00e3o conseguir\u00e1 entregar ainda nesta quarta-feira (18) os balan\u00e7os auditados de 2014 e 2015 \u00e0 SEC (\u00f3rg\u00e3o regulador do mercado de capitais nos Estados Unidos). Por isso, a partir de amanh\u00e3 as a\u00e7\u00f5es da estatal n\u00e3o estar\u00e3o sendo negociadas na Bolsa de Nova York (NYSE).<\/p>\n<p style=\"text-align: justify\">A decis\u00e3o da NYSE ocorreu depois que, na v\u00e9spera, a Eletrobras deixou de entregar \u00e0s autoridades norte-americanas o balan\u00e7o auditado da empresa. Segundo a Bolsa de Nova York, a empresa tem o direito de solicitar revis\u00e3o da medida.<\/p>\n<p style=\"text-align: justify\">Energia, Fernando Coelho Filho, que participou, no Rio de Janeiro, da solenidade de abertura do 13\u00ba Encontro Nacional de Agentes do Setor El\u00e9trico (Enase), informou que amanh\u00e3 (19) a Eletrobras vai recorrer da decis\u00e3o.<\/p>\n<p style=\"text-align: justify\">Segundo ele, ainda assim as a\u00e7\u00f5es da empresa ficar\u00e3o at\u00e9 90 dias fora do preg\u00e3o da bolsa nova iorquina. \u201c\u00c9 muito pouco prov\u00e1vel que ela (a Eletrobras] consiga apresentar o balan\u00e7o at\u00e9 o fm do dia de hoje e a partir de amanh\u00e3 as a\u00e7\u00f5es ser\u00e3o suspensas das negocia\u00e7\u00f5es\u201d, admitiu o ministro ainda sem saber da decis\u00e3o do governo americano.<\/p>\n<p style=\"text-align: justify\">Ele disse acreditar que o recurso a ser apresentado dever\u00e1 levar de dois a tr\u00eas meses para ser julgado.<!--more--> Fernando Coelho acrescentou que, durante esse per\u00edodo, ser\u00e3o feitos \u201ctodos os esfor\u00e7os necess\u00e1rios no sentido de que as investiga\u00e7\u00f5es possam ser conclu\u00eddas, o que dar\u00e1 conforto para que a auditoria independente assine o balan\u00e7o\u201d.<\/p>\n<p style=\"text-align: justify\">Com o balan\u00e7o auditado e assinado, o ministro espera que as a\u00e7\u00f5es da holding possam voltar a ser negociadas \u201cantes de que seja iniciado o processo de deslistamento\u201d.<\/p>\n<p style=\"text-align: justify\"><strong>COMANDO \u2013<\/strong> Sobre a possibilidade de troca de comando na Eletrobras, Fernando Coelho informou que o governo n\u00e3o est\u00e1 pensando nisso no momento, mas admitiu que a empresa precisar\u00e1 passar por um processo de desmobiliza\u00e7\u00e3o de ativos.<\/p>\n<p style=\"text-align: justify\">\u201cN\u00e3o estamos falamos em substitui\u00e7\u00e3o agora. Estamos focado primeiro em poder resolver o problema do balan\u00e7o e de capitalizar a empresa. Formatamos algumas sugest\u00f5es ao longo desta semana. Evidentemente que h\u00e1 necessidade de desmobiliza\u00e7\u00e3o de alguns ativos do Sistema Eletrobras, mas tudo isso ser\u00e1 feito em comum acordo com Moreira Franco [que vai coordenar o Programa de Parceria de Investimento (PPI)] e com o Minist\u00e9rio do Planejamento, de forma que apresentemos um projeto de que d\u00ea condi\u00e7\u00f5es para que possamos reorganizar o sistema el\u00e9trico brasileiro\u201d, destacou.<\/p>\n<p style=\"text-align: justify\"><strong>PETROBRAS \u2013<\/strong> Com rela\u00e7\u00e3o \u00e0 substitui\u00e7\u00e3o na dire\u00e7\u00e3o da Petrobras, o ministro de Minas e Energia admitiu a possibilidade, mas fez a ressalva de que este \u00e9 um assunto que caber\u00e1 ao presidente interino Michel Temer resolver.<\/p>\n<p style=\"text-align: justify\">\u201cTem uma pr\u00e9-agenda agora \u00e0 tarde com o presidente, quando o assunto dever\u00e1 ser discutido. Sem d\u00favida, o tema dever\u00e1 surgir. Mas Petrobras \u00e9 uma quest\u00e3o de governo, n\u00e3o \u00e9 de ministro. Evidentemente que ela est\u00e1 ligada ao Minist\u00e9rio de Minas e Energia, mas quem fala a respeito \u00e9 o presidente Temer\u201d, esclareceu.<\/p>\n<p style=\"text-align: justify\">\n<\/div>\n<p>&nbsp;<\/p>\n","protected":false},"excerpt":{"rendered":"<p>Bolsa de Nova York deixa de negociar a\u00e7\u00f5es da Eletrobr\u00e1s Ag\u00eancia Brasil \u2013 A diretoria da Eletrobras n\u00e3o conseguir\u00e1 entregar ainda nesta quarta-feira (18) os balan\u00e7os auditados de 2014 e 2015 \u00e0 SEC (\u00f3rg\u00e3o regulador do mercado de capitais nos Estados Unidos). Por isso, a partir de amanh\u00e3 as a\u00e7\u00f5es da estatal n\u00e3o estar\u00e3o sendo negociadas na Bolsa de Nova York (NYSE). A decis\u00e3o da NYSE ocorreu depois que, na v\u00e9spera, a Eletrobras deixou de entregar \u00e0s autoridades norte-americanas o balan\u00e7o auditado da empresa. Segundo a Bolsa de Nova York, a empresa tem o direito de solicitar revis\u00e3o da medida. Energia, Fernando Coelho Filho, que participou, no Rio de Janeiro, da solenidade de abertura do 13\u00ba Encontro Nacional de Agentes&hellip; <\/p>\n","protected":false},"author":3,"featured_media":0,"comment_status":"open","ping_status":"open","sticky":false,"template":"","format":"standard","meta":{"_acf_changed":false,"footnotes":""},"categories":[1],"tags":[],"class_list":["post-142294","post","type-post","status-publish","format-standard","hentry","category-politica"],"acf":[],"yoast_head":"<!-- This site is optimized with the Yoast SEO plugin v27.4 - https:\/\/yoast.com\/product\/yoast-seo-wordpress\/ -->\n<title>FERNANDO FILHO E O PRIMEIRO ABACAXI PRA DESCASCAR NO MINIST\u00c9RIO DE MINAS E ENERGIA - Blog do Farn\u00e9sio<\/title>\n<meta name=\"robots\" content=\"index, follow, max-snippet:-1, max-image-preview:large, max-video-preview:-1\" \/>\n<link rel=\"canonical\" href=\"https:\/\/blogdofarnesio.com.br\/?p=142294\" \/>\n<meta property=\"og:locale\" content=\"pt_BR\" \/>\n<meta property=\"og:type\" content=\"article\" \/>\n<meta property=\"og:title\" content=\"FERNANDO FILHO E O PRIMEIRO ABACAXI PRA DESCASCAR NO MINIST\u00c9RIO DE MINAS E ENERGIA - Blog do Farn\u00e9sio\" \/>\n<meta property=\"og:description\" content=\"Bolsa de Nova York deixa de negociar a\u00e7\u00f5es da Eletrobr\u00e1s Ag\u00eancia Brasil \u2013 A diretoria da Eletrobras n\u00e3o conseguir\u00e1 entregar ainda nesta quarta-feira (18) os balan\u00e7os auditados de 2014 e 2015 \u00e0 SEC (\u00f3rg\u00e3o regulador do mercado de capitais nos Estados Unidos). Por isso, a partir de amanh\u00e3 as a\u00e7\u00f5es da estatal n\u00e3o estar\u00e3o sendo negociadas na Bolsa de Nova York (NYSE). A decis\u00e3o da NYSE ocorreu depois que, na v\u00e9spera, a Eletrobras deixou de entregar \u00e0s autoridades norte-americanas o balan\u00e7o auditado da empresa. Segundo a Bolsa de Nova York, a empresa tem o direito de solicitar revis\u00e3o da medida. Energia, Fernando Coelho Filho, que participou, no Rio de Janeiro, da solenidade de abertura do 13\u00ba Encontro Nacional de Agentes&hellip;\" \/>\n<meta property=\"og:url\" content=\"https:\/\/blogdofarnesio.com.br\/?p=142294\" \/>\n<meta property=\"og:site_name\" content=\"Blog do Farn\u00e9sio\" \/>\n<meta property=\"article:publisher\" content=\"https:\/\/www.facebook.com\/BlogQuerSaberPolitica\/\" \/>\n<meta property=\"article:published_time\" content=\"2016-05-18T20:04:40+00:00\" \/>\n<meta property=\"og:image\" content=\"http:\/\/imagens1.ne10.uol.com.br\/blogsne10\/jamildo\/uploads\/2016\/05\/fernando-filho-2.jpg\" \/>\n<meta name=\"author\" content=\"teste\" \/>\n<meta name=\"twitter:card\" content=\"summary_large_image\" \/>\n<meta name=\"twitter:label1\" content=\"Escrito por\" \/>\n\t<meta name=\"twitter:data1\" content=\"teste\" \/>\n\t<meta name=\"twitter:label2\" content=\"Est. tempo de leitura\" \/>\n\t<meta name=\"twitter:data2\" content=\"3 minutos\" \/>\n<script type=\"application\/ld+json\" class=\"yoast-schema-graph\">{\"@context\":\"https:\\\/\\\/schema.org\",\"@graph\":[{\"@type\":\"Article\",\"@id\":\"https:\\\/\\\/blogdofarnesio.com.br\\\/?p=142294#article\",\"isPartOf\":{\"@id\":\"https:\\\/\\\/blogdofarnesio.com.br\\\/?p=142294\"},\"author\":{\"name\":\"teste\",\"@id\":\"https:\\\/\\\/blogdofarnesio.com.br\\\/#\\\/schema\\\/person\\\/dd1bf5eba40b687199ba45ca6b97dff9\"},\"headline\":\"FERNANDO FILHO E O PRIMEIRO ABACAXI PRA DESCASCAR NO MINIST\u00c9RIO DE MINAS E ENERGIA\",\"datePublished\":\"2016-05-18T20:04:40+00:00\",\"mainEntityOfPage\":{\"@id\":\"https:\\\/\\\/blogdofarnesio.com.br\\\/?p=142294\"},\"wordCount\":539,\"commentCount\":0,\"publisher\":{\"@id\":\"https:\\\/\\\/blogdofarnesio.com.br\\\/#organization\"},\"image\":{\"@id\":\"https:\\\/\\\/blogdofarnesio.com.br\\\/?p=142294#primaryimage\"},\"thumbnailUrl\":\"http:\\\/\\\/imagens1.ne10.uol.com.br\\\/blogsne10\\\/jamildo\\\/uploads\\\/2016\\\/05\\\/fernando-filho-2.jpg\",\"articleSection\":[\"Pol\u00edtica\"],\"inLanguage\":\"pt-BR\",\"potentialAction\":[{\"@type\":\"CommentAction\",\"name\":\"Comment\",\"target\":[\"https:\\\/\\\/blogdofarnesio.com.br\\\/?p=142294#respond\"]}]},{\"@type\":\"WebPage\",\"@id\":\"https:\\\/\\\/blogdofarnesio.com.br\\\/?p=142294\",\"url\":\"https:\\\/\\\/blogdofarnesio.com.br\\\/?p=142294\",\"name\":\"FERNANDO FILHO E O PRIMEIRO ABACAXI PRA DESCASCAR NO MINIST\u00c9RIO DE MINAS E ENERGIA - Blog do Farn\u00e9sio\",\"isPartOf\":{\"@id\":\"https:\\\/\\\/blogdofarnesio.com.br\\\/#website\"},\"primaryImageOfPage\":{\"@id\":\"https:\\\/\\\/blogdofarnesio.com.br\\\/?p=142294#primaryimage\"},\"image\":{\"@id\":\"https:\\\/\\\/blogdofarnesio.com.br\\\/?p=142294#primaryimage\"},\"thumbnailUrl\":\"http:\\\/\\\/imagens1.ne10.uol.com.br\\\/blogsne10\\\/jamildo\\\/uploads\\\/2016\\\/05\\\/fernando-filho-2.jpg\",\"datePublished\":\"2016-05-18T20:04:40+00:00\",\"breadcrumb\":{\"@id\":\"https:\\\/\\\/blogdofarnesio.com.br\\\/?p=142294#breadcrumb\"},\"inLanguage\":\"pt-BR\",\"potentialAction\":[{\"@type\":\"ReadAction\",\"target\":[\"https:\\\/\\\/blogdofarnesio.com.br\\\/?p=142294\"]}]},{\"@type\":\"ImageObject\",\"inLanguage\":\"pt-BR\",\"@id\":\"https:\\\/\\\/blogdofarnesio.com.br\\\/?p=142294#primaryimage\",\"url\":\"http:\\\/\\\/imagens1.ne10.uol.com.br\\\/blogsne10\\\/jamildo\\\/uploads\\\/2016\\\/05\\\/fernando-filho-2.jpg\",\"contentUrl\":\"http:\\\/\\\/imagens1.ne10.uol.com.br\\\/blogsne10\\\/jamildo\\\/uploads\\\/2016\\\/05\\\/fernando-filho-2.jpg\"},{\"@type\":\"BreadcrumbList\",\"@id\":\"https:\\\/\\\/blogdofarnesio.com.br\\\/?p=142294#breadcrumb\",\"itemListElement\":[{\"@type\":\"ListItem\",\"position\":1,\"name\":\"In\u00edcio\",\"item\":\"https:\\\/\\\/blogdofarnesio.com.br\\\/\"},{\"@type\":\"ListItem\",\"position\":2,\"name\":\"FERNANDO FILHO E O PRIMEIRO ABACAXI PRA DESCASCAR NO MINIST\u00c9RIO DE MINAS E ENERGIA\"}]},{\"@type\":\"WebSite\",\"@id\":\"https:\\\/\\\/blogdofarnesio.com.br\\\/#website\",\"url\":\"https:\\\/\\\/blogdofarnesio.com.br\\\/\",\"name\":\"Blog do Farn\u00e9sio\",\"description\":\"Quer Saber Pol\u00edtica?\",\"publisher\":{\"@id\":\"https:\\\/\\\/blogdofarnesio.com.br\\\/#organization\"},\"potentialAction\":[{\"@type\":\"SearchAction\",\"target\":{\"@type\":\"EntryPoint\",\"urlTemplate\":\"https:\\\/\\\/blogdofarnesio.com.br\\\/?s={search_term_string}\"},\"query-input\":{\"@type\":\"PropertyValueSpecification\",\"valueRequired\":true,\"valueName\":\"search_term_string\"}}],\"inLanguage\":\"pt-BR\"},{\"@type\":\"Organization\",\"@id\":\"https:\\\/\\\/blogdofarnesio.com.br\\\/#organization\",\"name\":\"Blog do Farn\u00e9sio\",\"url\":\"https:\\\/\\\/blogdofarnesio.com.br\\\/\",\"logo\":{\"@type\":\"ImageObject\",\"inLanguage\":\"pt-BR\",\"@id\":\"https:\\\/\\\/blogdofarnesio.com.br\\\/#\\\/schema\\\/logo\\\/image\\\/\",\"url\":\"https:\\\/\\\/blogdofarnesio.com.br\\\/wp-content\\\/uploads\\\/2026\\\/03\\\/cropped-logo_new-1.png\",\"contentUrl\":\"https:\\\/\\\/blogdofarnesio.com.br\\\/wp-content\\\/uploads\\\/2026\\\/03\\\/cropped-logo_new-1.png\",\"width\":881,\"height\":685,\"caption\":\"Blog do Farn\u00e9sio\"},\"image\":{\"@id\":\"https:\\\/\\\/blogdofarnesio.com.br\\\/#\\\/schema\\\/logo\\\/image\\\/\"},\"sameAs\":[\"https:\\\/\\\/www.facebook.com\\\/BlogQuerSaberPolitica\\\/\"]},{\"@type\":\"Person\",\"@id\":\"https:\\\/\\\/blogdofarnesio.com.br\\\/#\\\/schema\\\/person\\\/dd1bf5eba40b687199ba45ca6b97dff9\",\"name\":\"teste\",\"image\":{\"@type\":\"ImageObject\",\"inLanguage\":\"pt-BR\",\"@id\":\"https:\\\/\\\/secure.gravatar.com\\\/avatar\\\/2172498d4914b51e1d89a0f97957b035ac4938723a5cac208135d389b6972a6d?s=96&d=mm&r=g\",\"url\":\"https:\\\/\\\/secure.gravatar.com\\\/avatar\\\/2172498d4914b51e1d89a0f97957b035ac4938723a5cac208135d389b6972a6d?s=96&d=mm&r=g\",\"contentUrl\":\"https:\\\/\\\/secure.gravatar.com\\\/avatar\\\/2172498d4914b51e1d89a0f97957b035ac4938723a5cac208135d389b6972a6d?s=96&d=mm&r=g\",\"caption\":\"teste\"},\"url\":\"https:\\\/\\\/blogdofarnesio.com.br\\\/?author=3\"}]}<\/script>\n<!-- \/ Yoast SEO plugin. -->","yoast_head_json":{"title":"FERNANDO FILHO E O PRIMEIRO ABACAXI PRA DESCASCAR NO MINIST\u00c9RIO DE MINAS E ENERGIA - Blog do Farn\u00e9sio","robots":{"index":"index","follow":"follow","max-snippet":"max-snippet:-1","max-image-preview":"max-image-preview:large","max-video-preview":"max-video-preview:-1"},"canonical":"https:\/\/blogdofarnesio.com.br\/?p=142294","og_locale":"pt_BR","og_type":"article","og_title":"FERNANDO FILHO E O PRIMEIRO ABACAXI PRA DESCASCAR NO MINIST\u00c9RIO DE MINAS E ENERGIA - Blog do Farn\u00e9sio","og_description":"Bolsa de Nova York deixa de negociar a\u00e7\u00f5es da Eletrobr\u00e1s Ag\u00eancia Brasil \u2013 A diretoria da Eletrobras n\u00e3o conseguir\u00e1 entregar ainda nesta quarta-feira (18) os balan\u00e7os auditados de 2014 e 2015 \u00e0 SEC (\u00f3rg\u00e3o regulador do mercado de capitais nos Estados Unidos). Por isso, a partir de amanh\u00e3 as a\u00e7\u00f5es da estatal n\u00e3o estar\u00e3o sendo negociadas na Bolsa de Nova York (NYSE). A decis\u00e3o da NYSE ocorreu depois que, na v\u00e9spera, a Eletrobras deixou de entregar \u00e0s autoridades norte-americanas o balan\u00e7o auditado da empresa. Segundo a Bolsa de Nova York, a empresa tem o direito de solicitar revis\u00e3o da medida. Energia, Fernando Coelho Filho, que participou, no Rio de Janeiro, da solenidade de abertura do 13\u00ba Encontro Nacional de Agentes&hellip;","og_url":"https:\/\/blogdofarnesio.com.br\/?p=142294","og_site_name":"Blog do Farn\u00e9sio","article_publisher":"https:\/\/www.facebook.com\/BlogQuerSaberPolitica\/","article_published_time":"2016-05-18T20:04:40+00:00","og_image":[{"url":"http:\/\/imagens1.ne10.uol.com.br\/blogsne10\/jamildo\/uploads\/2016\/05\/fernando-filho-2.jpg","type":"","width":"","height":""}],"author":"teste","twitter_card":"summary_large_image","twitter_misc":{"Escrito por":"teste","Est. tempo de leitura":"3 minutos"},"schema":{"@context":"https:\/\/schema.org","@graph":[{"@type":"Article","@id":"https:\/\/blogdofarnesio.com.br\/?p=142294#article","isPartOf":{"@id":"https:\/\/blogdofarnesio.com.br\/?p=142294"},"author":{"name":"teste","@id":"https:\/\/blogdofarnesio.com.br\/#\/schema\/person\/dd1bf5eba40b687199ba45ca6b97dff9"},"headline":"FERNANDO FILHO E O PRIMEIRO ABACAXI PRA DESCASCAR NO MINIST\u00c9RIO DE MINAS E ENERGIA","datePublished":"2016-05-18T20:04:40+00:00","mainEntityOfPage":{"@id":"https:\/\/blogdofarnesio.com.br\/?p=142294"},"wordCount":539,"commentCount":0,"publisher":{"@id":"https:\/\/blogdofarnesio.com.br\/#organization"},"image":{"@id":"https:\/\/blogdofarnesio.com.br\/?p=142294#primaryimage"},"thumbnailUrl":"http:\/\/imagens1.ne10.uol.com.br\/blogsne10\/jamildo\/uploads\/2016\/05\/fernando-filho-2.jpg","articleSection":["Pol\u00edtica"],"inLanguage":"pt-BR","potentialAction":[{"@type":"CommentAction","name":"Comment","target":["https:\/\/blogdofarnesio.com.br\/?p=142294#respond"]}]},{"@type":"WebPage","@id":"https:\/\/blogdofarnesio.com.br\/?p=142294","url":"https:\/\/blogdofarnesio.com.br\/?p=142294","name":"FERNANDO FILHO E O PRIMEIRO ABACAXI PRA DESCASCAR NO MINIST\u00c9RIO DE MINAS E ENERGIA - Blog do Farn\u00e9sio","isPartOf":{"@id":"https:\/\/blogdofarnesio.com.br\/#website"},"primaryImageOfPage":{"@id":"https:\/\/blogdofarnesio.com.br\/?p=142294#primaryimage"},"image":{"@id":"https:\/\/blogdofarnesio.com.br\/?p=142294#primaryimage"},"thumbnailUrl":"http:\/\/imagens1.ne10.uol.com.br\/blogsne10\/jamildo\/uploads\/2016\/05\/fernando-filho-2.jpg","datePublished":"2016-05-18T20:04:40+00:00","breadcrumb":{"@id":"https:\/\/blogdofarnesio.com.br\/?p=142294#breadcrumb"},"inLanguage":"pt-BR","potentialAction":[{"@type":"ReadAction","target":["https:\/\/blogdofarnesio.com.br\/?p=142294"]}]},{"@type":"ImageObject","inLanguage":"pt-BR","@id":"https:\/\/blogdofarnesio.com.br\/?p=142294#primaryimage","url":"http:\/\/imagens1.ne10.uol.com.br\/blogsne10\/jamildo\/uploads\/2016\/05\/fernando-filho-2.jpg","contentUrl":"http:\/\/imagens1.ne10.uol.com.br\/blogsne10\/jamildo\/uploads\/2016\/05\/fernando-filho-2.jpg"},{"@type":"BreadcrumbList","@id":"https:\/\/blogdofarnesio.com.br\/?p=142294#breadcrumb","itemListElement":[{"@type":"ListItem","position":1,"name":"In\u00edcio","item":"https:\/\/blogdofarnesio.com.br\/"},{"@type":"ListItem","position":2,"name":"FERNANDO FILHO E O PRIMEIRO ABACAXI PRA DESCASCAR NO MINIST\u00c9RIO DE MINAS E ENERGIA"}]},{"@type":"WebSite","@id":"https:\/\/blogdofarnesio.com.br\/#website","url":"https:\/\/blogdofarnesio.com.br\/","name":"Blog do Farn\u00e9sio","description":"Quer Saber Pol\u00edtica?","publisher":{"@id":"https:\/\/blogdofarnesio.com.br\/#organization"},"potentialAction":[{"@type":"SearchAction","target":{"@type":"EntryPoint","urlTemplate":"https:\/\/blogdofarnesio.com.br\/?s={search_term_string}"},"query-input":{"@type":"PropertyValueSpecification","valueRequired":true,"valueName":"search_term_string"}}],"inLanguage":"pt-BR"},{"@type":"Organization","@id":"https:\/\/blogdofarnesio.com.br\/#organization","name":"Blog do Farn\u00e9sio","url":"https:\/\/blogdofarnesio.com.br\/","logo":{"@type":"ImageObject","inLanguage":"pt-BR","@id":"https:\/\/blogdofarnesio.com.br\/#\/schema\/logo\/image\/","url":"https:\/\/blogdofarnesio.com.br\/wp-content\/uploads\/2026\/03\/cropped-logo_new-1.png","contentUrl":"https:\/\/blogdofarnesio.com.br\/wp-content\/uploads\/2026\/03\/cropped-logo_new-1.png","width":881,"height":685,"caption":"Blog do Farn\u00e9sio"},"image":{"@id":"https:\/\/blogdofarnesio.com.br\/#\/schema\/logo\/image\/"},"sameAs":["https:\/\/www.facebook.com\/BlogQuerSaberPolitica\/"]},{"@type":"Person","@id":"https:\/\/blogdofarnesio.com.br\/#\/schema\/person\/dd1bf5eba40b687199ba45ca6b97dff9","name":"teste","image":{"@type":"ImageObject","inLanguage":"pt-BR","@id":"https:\/\/secure.gravatar.com\/avatar\/2172498d4914b51e1d89a0f97957b035ac4938723a5cac208135d389b6972a6d?s=96&d=mm&r=g","url":"https:\/\/secure.gravatar.com\/avatar\/2172498d4914b51e1d89a0f97957b035ac4938723a5cac208135d389b6972a6d?s=96&d=mm&r=g","contentUrl":"https:\/\/secure.gravatar.com\/avatar\/2172498d4914b51e1d89a0f97957b035ac4938723a5cac208135d389b6972a6d?s=96&d=mm&r=g","caption":"teste"},"url":"https:\/\/blogdofarnesio.com.br\/?author=3"}]}},"_links":{"self":[{"href":"https:\/\/blogdofarnesio.com.br\/index.php?rest_route=\/wp\/v2\/posts\/142294","targetHints":{"allow":["GET"]}}],"collection":[{"href":"https:\/\/blogdofarnesio.com.br\/index.php?rest_route=\/wp\/v2\/posts"}],"about":[{"href":"https:\/\/blogdofarnesio.com.br\/index.php?rest_route=\/wp\/v2\/types\/post"}],"author":[{"embeddable":true,"href":"https:\/\/blogdofarnesio.com.br\/index.php?rest_route=\/wp\/v2\/users\/3"}],"replies":[{"embeddable":true,"href":"https:\/\/blogdofarnesio.com.br\/index.php?rest_route=%2Fwp%2Fv2%2Fcomments&post=142294"}],"version-history":[{"count":0,"href":"https:\/\/blogdofarnesio.com.br\/index.php?rest_route=\/wp\/v2\/posts\/142294\/revisions"}],"wp:attachment":[{"href":"https:\/\/blogdofarnesio.com.br\/index.php?rest_route=%2Fwp%2Fv2%2Fmedia&parent=142294"}],"wp:term":[{"taxonomy":"category","embeddable":true,"href":"https:\/\/blogdofarnesio.com.br\/index.php?rest_route=%2Fwp%2Fv2%2Fcategories&post=142294"},{"taxonomy":"post_tag","embeddable":true,"href":"https:\/\/blogdofarnesio.com.br\/index.php?rest_route=%2Fwp%2Fv2%2Ftags&post=142294"}],"curies":[{"name":"wp","href":"https:\/\/api.w.org\/{rel}","templated":true}]}}