{"id":142288,"date":"2016-05-18T15:00:12","date_gmt":"2016-05-18T18:00:12","guid":{"rendered":"http:\/\/www.quersaberpolitica.com.br\/?p=142288"},"modified":"2016-05-18T15:08:55","modified_gmt":"2016-05-18T18:08:55","slug":"terca-feira-sangrenta-em-petrolina-com-homicidios-a-tiros-e-facadas","status":"publish","type":"post","link":"https:\/\/blogdofarnesio.com.br\/?p=142288","title":{"rendered":"TER\u00c7A-FEIRA SANGRENTA EM PETROLINA COM HOMIC\u00cdDIOS A TIROS E FACADAS"},"content":{"rendered":"<figure id=\"attachment_31185\" aria-describedby=\"caption-attachment-31185\" style=\"width: 347px\" class=\"wp-caption aligncenter\"><a href=\"http:\/\/www.quersaberpolitica.com.br\/2016\/wp-content\/uploads\/2013\/03\/blogqspcrime.jpg\"><img loading=\"lazy\" decoding=\"async\" class=\" wp-image-31185\" src=\"http:\/\/www.quersaberpolitica.com.br\/2016\/wp-content\/uploads\/2013\/03\/blogqspcrime.jpg\" alt=\"Imagem\/Ilustrativa\" width=\"347\" height=\"260\" \/><\/a><figcaption id=\"caption-attachment-31185\" class=\"wp-caption-text\">Imagem\/Ilustrativa<\/figcaption><\/figure>\n<p style=\"text-align: justify\">A sociedade Petrolinense est\u00e1 muito preocupada com a onda de viol\u00eancia que continua imperando na cidade. Sede e interior. Os sucessivos assassinatos, pris\u00f5es permanentes, desmantelamentos de gangues, diversos assaltos a m\u00e3o armada e outras mazelas, que est\u00e3o sendo assistidas por moradores da cidade e que ficam cada dia mais assustados com a situa\u00e7\u00e3o.<\/p>\n<p style=\"text-align: justify\">Nessa ter\u00e7a-feira(17), tr\u00eas assassinatos cru\u00e9is e malvados foram registrados na cidade. O primeiro no Bairro do Jardim amazonas.\u00a0Ali um cidad\u00e3o vinha de carro\u00e7a de burro,\u00a0 na Rua 23 e foi alvejado por um elemento de moto, com tr\u00eas tiros a queima roupa. Foi executado e morreu na hora.<\/p>\n<p style=\"text-align: justify\">Na mesma ter\u00e7a-feira, um jovem de 24 anos foi executado com 11 tiros no Bairro Terras do Sul. Dois elementos tamb\u00e9m de moto, se aproximaram da v\u00edtima e o carona da mota efetuou os 11 disparos. A v\u00edtima morreu na hora. O apelido da v\u00edtima era Kinguinha e tinha deixado a Penitenciaria de Petrolina h\u00e1 uma semana.<\/p>\n<p style=\"text-align: justify\">Mais tarde, a Policia Militar fazendo ronda no Bairro Mandacaru encontrou uma homem n\u00e3o identificado, jogado no solo, pr\u00f3ximo de uma das avenidas do bairro, com 52 facadas no corpo e sem os sinais vitais.<\/p>\n<p style=\"text-align: justify\">Resultado em menos de 24 horas Petrolina registrou tr\u00eas homic\u00eddios. Ningu\u00e9m foi preso, o que significa que os bandidos v\u00e3o continuar soltos comentando outras atrocidades por ai.\u00a0No disputado e macabro placar da morte nas duas cidades, Petrolina j\u00e1 tem 44 homic\u00eddios e Juazeiro 50.<\/p>\n<p style=\"text-align: justify\">Com informa\u00e7\u00f5es do Blogdovinicius<\/p>\n","protected":false},"excerpt":{"rendered":"<p>A sociedade Petrolinense est\u00e1 muito preocupada com a onda de viol\u00eancia que continua imperando na cidade. Sede e interior. Os sucessivos assassinatos, pris\u00f5es permanentes, desmantelamentos de gangues, diversos assaltos a m\u00e3o armada e outras mazelas, que est\u00e3o sendo assistidas por moradores da cidade e que ficam cada dia mais assustados com a situa\u00e7\u00e3o. Nessa ter\u00e7a-feira(17), tr\u00eas assassinatos cru\u00e9is e malvados foram registrados na cidade. O primeiro no Bairro do Jardim amazonas.\u00a0Ali um cidad\u00e3o vinha de carro\u00e7a de burro,\u00a0 na Rua 23 e foi alvejado por um elemento de moto, com tr\u00eas tiros a queima roupa. Foi executado e morreu na hora. Na mesma ter\u00e7a-feira, um jovem de 24 anos foi executado com 11 tiros no Bairro Terras do Sul. Dois&hellip; <\/p>\n","protected":false},"author":3,"featured_media":0,"comment_status":"open","ping_status":"open","sticky":false,"template":"","format":"standard","meta":{"_acf_changed":false,"footnotes":""},"categories":[9],"tags":[],"class_list":["post-142288","post","type-post","status-publish","format-standard","hentry","category-policia"],"acf":[],"yoast_head":"<!-- This site is optimized with the Yoast SEO plugin v27.4 - https:\/\/yoast.com\/product\/yoast-seo-wordpress\/ -->\n<title>TER\u00c7A-FEIRA SANGRENTA EM PETROLINA COM HOMIC\u00cdDIOS A TIROS E FACADAS - Blog do Farn\u00e9sio<\/title>\n<meta name=\"robots\" content=\"index, follow, max-snippet:-1, max-image-preview:large, max-video-preview:-1\" \/>\n<link rel=\"canonical\" href=\"https:\/\/blogdofarnesio.com.br\/?p=142288\" \/>\n<meta property=\"og:locale\" content=\"pt_BR\" \/>\n<meta property=\"og:type\" content=\"article\" \/>\n<meta property=\"og:title\" content=\"TER\u00c7A-FEIRA SANGRENTA EM PETROLINA COM HOMIC\u00cdDIOS A TIROS E FACADAS - Blog do Farn\u00e9sio\" \/>\n<meta property=\"og:description\" content=\"A sociedade Petrolinense est\u00e1 muito preocupada com a onda de viol\u00eancia que continua imperando na cidade. Sede e interior. Os sucessivos assassinatos, pris\u00f5es permanentes, desmantelamentos de gangues, diversos assaltos a m\u00e3o armada e outras mazelas, que est\u00e3o sendo assistidas por moradores da cidade e que ficam cada dia mais assustados com a situa\u00e7\u00e3o. Nessa ter\u00e7a-feira(17), tr\u00eas assassinatos cru\u00e9is e malvados foram registrados na cidade. O primeiro no Bairro do Jardim amazonas.\u00a0Ali um cidad\u00e3o vinha de carro\u00e7a de burro,\u00a0 na Rua 23 e foi alvejado por um elemento de moto, com tr\u00eas tiros a queima roupa. Foi executado e morreu na hora. Na mesma ter\u00e7a-feira, um jovem de 24 anos foi executado com 11 tiros no Bairro Terras do Sul. Dois&hellip;\" \/>\n<meta property=\"og:url\" content=\"https:\/\/blogdofarnesio.com.br\/?p=142288\" \/>\n<meta property=\"og:site_name\" content=\"Blog do Farn\u00e9sio\" \/>\n<meta property=\"article:publisher\" content=\"https:\/\/www.facebook.com\/BlogQuerSaberPolitica\/\" \/>\n<meta property=\"article:published_time\" content=\"2016-05-18T18:00:12+00:00\" \/>\n<meta property=\"article:modified_time\" content=\"2016-05-18T18:08:55+00:00\" \/>\n<meta property=\"og:image\" content=\"http:\/\/www.quersaberpolitica.com.br\/2016\/wp-content\/uploads\/2013\/03\/blogqspcrime.jpg\" \/>\n<meta name=\"author\" content=\"teste\" \/>\n<meta name=\"twitter:card\" content=\"summary_large_image\" \/>\n<meta name=\"twitter:label1\" content=\"Escrito por\" \/>\n\t<meta name=\"twitter:data1\" content=\"teste\" \/>\n\t<meta name=\"twitter:label2\" content=\"Est. tempo de leitura\" \/>\n\t<meta name=\"twitter:data2\" content=\"1 minuto\" \/>\n<script type=\"application\/ld+json\" class=\"yoast-schema-graph\">{\"@context\":\"https:\\\/\\\/schema.org\",\"@graph\":[{\"@type\":\"Article\",\"@id\":\"https:\\\/\\\/blogdofarnesio.com.br\\\/?p=142288#article\",\"isPartOf\":{\"@id\":\"https:\\\/\\\/blogdofarnesio.com.br\\\/?p=142288\"},\"author\":{\"name\":\"teste\",\"@id\":\"https:\\\/\\\/blogdofarnesio.com.br\\\/#\\\/schema\\\/person\\\/dd1bf5eba40b687199ba45ca6b97dff9\"},\"headline\":\"TER\u00c7A-FEIRA SANGRENTA EM PETROLINA COM HOMIC\u00cdDIOS A TIROS E FACADAS\",\"datePublished\":\"2016-05-18T18:00:12+00:00\",\"dateModified\":\"2016-05-18T18:08:55+00:00\",\"mainEntityOfPage\":{\"@id\":\"https:\\\/\\\/blogdofarnesio.com.br\\\/?p=142288\"},\"wordCount\":280,\"commentCount\":0,\"publisher\":{\"@id\":\"https:\\\/\\\/blogdofarnesio.com.br\\\/#organization\"},\"image\":{\"@id\":\"https:\\\/\\\/blogdofarnesio.com.br\\\/?p=142288#primaryimage\"},\"thumbnailUrl\":\"http:\\\/\\\/www.quersaberpolitica.com.br\\\/2016\\\/wp-content\\\/uploads\\\/2013\\\/03\\\/blogqspcrime.jpg\",\"articleSection\":[\"Pol\u00edcia\"],\"inLanguage\":\"pt-BR\",\"potentialAction\":[{\"@type\":\"CommentAction\",\"name\":\"Comment\",\"target\":[\"https:\\\/\\\/blogdofarnesio.com.br\\\/?p=142288#respond\"]}]},{\"@type\":\"WebPage\",\"@id\":\"https:\\\/\\\/blogdofarnesio.com.br\\\/?p=142288\",\"url\":\"https:\\\/\\\/blogdofarnesio.com.br\\\/?p=142288\",\"name\":\"TER\u00c7A-FEIRA SANGRENTA EM PETROLINA COM HOMIC\u00cdDIOS A TIROS E FACADAS - Blog do Farn\u00e9sio\",\"isPartOf\":{\"@id\":\"https:\\\/\\\/blogdofarnesio.com.br\\\/#website\"},\"primaryImageOfPage\":{\"@id\":\"https:\\\/\\\/blogdofarnesio.com.br\\\/?p=142288#primaryimage\"},\"image\":{\"@id\":\"https:\\\/\\\/blogdofarnesio.com.br\\\/?p=142288#primaryimage\"},\"thumbnailUrl\":\"http:\\\/\\\/www.quersaberpolitica.com.br\\\/2016\\\/wp-content\\\/uploads\\\/2013\\\/03\\\/blogqspcrime.jpg\",\"datePublished\":\"2016-05-18T18:00:12+00:00\",\"dateModified\":\"2016-05-18T18:08:55+00:00\",\"breadcrumb\":{\"@id\":\"https:\\\/\\\/blogdofarnesio.com.br\\\/?p=142288#breadcrumb\"},\"inLanguage\":\"pt-BR\",\"potentialAction\":[{\"@type\":\"ReadAction\",\"target\":[\"https:\\\/\\\/blogdofarnesio.com.br\\\/?p=142288\"]}]},{\"@type\":\"ImageObject\",\"inLanguage\":\"pt-BR\",\"@id\":\"https:\\\/\\\/blogdofarnesio.com.br\\\/?p=142288#primaryimage\",\"url\":\"http:\\\/\\\/www.quersaberpolitica.com.br\\\/2016\\\/wp-content\\\/uploads\\\/2013\\\/03\\\/blogqspcrime.jpg\",\"contentUrl\":\"http:\\\/\\\/www.quersaberpolitica.com.br\\\/2016\\\/wp-content\\\/uploads\\\/2013\\\/03\\\/blogqspcrime.jpg\"},{\"@type\":\"BreadcrumbList\",\"@id\":\"https:\\\/\\\/blogdofarnesio.com.br\\\/?p=142288#breadcrumb\",\"itemListElement\":[{\"@type\":\"ListItem\",\"position\":1,\"name\":\"In\u00edcio\",\"item\":\"https:\\\/\\\/blogdofarnesio.com.br\\\/\"},{\"@type\":\"ListItem\",\"position\":2,\"name\":\"TER\u00c7A-FEIRA SANGRENTA EM PETROLINA COM HOMIC\u00cdDIOS A TIROS E FACADAS\"}]},{\"@type\":\"WebSite\",\"@id\":\"https:\\\/\\\/blogdofarnesio.com.br\\\/#website\",\"url\":\"https:\\\/\\\/blogdofarnesio.com.br\\\/\",\"name\":\"Blog do Farn\u00e9sio\",\"description\":\"Quer Saber Pol\u00edtica?\",\"publisher\":{\"@id\":\"https:\\\/\\\/blogdofarnesio.com.br\\\/#organization\"},\"potentialAction\":[{\"@type\":\"SearchAction\",\"target\":{\"@type\":\"EntryPoint\",\"urlTemplate\":\"https:\\\/\\\/blogdofarnesio.com.br\\\/?s={search_term_string}\"},\"query-input\":{\"@type\":\"PropertyValueSpecification\",\"valueRequired\":true,\"valueName\":\"search_term_string\"}}],\"inLanguage\":\"pt-BR\"},{\"@type\":\"Organization\",\"@id\":\"https:\\\/\\\/blogdofarnesio.com.br\\\/#organization\",\"name\":\"Blog do Farn\u00e9sio\",\"url\":\"https:\\\/\\\/blogdofarnesio.com.br\\\/\",\"logo\":{\"@type\":\"ImageObject\",\"inLanguage\":\"pt-BR\",\"@id\":\"https:\\\/\\\/blogdofarnesio.com.br\\\/#\\\/schema\\\/logo\\\/image\\\/\",\"url\":\"https:\\\/\\\/blogdofarnesio.com.br\\\/wp-content\\\/uploads\\\/2026\\\/03\\\/cropped-logo_new-1.png\",\"contentUrl\":\"https:\\\/\\\/blogdofarnesio.com.br\\\/wp-content\\\/uploads\\\/2026\\\/03\\\/cropped-logo_new-1.png\",\"width\":881,\"height\":685,\"caption\":\"Blog do Farn\u00e9sio\"},\"image\":{\"@id\":\"https:\\\/\\\/blogdofarnesio.com.br\\\/#\\\/schema\\\/logo\\\/image\\\/\"},\"sameAs\":[\"https:\\\/\\\/www.facebook.com\\\/BlogQuerSaberPolitica\\\/\"]},{\"@type\":\"Person\",\"@id\":\"https:\\\/\\\/blogdofarnesio.com.br\\\/#\\\/schema\\\/person\\\/dd1bf5eba40b687199ba45ca6b97dff9\",\"name\":\"teste\",\"image\":{\"@type\":\"ImageObject\",\"inLanguage\":\"pt-BR\",\"@id\":\"https:\\\/\\\/secure.gravatar.com\\\/avatar\\\/2172498d4914b51e1d89a0f97957b035ac4938723a5cac208135d389b6972a6d?s=96&d=mm&r=g\",\"url\":\"https:\\\/\\\/secure.gravatar.com\\\/avatar\\\/2172498d4914b51e1d89a0f97957b035ac4938723a5cac208135d389b6972a6d?s=96&d=mm&r=g\",\"contentUrl\":\"https:\\\/\\\/secure.gravatar.com\\\/avatar\\\/2172498d4914b51e1d89a0f97957b035ac4938723a5cac208135d389b6972a6d?s=96&d=mm&r=g\",\"caption\":\"teste\"},\"url\":\"https:\\\/\\\/blogdofarnesio.com.br\\\/?author=3\"}]}<\/script>\n<!-- \/ Yoast SEO plugin. -->","yoast_head_json":{"title":"TER\u00c7A-FEIRA SANGRENTA EM PETROLINA COM HOMIC\u00cdDIOS A TIROS E FACADAS - Blog do Farn\u00e9sio","robots":{"index":"index","follow":"follow","max-snippet":"max-snippet:-1","max-image-preview":"max-image-preview:large","max-video-preview":"max-video-preview:-1"},"canonical":"https:\/\/blogdofarnesio.com.br\/?p=142288","og_locale":"pt_BR","og_type":"article","og_title":"TER\u00c7A-FEIRA SANGRENTA EM PETROLINA COM HOMIC\u00cdDIOS A TIROS E FACADAS - Blog do Farn\u00e9sio","og_description":"A sociedade Petrolinense est\u00e1 muito preocupada com a onda de viol\u00eancia que continua imperando na cidade. Sede e interior. Os sucessivos assassinatos, pris\u00f5es permanentes, desmantelamentos de gangues, diversos assaltos a m\u00e3o armada e outras mazelas, que est\u00e3o sendo assistidas por moradores da cidade e que ficam cada dia mais assustados com a situa\u00e7\u00e3o. Nessa ter\u00e7a-feira(17), tr\u00eas assassinatos cru\u00e9is e malvados foram registrados na cidade. O primeiro no Bairro do Jardim amazonas.\u00a0Ali um cidad\u00e3o vinha de carro\u00e7a de burro,\u00a0 na Rua 23 e foi alvejado por um elemento de moto, com tr\u00eas tiros a queima roupa. Foi executado e morreu na hora. Na mesma ter\u00e7a-feira, um jovem de 24 anos foi executado com 11 tiros no Bairro Terras do Sul. Dois&hellip;","og_url":"https:\/\/blogdofarnesio.com.br\/?p=142288","og_site_name":"Blog do Farn\u00e9sio","article_publisher":"https:\/\/www.facebook.com\/BlogQuerSaberPolitica\/","article_published_time":"2016-05-18T18:00:12+00:00","article_modified_time":"2016-05-18T18:08:55+00:00","og_image":[{"url":"http:\/\/www.quersaberpolitica.com.br\/2016\/wp-content\/uploads\/2013\/03\/blogqspcrime.jpg","type":"","width":"","height":""}],"author":"teste","twitter_card":"summary_large_image","twitter_misc":{"Escrito por":"teste","Est. tempo de leitura":"1 minuto"},"schema":{"@context":"https:\/\/schema.org","@graph":[{"@type":"Article","@id":"https:\/\/blogdofarnesio.com.br\/?p=142288#article","isPartOf":{"@id":"https:\/\/blogdofarnesio.com.br\/?p=142288"},"author":{"name":"teste","@id":"https:\/\/blogdofarnesio.com.br\/#\/schema\/person\/dd1bf5eba40b687199ba45ca6b97dff9"},"headline":"TER\u00c7A-FEIRA SANGRENTA EM PETROLINA COM HOMIC\u00cdDIOS A TIROS E FACADAS","datePublished":"2016-05-18T18:00:12+00:00","dateModified":"2016-05-18T18:08:55+00:00","mainEntityOfPage":{"@id":"https:\/\/blogdofarnesio.com.br\/?p=142288"},"wordCount":280,"commentCount":0,"publisher":{"@id":"https:\/\/blogdofarnesio.com.br\/#organization"},"image":{"@id":"https:\/\/blogdofarnesio.com.br\/?p=142288#primaryimage"},"thumbnailUrl":"http:\/\/www.quersaberpolitica.com.br\/2016\/wp-content\/uploads\/2013\/03\/blogqspcrime.jpg","articleSection":["Pol\u00edcia"],"inLanguage":"pt-BR","potentialAction":[{"@type":"CommentAction","name":"Comment","target":["https:\/\/blogdofarnesio.com.br\/?p=142288#respond"]}]},{"@type":"WebPage","@id":"https:\/\/blogdofarnesio.com.br\/?p=142288","url":"https:\/\/blogdofarnesio.com.br\/?p=142288","name":"TER\u00c7A-FEIRA SANGRENTA EM PETROLINA COM HOMIC\u00cdDIOS A TIROS E FACADAS - Blog do Farn\u00e9sio","isPartOf":{"@id":"https:\/\/blogdofarnesio.com.br\/#website"},"primaryImageOfPage":{"@id":"https:\/\/blogdofarnesio.com.br\/?p=142288#primaryimage"},"image":{"@id":"https:\/\/blogdofarnesio.com.br\/?p=142288#primaryimage"},"thumbnailUrl":"http:\/\/www.quersaberpolitica.com.br\/2016\/wp-content\/uploads\/2013\/03\/blogqspcrime.jpg","datePublished":"2016-05-18T18:00:12+00:00","dateModified":"2016-05-18T18:08:55+00:00","breadcrumb":{"@id":"https:\/\/blogdofarnesio.com.br\/?p=142288#breadcrumb"},"inLanguage":"pt-BR","potentialAction":[{"@type":"ReadAction","target":["https:\/\/blogdofarnesio.com.br\/?p=142288"]}]},{"@type":"ImageObject","inLanguage":"pt-BR","@id":"https:\/\/blogdofarnesio.com.br\/?p=142288#primaryimage","url":"http:\/\/www.quersaberpolitica.com.br\/2016\/wp-content\/uploads\/2013\/03\/blogqspcrime.jpg","contentUrl":"http:\/\/www.quersaberpolitica.com.br\/2016\/wp-content\/uploads\/2013\/03\/blogqspcrime.jpg"},{"@type":"BreadcrumbList","@id":"https:\/\/blogdofarnesio.com.br\/?p=142288#breadcrumb","itemListElement":[{"@type":"ListItem","position":1,"name":"In\u00edcio","item":"https:\/\/blogdofarnesio.com.br\/"},{"@type":"ListItem","position":2,"name":"TER\u00c7A-FEIRA SANGRENTA EM PETROLINA COM HOMIC\u00cdDIOS A TIROS E FACADAS"}]},{"@type":"WebSite","@id":"https:\/\/blogdofarnesio.com.br\/#website","url":"https:\/\/blogdofarnesio.com.br\/","name":"Blog do Farn\u00e9sio","description":"Quer Saber Pol\u00edtica?","publisher":{"@id":"https:\/\/blogdofarnesio.com.br\/#organization"},"potentialAction":[{"@type":"SearchAction","target":{"@type":"EntryPoint","urlTemplate":"https:\/\/blogdofarnesio.com.br\/?s={search_term_string}"},"query-input":{"@type":"PropertyValueSpecification","valueRequired":true,"valueName":"search_term_string"}}],"inLanguage":"pt-BR"},{"@type":"Organization","@id":"https:\/\/blogdofarnesio.com.br\/#organization","name":"Blog do Farn\u00e9sio","url":"https:\/\/blogdofarnesio.com.br\/","logo":{"@type":"ImageObject","inLanguage":"pt-BR","@id":"https:\/\/blogdofarnesio.com.br\/#\/schema\/logo\/image\/","url":"https:\/\/blogdofarnesio.com.br\/wp-content\/uploads\/2026\/03\/cropped-logo_new-1.png","contentUrl":"https:\/\/blogdofarnesio.com.br\/wp-content\/uploads\/2026\/03\/cropped-logo_new-1.png","width":881,"height":685,"caption":"Blog do Farn\u00e9sio"},"image":{"@id":"https:\/\/blogdofarnesio.com.br\/#\/schema\/logo\/image\/"},"sameAs":["https:\/\/www.facebook.com\/BlogQuerSaberPolitica\/"]},{"@type":"Person","@id":"https:\/\/blogdofarnesio.com.br\/#\/schema\/person\/dd1bf5eba40b687199ba45ca6b97dff9","name":"teste","image":{"@type":"ImageObject","inLanguage":"pt-BR","@id":"https:\/\/secure.gravatar.com\/avatar\/2172498d4914b51e1d89a0f97957b035ac4938723a5cac208135d389b6972a6d?s=96&d=mm&r=g","url":"https:\/\/secure.gravatar.com\/avatar\/2172498d4914b51e1d89a0f97957b035ac4938723a5cac208135d389b6972a6d?s=96&d=mm&r=g","contentUrl":"https:\/\/secure.gravatar.com\/avatar\/2172498d4914b51e1d89a0f97957b035ac4938723a5cac208135d389b6972a6d?s=96&d=mm&r=g","caption":"teste"},"url":"https:\/\/blogdofarnesio.com.br\/?author=3"}]}},"_links":{"self":[{"href":"https:\/\/blogdofarnesio.com.br\/index.php?rest_route=\/wp\/v2\/posts\/142288","targetHints":{"allow":["GET"]}}],"collection":[{"href":"https:\/\/blogdofarnesio.com.br\/index.php?rest_route=\/wp\/v2\/posts"}],"about":[{"href":"https:\/\/blogdofarnesio.com.br\/index.php?rest_route=\/wp\/v2\/types\/post"}],"author":[{"embeddable":true,"href":"https:\/\/blogdofarnesio.com.br\/index.php?rest_route=\/wp\/v2\/users\/3"}],"replies":[{"embeddable":true,"href":"https:\/\/blogdofarnesio.com.br\/index.php?rest_route=%2Fwp%2Fv2%2Fcomments&post=142288"}],"version-history":[{"count":0,"href":"https:\/\/blogdofarnesio.com.br\/index.php?rest_route=\/wp\/v2\/posts\/142288\/revisions"}],"wp:attachment":[{"href":"https:\/\/blogdofarnesio.com.br\/index.php?rest_route=%2Fwp%2Fv2%2Fmedia&parent=142288"}],"wp:term":[{"taxonomy":"category","embeddable":true,"href":"https:\/\/blogdofarnesio.com.br\/index.php?rest_route=%2Fwp%2Fv2%2Fcategories&post=142288"},{"taxonomy":"post_tag","embeddable":true,"href":"https:\/\/blogdofarnesio.com.br\/index.php?rest_route=%2Fwp%2Fv2%2Ftags&post=142288"}],"curies":[{"name":"wp","href":"https:\/\/api.w.org\/{rel}","templated":true}]}}