{"id":142282,"date":"2016-05-18T15:40:50","date_gmt":"2016-05-18T18:40:50","guid":{"rendered":"http:\/\/www.quersaberpolitica.com.br\/?p=142282"},"modified":"2016-05-18T15:24:18","modified_gmt":"2016-05-18T18:24:18","slug":"aberta-temporada-da-terca-cultural-na-cidade","status":"publish","type":"post","link":"https:\/\/blogdofarnesio.com.br\/?p=142282","title":{"rendered":"ABERTA TEMPORADA DA \u201cTER\u00c7A CULTURAL\u201d NA CIDADE"},"content":{"rendered":"<p style=\"text-align: justify\"><a href=\"http:\/\/www.quersaberpolitica.com.br\/2016\/wp-content\/uploads\/2016\/05\/blogqsp-Andrezza-Santos-na-Ter\u00e7a-Cultural.jpg\"><img loading=\"lazy\" decoding=\"async\" class=\" size-full wp-image-142286 aligncenter\" src=\"http:\/\/www.quersaberpolitica.com.br\/2016\/wp-content\/uploads\/2016\/05\/blogqsp-Andrezza-Santos-na-Ter\u00e7a-Cultural.jpg\" alt=\"blogqsp-Andrezza Santos na Ter\u00e7a Cultural\" width=\"448\" height=\"252\" srcset=\"https:\/\/blogdofarnesio.com.br\/wp-content\/uploads\/2016\/05\/blogqsp-Andrezza-Santos-na-Ter\u00e7a-Cultural.jpg 448w, https:\/\/blogdofarnesio.com.br\/wp-content\/uploads\/2016\/05\/blogqsp-Andrezza-Santos-na-Ter\u00e7a-Cultural-300x169.jpg 300w\" sizes=\"auto, (max-width: 448px) 100vw, 448px\" \/><\/a><\/p>\n<p style=\"text-align: justify\">A abertura do projeto \u201cTer\u00e7a Cultural\u201d, neste dia 17, levou muita gente ao espa\u00e7o do Arco da Ponte a prestigiar seus artistas favoritos que est\u00e3o participando do projeto que visa difundir a arte na cidade e promover novos talentos. Cinco atra\u00e7\u00f5es art\u00edsticas e mais uma exibi\u00e7\u00e3o especial do filme \u201cDas Dores da Penit\u00eancia\u201d, do saudoso artista Wellington Monteclaro, fizeram parte da programa\u00e7\u00e3o que abriu a temporada da Ter\u00e7a Cultural na cidade.<\/p>\n<p style=\"text-align: justify\">O espa\u00e7o do Arco da Ponte estava lotado e os artistas inscritos e convidados mostraram todo o talento. A primeira noite do projeto contou com cinema, declama\u00e7\u00e3o com o poeta Ant\u00f4nio Ribeiro (Veinha), m\u00fasica com a cantora Maria \u00c9rica, do bairro Kid\u00e9; Andrezza Santos, e as bandas Alterados e Semivelhos.<\/p>\n<p style=\"text-align: justify\">Para a cantora Andrezza Santos uma \u00f3tima oportunidade para os artistas mostrarem seus trabalhos autorais. \u201cN\u00e3o deixa de ser uma vitrine para o artista, muito bom mesmo\u201d, comentou.<\/p>\n<p style=\"text-align: justify\">Acompanhando a filha artista, Roberto Carlos dos Santos, de S\u00e3o Paulo, h\u00e1 1 ano morando em Juazeiro, parabenizou a iniciativa do projeto e seus organizadores. \u201cMorando aqui h\u00e1 1 ano, j\u00e1 conheci alguns projetos como A Pra\u00e7a Convida que era realizada na Orla II. \u00c9 importante que a cidade esteja desenvolvendo eventos como este\u201d, disse.<\/p>\n<p style=\"text-align: justify\">Na abertura da Ter\u00e7a Cultural teve espa\u00e7o para todos os ritmos, o rom\u00e2ntico, o forr\u00f3, o pop e o rock, al\u00e9m da apresenta\u00e7\u00e3o po\u00e9tica de Veinha, um dos concorrentes em poesia que declamou sua poesia para os presentes logo depois da exibi\u00e7\u00e3o do filme de Wellington Monteclaro. A cantora convidada para abrir a apresenta\u00e7\u00e3o de m\u00fasica, Maria \u00c9rica, fez um show intimista, bem ao seu estilo, o forr\u00f3 rom\u00e2ntico e algumas can\u00e7\u00f5es populares.<\/p>\n<p style=\"text-align: justify\">\u201cEu achei muito interessante porque foi o meu ritmo que apresentei, porque aqui \u00e9 mais MPB, rock, e eu j\u00e1 fiz a abertura cantando arrocha, forr\u00f3 rom\u00e2ntico, essas coisas. Eu pego umas m\u00fasicas das antigas e fa\u00e7o a minha vers\u00e3o, mais para o arrocha\u201d, disse \u00e0 cantora que tamb\u00e9m comp\u00f5e com seu pai. \u00c9rica tamb\u00e9m falou sobre a iniciativa do projeto Ter\u00e7a Cultural. \u201cEu acho muito importante porque \u00e9 atrav\u00e9s de projetos como este que o pessoal vem participar, as fam\u00edlias se fazem presentes, \u00e9 muito interessante este projeto\u201d, disse agradecida.<\/p>\n<p style=\"text-align: justify\">O projeto \u201cTer\u00e7a Cultural\u201d continua no pr\u00f3ximo dia 24, com mais convidados e concorrentes inscritos, al\u00e9m de cinema com mais um filme produzido no munic\u00edpio. A popula\u00e7\u00e3o est\u00e1 convidada a prestigiar e tamb\u00e9m a escolher o seu artista, grupo e banda para apresenta\u00e7\u00e3o na Virada Cultural em julho, dentro das festividades do anivers\u00e1rio do munic\u00edpio, um dos objetivos do projeto.<\/p>\n<p style=\"text-align: justify\">A escolha do p\u00fablico \u00e9 atrav\u00e9s do facebook, na fanpage da Secretaria de Cultura e Juventude de Juazeiro BA \u2013 SECJU. Ter\u00e7a Cultural \u00e9 uma realiza\u00e7\u00e3o da Prefeitura Municipal de Juazeiro, atrav\u00e9s da Secretaria de Cultura e Juventude com o apoio de v\u00e1rios \u00f3rg\u00e3os municipais.<\/p>\n<p style=\"text-align: justify\"><strong>Programa\u00e7\u00e3o<\/strong><\/p>\n<p style=\"text-align: justify\"><strong><span style=\"text-decoration: underline\">DIA 24\/05<\/span><\/strong>\u2013Cinema: \u201cBarco Sem Pescador\u201d, um filme de H\u00e9rtz F\u00e9lix; Dan\u00e7a: Grupo Menear; M\u00fasica: Robsone Henrique (abertura); Big Rau&#8217;s; Banda Surreais; P1 Rappers.<\/p>\n<p><strong>Por Paulo Carvalho\/SECJU<\/strong><\/p>\n","protected":false},"excerpt":{"rendered":"<p>A abertura do projeto \u201cTer\u00e7a Cultural\u201d, neste dia 17, levou muita gente ao espa\u00e7o do Arco da Ponte a prestigiar seus artistas favoritos que est\u00e3o participando do projeto que visa difundir a arte na cidade e promover novos talentos. Cinco atra\u00e7\u00f5es art\u00edsticas e mais uma exibi\u00e7\u00e3o especial do filme \u201cDas Dores da Penit\u00eancia\u201d, do saudoso artista Wellington Monteclaro, fizeram parte da programa\u00e7\u00e3o que abriu a temporada da Ter\u00e7a Cultural na cidade. O espa\u00e7o do Arco da Ponte estava lotado e os artistas inscritos e convidados mostraram todo o talento. A primeira noite do projeto contou com cinema, declama\u00e7\u00e3o com o poeta Ant\u00f4nio Ribeiro (Veinha), m\u00fasica com a cantora Maria \u00c9rica, do bairro Kid\u00e9; Andrezza Santos, e as bandas Alterados e&hellip; <\/p>\n","protected":false},"author":7,"featured_media":0,"comment_status":"open","ping_status":"open","sticky":false,"template":"","format":"standard","meta":{"_acf_changed":false,"footnotes":""},"categories":[44,10],"tags":[],"class_list":["post-142282","post","type-post","status-publish","format-standard","hentry","category-administracao","category-cultura"],"acf":[],"yoast_head":"<!-- This site is optimized with the Yoast SEO plugin v27.4 - https:\/\/yoast.com\/product\/yoast-seo-wordpress\/ -->\n<title>ABERTA TEMPORADA DA \u201cTER\u00c7A CULTURAL\u201d NA CIDADE - Blog do Farn\u00e9sio<\/title>\n<meta name=\"robots\" content=\"index, follow, max-snippet:-1, max-image-preview:large, max-video-preview:-1\" \/>\n<link rel=\"canonical\" href=\"https:\/\/blogdofarnesio.com.br\/?p=142282\" \/>\n<meta property=\"og:locale\" content=\"pt_BR\" \/>\n<meta property=\"og:type\" content=\"article\" \/>\n<meta property=\"og:title\" content=\"ABERTA TEMPORADA DA \u201cTER\u00c7A CULTURAL\u201d NA CIDADE - Blog do Farn\u00e9sio\" \/>\n<meta property=\"og:description\" content=\"A abertura do projeto \u201cTer\u00e7a Cultural\u201d, neste dia 17, levou muita gente ao espa\u00e7o do Arco da Ponte a prestigiar seus artistas favoritos que est\u00e3o participando do projeto que visa difundir a arte na cidade e promover novos talentos. Cinco atra\u00e7\u00f5es art\u00edsticas e mais uma exibi\u00e7\u00e3o especial do filme \u201cDas Dores da Penit\u00eancia\u201d, do saudoso artista Wellington Monteclaro, fizeram parte da programa\u00e7\u00e3o que abriu a temporada da Ter\u00e7a Cultural na cidade. O espa\u00e7o do Arco da Ponte estava lotado e os artistas inscritos e convidados mostraram todo o talento. A primeira noite do projeto contou com cinema, declama\u00e7\u00e3o com o poeta Ant\u00f4nio Ribeiro (Veinha), m\u00fasica com a cantora Maria \u00c9rica, do bairro Kid\u00e9; Andrezza Santos, e as bandas Alterados e&hellip;\" \/>\n<meta property=\"og:url\" content=\"https:\/\/blogdofarnesio.com.br\/?p=142282\" \/>\n<meta property=\"og:site_name\" content=\"Blog do Farn\u00e9sio\" \/>\n<meta property=\"article:publisher\" content=\"https:\/\/www.facebook.com\/BlogQuerSaberPolitica\/\" \/>\n<meta property=\"article:published_time\" content=\"2016-05-18T18:40:50+00:00\" \/>\n<meta name=\"twitter:card\" content=\"summary_large_image\" \/>\n<meta name=\"twitter:label1\" content=\"Escrito por\" \/>\n\t<meta name=\"twitter:data1\" content=\"\" \/>\n\t<meta name=\"twitter:label2\" content=\"Est. tempo de leitura\" \/>\n\t<meta name=\"twitter:data2\" content=\"3 minutos\" \/>\n<script type=\"application\/ld+json\" class=\"yoast-schema-graph\">{\"@context\":\"https:\\\/\\\/schema.org\",\"@graph\":[{\"@type\":\"Article\",\"@id\":\"https:\\\/\\\/blogdofarnesio.com.br\\\/?p=142282#article\",\"isPartOf\":{\"@id\":\"https:\\\/\\\/blogdofarnesio.com.br\\\/?p=142282\"},\"author\":{\"name\":\"\",\"@id\":\"\"},\"headline\":\"ABERTA TEMPORADA DA \u201cTER\u00c7A CULTURAL\u201d NA CIDADE\",\"datePublished\":\"2016-05-18T18:40:50+00:00\",\"mainEntityOfPage\":{\"@id\":\"https:\\\/\\\/blogdofarnesio.com.br\\\/?p=142282\"},\"wordCount\":556,\"commentCount\":0,\"publisher\":{\"@id\":\"https:\\\/\\\/blogdofarnesio.com.br\\\/#organization\"},\"articleSection\":[\"Administra\u00e7\u00e3o\",\"Cultura\"],\"inLanguage\":\"pt-BR\",\"potentialAction\":[{\"@type\":\"CommentAction\",\"name\":\"Comment\",\"target\":[\"https:\\\/\\\/blogdofarnesio.com.br\\\/?p=142282#respond\"]}]},{\"@type\":\"WebPage\",\"@id\":\"https:\\\/\\\/blogdofarnesio.com.br\\\/?p=142282\",\"url\":\"https:\\\/\\\/blogdofarnesio.com.br\\\/?p=142282\",\"name\":\"ABERTA TEMPORADA DA \u201cTER\u00c7A CULTURAL\u201d NA CIDADE - Blog do Farn\u00e9sio\",\"isPartOf\":{\"@id\":\"https:\\\/\\\/blogdofarnesio.com.br\\\/#website\"},\"datePublished\":\"2016-05-18T18:40:50+00:00\",\"breadcrumb\":{\"@id\":\"https:\\\/\\\/blogdofarnesio.com.br\\\/?p=142282#breadcrumb\"},\"inLanguage\":\"pt-BR\",\"potentialAction\":[{\"@type\":\"ReadAction\",\"target\":[\"https:\\\/\\\/blogdofarnesio.com.br\\\/?p=142282\"]}]},{\"@type\":\"BreadcrumbList\",\"@id\":\"https:\\\/\\\/blogdofarnesio.com.br\\\/?p=142282#breadcrumb\",\"itemListElement\":[{\"@type\":\"ListItem\",\"position\":1,\"name\":\"In\u00edcio\",\"item\":\"https:\\\/\\\/blogdofarnesio.com.br\\\/\"},{\"@type\":\"ListItem\",\"position\":2,\"name\":\"ABERTA TEMPORADA DA \u201cTER\u00c7A CULTURAL\u201d NA CIDADE\"}]},{\"@type\":\"WebSite\",\"@id\":\"https:\\\/\\\/blogdofarnesio.com.br\\\/#website\",\"url\":\"https:\\\/\\\/blogdofarnesio.com.br\\\/\",\"name\":\"Blog do Farn\u00e9sio\",\"description\":\"Quer Saber Pol\u00edtica?\",\"publisher\":{\"@id\":\"https:\\\/\\\/blogdofarnesio.com.br\\\/#organization\"},\"potentialAction\":[{\"@type\":\"SearchAction\",\"target\":{\"@type\":\"EntryPoint\",\"urlTemplate\":\"https:\\\/\\\/blogdofarnesio.com.br\\\/?s={search_term_string}\"},\"query-input\":{\"@type\":\"PropertyValueSpecification\",\"valueRequired\":true,\"valueName\":\"search_term_string\"}}],\"inLanguage\":\"pt-BR\"},{\"@type\":\"Organization\",\"@id\":\"https:\\\/\\\/blogdofarnesio.com.br\\\/#organization\",\"name\":\"Blog do Farn\u00e9sio\",\"url\":\"https:\\\/\\\/blogdofarnesio.com.br\\\/\",\"logo\":{\"@type\":\"ImageObject\",\"inLanguage\":\"pt-BR\",\"@id\":\"https:\\\/\\\/blogdofarnesio.com.br\\\/#\\\/schema\\\/logo\\\/image\\\/\",\"url\":\"https:\\\/\\\/blogdofarnesio.com.br\\\/wp-content\\\/uploads\\\/2026\\\/03\\\/cropped-logo_new-1.png\",\"contentUrl\":\"https:\\\/\\\/blogdofarnesio.com.br\\\/wp-content\\\/uploads\\\/2026\\\/03\\\/cropped-logo_new-1.png\",\"width\":881,\"height\":685,\"caption\":\"Blog do Farn\u00e9sio\"},\"image\":{\"@id\":\"https:\\\/\\\/blogdofarnesio.com.br\\\/#\\\/schema\\\/logo\\\/image\\\/\"},\"sameAs\":[\"https:\\\/\\\/www.facebook.com\\\/BlogQuerSaberPolitica\\\/\"]},{\"@type\":\"Person\",\"@id\":\"\",\"url\":\"https:\\\/\\\/blogdofarnesio.com.br\\\/?author=7\"}]}<\/script>\n<!-- \/ Yoast SEO plugin. -->","yoast_head_json":{"title":"ABERTA TEMPORADA DA \u201cTER\u00c7A CULTURAL\u201d NA CIDADE - Blog do Farn\u00e9sio","robots":{"index":"index","follow":"follow","max-snippet":"max-snippet:-1","max-image-preview":"max-image-preview:large","max-video-preview":"max-video-preview:-1"},"canonical":"https:\/\/blogdofarnesio.com.br\/?p=142282","og_locale":"pt_BR","og_type":"article","og_title":"ABERTA TEMPORADA DA \u201cTER\u00c7A CULTURAL\u201d NA CIDADE - Blog do Farn\u00e9sio","og_description":"A abertura do projeto \u201cTer\u00e7a Cultural\u201d, neste dia 17, levou muita gente ao espa\u00e7o do Arco da Ponte a prestigiar seus artistas favoritos que est\u00e3o participando do projeto que visa difundir a arte na cidade e promover novos talentos. Cinco atra\u00e7\u00f5es art\u00edsticas e mais uma exibi\u00e7\u00e3o especial do filme \u201cDas Dores da Penit\u00eancia\u201d, do saudoso artista Wellington Monteclaro, fizeram parte da programa\u00e7\u00e3o que abriu a temporada da Ter\u00e7a Cultural na cidade. O espa\u00e7o do Arco da Ponte estava lotado e os artistas inscritos e convidados mostraram todo o talento. A primeira noite do projeto contou com cinema, declama\u00e7\u00e3o com o poeta Ant\u00f4nio Ribeiro (Veinha), m\u00fasica com a cantora Maria \u00c9rica, do bairro Kid\u00e9; Andrezza Santos, e as bandas Alterados e&hellip;","og_url":"https:\/\/blogdofarnesio.com.br\/?p=142282","og_site_name":"Blog do Farn\u00e9sio","article_publisher":"https:\/\/www.facebook.com\/BlogQuerSaberPolitica\/","article_published_time":"2016-05-18T18:40:50+00:00","twitter_card":"summary_large_image","twitter_misc":{"Escrito por":"","Est. tempo de leitura":"3 minutos"},"schema":{"@context":"https:\/\/schema.org","@graph":[{"@type":"Article","@id":"https:\/\/blogdofarnesio.com.br\/?p=142282#article","isPartOf":{"@id":"https:\/\/blogdofarnesio.com.br\/?p=142282"},"author":{"name":"","@id":""},"headline":"ABERTA TEMPORADA DA \u201cTER\u00c7A CULTURAL\u201d NA CIDADE","datePublished":"2016-05-18T18:40:50+00:00","mainEntityOfPage":{"@id":"https:\/\/blogdofarnesio.com.br\/?p=142282"},"wordCount":556,"commentCount":0,"publisher":{"@id":"https:\/\/blogdofarnesio.com.br\/#organization"},"articleSection":["Administra\u00e7\u00e3o","Cultura"],"inLanguage":"pt-BR","potentialAction":[{"@type":"CommentAction","name":"Comment","target":["https:\/\/blogdofarnesio.com.br\/?p=142282#respond"]}]},{"@type":"WebPage","@id":"https:\/\/blogdofarnesio.com.br\/?p=142282","url":"https:\/\/blogdofarnesio.com.br\/?p=142282","name":"ABERTA TEMPORADA DA \u201cTER\u00c7A CULTURAL\u201d NA CIDADE - Blog do Farn\u00e9sio","isPartOf":{"@id":"https:\/\/blogdofarnesio.com.br\/#website"},"datePublished":"2016-05-18T18:40:50+00:00","breadcrumb":{"@id":"https:\/\/blogdofarnesio.com.br\/?p=142282#breadcrumb"},"inLanguage":"pt-BR","potentialAction":[{"@type":"ReadAction","target":["https:\/\/blogdofarnesio.com.br\/?p=142282"]}]},{"@type":"BreadcrumbList","@id":"https:\/\/blogdofarnesio.com.br\/?p=142282#breadcrumb","itemListElement":[{"@type":"ListItem","position":1,"name":"In\u00edcio","item":"https:\/\/blogdofarnesio.com.br\/"},{"@type":"ListItem","position":2,"name":"ABERTA TEMPORADA DA \u201cTER\u00c7A CULTURAL\u201d NA CIDADE"}]},{"@type":"WebSite","@id":"https:\/\/blogdofarnesio.com.br\/#website","url":"https:\/\/blogdofarnesio.com.br\/","name":"Blog do Farn\u00e9sio","description":"Quer Saber Pol\u00edtica?","publisher":{"@id":"https:\/\/blogdofarnesio.com.br\/#organization"},"potentialAction":[{"@type":"SearchAction","target":{"@type":"EntryPoint","urlTemplate":"https:\/\/blogdofarnesio.com.br\/?s={search_term_string}"},"query-input":{"@type":"PropertyValueSpecification","valueRequired":true,"valueName":"search_term_string"}}],"inLanguage":"pt-BR"},{"@type":"Organization","@id":"https:\/\/blogdofarnesio.com.br\/#organization","name":"Blog do Farn\u00e9sio","url":"https:\/\/blogdofarnesio.com.br\/","logo":{"@type":"ImageObject","inLanguage":"pt-BR","@id":"https:\/\/blogdofarnesio.com.br\/#\/schema\/logo\/image\/","url":"https:\/\/blogdofarnesio.com.br\/wp-content\/uploads\/2026\/03\/cropped-logo_new-1.png","contentUrl":"https:\/\/blogdofarnesio.com.br\/wp-content\/uploads\/2026\/03\/cropped-logo_new-1.png","width":881,"height":685,"caption":"Blog do Farn\u00e9sio"},"image":{"@id":"https:\/\/blogdofarnesio.com.br\/#\/schema\/logo\/image\/"},"sameAs":["https:\/\/www.facebook.com\/BlogQuerSaberPolitica\/"]},{"@type":"Person","@id":"","url":"https:\/\/blogdofarnesio.com.br\/?author=7"}]}},"_links":{"self":[{"href":"https:\/\/blogdofarnesio.com.br\/index.php?rest_route=\/wp\/v2\/posts\/142282","targetHints":{"allow":["GET"]}}],"collection":[{"href":"https:\/\/blogdofarnesio.com.br\/index.php?rest_route=\/wp\/v2\/posts"}],"about":[{"href":"https:\/\/blogdofarnesio.com.br\/index.php?rest_route=\/wp\/v2\/types\/post"}],"author":[{"embeddable":true,"href":"https:\/\/blogdofarnesio.com.br\/index.php?rest_route=\/wp\/v2\/users\/7"}],"replies":[{"embeddable":true,"href":"https:\/\/blogdofarnesio.com.br\/index.php?rest_route=%2Fwp%2Fv2%2Fcomments&post=142282"}],"version-history":[{"count":0,"href":"https:\/\/blogdofarnesio.com.br\/index.php?rest_route=\/wp\/v2\/posts\/142282\/revisions"}],"wp:attachment":[{"href":"https:\/\/blogdofarnesio.com.br\/index.php?rest_route=%2Fwp%2Fv2%2Fmedia&parent=142282"}],"wp:term":[{"taxonomy":"category","embeddable":true,"href":"https:\/\/blogdofarnesio.com.br\/index.php?rest_route=%2Fwp%2Fv2%2Fcategories&post=142282"},{"taxonomy":"post_tag","embeddable":true,"href":"https:\/\/blogdofarnesio.com.br\/index.php?rest_route=%2Fwp%2Fv2%2Ftags&post=142282"}],"curies":[{"name":"wp","href":"https:\/\/api.w.org\/{rel}","templated":true}]}}